{"id":12516,"date":"2013-07-05T01:02:47","date_gmt":"2013-07-05T01:02:47","guid":{"rendered":"http:\/\/www.tvcnoticias.com.ar\/?p=12516"},"modified":"2013-07-05T01:02:47","modified_gmt":"2013-07-05T01:02:47","slug":"bomberos-voluntarios-hector-di-nunzio-y-martin-haag-hablan-de-la-actualidad-institucional","status":"publish","type":"post","link":"https:\/\/www.celttv.com.ar\/index.php\/2013\/07\/05\/bomberos-voluntarios-hector-di-nunzio-y-martin-haag-hablan-de-la-actualidad-institucional\/","title":{"rendered":"BOMBEROS VOLUNTARIOS: HECTOR DI NUNZIO Y MARTIN HAAG HABLAN DE LA ACTUALIDAD INSTITUCIONAL"},"content":{"rendered":"<p><a href=\"http:\/\/www.youtube.com\/watch?v=n4SS6-vKESI\"><a href=\"http:\/\/www.youtube.com\/watch?v=n4SS6-vKESI\">httpv:\/\/www.youtube.com\/watch?v=n4SS6-vKESI<\/a><\/a><br \/>\n<a href=\"http:\/\/www.youtube.com\/watch?v=4hayFWbXjzs\"><a href=\"http:\/\/www.youtube.com\/watch?v=4hayFWbXjzs\">httpv:\/\/www.youtube.com\/watch?v=4hayFWbXjzs<\/a><\/a><br \/>\n<a href=\"http:\/\/www.youtube.com\/watch?v=e68ZlSf2IU8\"><a href=\"http:\/\/www.youtube.com\/watch?v=e68ZlSf2IU8\">httpv:\/\/www.youtube.com\/watch?v=e68ZlSf2IU8<\/a><\/a><br \/>\n<a href=\"http:\/\/www.youtube.com\/watch?v=Cxusu64qX8g\"><a href=\"http:\/\/www.youtube.com\/watch?v=Cxusu64qX8g\">httpv:\/\/www.youtube.com\/watch?v=Cxusu64qX8g<\/a><\/a><br \/>\nEl presidente del Cuerpo de Bomberos Voluntarios de Tornquist Hector Di Nunzio y el jefe del cuerpo activo Mart\u00edn Haag se refieren a las importantes colaboraciones reibidas y a la actualidad institucional.<\/p>\n","protected":false},"excerpt":{"rendered":"<p>httpv:\/\/www.youtube.com\/watch?v=n4SS6-vKESI httpv:\/\/www.youtube.com\/watch?v=4hayFWbXjzs httpv:\/\/www.youtube.com\/watch?v=e68ZlSf2IU8 httpv:\/\/www.youtube.com\/watch?v=Cxusu64qX8g El presidente del Cuerpo de Bomberos Voluntarios de Tornquist Hector Di Nunzio y el jefe del cuerpo activo Mart\u00edn Haag se refieren a las importantes colaboraciones reibidas y a la actualidad institucional.<\/p>\n","protected":false},"author":1,"featured_media":0,"comment_status":"closed","ping_status":"open","sticky":false,"template":"","format":"standard","meta":{"footnotes":""},"categories":[51,52,64],"tags":[],"class_list":["post-12516","post","type-post","status-publish","format-standard","hentry","category-comunidad","category-destacadas","category-videos-destacados"],"yoast_head":"<!-- This site is optimized with the Yoast SEO plugin v19.7.1 - https:\/\/yoast.com\/wordpress\/plugins\/seo\/ -->\n<title>BOMBEROS VOLUNTARIOS: HECTOR DI NUNZIO Y MARTIN HAAG HABLAN DE LA ACTUALIDAD INSTITUCIONAL - CELTTV<\/title>\n<meta name=\"description\" content=\"Sitio web de noticias de la localidad de Tornquist, provincia de Buenos Aires, Rep\u00fablica Argentina. Contenido propio originado por periodistas de CELTTV, el canal de TV local de la Cooperativa El\u00e9ctrica de Tornquist. Turismo, Pol\u00edtica, Sociedad, Deporte, Cultura y todo el contenido de inter\u00e9s general que la gente del pueblo y la regi\u00f3n debe conocer.\" \/>\n<meta name=\"robots\" content=\"index, follow, max-snippet:-1, max-image-preview:large, max-video-preview:-1\" \/>\n<link rel=\"canonical\" href=\"https:\/\/www.celttv.com.ar\/index.php\/2013\/07\/05\/bomberos-voluntarios-hector-di-nunzio-y-martin-haag-hablan-de-la-actualidad-institucional\/\" \/>\n<meta property=\"og:locale\" content=\"es_ES\" \/>\n<meta property=\"og:type\" content=\"article\" \/>\n<meta property=\"og:title\" content=\"BOMBEROS VOLUNTARIOS: HECTOR DI NUNZIO Y MARTIN HAAG HABLAN DE LA ACTUALIDAD INSTITUCIONAL - CELTTV\" \/>\n<meta property=\"og:description\" content=\"Sitio web de noticias de la localidad de Tornquist, provincia de Buenos Aires, Rep\u00fablica Argentina. Contenido propio originado por periodistas de CELTTV, el canal de TV local de la Cooperativa El\u00e9ctrica de Tornquist. Turismo, Pol\u00edtica, Sociedad, Deporte, Cultura y todo el contenido de inter\u00e9s general que la gente del pueblo y la regi\u00f3n debe conocer.\" \/>\n<meta property=\"og:url\" content=\"https:\/\/www.celttv.com.ar\/index.php\/2013\/07\/05\/bomberos-voluntarios-hector-di-nunzio-y-martin-haag-hablan-de-la-actualidad-institucional\/\" \/>\n<meta property=\"og:site_name\" content=\"CELTTV\" \/>\n<meta property=\"article:publisher\" content=\"https:\/\/www.facebook.com\/celtTV\/\" \/>\n<meta property=\"article:published_time\" content=\"2013-07-05T01:02:47+00:00\" \/>\n<meta name=\"author\" content=\"ulises\" \/>\n<meta name=\"twitter:card\" content=\"summary_large_image\" \/>\n<meta name=\"twitter:label1\" content=\"Escrito por\" \/>\n\t<meta name=\"twitter:data1\" content=\"ulises\" \/>\n<script type=\"application\/ld+json\" class=\"yoast-schema-graph\">{\"@context\":\"https:\/\/schema.org\",\"@graph\":[{\"@type\":\"NewsArticle\",\"@id\":\"https:\/\/www.celttv.com.ar\/index.php\/2013\/07\/05\/bomberos-voluntarios-hector-di-nunzio-y-martin-haag-hablan-de-la-actualidad-institucional\/#article\",\"isPartOf\":{\"@id\":\"https:\/\/www.celttv.com.ar\/index.php\/2013\/07\/05\/bomberos-voluntarios-hector-di-nunzio-y-martin-haag-hablan-de-la-actualidad-institucional\/\"},\"author\":{\"name\":\"ulises\",\"@id\":\"https:\/\/www.celttv.com.ar\/#\/schema\/person\/6d99c072dba59953809c81446e9d0ace\"},\"headline\":\"BOMBEROS VOLUNTARIOS: HECTOR DI NUNZIO Y MARTIN HAAG HABLAN DE LA ACTUALIDAD INSTITUCIONAL\",\"datePublished\":\"2013-07-05T01:02:47+00:00\",\"dateModified\":\"2013-07-05T01:02:47+00:00\",\"mainEntityOfPage\":{\"@id\":\"https:\/\/www.celttv.com.ar\/index.php\/2013\/07\/05\/bomberos-voluntarios-hector-di-nunzio-y-martin-haag-hablan-de-la-actualidad-institucional\/\"},\"wordCount\":80,\"publisher\":{\"@id\":\"https:\/\/www.celttv.com.ar\/#organization\"},\"articleSection\":[\"Comunidad\",\"Destacadas\",\"Videos Destacados\"],\"inLanguage\":\"es\"},{\"@type\":\"WebPage\",\"@id\":\"https:\/\/www.celttv.com.ar\/index.php\/2013\/07\/05\/bomberos-voluntarios-hector-di-nunzio-y-martin-haag-hablan-de-la-actualidad-institucional\/\",\"url\":\"https:\/\/www.celttv.com.ar\/index.php\/2013\/07\/05\/bomberos-voluntarios-hector-di-nunzio-y-martin-haag-hablan-de-la-actualidad-institucional\/\",\"name\":\"BOMBEROS VOLUNTARIOS: HECTOR DI NUNZIO Y MARTIN HAAG HABLAN DE LA ACTUALIDAD INSTITUCIONAL - CELTTV\",\"isPartOf\":{\"@id\":\"https:\/\/www.celttv.com.ar\/#website\"},\"datePublished\":\"2013-07-05T01:02:47+00:00\",\"dateModified\":\"2013-07-05T01:02:47+00:00\",\"description\":\"Sitio web de noticias de la localidad de Tornquist, provincia de Buenos Aires, Rep\u00fablica Argentina. Contenido propio originado por periodistas de CELTTV, el canal de TV local de la Cooperativa El\u00e9ctrica de Tornquist. Turismo, Pol\u00edtica, Sociedad, Deporte, Cultura y todo el contenido de inter\u00e9s general que la gente del pueblo y la regi\u00f3n debe conocer.\",\"breadcrumb\":{\"@id\":\"https:\/\/www.celttv.com.ar\/index.php\/2013\/07\/05\/bomberos-voluntarios-hector-di-nunzio-y-martin-haag-hablan-de-la-actualidad-institucional\/#breadcrumb\"},\"inLanguage\":\"es\",\"potentialAction\":[{\"@type\":\"ReadAction\",\"target\":[\"https:\/\/www.celttv.com.ar\/index.php\/2013\/07\/05\/bomberos-voluntarios-hector-di-nunzio-y-martin-haag-hablan-de-la-actualidad-institucional\/\"]}]},{\"@type\":\"BreadcrumbList\",\"@id\":\"https:\/\/www.celttv.com.ar\/index.php\/2013\/07\/05\/bomberos-voluntarios-hector-di-nunzio-y-martin-haag-hablan-de-la-actualidad-institucional\/#breadcrumb\",\"itemListElement\":[{\"@type\":\"ListItem\",\"position\":1,\"name\":\"Inicio\",\"item\":\"https:\/\/www.celttv.com.ar\/\"},{\"@type\":\"ListItem\",\"position\":2,\"name\":\"BOMBEROS VOLUNTARIOS: HECTOR DI NUNZIO Y MARTIN HAAG HABLAN DE LA ACTUALIDAD INSTITUCIONAL\"}]},{\"@type\":\"WebSite\",\"@id\":\"https:\/\/www.celttv.com.ar\/#website\",\"url\":\"https:\/\/www.celttv.com.ar\/\",\"name\":\"CELTTV\",\"description\":\"Cooperativa El\u00e9ctrica de Tornquist\",\"publisher\":{\"@id\":\"https:\/\/www.celttv.com.ar\/#organization\"},\"potentialAction\":[{\"@type\":\"SearchAction\",\"target\":{\"@type\":\"EntryPoint\",\"urlTemplate\":\"https:\/\/www.celttv.com.ar\/?s={search_term_string}\"},\"query-input\":\"required name=search_term_string\"}],\"inLanguage\":\"es\"},{\"@type\":\"Organization\",\"@id\":\"https:\/\/www.celttv.com.ar\/#organization\",\"name\":\"CELTTV\",\"url\":\"https:\/\/www.celttv.com.ar\/\",\"sameAs\":[\"https:\/\/www.youtube.com\/channel\/UCz_oIt8Hig64Ub-EmcNPIhg\",\"https:\/\/www.facebook.com\/celtTV\/\"],\"logo\":{\"@type\":\"ImageObject\",\"inLanguage\":\"es\",\"@id\":\"https:\/\/www.celttv.com.ar\/#\/schema\/logo\/image\/\",\"url\":\"http:\/\/www.celttv.com.ar\/wp-content\/uploads\/2022\/08\/logo-1.png\",\"contentUrl\":\"http:\/\/www.celttv.com.ar\/wp-content\/uploads\/2022\/08\/logo-1.png\",\"width\":461,\"height\":159,\"caption\":\"CELTTV\"},\"image\":{\"@id\":\"https:\/\/www.celttv.com.ar\/#\/schema\/logo\/image\/\"}},{\"@type\":\"Person\",\"@id\":\"https:\/\/www.celttv.com.ar\/#\/schema\/person\/6d99c072dba59953809c81446e9d0ace\",\"name\":\"ulises\",\"image\":{\"@type\":\"ImageObject\",\"inLanguage\":\"es\",\"@id\":\"https:\/\/www.celttv.com.ar\/#\/schema\/person\/image\/\",\"url\":\"https:\/\/secure.gravatar.com\/avatar\/7f2c48bdc33b30088f941fb6082e555f2874c98e20cb159d7b92b50eadfce793?s=96&d=mm&r=g\",\"contentUrl\":\"https:\/\/secure.gravatar.com\/avatar\/7f2c48bdc33b30088f941fb6082e555f2874c98e20cb159d7b92b50eadfce793?s=96&d=mm&r=g\",\"caption\":\"ulises\"},\"sameAs\":[\"http:\/\/www.celttv.com.ar\"]}]}<\/script>\n<!-- \/ Yoast SEO plugin. -->","yoast_head_json":{"title":"BOMBEROS VOLUNTARIOS: HECTOR DI NUNZIO Y MARTIN HAAG HABLAN DE LA ACTUALIDAD INSTITUCIONAL - CELTTV","description":"Sitio web de noticias de la localidad de Tornquist, provincia de Buenos Aires, Rep\u00fablica Argentina. Contenido propio originado por periodistas de CELTTV, el canal de TV local de la Cooperativa El\u00e9ctrica de Tornquist. Turismo, Pol\u00edtica, Sociedad, Deporte, Cultura y todo el contenido de inter\u00e9s general que la gente del pueblo y la regi\u00f3n debe conocer.","robots":{"index":"index","follow":"follow","max-snippet":"max-snippet:-1","max-image-preview":"max-image-preview:large","max-video-preview":"max-video-preview:-1"},"canonical":"https:\/\/www.celttv.com.ar\/index.php\/2013\/07\/05\/bomberos-voluntarios-hector-di-nunzio-y-martin-haag-hablan-de-la-actualidad-institucional\/","og_locale":"es_ES","og_type":"article","og_title":"BOMBEROS VOLUNTARIOS: HECTOR DI NUNZIO Y MARTIN HAAG HABLAN DE LA ACTUALIDAD INSTITUCIONAL - CELTTV","og_description":"Sitio web de noticias de la localidad de Tornquist, provincia de Buenos Aires, Rep\u00fablica Argentina. Contenido propio originado por periodistas de CELTTV, el canal de TV local de la Cooperativa El\u00e9ctrica de Tornquist. Turismo, Pol\u00edtica, Sociedad, Deporte, Cultura y todo el contenido de inter\u00e9s general que la gente del pueblo y la regi\u00f3n debe conocer.","og_url":"https:\/\/www.celttv.com.ar\/index.php\/2013\/07\/05\/bomberos-voluntarios-hector-di-nunzio-y-martin-haag-hablan-de-la-actualidad-institucional\/","og_site_name":"CELTTV","article_publisher":"https:\/\/www.facebook.com\/celtTV\/","article_published_time":"2013-07-05T01:02:47+00:00","author":"ulises","twitter_card":"summary_large_image","twitter_misc":{"Escrito por":"ulises"},"schema":{"@context":"https:\/\/schema.org","@graph":[{"@type":"NewsArticle","@id":"https:\/\/www.celttv.com.ar\/index.php\/2013\/07\/05\/bomberos-voluntarios-hector-di-nunzio-y-martin-haag-hablan-de-la-actualidad-institucional\/#article","isPartOf":{"@id":"https:\/\/www.celttv.com.ar\/index.php\/2013\/07\/05\/bomberos-voluntarios-hector-di-nunzio-y-martin-haag-hablan-de-la-actualidad-institucional\/"},"author":{"name":"ulises","@id":"https:\/\/www.celttv.com.ar\/#\/schema\/person\/6d99c072dba59953809c81446e9d0ace"},"headline":"BOMBEROS VOLUNTARIOS: HECTOR DI NUNZIO Y MARTIN HAAG HABLAN DE LA ACTUALIDAD INSTITUCIONAL","datePublished":"2013-07-05T01:02:47+00:00","dateModified":"2013-07-05T01:02:47+00:00","mainEntityOfPage":{"@id":"https:\/\/www.celttv.com.ar\/index.php\/2013\/07\/05\/bomberos-voluntarios-hector-di-nunzio-y-martin-haag-hablan-de-la-actualidad-institucional\/"},"wordCount":80,"publisher":{"@id":"https:\/\/www.celttv.com.ar\/#organization"},"articleSection":["Comunidad","Destacadas","Videos Destacados"],"inLanguage":"es"},{"@type":"WebPage","@id":"https:\/\/www.celttv.com.ar\/index.php\/2013\/07\/05\/bomberos-voluntarios-hector-di-nunzio-y-martin-haag-hablan-de-la-actualidad-institucional\/","url":"https:\/\/www.celttv.com.ar\/index.php\/2013\/07\/05\/bomberos-voluntarios-hector-di-nunzio-y-martin-haag-hablan-de-la-actualidad-institucional\/","name":"BOMBEROS VOLUNTARIOS: HECTOR DI NUNZIO Y MARTIN HAAG HABLAN DE LA ACTUALIDAD INSTITUCIONAL - CELTTV","isPartOf":{"@id":"https:\/\/www.celttv.com.ar\/#website"},"datePublished":"2013-07-05T01:02:47+00:00","dateModified":"2013-07-05T01:02:47+00:00","description":"Sitio web de noticias de la localidad de Tornquist, provincia de Buenos Aires, Rep\u00fablica Argentina. Contenido propio originado por periodistas de CELTTV, el canal de TV local de la Cooperativa El\u00e9ctrica de Tornquist. Turismo, Pol\u00edtica, Sociedad, Deporte, Cultura y todo el contenido de inter\u00e9s general que la gente del pueblo y la regi\u00f3n debe conocer.","breadcrumb":{"@id":"https:\/\/www.celttv.com.ar\/index.php\/2013\/07\/05\/bomberos-voluntarios-hector-di-nunzio-y-martin-haag-hablan-de-la-actualidad-institucional\/#breadcrumb"},"inLanguage":"es","potentialAction":[{"@type":"ReadAction","target":["https:\/\/www.celttv.com.ar\/index.php\/2013\/07\/05\/bomberos-voluntarios-hector-di-nunzio-y-martin-haag-hablan-de-la-actualidad-institucional\/"]}]},{"@type":"BreadcrumbList","@id":"https:\/\/www.celttv.com.ar\/index.php\/2013\/07\/05\/bomberos-voluntarios-hector-di-nunzio-y-martin-haag-hablan-de-la-actualidad-institucional\/#breadcrumb","itemListElement":[{"@type":"ListItem","position":1,"name":"Inicio","item":"https:\/\/www.celttv.com.ar\/"},{"@type":"ListItem","position":2,"name":"BOMBEROS VOLUNTARIOS: HECTOR DI NUNZIO Y MARTIN HAAG HABLAN DE LA ACTUALIDAD INSTITUCIONAL"}]},{"@type":"WebSite","@id":"https:\/\/www.celttv.com.ar\/#website","url":"https:\/\/www.celttv.com.ar\/","name":"CELTTV","description":"Cooperativa El\u00e9ctrica de Tornquist","publisher":{"@id":"https:\/\/www.celttv.com.ar\/#organization"},"potentialAction":[{"@type":"SearchAction","target":{"@type":"EntryPoint","urlTemplate":"https:\/\/www.celttv.com.ar\/?s={search_term_string}"},"query-input":"required name=search_term_string"}],"inLanguage":"es"},{"@type":"Organization","@id":"https:\/\/www.celttv.com.ar\/#organization","name":"CELTTV","url":"https:\/\/www.celttv.com.ar\/","sameAs":["https:\/\/www.youtube.com\/channel\/UCz_oIt8Hig64Ub-EmcNPIhg","https:\/\/www.facebook.com\/celtTV\/"],"logo":{"@type":"ImageObject","inLanguage":"es","@id":"https:\/\/www.celttv.com.ar\/#\/schema\/logo\/image\/","url":"http:\/\/www.celttv.com.ar\/wp-content\/uploads\/2022\/08\/logo-1.png","contentUrl":"http:\/\/www.celttv.com.ar\/wp-content\/uploads\/2022\/08\/logo-1.png","width":461,"height":159,"caption":"CELTTV"},"image":{"@id":"https:\/\/www.celttv.com.ar\/#\/schema\/logo\/image\/"}},{"@type":"Person","@id":"https:\/\/www.celttv.com.ar\/#\/schema\/person\/6d99c072dba59953809c81446e9d0ace","name":"ulises","image":{"@type":"ImageObject","inLanguage":"es","@id":"https:\/\/www.celttv.com.ar\/#\/schema\/person\/image\/","url":"https:\/\/secure.gravatar.com\/avatar\/7f2c48bdc33b30088f941fb6082e555f2874c98e20cb159d7b92b50eadfce793?s=96&d=mm&r=g","contentUrl":"https:\/\/secure.gravatar.com\/avatar\/7f2c48bdc33b30088f941fb6082e555f2874c98e20cb159d7b92b50eadfce793?s=96&d=mm&r=g","caption":"ulises"},"sameAs":["http:\/\/www.celttv.com.ar"]}]}},"_links":{"self":[{"href":"https:\/\/www.celttv.com.ar\/index.php\/wp-json\/wp\/v2\/posts\/12516","targetHints":{"allow":["GET"]}}],"collection":[{"href":"https:\/\/www.celttv.com.ar\/index.php\/wp-json\/wp\/v2\/posts"}],"about":[{"href":"https:\/\/www.celttv.com.ar\/index.php\/wp-json\/wp\/v2\/types\/post"}],"author":[{"embeddable":true,"href":"https:\/\/www.celttv.com.ar\/index.php\/wp-json\/wp\/v2\/users\/1"}],"replies":[{"embeddable":true,"href":"https:\/\/www.celttv.com.ar\/index.php\/wp-json\/wp\/v2\/comments?post=12516"}],"version-history":[{"count":0,"href":"https:\/\/www.celttv.com.ar\/index.php\/wp-json\/wp\/v2\/posts\/12516\/revisions"}],"wp:attachment":[{"href":"https:\/\/www.celttv.com.ar\/index.php\/wp-json\/wp\/v2\/media?parent=12516"}],"wp:term":[{"taxonomy":"category","embeddable":true,"href":"https:\/\/www.celttv.com.ar\/index.php\/wp-json\/wp\/v2\/categories?post=12516"},{"taxonomy":"post_tag","embeddable":true,"href":"https:\/\/www.celttv.com.ar\/index.php\/wp-json\/wp\/v2\/tags?post=12516"}],"curies":[{"name":"wp","href":"https:\/\/api.w.org\/{rel}","templated":true}]}}