{"id":12519,"date":"2013-07-09T16:07:51","date_gmt":"2013-07-09T16:07:51","guid":{"rendered":"http:\/\/www.tvcnoticias.com.ar\/?p=12519"},"modified":"2013-07-09T16:07:51","modified_gmt":"2013-07-09T16:07:51","slug":"dia-del-cooperativismo-con-fuerte-llamado-a-la-unidad-fotos","status":"publish","type":"post","link":"https:\/\/www.celttv.com.ar\/index.php\/2013\/07\/09\/dia-del-cooperativismo-con-fuerte-llamado-a-la-unidad-fotos\/","title":{"rendered":"DIA DEL COOPERATIVISMO CON FUERTE LLAMADO A LA UNIDAD (fotos)"},"content":{"rendered":"<p><a rel=\"attachment wp-att-12521\" href=\"http:\/\/www.tvcnoticias.com.ar\/?attachment_id=12521\"><img loading=\"lazy\" decoding=\"async\" class=\"aligncenter size-full wp-image-12521\" title=\"COOPERATIVAS 3 (Small)\" src=\"http:\/\/www.tvcnoticias.com.ar\/wp-content\/uploads\/2013\/07\/COOPERATIVAS-3-Small.jpg\" alt=\"\" width=\"640\" height=\"360\" \/><\/a><br \/>\nEl sector cooperativo convoc\u00f3 al titular del Inaes, Patricio Griffin; y a los presidentes de Cooperar y CNCT, Ariel Guarco y Christian Mi\u00f1o, respectivamente. Tambi\u00e9n estuvieron en la mutual del Banco Provincia de Buenos Aires referentes del mutualismo y el sector Pyme. Un claro mensaje de unidad recorri\u00f3 todos los discursos.<br \/>\nAl inicio del acto que conmemor\u00f3 el 91 D\u00eda Internacional del Cooperativismo el s\u00e1bado 6 de julio, el presidente de la Confederaci\u00f3n Nacional de Cooperativas de Trabajo (CNCT), Christian Mi\u00f1o, destac\u00f3 el convenio firmado con Cooperar d\u00edas atr\u00e1s y \u00a0celebr\u00f3 el crecimiento del cooperativismo de trabajo en esta \u00faltima d\u00e9cada.<br \/>\n\u201cQueremos que la econom\u00eda social de la Argentina cada d\u00eda sea m\u00e1s grande y que los compa\u00f1eros de las cooperativas de trabajo vivan cada d\u00eda un poquito mejor\u201d, afirm\u00f3.<br \/>\nV\u00eda teleconferencia con la localidad de Intendente Alvear (La Pampa), el presidente de la Federaci\u00f3n Argentina de Cooperativas de Electricidad y otros Servicios P\u00fablicos (Face), Marcelo Gallo, anunci\u00f3que 47 cooperativas de electricidad tienen proyectos con viabilidad t\u00e9cnica para invertir en las nuevas tecnolog\u00edas de infotelecomunicaciones.<br \/>\nDesde C\u00f3rdoba, el coordinador local del Instituto de Promoci\u00f3n de la Econom\u00eda Solidaria (Ipes), Alejandro Russo, resalt\u00f3 la integraci\u00f3n de \u201cmutuales, cooperativas, pymes y micropymes en los \u00faltimos diez a\u00f1os\u201d. Y Lu\u00eds Pozo, de Face C\u00f3rdoba, se\u00f1al\u00f3: \u201cLo \u00fanico que nos va a salvar es que trabajemos unidos\u201d.<br \/>\nEl coordinador del Programa Usina de Medios, Nah\u00fam Mirad, destac\u00f3 el rol de la juventud y la necesidad de una Econom\u00eda Solidaria totalmente \u201cintegrada\u201d: cooperativismo de servicios y de trabajo, el mutualismo y el asociativismo pyme.<br \/>\n\u201cEste es el triunfo de un visi\u00f3n pol\u00edtica y del modelo distribuido de la econom\u00eda que hoy d\u00eda da respuesta a los problemas que tenemos como sociedad\u201d, enfatiz\u00f3 Mirad.<br \/>\nA su turno, el presidente de la Confederaci\u00f3n Cooperativa de la Rep\u00fablica Argentina (Cooperar), Ariel Guarco, acentu\u00f3 que \u201clas empresas cooperativas son las que mejor resisten en \u00e9pocas de crisis porque podemos ser empresas econ\u00f3micamente viables y eficientes, y socialmente responsables, nosotros lo sabemos hace m\u00e1s de 150 a\u00f1os\u201d.<br \/>\nGuarco celebr\u00f3 que doce federaciones agrarias que representan a m\u00e1s de 300 cooperativas de base y 80 mil trabajadores, se integren a la confederaci\u00f3n que preside.<br \/>\nAl cierre del acto, el titular del Instituto Nacional de Asociativismo y Econom\u00eda Social (Inaes), Patricio Griffin, subray\u00f3 las inversiones en tecnolog\u00edas de las infotelecomunicaciones, la incorporaci\u00f3n de m\u00e1s entidades a Cooperar y el rol preponderante que ocupa la CNCT en el cooperativismo de trabajo.<br \/>\nGriffin manifest\u00f3: \u201cSi no es el movimiento cooperativo no hay ninguna otra forma de organizaci\u00f3n de la sociedad de disputar el monopolio de la difusi\u00f3n del conocimiento. Por eso mismo, este proceso de unidad que lleva adelante la Econom\u00eda Solidaria tiene que ser siempre unidad y no uniformidad\u201d.<br \/>\n\u201cSi no aseguramos que las infotelecomunicaciones quede en manos de los ciudadanos va a quedar en manos de los monopolios, no tiene punto intermedio este modelo tecnol\u00f3gico\u201d, concluy\u00f3 el funcionario nacional.<br \/>\nMariana Aquino (Usina de Medios)<\/p>\n","protected":false},"excerpt":{"rendered":"<p>El sector cooperativo convoc\u00f3 al titular del Inaes, Patricio Griffin; y a los presidentes de Cooperar y CNCT, Ariel Guarco y Christian Mi\u00f1o, respectivamente. Tambi\u00e9n estuvieron en la mutual del Banco Provincia de Buenos Aires referentes del mutualismo y el sector Pyme. Un claro mensaje de unidad recorri\u00f3 todos los discursos. Al inicio del acto [&hellip;]<\/p>\n","protected":false},"author":1,"featured_media":0,"comment_status":"closed","ping_status":"open","sticky":false,"template":"","format":"standard","meta":{"footnotes":""},"categories":[51,52,53],"tags":[],"class_list":["post-12519","post","type-post","status-publish","format-standard","hentry","category-comunidad","category-destacadas","category-politica"],"yoast_head":"<!-- This site is optimized with the Yoast SEO plugin v19.7.1 - https:\/\/yoast.com\/wordpress\/plugins\/seo\/ -->\n<title>DIA DEL COOPERATIVISMO CON FUERTE LLAMADO A LA UNIDAD (fotos) - CELTTV<\/title>\n<meta name=\"description\" content=\"Sitio web de noticias de la localidad de Tornquist, provincia de Buenos Aires, Rep\u00fablica Argentina. Contenido propio originado por periodistas de CELTTV, el canal de TV local de la Cooperativa El\u00e9ctrica de Tornquist. Turismo, Pol\u00edtica, Sociedad, Deporte, Cultura y todo el contenido de inter\u00e9s general que la gente del pueblo y la regi\u00f3n debe conocer.\" \/>\n<meta name=\"robots\" content=\"index, follow, max-snippet:-1, max-image-preview:large, max-video-preview:-1\" \/>\n<link rel=\"canonical\" href=\"https:\/\/www.celttv.com.ar\/index.php\/2013\/07\/09\/dia-del-cooperativismo-con-fuerte-llamado-a-la-unidad-fotos\/\" \/>\n<meta property=\"og:locale\" content=\"es_ES\" \/>\n<meta property=\"og:type\" content=\"article\" \/>\n<meta property=\"og:title\" content=\"DIA DEL COOPERATIVISMO CON FUERTE LLAMADO A LA UNIDAD (fotos) - CELTTV\" \/>\n<meta property=\"og:description\" content=\"Sitio web de noticias de la localidad de Tornquist, provincia de Buenos Aires, Rep\u00fablica Argentina. Contenido propio originado por periodistas de CELTTV, el canal de TV local de la Cooperativa El\u00e9ctrica de Tornquist. Turismo, Pol\u00edtica, Sociedad, Deporte, Cultura y todo el contenido de inter\u00e9s general que la gente del pueblo y la regi\u00f3n debe conocer.\" \/>\n<meta property=\"og:url\" content=\"https:\/\/www.celttv.com.ar\/index.php\/2013\/07\/09\/dia-del-cooperativismo-con-fuerte-llamado-a-la-unidad-fotos\/\" \/>\n<meta property=\"og:site_name\" content=\"CELTTV\" \/>\n<meta property=\"article:publisher\" content=\"https:\/\/www.facebook.com\/celtTV\/\" \/>\n<meta property=\"article:published_time\" content=\"2013-07-09T16:07:51+00:00\" \/>\n<meta property=\"og:image\" content=\"http:\/\/www.tvcnoticias.com.ar\/wp-content\/uploads\/2013\/07\/COOPERATIVAS-3-Small.jpg\" \/>\n<meta name=\"author\" content=\"ulises\" \/>\n<meta name=\"twitter:card\" content=\"summary_large_image\" \/>\n<meta name=\"twitter:label1\" content=\"Escrito por\" \/>\n\t<meta name=\"twitter:data1\" content=\"ulises\" \/>\n\t<meta name=\"twitter:label2\" content=\"Tiempo de lectura\" \/>\n\t<meta name=\"twitter:data2\" content=\"3 minutos\" \/>\n<script type=\"application\/ld+json\" class=\"yoast-schema-graph\">{\"@context\":\"https:\/\/schema.org\",\"@graph\":[{\"@type\":\"NewsArticle\",\"@id\":\"https:\/\/www.celttv.com.ar\/index.php\/2013\/07\/09\/dia-del-cooperativismo-con-fuerte-llamado-a-la-unidad-fotos\/#article\",\"isPartOf\":{\"@id\":\"https:\/\/www.celttv.com.ar\/index.php\/2013\/07\/09\/dia-del-cooperativismo-con-fuerte-llamado-a-la-unidad-fotos\/\"},\"author\":{\"name\":\"ulises\",\"@id\":\"https:\/\/www.celttv.com.ar\/#\/schema\/person\/6d99c072dba59953809c81446e9d0ace\"},\"headline\":\"DIA DEL COOPERATIVISMO CON FUERTE LLAMADO A LA UNIDAD (fotos)\",\"datePublished\":\"2013-07-09T16:07:51+00:00\",\"dateModified\":\"2013-07-09T16:07:51+00:00\",\"mainEntityOfPage\":{\"@id\":\"https:\/\/www.celttv.com.ar\/index.php\/2013\/07\/09\/dia-del-cooperativismo-con-fuerte-llamado-a-la-unidad-fotos\/\"},\"wordCount\":545,\"publisher\":{\"@id\":\"https:\/\/www.celttv.com.ar\/#organization\"},\"articleSection\":[\"Comunidad\",\"Destacadas\",\"Pol\u00edtica\"],\"inLanguage\":\"es\"},{\"@type\":\"WebPage\",\"@id\":\"https:\/\/www.celttv.com.ar\/index.php\/2013\/07\/09\/dia-del-cooperativismo-con-fuerte-llamado-a-la-unidad-fotos\/\",\"url\":\"https:\/\/www.celttv.com.ar\/index.php\/2013\/07\/09\/dia-del-cooperativismo-con-fuerte-llamado-a-la-unidad-fotos\/\",\"name\":\"DIA DEL COOPERATIVISMO CON FUERTE LLAMADO A LA UNIDAD (fotos) - CELTTV\",\"isPartOf\":{\"@id\":\"https:\/\/www.celttv.com.ar\/#website\"},\"datePublished\":\"2013-07-09T16:07:51+00:00\",\"dateModified\":\"2013-07-09T16:07:51+00:00\",\"description\":\"Sitio web de noticias de la localidad de Tornquist, provincia de Buenos Aires, Rep\u00fablica Argentina. Contenido propio originado por periodistas de CELTTV, el canal de TV local de la Cooperativa El\u00e9ctrica de Tornquist. Turismo, Pol\u00edtica, Sociedad, Deporte, Cultura y todo el contenido de inter\u00e9s general que la gente del pueblo y la regi\u00f3n debe conocer.\",\"breadcrumb\":{\"@id\":\"https:\/\/www.celttv.com.ar\/index.php\/2013\/07\/09\/dia-del-cooperativismo-con-fuerte-llamado-a-la-unidad-fotos\/#breadcrumb\"},\"inLanguage\":\"es\",\"potentialAction\":[{\"@type\":\"ReadAction\",\"target\":[\"https:\/\/www.celttv.com.ar\/index.php\/2013\/07\/09\/dia-del-cooperativismo-con-fuerte-llamado-a-la-unidad-fotos\/\"]}]},{\"@type\":\"BreadcrumbList\",\"@id\":\"https:\/\/www.celttv.com.ar\/index.php\/2013\/07\/09\/dia-del-cooperativismo-con-fuerte-llamado-a-la-unidad-fotos\/#breadcrumb\",\"itemListElement\":[{\"@type\":\"ListItem\",\"position\":1,\"name\":\"Inicio\",\"item\":\"https:\/\/www.celttv.com.ar\/\"},{\"@type\":\"ListItem\",\"position\":2,\"name\":\"DIA DEL COOPERATIVISMO CON FUERTE LLAMADO A LA UNIDAD (fotos)\"}]},{\"@type\":\"WebSite\",\"@id\":\"https:\/\/www.celttv.com.ar\/#website\",\"url\":\"https:\/\/www.celttv.com.ar\/\",\"name\":\"CELTTV\",\"description\":\"Cooperativa El\u00e9ctrica de Tornquist\",\"publisher\":{\"@id\":\"https:\/\/www.celttv.com.ar\/#organization\"},\"potentialAction\":[{\"@type\":\"SearchAction\",\"target\":{\"@type\":\"EntryPoint\",\"urlTemplate\":\"https:\/\/www.celttv.com.ar\/?s={search_term_string}\"},\"query-input\":\"required name=search_term_string\"}],\"inLanguage\":\"es\"},{\"@type\":\"Organization\",\"@id\":\"https:\/\/www.celttv.com.ar\/#organization\",\"name\":\"CELTTV\",\"url\":\"https:\/\/www.celttv.com.ar\/\",\"sameAs\":[\"https:\/\/www.youtube.com\/channel\/UCz_oIt8Hig64Ub-EmcNPIhg\",\"https:\/\/www.facebook.com\/celtTV\/\"],\"logo\":{\"@type\":\"ImageObject\",\"inLanguage\":\"es\",\"@id\":\"https:\/\/www.celttv.com.ar\/#\/schema\/logo\/image\/\",\"url\":\"http:\/\/www.celttv.com.ar\/wp-content\/uploads\/2022\/08\/logo-1.png\",\"contentUrl\":\"http:\/\/www.celttv.com.ar\/wp-content\/uploads\/2022\/08\/logo-1.png\",\"width\":461,\"height\":159,\"caption\":\"CELTTV\"},\"image\":{\"@id\":\"https:\/\/www.celttv.com.ar\/#\/schema\/logo\/image\/\"}},{\"@type\":\"Person\",\"@id\":\"https:\/\/www.celttv.com.ar\/#\/schema\/person\/6d99c072dba59953809c81446e9d0ace\",\"name\":\"ulises\",\"image\":{\"@type\":\"ImageObject\",\"inLanguage\":\"es\",\"@id\":\"https:\/\/www.celttv.com.ar\/#\/schema\/person\/image\/\",\"url\":\"https:\/\/secure.gravatar.com\/avatar\/7f2c48bdc33b30088f941fb6082e555f2874c98e20cb159d7b92b50eadfce793?s=96&d=mm&r=g\",\"contentUrl\":\"https:\/\/secure.gravatar.com\/avatar\/7f2c48bdc33b30088f941fb6082e555f2874c98e20cb159d7b92b50eadfce793?s=96&d=mm&r=g\",\"caption\":\"ulises\"},\"sameAs\":[\"http:\/\/www.celttv.com.ar\"]}]}<\/script>\n<!-- \/ Yoast SEO plugin. -->","yoast_head_json":{"title":"DIA DEL COOPERATIVISMO CON FUERTE LLAMADO A LA UNIDAD (fotos) - CELTTV","description":"Sitio web de noticias de la localidad de Tornquist, provincia de Buenos Aires, Rep\u00fablica Argentina. Contenido propio originado por periodistas de CELTTV, el canal de TV local de la Cooperativa El\u00e9ctrica de Tornquist. Turismo, Pol\u00edtica, Sociedad, Deporte, Cultura y todo el contenido de inter\u00e9s general que la gente del pueblo y la regi\u00f3n debe conocer.","robots":{"index":"index","follow":"follow","max-snippet":"max-snippet:-1","max-image-preview":"max-image-preview:large","max-video-preview":"max-video-preview:-1"},"canonical":"https:\/\/www.celttv.com.ar\/index.php\/2013\/07\/09\/dia-del-cooperativismo-con-fuerte-llamado-a-la-unidad-fotos\/","og_locale":"es_ES","og_type":"article","og_title":"DIA DEL COOPERATIVISMO CON FUERTE LLAMADO A LA UNIDAD (fotos) - CELTTV","og_description":"Sitio web de noticias de la localidad de Tornquist, provincia de Buenos Aires, Rep\u00fablica Argentina. Contenido propio originado por periodistas de CELTTV, el canal de TV local de la Cooperativa El\u00e9ctrica de Tornquist. Turismo, Pol\u00edtica, Sociedad, Deporte, Cultura y todo el contenido de inter\u00e9s general que la gente del pueblo y la regi\u00f3n debe conocer.","og_url":"https:\/\/www.celttv.com.ar\/index.php\/2013\/07\/09\/dia-del-cooperativismo-con-fuerte-llamado-a-la-unidad-fotos\/","og_site_name":"CELTTV","article_publisher":"https:\/\/www.facebook.com\/celtTV\/","article_published_time":"2013-07-09T16:07:51+00:00","og_image":[{"url":"http:\/\/www.tvcnoticias.com.ar\/wp-content\/uploads\/2013\/07\/COOPERATIVAS-3-Small.jpg"}],"author":"ulises","twitter_card":"summary_large_image","twitter_misc":{"Escrito por":"ulises","Tiempo de lectura":"3 minutos"},"schema":{"@context":"https:\/\/schema.org","@graph":[{"@type":"NewsArticle","@id":"https:\/\/www.celttv.com.ar\/index.php\/2013\/07\/09\/dia-del-cooperativismo-con-fuerte-llamado-a-la-unidad-fotos\/#article","isPartOf":{"@id":"https:\/\/www.celttv.com.ar\/index.php\/2013\/07\/09\/dia-del-cooperativismo-con-fuerte-llamado-a-la-unidad-fotos\/"},"author":{"name":"ulises","@id":"https:\/\/www.celttv.com.ar\/#\/schema\/person\/6d99c072dba59953809c81446e9d0ace"},"headline":"DIA DEL COOPERATIVISMO CON FUERTE LLAMADO A LA UNIDAD (fotos)","datePublished":"2013-07-09T16:07:51+00:00","dateModified":"2013-07-09T16:07:51+00:00","mainEntityOfPage":{"@id":"https:\/\/www.celttv.com.ar\/index.php\/2013\/07\/09\/dia-del-cooperativismo-con-fuerte-llamado-a-la-unidad-fotos\/"},"wordCount":545,"publisher":{"@id":"https:\/\/www.celttv.com.ar\/#organization"},"articleSection":["Comunidad","Destacadas","Pol\u00edtica"],"inLanguage":"es"},{"@type":"WebPage","@id":"https:\/\/www.celttv.com.ar\/index.php\/2013\/07\/09\/dia-del-cooperativismo-con-fuerte-llamado-a-la-unidad-fotos\/","url":"https:\/\/www.celttv.com.ar\/index.php\/2013\/07\/09\/dia-del-cooperativismo-con-fuerte-llamado-a-la-unidad-fotos\/","name":"DIA DEL COOPERATIVISMO CON FUERTE LLAMADO A LA UNIDAD (fotos) - CELTTV","isPartOf":{"@id":"https:\/\/www.celttv.com.ar\/#website"},"datePublished":"2013-07-09T16:07:51+00:00","dateModified":"2013-07-09T16:07:51+00:00","description":"Sitio web de noticias de la localidad de Tornquist, provincia de Buenos Aires, Rep\u00fablica Argentina. Contenido propio originado por periodistas de CELTTV, el canal de TV local de la Cooperativa El\u00e9ctrica de Tornquist. Turismo, Pol\u00edtica, Sociedad, Deporte, Cultura y todo el contenido de inter\u00e9s general que la gente del pueblo y la regi\u00f3n debe conocer.","breadcrumb":{"@id":"https:\/\/www.celttv.com.ar\/index.php\/2013\/07\/09\/dia-del-cooperativismo-con-fuerte-llamado-a-la-unidad-fotos\/#breadcrumb"},"inLanguage":"es","potentialAction":[{"@type":"ReadAction","target":["https:\/\/www.celttv.com.ar\/index.php\/2013\/07\/09\/dia-del-cooperativismo-con-fuerte-llamado-a-la-unidad-fotos\/"]}]},{"@type":"BreadcrumbList","@id":"https:\/\/www.celttv.com.ar\/index.php\/2013\/07\/09\/dia-del-cooperativismo-con-fuerte-llamado-a-la-unidad-fotos\/#breadcrumb","itemListElement":[{"@type":"ListItem","position":1,"name":"Inicio","item":"https:\/\/www.celttv.com.ar\/"},{"@type":"ListItem","position":2,"name":"DIA DEL COOPERATIVISMO CON FUERTE LLAMADO A LA UNIDAD (fotos)"}]},{"@type":"WebSite","@id":"https:\/\/www.celttv.com.ar\/#website","url":"https:\/\/www.celttv.com.ar\/","name":"CELTTV","description":"Cooperativa El\u00e9ctrica de Tornquist","publisher":{"@id":"https:\/\/www.celttv.com.ar\/#organization"},"potentialAction":[{"@type":"SearchAction","target":{"@type":"EntryPoint","urlTemplate":"https:\/\/www.celttv.com.ar\/?s={search_term_string}"},"query-input":"required name=search_term_string"}],"inLanguage":"es"},{"@type":"Organization","@id":"https:\/\/www.celttv.com.ar\/#organization","name":"CELTTV","url":"https:\/\/www.celttv.com.ar\/","sameAs":["https:\/\/www.youtube.com\/channel\/UCz_oIt8Hig64Ub-EmcNPIhg","https:\/\/www.facebook.com\/celtTV\/"],"logo":{"@type":"ImageObject","inLanguage":"es","@id":"https:\/\/www.celttv.com.ar\/#\/schema\/logo\/image\/","url":"http:\/\/www.celttv.com.ar\/wp-content\/uploads\/2022\/08\/logo-1.png","contentUrl":"http:\/\/www.celttv.com.ar\/wp-content\/uploads\/2022\/08\/logo-1.png","width":461,"height":159,"caption":"CELTTV"},"image":{"@id":"https:\/\/www.celttv.com.ar\/#\/schema\/logo\/image\/"}},{"@type":"Person","@id":"https:\/\/www.celttv.com.ar\/#\/schema\/person\/6d99c072dba59953809c81446e9d0ace","name":"ulises","image":{"@type":"ImageObject","inLanguage":"es","@id":"https:\/\/www.celttv.com.ar\/#\/schema\/person\/image\/","url":"https:\/\/secure.gravatar.com\/avatar\/7f2c48bdc33b30088f941fb6082e555f2874c98e20cb159d7b92b50eadfce793?s=96&d=mm&r=g","contentUrl":"https:\/\/secure.gravatar.com\/avatar\/7f2c48bdc33b30088f941fb6082e555f2874c98e20cb159d7b92b50eadfce793?s=96&d=mm&r=g","caption":"ulises"},"sameAs":["http:\/\/www.celttv.com.ar"]}]}},"_links":{"self":[{"href":"https:\/\/www.celttv.com.ar\/index.php\/wp-json\/wp\/v2\/posts\/12519","targetHints":{"allow":["GET"]}}],"collection":[{"href":"https:\/\/www.celttv.com.ar\/index.php\/wp-json\/wp\/v2\/posts"}],"about":[{"href":"https:\/\/www.celttv.com.ar\/index.php\/wp-json\/wp\/v2\/types\/post"}],"author":[{"embeddable":true,"href":"https:\/\/www.celttv.com.ar\/index.php\/wp-json\/wp\/v2\/users\/1"}],"replies":[{"embeddable":true,"href":"https:\/\/www.celttv.com.ar\/index.php\/wp-json\/wp\/v2\/comments?post=12519"}],"version-history":[{"count":0,"href":"https:\/\/www.celttv.com.ar\/index.php\/wp-json\/wp\/v2\/posts\/12519\/revisions"}],"wp:attachment":[{"href":"https:\/\/www.celttv.com.ar\/index.php\/wp-json\/wp\/v2\/media?parent=12519"}],"wp:term":[{"taxonomy":"category","embeddable":true,"href":"https:\/\/www.celttv.com.ar\/index.php\/wp-json\/wp\/v2\/categories?post=12519"},{"taxonomy":"post_tag","embeddable":true,"href":"https:\/\/www.celttv.com.ar\/index.php\/wp-json\/wp\/v2\/tags?post=12519"}],"curies":[{"name":"wp","href":"https:\/\/api.w.org\/{rel}","templated":true}]}}