{"id":12526,"date":"2013-07-09T18:36:06","date_gmt":"2013-07-09T18:36:06","guid":{"rendered":"http:\/\/www.tvcnoticias.com.ar\/?p=12526"},"modified":"2013-07-09T18:36:06","modified_gmt":"2013-07-09T18:36:06","slug":"preservacion-de-recursos-concejos-deliberantes-del-sudoeste-bonaerense-se-reunen-en-sierra-de-la-ventana","status":"publish","type":"post","link":"https:\/\/www.celttv.com.ar\/index.php\/2013\/07\/09\/preservacion-de-recursos-concejos-deliberantes-del-sudoeste-bonaerense-se-reunen-en-sierra-de-la-ventana\/","title":{"rendered":"PRESERVACION DE RECURSOS: CONCEJOS DELIBERANTES DEL SUDOESTE BONAERENSE SE REUNEN EN SIERRA DE LA VENTANA"},"content":{"rendered":"<p>&nbsp;<br \/>\nLos Concejos Deliberantes del suroeste de la Provincia de Buenos Aires, integrados por los distritos de Laprida, San Cayetano, Gral. Lamadrid, Tres Arroyos, Tornquist, Cnel. Su\u00e1rez, Saavedra, Cnel. Pringles, Mte. Hermoso, G. Ch\u00e1vez, Cnel. Dorrego, Bto. Juarez, Tandil, Bah\u00eda Blanca, Cnel. Rosales y Guamin\u00ed coincidir\u00e1n en una reuni\u00f3n de trabajo a fin de unificar criterios y acciones con el prop\u00f3sito de generar el Instrumento Legal dentro del marco Institucional, que comprenda la preservaci\u00f3n de los recursos naturales de la regi\u00f3n, anticipando posicionamientos sobre toda actividad convencional y no convencional que degrade, contamine e inutilice recursos esenciales para la vida de los Ciudadanos, particularmente la explotaci\u00f3n de yacimientos Hidrocarbur\u00edferos utilizando medios y t\u00e9cnicas que ocasionen alteraciones al h\u00e1bitat natural de manera irreversible, estrictamente referimos a la pr\u00e1ctica de la Fractura hidr\u00e1ulica o Fracking.<br \/>\nA los efectos de profundizar en los detalles inherentes a la mencionada pr\u00e1ctica, disertar\u00e1n especialistas invitados de la ONG OBSERVATORIO PETROLERO SUR, que expondr\u00e1n estudios, experiencias y estad\u00edsticas, sumando el acompa\u00f1amiento del Honorable Concejo Deliberante de Cinco Saltos, Distrito que promulg\u00f3 la primer Ordenanza que proh\u00edbe la pr\u00e1ctica de Fractura Hidr\u00e1ulica, quien ha sido invitado a participar de la jornada.<br \/>\nLa convocatoria tendr\u00e1 lugar en la localidad de Sierra de la ventana el d\u00eda S\u00e1bado 13 de Julio a partir de las 14:00 Hs seg\u00fan detalles del programa, en las instalaciones de la Escuela N\u00ba 6, cita en calle Alberdi entre Avda. Roca y Malvinas, solicitando la participaci\u00f3n Ciudadana con car\u00e1cter de Audiencia p\u00fablica a las 16:00 hs, a los efectos de expresar las opiniones sobre la tem\u00e1tica, contando con la presencia de la Prensa local y de la regi\u00f3n, \u00a0oficia de anfitri\u00f3n la ONG \u00a0Ambiente Comarca.<br \/>\nPROGRAMA:Se convocan a 15 Concejos Deliberantes de la regi\u00f3n.Hora: 14:00 &#8211; Reuni\u00f3n de trabajo con los Concejos Deliberantes y ONG\u00b4s.Hora: 16:00 &#8211; Audiencia p\u00fablica para participaci\u00f3n ciudadana y prensa.Hora: 17.30 &#8211; Cierre con conferencia de prensa.\u00a0 \u00a0 \u00a0 \u00a0 \u00a0 \u00a0 \u00a0 \u00a0 \u00a0 \u00a0 \u00a0 \u00a0 \u00a0 \u00a0 \u00a0 \u00a0\u00a0Consultas y precisiones dirigirse a:Ignacio A Zavaleta &#8211; HCD Guamin\u00ed &#8211; i.a.zavaleta@hotmail.com \u00a002923 15 647466.Hugo Kloster \u00a0&#8211; Sierra de la Ventana \u00a0&#8211; ongambientecomarca@gmail.com &#8211; \u00a00291-155709896<br \/>\n&#8212;\u00a0Comisi\u00f3n Directiva ONG Ambiente Comarca.<\/p>\n","protected":false},"excerpt":{"rendered":"<p>&nbsp; Los Concejos Deliberantes del suroeste de la Provincia de Buenos Aires, integrados por los distritos de Laprida, San Cayetano, Gral. Lamadrid, Tres Arroyos, Tornquist, Cnel. Su\u00e1rez, Saavedra, Cnel. Pringles, Mte. Hermoso, G. Ch\u00e1vez, Cnel. Dorrego, Bto. Juarez, Tandil, Bah\u00eda Blanca, Cnel. Rosales y Guamin\u00ed coincidir\u00e1n en una reuni\u00f3n de trabajo a fin de unificar [&hellip;]<\/p>\n","protected":false},"author":1,"featured_media":0,"comment_status":"closed","ping_status":"open","sticky":false,"template":"","format":"standard","meta":{"footnotes":""},"categories":[51,52,53],"tags":[],"class_list":["post-12526","post","type-post","status-publish","format-standard","hentry","category-comunidad","category-destacadas","category-politica"],"yoast_head":"<!-- This site is optimized with the Yoast SEO plugin v19.7.1 - https:\/\/yoast.com\/wordpress\/plugins\/seo\/ -->\n<title>PRESERVACION DE RECURSOS: CONCEJOS DELIBERANTES DEL SUDOESTE BONAERENSE SE REUNEN EN SIERRA DE LA VENTANA - CELTTV<\/title>\n<meta name=\"description\" content=\"Sitio web de noticias de la localidad de Tornquist, provincia de Buenos Aires, Rep\u00fablica Argentina. Contenido propio originado por periodistas de CELTTV, el canal de TV local de la Cooperativa El\u00e9ctrica de Tornquist. Turismo, Pol\u00edtica, Sociedad, Deporte, Cultura y todo el contenido de inter\u00e9s general que la gente del pueblo y la regi\u00f3n debe conocer.\" \/>\n<meta name=\"robots\" content=\"index, follow, max-snippet:-1, max-image-preview:large, max-video-preview:-1\" \/>\n<link rel=\"canonical\" href=\"https:\/\/www.celttv.com.ar\/index.php\/2013\/07\/09\/preservacion-de-recursos-concejos-deliberantes-del-sudoeste-bonaerense-se-reunen-en-sierra-de-la-ventana\/\" \/>\n<meta property=\"og:locale\" content=\"es_ES\" \/>\n<meta property=\"og:type\" content=\"article\" \/>\n<meta property=\"og:title\" content=\"PRESERVACION DE RECURSOS: CONCEJOS DELIBERANTES DEL SUDOESTE BONAERENSE SE REUNEN EN SIERRA DE LA VENTANA - CELTTV\" \/>\n<meta property=\"og:description\" content=\"Sitio web de noticias de la localidad de Tornquist, provincia de Buenos Aires, Rep\u00fablica Argentina. Contenido propio originado por periodistas de CELTTV, el canal de TV local de la Cooperativa El\u00e9ctrica de Tornquist. Turismo, Pol\u00edtica, Sociedad, Deporte, Cultura y todo el contenido de inter\u00e9s general que la gente del pueblo y la regi\u00f3n debe conocer.\" \/>\n<meta property=\"og:url\" content=\"https:\/\/www.celttv.com.ar\/index.php\/2013\/07\/09\/preservacion-de-recursos-concejos-deliberantes-del-sudoeste-bonaerense-se-reunen-en-sierra-de-la-ventana\/\" \/>\n<meta property=\"og:site_name\" content=\"CELTTV\" \/>\n<meta property=\"article:publisher\" content=\"https:\/\/www.facebook.com\/celtTV\/\" \/>\n<meta property=\"article:published_time\" content=\"2013-07-09T18:36:06+00:00\" \/>\n<meta name=\"author\" content=\"ulises\" \/>\n<meta name=\"twitter:card\" content=\"summary_large_image\" \/>\n<meta name=\"twitter:label1\" content=\"Escrito por\" \/>\n\t<meta name=\"twitter:data1\" content=\"ulises\" \/>\n\t<meta name=\"twitter:label2\" content=\"Tiempo de lectura\" \/>\n\t<meta name=\"twitter:data2\" content=\"2 minutos\" \/>\n<script type=\"application\/ld+json\" class=\"yoast-schema-graph\">{\"@context\":\"https:\/\/schema.org\",\"@graph\":[{\"@type\":\"NewsArticle\",\"@id\":\"https:\/\/www.celttv.com.ar\/index.php\/2013\/07\/09\/preservacion-de-recursos-concejos-deliberantes-del-sudoeste-bonaerense-se-reunen-en-sierra-de-la-ventana\/#article\",\"isPartOf\":{\"@id\":\"https:\/\/www.celttv.com.ar\/index.php\/2013\/07\/09\/preservacion-de-recursos-concejos-deliberantes-del-sudoeste-bonaerense-se-reunen-en-sierra-de-la-ventana\/\"},\"author\":{\"name\":\"ulises\",\"@id\":\"https:\/\/www.celttv.com.ar\/#\/schema\/person\/6d99c072dba59953809c81446e9d0ace\"},\"headline\":\"PRESERVACION DE RECURSOS: CONCEJOS DELIBERANTES DEL SUDOESTE BONAERENSE SE REUNEN EN SIERRA DE LA VENTANA\",\"datePublished\":\"2013-07-09T18:36:06+00:00\",\"dateModified\":\"2013-07-09T18:36:06+00:00\",\"mainEntityOfPage\":{\"@id\":\"https:\/\/www.celttv.com.ar\/index.php\/2013\/07\/09\/preservacion-de-recursos-concejos-deliberantes-del-sudoeste-bonaerense-se-reunen-en-sierra-de-la-ventana\/\"},\"wordCount\":400,\"publisher\":{\"@id\":\"https:\/\/www.celttv.com.ar\/#organization\"},\"articleSection\":[\"Comunidad\",\"Destacadas\",\"Pol\u00edtica\"],\"inLanguage\":\"es\"},{\"@type\":\"WebPage\",\"@id\":\"https:\/\/www.celttv.com.ar\/index.php\/2013\/07\/09\/preservacion-de-recursos-concejos-deliberantes-del-sudoeste-bonaerense-se-reunen-en-sierra-de-la-ventana\/\",\"url\":\"https:\/\/www.celttv.com.ar\/index.php\/2013\/07\/09\/preservacion-de-recursos-concejos-deliberantes-del-sudoeste-bonaerense-se-reunen-en-sierra-de-la-ventana\/\",\"name\":\"PRESERVACION DE RECURSOS: CONCEJOS DELIBERANTES DEL SUDOESTE BONAERENSE SE REUNEN EN SIERRA DE LA VENTANA - CELTTV\",\"isPartOf\":{\"@id\":\"https:\/\/www.celttv.com.ar\/#website\"},\"datePublished\":\"2013-07-09T18:36:06+00:00\",\"dateModified\":\"2013-07-09T18:36:06+00:00\",\"description\":\"Sitio web de noticias de la localidad de Tornquist, provincia de Buenos Aires, Rep\u00fablica Argentina. Contenido propio originado por periodistas de CELTTV, el canal de TV local de la Cooperativa El\u00e9ctrica de Tornquist. Turismo, Pol\u00edtica, Sociedad, Deporte, Cultura y todo el contenido de inter\u00e9s general que la gente del pueblo y la regi\u00f3n debe conocer.\",\"breadcrumb\":{\"@id\":\"https:\/\/www.celttv.com.ar\/index.php\/2013\/07\/09\/preservacion-de-recursos-concejos-deliberantes-del-sudoeste-bonaerense-se-reunen-en-sierra-de-la-ventana\/#breadcrumb\"},\"inLanguage\":\"es\",\"potentialAction\":[{\"@type\":\"ReadAction\",\"target\":[\"https:\/\/www.celttv.com.ar\/index.php\/2013\/07\/09\/preservacion-de-recursos-concejos-deliberantes-del-sudoeste-bonaerense-se-reunen-en-sierra-de-la-ventana\/\"]}]},{\"@type\":\"BreadcrumbList\",\"@id\":\"https:\/\/www.celttv.com.ar\/index.php\/2013\/07\/09\/preservacion-de-recursos-concejos-deliberantes-del-sudoeste-bonaerense-se-reunen-en-sierra-de-la-ventana\/#breadcrumb\",\"itemListElement\":[{\"@type\":\"ListItem\",\"position\":1,\"name\":\"Inicio\",\"item\":\"https:\/\/www.celttv.com.ar\/\"},{\"@type\":\"ListItem\",\"position\":2,\"name\":\"PRESERVACION DE RECURSOS: CONCEJOS DELIBERANTES DEL SUDOESTE BONAERENSE SE REUNEN EN SIERRA DE LA VENTANA\"}]},{\"@type\":\"WebSite\",\"@id\":\"https:\/\/www.celttv.com.ar\/#website\",\"url\":\"https:\/\/www.celttv.com.ar\/\",\"name\":\"CELTTV\",\"description\":\"Cooperativa El\u00e9ctrica de Tornquist\",\"publisher\":{\"@id\":\"https:\/\/www.celttv.com.ar\/#organization\"},\"potentialAction\":[{\"@type\":\"SearchAction\",\"target\":{\"@type\":\"EntryPoint\",\"urlTemplate\":\"https:\/\/www.celttv.com.ar\/?s={search_term_string}\"},\"query-input\":\"required name=search_term_string\"}],\"inLanguage\":\"es\"},{\"@type\":\"Organization\",\"@id\":\"https:\/\/www.celttv.com.ar\/#organization\",\"name\":\"CELTTV\",\"url\":\"https:\/\/www.celttv.com.ar\/\",\"sameAs\":[\"https:\/\/www.youtube.com\/channel\/UCz_oIt8Hig64Ub-EmcNPIhg\",\"https:\/\/www.facebook.com\/celtTV\/\"],\"logo\":{\"@type\":\"ImageObject\",\"inLanguage\":\"es\",\"@id\":\"https:\/\/www.celttv.com.ar\/#\/schema\/logo\/image\/\",\"url\":\"http:\/\/www.celttv.com.ar\/wp-content\/uploads\/2022\/08\/logo-1.png\",\"contentUrl\":\"http:\/\/www.celttv.com.ar\/wp-content\/uploads\/2022\/08\/logo-1.png\",\"width\":461,\"height\":159,\"caption\":\"CELTTV\"},\"image\":{\"@id\":\"https:\/\/www.celttv.com.ar\/#\/schema\/logo\/image\/\"}},{\"@type\":\"Person\",\"@id\":\"https:\/\/www.celttv.com.ar\/#\/schema\/person\/6d99c072dba59953809c81446e9d0ace\",\"name\":\"ulises\",\"image\":{\"@type\":\"ImageObject\",\"inLanguage\":\"es\",\"@id\":\"https:\/\/www.celttv.com.ar\/#\/schema\/person\/image\/\",\"url\":\"https:\/\/secure.gravatar.com\/avatar\/7f2c48bdc33b30088f941fb6082e555f2874c98e20cb159d7b92b50eadfce793?s=96&d=mm&r=g\",\"contentUrl\":\"https:\/\/secure.gravatar.com\/avatar\/7f2c48bdc33b30088f941fb6082e555f2874c98e20cb159d7b92b50eadfce793?s=96&d=mm&r=g\",\"caption\":\"ulises\"},\"sameAs\":[\"http:\/\/www.celttv.com.ar\"]}]}<\/script>\n<!-- \/ Yoast SEO plugin. -->","yoast_head_json":{"title":"PRESERVACION DE RECURSOS: CONCEJOS DELIBERANTES DEL SUDOESTE BONAERENSE SE REUNEN EN SIERRA DE LA VENTANA - CELTTV","description":"Sitio web de noticias de la localidad de Tornquist, provincia de Buenos Aires, Rep\u00fablica Argentina. Contenido propio originado por periodistas de CELTTV, el canal de TV local de la Cooperativa El\u00e9ctrica de Tornquist. Turismo, Pol\u00edtica, Sociedad, Deporte, Cultura y todo el contenido de inter\u00e9s general que la gente del pueblo y la regi\u00f3n debe conocer.","robots":{"index":"index","follow":"follow","max-snippet":"max-snippet:-1","max-image-preview":"max-image-preview:large","max-video-preview":"max-video-preview:-1"},"canonical":"https:\/\/www.celttv.com.ar\/index.php\/2013\/07\/09\/preservacion-de-recursos-concejos-deliberantes-del-sudoeste-bonaerense-se-reunen-en-sierra-de-la-ventana\/","og_locale":"es_ES","og_type":"article","og_title":"PRESERVACION DE RECURSOS: CONCEJOS DELIBERANTES DEL SUDOESTE BONAERENSE SE REUNEN EN SIERRA DE LA VENTANA - CELTTV","og_description":"Sitio web de noticias de la localidad de Tornquist, provincia de Buenos Aires, Rep\u00fablica Argentina. Contenido propio originado por periodistas de CELTTV, el canal de TV local de la Cooperativa El\u00e9ctrica de Tornquist. Turismo, Pol\u00edtica, Sociedad, Deporte, Cultura y todo el contenido de inter\u00e9s general que la gente del pueblo y la regi\u00f3n debe conocer.","og_url":"https:\/\/www.celttv.com.ar\/index.php\/2013\/07\/09\/preservacion-de-recursos-concejos-deliberantes-del-sudoeste-bonaerense-se-reunen-en-sierra-de-la-ventana\/","og_site_name":"CELTTV","article_publisher":"https:\/\/www.facebook.com\/celtTV\/","article_published_time":"2013-07-09T18:36:06+00:00","author":"ulises","twitter_card":"summary_large_image","twitter_misc":{"Escrito por":"ulises","Tiempo de lectura":"2 minutos"},"schema":{"@context":"https:\/\/schema.org","@graph":[{"@type":"NewsArticle","@id":"https:\/\/www.celttv.com.ar\/index.php\/2013\/07\/09\/preservacion-de-recursos-concejos-deliberantes-del-sudoeste-bonaerense-se-reunen-en-sierra-de-la-ventana\/#article","isPartOf":{"@id":"https:\/\/www.celttv.com.ar\/index.php\/2013\/07\/09\/preservacion-de-recursos-concejos-deliberantes-del-sudoeste-bonaerense-se-reunen-en-sierra-de-la-ventana\/"},"author":{"name":"ulises","@id":"https:\/\/www.celttv.com.ar\/#\/schema\/person\/6d99c072dba59953809c81446e9d0ace"},"headline":"PRESERVACION DE RECURSOS: CONCEJOS DELIBERANTES DEL SUDOESTE BONAERENSE SE REUNEN EN SIERRA DE LA VENTANA","datePublished":"2013-07-09T18:36:06+00:00","dateModified":"2013-07-09T18:36:06+00:00","mainEntityOfPage":{"@id":"https:\/\/www.celttv.com.ar\/index.php\/2013\/07\/09\/preservacion-de-recursos-concejos-deliberantes-del-sudoeste-bonaerense-se-reunen-en-sierra-de-la-ventana\/"},"wordCount":400,"publisher":{"@id":"https:\/\/www.celttv.com.ar\/#organization"},"articleSection":["Comunidad","Destacadas","Pol\u00edtica"],"inLanguage":"es"},{"@type":"WebPage","@id":"https:\/\/www.celttv.com.ar\/index.php\/2013\/07\/09\/preservacion-de-recursos-concejos-deliberantes-del-sudoeste-bonaerense-se-reunen-en-sierra-de-la-ventana\/","url":"https:\/\/www.celttv.com.ar\/index.php\/2013\/07\/09\/preservacion-de-recursos-concejos-deliberantes-del-sudoeste-bonaerense-se-reunen-en-sierra-de-la-ventana\/","name":"PRESERVACION DE RECURSOS: CONCEJOS DELIBERANTES DEL SUDOESTE BONAERENSE SE REUNEN EN SIERRA DE LA VENTANA - CELTTV","isPartOf":{"@id":"https:\/\/www.celttv.com.ar\/#website"},"datePublished":"2013-07-09T18:36:06+00:00","dateModified":"2013-07-09T18:36:06+00:00","description":"Sitio web de noticias de la localidad de Tornquist, provincia de Buenos Aires, Rep\u00fablica Argentina. Contenido propio originado por periodistas de CELTTV, el canal de TV local de la Cooperativa El\u00e9ctrica de Tornquist. Turismo, Pol\u00edtica, Sociedad, Deporte, Cultura y todo el contenido de inter\u00e9s general que la gente del pueblo y la regi\u00f3n debe conocer.","breadcrumb":{"@id":"https:\/\/www.celttv.com.ar\/index.php\/2013\/07\/09\/preservacion-de-recursos-concejos-deliberantes-del-sudoeste-bonaerense-se-reunen-en-sierra-de-la-ventana\/#breadcrumb"},"inLanguage":"es","potentialAction":[{"@type":"ReadAction","target":["https:\/\/www.celttv.com.ar\/index.php\/2013\/07\/09\/preservacion-de-recursos-concejos-deliberantes-del-sudoeste-bonaerense-se-reunen-en-sierra-de-la-ventana\/"]}]},{"@type":"BreadcrumbList","@id":"https:\/\/www.celttv.com.ar\/index.php\/2013\/07\/09\/preservacion-de-recursos-concejos-deliberantes-del-sudoeste-bonaerense-se-reunen-en-sierra-de-la-ventana\/#breadcrumb","itemListElement":[{"@type":"ListItem","position":1,"name":"Inicio","item":"https:\/\/www.celttv.com.ar\/"},{"@type":"ListItem","position":2,"name":"PRESERVACION DE RECURSOS: CONCEJOS DELIBERANTES DEL SUDOESTE BONAERENSE SE REUNEN EN SIERRA DE LA VENTANA"}]},{"@type":"WebSite","@id":"https:\/\/www.celttv.com.ar\/#website","url":"https:\/\/www.celttv.com.ar\/","name":"CELTTV","description":"Cooperativa El\u00e9ctrica de Tornquist","publisher":{"@id":"https:\/\/www.celttv.com.ar\/#organization"},"potentialAction":[{"@type":"SearchAction","target":{"@type":"EntryPoint","urlTemplate":"https:\/\/www.celttv.com.ar\/?s={search_term_string}"},"query-input":"required name=search_term_string"}],"inLanguage":"es"},{"@type":"Organization","@id":"https:\/\/www.celttv.com.ar\/#organization","name":"CELTTV","url":"https:\/\/www.celttv.com.ar\/","sameAs":["https:\/\/www.youtube.com\/channel\/UCz_oIt8Hig64Ub-EmcNPIhg","https:\/\/www.facebook.com\/celtTV\/"],"logo":{"@type":"ImageObject","inLanguage":"es","@id":"https:\/\/www.celttv.com.ar\/#\/schema\/logo\/image\/","url":"http:\/\/www.celttv.com.ar\/wp-content\/uploads\/2022\/08\/logo-1.png","contentUrl":"http:\/\/www.celttv.com.ar\/wp-content\/uploads\/2022\/08\/logo-1.png","width":461,"height":159,"caption":"CELTTV"},"image":{"@id":"https:\/\/www.celttv.com.ar\/#\/schema\/logo\/image\/"}},{"@type":"Person","@id":"https:\/\/www.celttv.com.ar\/#\/schema\/person\/6d99c072dba59953809c81446e9d0ace","name":"ulises","image":{"@type":"ImageObject","inLanguage":"es","@id":"https:\/\/www.celttv.com.ar\/#\/schema\/person\/image\/","url":"https:\/\/secure.gravatar.com\/avatar\/7f2c48bdc33b30088f941fb6082e555f2874c98e20cb159d7b92b50eadfce793?s=96&d=mm&r=g","contentUrl":"https:\/\/secure.gravatar.com\/avatar\/7f2c48bdc33b30088f941fb6082e555f2874c98e20cb159d7b92b50eadfce793?s=96&d=mm&r=g","caption":"ulises"},"sameAs":["http:\/\/www.celttv.com.ar"]}]}},"_links":{"self":[{"href":"https:\/\/www.celttv.com.ar\/index.php\/wp-json\/wp\/v2\/posts\/12526","targetHints":{"allow":["GET"]}}],"collection":[{"href":"https:\/\/www.celttv.com.ar\/index.php\/wp-json\/wp\/v2\/posts"}],"about":[{"href":"https:\/\/www.celttv.com.ar\/index.php\/wp-json\/wp\/v2\/types\/post"}],"author":[{"embeddable":true,"href":"https:\/\/www.celttv.com.ar\/index.php\/wp-json\/wp\/v2\/users\/1"}],"replies":[{"embeddable":true,"href":"https:\/\/www.celttv.com.ar\/index.php\/wp-json\/wp\/v2\/comments?post=12526"}],"version-history":[{"count":0,"href":"https:\/\/www.celttv.com.ar\/index.php\/wp-json\/wp\/v2\/posts\/12526\/revisions"}],"wp:attachment":[{"href":"https:\/\/www.celttv.com.ar\/index.php\/wp-json\/wp\/v2\/media?parent=12526"}],"wp:term":[{"taxonomy":"category","embeddable":true,"href":"https:\/\/www.celttv.com.ar\/index.php\/wp-json\/wp\/v2\/categories?post=12526"},{"taxonomy":"post_tag","embeddable":true,"href":"https:\/\/www.celttv.com.ar\/index.php\/wp-json\/wp\/v2\/tags?post=12526"}],"curies":[{"name":"wp","href":"https:\/\/api.w.org\/{rel}","templated":true}]}}