{"id":12543,"date":"2013-07-09T22:44:50","date_gmt":"2013-07-09T22:44:50","guid":{"rendered":"http:\/\/www.tvcnoticias.com.ar\/?p=12543"},"modified":"2013-07-09T22:44:50","modified_gmt":"2013-07-09T22:44:50","slug":"saldungaray-concentro-los-festejos-por-el-dia-de-la-independencia-fotos","status":"publish","type":"post","link":"https:\/\/www.celttv.com.ar\/index.php\/2013\/07\/09\/saldungaray-concentro-los-festejos-por-el-dia-de-la-independencia-fotos\/","title":{"rendered":"SALDUNGARAY CONCENTRO LOS FESTEJOS POR EL DIA DE LA INDEPENDENCIA (Fotos y audios)"},"content":{"rendered":"<p><br \/>\nCon marcado patriotismo y un gran sentido de pertenencia nacional, Saldungaray alberg\u00f3 en la ma\u00f1ana de hoy el acto oficial por el D\u00eda de la Independencia, organizado por la comunidad educativa de la localidad y que cont\u00f3 con la presencia del intendente municipal, licenciado Gustavo Trankels.<br \/>\nDe la ceremonia, llevada a cabo en la Escuela N\u00b0 2, participaron tambi\u00e9n la Inspectora Jefa Regional, profesora Dina Balma, autoridades educativas, integrantes del Departamento Ejecutivo municipal, delegados de distintas localidades del distrito, concejales, consejeros escolares y representantes de diferentes instituciones.<br \/>\n\u201cNo solamente debemos recordar aquel hecho puntual que marc\u00f3 nuestra historia, sino qu\u00e9 es lo que despu\u00e9s de 197 a\u00f1os est\u00e1 todav\u00eda vivo, por lo cual tenemos que sentirnos orgullosos y trabajar para ir mejorando. La independencia es libertad, y eso es maravilloso, pero tambi\u00e9n nos otorga responsabilidades a todos\u201d, consider\u00f3 Trankels durante su discurso.<br \/>\n\u201cDesmenuzando esta fecha tan importante, no nos olvidemos de esta libertad que hoy tenemos y de las responsabilidades que cada uno debemos honrar todos los d\u00edas; amemos a esta querida Patria que nos dejaron quienes estuvieron antes y hagamos todo lo posible, en el trabajo de cada d\u00eda, para alcanzar la Patria que todos so\u00f1amos\u201d, a\u00f1adi\u00f3.<br \/>\nEn el mismo sentido se manifest\u00f3 la profesora Balma, quien tambi\u00e9n dirigi\u00f3 unas palabras a los presentes.<br \/>\n\u201cCuando recordamos el pasado, debemos pensar en nuestro presente y revalorizarlo, fortalecer los cimientos de nuestro futuro, que no es menos decir que un pueblo que se precie como tal, no debe ignorar que la educaci\u00f3n es uno de los pilares fundamentales para lograr que una Patria sea soberana y libre\u201d, resalt\u00f3.<br \/>\n\u201cEl futuro es de los m\u00e1s chicos y deben crecer con la esperanza y la seguridad de poder encauzar sus proyectos de vida. \u00a1Qu\u00e9 honor inmenso poder habitar estas tierras y trabajarlas! Del amor s\u00f3lo se desprenden cosas buenas: la uni\u00f3n, la paz, el respeto. Esa es la \u00fanica forma de poder construir una Patria, una Patria Grande, una Patria para todos\u201d, manifest\u00f3.<br \/>\nDurante el transcurso del acto, alumnos pertenecientes al Jard\u00edn de Infantes N\u00b0 902, la Escuela Especial N\u00b0 502, el Instituto Fort\u00edn Pav\u00f3n y la Escuela N\u00b0 2 entonaron la canci\u00f3n Patria M\u00eda.<br \/>\n\u201cTodav\u00eda escuchamos decir que somos una Naci\u00f3n joven, que intenta constituirse a s\u00ed misma. Lejos estamos de haber alcanzado la madurez necesaria, pero es f\u00e1cil responsabilizar a otros por nuestro destino. Cada uno de nosotros somos responsables y protagonistas del presente y el futuro del pa\u00eds. La historia no s\u00f3lo la hacen los pr\u00f3ceres, sino tambi\u00e9n las personas comunes como cada uno de nosotros. A\u00fan estamos a tiempo de revisar nuestras actitudes cotidianas y asumir verdaderamente nuestro propio destino\u201d, se\u00f1al\u00f3, durante su alocuci\u00f3n, la directora del Jard\u00edn de Infantes N\u00b0 902, profesora Marisa Davis.<br \/>\nAntes de culminar, la Pe\u00f1a Huanca Malal gener\u00f3 la admiraci\u00f3n de los asistentes con una agradable presentaci\u00f3n, mientras que posteriormente los organizadores sirvieron chocolate caliente con masas y tortas.<br \/>\n[audio:http:\/\/www.tvcnoticias.com.ar\/wp-content\/uploads\/2013\/07\/9J-Balma.mp3|titles=9J-Balma]<br \/>\n[audio:http:\/\/www.tvcnoticias.com.ar\/wp-content\/uploads\/2013\/07\/9J-Davis.mp3|titles=9J-Davis]<br \/>\n[audio:http:\/\/www.tvcnoticias.com.ar\/wp-content\/uploads\/2013\/07\/9J-Gustavo.mp3|titles=9J-Gustavo]<\/p>\n","protected":false},"excerpt":{"rendered":"<p>Con marcado patriotismo y un gran sentido de pertenencia nacional, Saldungaray alberg\u00f3 en la ma\u00f1ana de hoy el acto oficial por el D\u00eda de la Independencia, organizado por la comunidad educativa de la localidad y que cont\u00f3 con la presencia del intendente municipal, licenciado Gustavo Trankels. De la ceremonia, llevada a cabo en la Escuela [&hellip;]<\/p>\n","protected":false},"author":1,"featured_media":0,"comment_status":"closed","ping_status":"open","sticky":false,"template":"","format":"standard","meta":{"footnotes":""},"categories":[51,52,53],"tags":[],"class_list":["post-12543","post","type-post","status-publish","format-standard","hentry","category-comunidad","category-destacadas","category-politica"],"yoast_head":"<!-- This site is optimized with the Yoast SEO plugin v19.7.1 - https:\/\/yoast.com\/wordpress\/plugins\/seo\/ -->\n<title>SALDUNGARAY CONCENTRO LOS FESTEJOS POR EL DIA DE LA INDEPENDENCIA (Fotos y audios) - CELTTV<\/title>\n<meta name=\"description\" content=\"Sitio web de noticias de la localidad de Tornquist, provincia de Buenos Aires, Rep\u00fablica Argentina. Contenido propio originado por periodistas de CELTTV, el canal de TV local de la Cooperativa El\u00e9ctrica de Tornquist. Turismo, Pol\u00edtica, Sociedad, Deporte, Cultura y todo el contenido de inter\u00e9s general que la gente del pueblo y la regi\u00f3n debe conocer.\" \/>\n<meta name=\"robots\" content=\"index, follow, max-snippet:-1, max-image-preview:large, max-video-preview:-1\" \/>\n<link rel=\"canonical\" href=\"https:\/\/www.celttv.com.ar\/index.php\/2013\/07\/09\/saldungaray-concentro-los-festejos-por-el-dia-de-la-independencia-fotos\/\" \/>\n<meta property=\"og:locale\" content=\"es_ES\" \/>\n<meta property=\"og:type\" content=\"article\" \/>\n<meta property=\"og:title\" content=\"SALDUNGARAY CONCENTRO LOS FESTEJOS POR EL DIA DE LA INDEPENDENCIA (Fotos y audios) - CELTTV\" \/>\n<meta property=\"og:description\" content=\"Sitio web de noticias de la localidad de Tornquist, provincia de Buenos Aires, Rep\u00fablica Argentina. Contenido propio originado por periodistas de CELTTV, el canal de TV local de la Cooperativa El\u00e9ctrica de Tornquist. Turismo, Pol\u00edtica, Sociedad, Deporte, Cultura y todo el contenido de inter\u00e9s general que la gente del pueblo y la regi\u00f3n debe conocer.\" \/>\n<meta property=\"og:url\" content=\"https:\/\/www.celttv.com.ar\/index.php\/2013\/07\/09\/saldungaray-concentro-los-festejos-por-el-dia-de-la-independencia-fotos\/\" \/>\n<meta property=\"og:site_name\" content=\"CELTTV\" \/>\n<meta property=\"article:publisher\" content=\"https:\/\/www.facebook.com\/celtTV\/\" \/>\n<meta property=\"article:published_time\" content=\"2013-07-09T22:44:50+00:00\" \/>\n<meta name=\"author\" content=\"ulises\" \/>\n<meta name=\"twitter:card\" content=\"summary_large_image\" \/>\n<meta name=\"twitter:label1\" content=\"Escrito por\" \/>\n\t<meta name=\"twitter:data1\" content=\"ulises\" \/>\n\t<meta name=\"twitter:label2\" content=\"Tiempo de lectura\" \/>\n\t<meta name=\"twitter:data2\" content=\"3 minutos\" \/>\n<script type=\"application\/ld+json\" class=\"yoast-schema-graph\">{\"@context\":\"https:\/\/schema.org\",\"@graph\":[{\"@type\":\"NewsArticle\",\"@id\":\"https:\/\/www.celttv.com.ar\/index.php\/2013\/07\/09\/saldungaray-concentro-los-festejos-por-el-dia-de-la-independencia-fotos\/#article\",\"isPartOf\":{\"@id\":\"https:\/\/www.celttv.com.ar\/index.php\/2013\/07\/09\/saldungaray-concentro-los-festejos-por-el-dia-de-la-independencia-fotos\/\"},\"author\":{\"name\":\"ulises\",\"@id\":\"https:\/\/www.celttv.com.ar\/#\/schema\/person\/6d99c072dba59953809c81446e9d0ace\"},\"headline\":\"SALDUNGARAY CONCENTRO LOS FESTEJOS POR EL DIA DE LA INDEPENDENCIA (Fotos y audios)\",\"datePublished\":\"2013-07-09T22:44:50+00:00\",\"dateModified\":\"2013-07-09T22:44:50+00:00\",\"mainEntityOfPage\":{\"@id\":\"https:\/\/www.celttv.com.ar\/index.php\/2013\/07\/09\/saldungaray-concentro-los-festejos-por-el-dia-de-la-independencia-fotos\/\"},\"wordCount\":567,\"publisher\":{\"@id\":\"https:\/\/www.celttv.com.ar\/#organization\"},\"articleSection\":[\"Comunidad\",\"Destacadas\",\"Pol\u00edtica\"],\"inLanguage\":\"es\"},{\"@type\":\"WebPage\",\"@id\":\"https:\/\/www.celttv.com.ar\/index.php\/2013\/07\/09\/saldungaray-concentro-los-festejos-por-el-dia-de-la-independencia-fotos\/\",\"url\":\"https:\/\/www.celttv.com.ar\/index.php\/2013\/07\/09\/saldungaray-concentro-los-festejos-por-el-dia-de-la-independencia-fotos\/\",\"name\":\"SALDUNGARAY CONCENTRO LOS FESTEJOS POR EL DIA DE LA INDEPENDENCIA (Fotos y audios) - CELTTV\",\"isPartOf\":{\"@id\":\"https:\/\/www.celttv.com.ar\/#website\"},\"datePublished\":\"2013-07-09T22:44:50+00:00\",\"dateModified\":\"2013-07-09T22:44:50+00:00\",\"description\":\"Sitio web de noticias de la localidad de Tornquist, provincia de Buenos Aires, Rep\u00fablica Argentina. Contenido propio originado por periodistas de CELTTV, el canal de TV local de la Cooperativa El\u00e9ctrica de Tornquist. Turismo, Pol\u00edtica, Sociedad, Deporte, Cultura y todo el contenido de inter\u00e9s general que la gente del pueblo y la regi\u00f3n debe conocer.\",\"breadcrumb\":{\"@id\":\"https:\/\/www.celttv.com.ar\/index.php\/2013\/07\/09\/saldungaray-concentro-los-festejos-por-el-dia-de-la-independencia-fotos\/#breadcrumb\"},\"inLanguage\":\"es\",\"potentialAction\":[{\"@type\":\"ReadAction\",\"target\":[\"https:\/\/www.celttv.com.ar\/index.php\/2013\/07\/09\/saldungaray-concentro-los-festejos-por-el-dia-de-la-independencia-fotos\/\"]}]},{\"@type\":\"BreadcrumbList\",\"@id\":\"https:\/\/www.celttv.com.ar\/index.php\/2013\/07\/09\/saldungaray-concentro-los-festejos-por-el-dia-de-la-independencia-fotos\/#breadcrumb\",\"itemListElement\":[{\"@type\":\"ListItem\",\"position\":1,\"name\":\"Inicio\",\"item\":\"https:\/\/www.celttv.com.ar\/\"},{\"@type\":\"ListItem\",\"position\":2,\"name\":\"SALDUNGARAY CONCENTRO LOS FESTEJOS POR EL DIA DE LA INDEPENDENCIA (Fotos y audios)\"}]},{\"@type\":\"WebSite\",\"@id\":\"https:\/\/www.celttv.com.ar\/#website\",\"url\":\"https:\/\/www.celttv.com.ar\/\",\"name\":\"CELTTV\",\"description\":\"Cooperativa El\u00e9ctrica de Tornquist\",\"publisher\":{\"@id\":\"https:\/\/www.celttv.com.ar\/#organization\"},\"potentialAction\":[{\"@type\":\"SearchAction\",\"target\":{\"@type\":\"EntryPoint\",\"urlTemplate\":\"https:\/\/www.celttv.com.ar\/?s={search_term_string}\"},\"query-input\":\"required name=search_term_string\"}],\"inLanguage\":\"es\"},{\"@type\":\"Organization\",\"@id\":\"https:\/\/www.celttv.com.ar\/#organization\",\"name\":\"CELTTV\",\"url\":\"https:\/\/www.celttv.com.ar\/\",\"sameAs\":[\"https:\/\/www.youtube.com\/channel\/UCz_oIt8Hig64Ub-EmcNPIhg\",\"https:\/\/www.facebook.com\/celtTV\/\"],\"logo\":{\"@type\":\"ImageObject\",\"inLanguage\":\"es\",\"@id\":\"https:\/\/www.celttv.com.ar\/#\/schema\/logo\/image\/\",\"url\":\"http:\/\/www.celttv.com.ar\/wp-content\/uploads\/2022\/08\/logo-1.png\",\"contentUrl\":\"http:\/\/www.celttv.com.ar\/wp-content\/uploads\/2022\/08\/logo-1.png\",\"width\":461,\"height\":159,\"caption\":\"CELTTV\"},\"image\":{\"@id\":\"https:\/\/www.celttv.com.ar\/#\/schema\/logo\/image\/\"}},{\"@type\":\"Person\",\"@id\":\"https:\/\/www.celttv.com.ar\/#\/schema\/person\/6d99c072dba59953809c81446e9d0ace\",\"name\":\"ulises\",\"image\":{\"@type\":\"ImageObject\",\"inLanguage\":\"es\",\"@id\":\"https:\/\/www.celttv.com.ar\/#\/schema\/person\/image\/\",\"url\":\"https:\/\/secure.gravatar.com\/avatar\/7f2c48bdc33b30088f941fb6082e555f2874c98e20cb159d7b92b50eadfce793?s=96&d=mm&r=g\",\"contentUrl\":\"https:\/\/secure.gravatar.com\/avatar\/7f2c48bdc33b30088f941fb6082e555f2874c98e20cb159d7b92b50eadfce793?s=96&d=mm&r=g\",\"caption\":\"ulises\"},\"sameAs\":[\"http:\/\/www.celttv.com.ar\"]}]}<\/script>\n<!-- \/ Yoast SEO plugin. -->","yoast_head_json":{"title":"SALDUNGARAY CONCENTRO LOS FESTEJOS POR EL DIA DE LA INDEPENDENCIA (Fotos y audios) - CELTTV","description":"Sitio web de noticias de la localidad de Tornquist, provincia de Buenos Aires, Rep\u00fablica Argentina. Contenido propio originado por periodistas de CELTTV, el canal de TV local de la Cooperativa El\u00e9ctrica de Tornquist. Turismo, Pol\u00edtica, Sociedad, Deporte, Cultura y todo el contenido de inter\u00e9s general que la gente del pueblo y la regi\u00f3n debe conocer.","robots":{"index":"index","follow":"follow","max-snippet":"max-snippet:-1","max-image-preview":"max-image-preview:large","max-video-preview":"max-video-preview:-1"},"canonical":"https:\/\/www.celttv.com.ar\/index.php\/2013\/07\/09\/saldungaray-concentro-los-festejos-por-el-dia-de-la-independencia-fotos\/","og_locale":"es_ES","og_type":"article","og_title":"SALDUNGARAY CONCENTRO LOS FESTEJOS POR EL DIA DE LA INDEPENDENCIA (Fotos y audios) - CELTTV","og_description":"Sitio web de noticias de la localidad de Tornquist, provincia de Buenos Aires, Rep\u00fablica Argentina. Contenido propio originado por periodistas de CELTTV, el canal de TV local de la Cooperativa El\u00e9ctrica de Tornquist. Turismo, Pol\u00edtica, Sociedad, Deporte, Cultura y todo el contenido de inter\u00e9s general que la gente del pueblo y la regi\u00f3n debe conocer.","og_url":"https:\/\/www.celttv.com.ar\/index.php\/2013\/07\/09\/saldungaray-concentro-los-festejos-por-el-dia-de-la-independencia-fotos\/","og_site_name":"CELTTV","article_publisher":"https:\/\/www.facebook.com\/celtTV\/","article_published_time":"2013-07-09T22:44:50+00:00","author":"ulises","twitter_card":"summary_large_image","twitter_misc":{"Escrito por":"ulises","Tiempo de lectura":"3 minutos"},"schema":{"@context":"https:\/\/schema.org","@graph":[{"@type":"NewsArticle","@id":"https:\/\/www.celttv.com.ar\/index.php\/2013\/07\/09\/saldungaray-concentro-los-festejos-por-el-dia-de-la-independencia-fotos\/#article","isPartOf":{"@id":"https:\/\/www.celttv.com.ar\/index.php\/2013\/07\/09\/saldungaray-concentro-los-festejos-por-el-dia-de-la-independencia-fotos\/"},"author":{"name":"ulises","@id":"https:\/\/www.celttv.com.ar\/#\/schema\/person\/6d99c072dba59953809c81446e9d0ace"},"headline":"SALDUNGARAY CONCENTRO LOS FESTEJOS POR EL DIA DE LA INDEPENDENCIA (Fotos y audios)","datePublished":"2013-07-09T22:44:50+00:00","dateModified":"2013-07-09T22:44:50+00:00","mainEntityOfPage":{"@id":"https:\/\/www.celttv.com.ar\/index.php\/2013\/07\/09\/saldungaray-concentro-los-festejos-por-el-dia-de-la-independencia-fotos\/"},"wordCount":567,"publisher":{"@id":"https:\/\/www.celttv.com.ar\/#organization"},"articleSection":["Comunidad","Destacadas","Pol\u00edtica"],"inLanguage":"es"},{"@type":"WebPage","@id":"https:\/\/www.celttv.com.ar\/index.php\/2013\/07\/09\/saldungaray-concentro-los-festejos-por-el-dia-de-la-independencia-fotos\/","url":"https:\/\/www.celttv.com.ar\/index.php\/2013\/07\/09\/saldungaray-concentro-los-festejos-por-el-dia-de-la-independencia-fotos\/","name":"SALDUNGARAY CONCENTRO LOS FESTEJOS POR EL DIA DE LA INDEPENDENCIA (Fotos y audios) - CELTTV","isPartOf":{"@id":"https:\/\/www.celttv.com.ar\/#website"},"datePublished":"2013-07-09T22:44:50+00:00","dateModified":"2013-07-09T22:44:50+00:00","description":"Sitio web de noticias de la localidad de Tornquist, provincia de Buenos Aires, Rep\u00fablica Argentina. Contenido propio originado por periodistas de CELTTV, el canal de TV local de la Cooperativa El\u00e9ctrica de Tornquist. Turismo, Pol\u00edtica, Sociedad, Deporte, Cultura y todo el contenido de inter\u00e9s general que la gente del pueblo y la regi\u00f3n debe conocer.","breadcrumb":{"@id":"https:\/\/www.celttv.com.ar\/index.php\/2013\/07\/09\/saldungaray-concentro-los-festejos-por-el-dia-de-la-independencia-fotos\/#breadcrumb"},"inLanguage":"es","potentialAction":[{"@type":"ReadAction","target":["https:\/\/www.celttv.com.ar\/index.php\/2013\/07\/09\/saldungaray-concentro-los-festejos-por-el-dia-de-la-independencia-fotos\/"]}]},{"@type":"BreadcrumbList","@id":"https:\/\/www.celttv.com.ar\/index.php\/2013\/07\/09\/saldungaray-concentro-los-festejos-por-el-dia-de-la-independencia-fotos\/#breadcrumb","itemListElement":[{"@type":"ListItem","position":1,"name":"Inicio","item":"https:\/\/www.celttv.com.ar\/"},{"@type":"ListItem","position":2,"name":"SALDUNGARAY CONCENTRO LOS FESTEJOS POR EL DIA DE LA INDEPENDENCIA (Fotos y audios)"}]},{"@type":"WebSite","@id":"https:\/\/www.celttv.com.ar\/#website","url":"https:\/\/www.celttv.com.ar\/","name":"CELTTV","description":"Cooperativa El\u00e9ctrica de Tornquist","publisher":{"@id":"https:\/\/www.celttv.com.ar\/#organization"},"potentialAction":[{"@type":"SearchAction","target":{"@type":"EntryPoint","urlTemplate":"https:\/\/www.celttv.com.ar\/?s={search_term_string}"},"query-input":"required name=search_term_string"}],"inLanguage":"es"},{"@type":"Organization","@id":"https:\/\/www.celttv.com.ar\/#organization","name":"CELTTV","url":"https:\/\/www.celttv.com.ar\/","sameAs":["https:\/\/www.youtube.com\/channel\/UCz_oIt8Hig64Ub-EmcNPIhg","https:\/\/www.facebook.com\/celtTV\/"],"logo":{"@type":"ImageObject","inLanguage":"es","@id":"https:\/\/www.celttv.com.ar\/#\/schema\/logo\/image\/","url":"http:\/\/www.celttv.com.ar\/wp-content\/uploads\/2022\/08\/logo-1.png","contentUrl":"http:\/\/www.celttv.com.ar\/wp-content\/uploads\/2022\/08\/logo-1.png","width":461,"height":159,"caption":"CELTTV"},"image":{"@id":"https:\/\/www.celttv.com.ar\/#\/schema\/logo\/image\/"}},{"@type":"Person","@id":"https:\/\/www.celttv.com.ar\/#\/schema\/person\/6d99c072dba59953809c81446e9d0ace","name":"ulises","image":{"@type":"ImageObject","inLanguage":"es","@id":"https:\/\/www.celttv.com.ar\/#\/schema\/person\/image\/","url":"https:\/\/secure.gravatar.com\/avatar\/7f2c48bdc33b30088f941fb6082e555f2874c98e20cb159d7b92b50eadfce793?s=96&d=mm&r=g","contentUrl":"https:\/\/secure.gravatar.com\/avatar\/7f2c48bdc33b30088f941fb6082e555f2874c98e20cb159d7b92b50eadfce793?s=96&d=mm&r=g","caption":"ulises"},"sameAs":["http:\/\/www.celttv.com.ar"]}]}},"_links":{"self":[{"href":"https:\/\/www.celttv.com.ar\/index.php\/wp-json\/wp\/v2\/posts\/12543","targetHints":{"allow":["GET"]}}],"collection":[{"href":"https:\/\/www.celttv.com.ar\/index.php\/wp-json\/wp\/v2\/posts"}],"about":[{"href":"https:\/\/www.celttv.com.ar\/index.php\/wp-json\/wp\/v2\/types\/post"}],"author":[{"embeddable":true,"href":"https:\/\/www.celttv.com.ar\/index.php\/wp-json\/wp\/v2\/users\/1"}],"replies":[{"embeddable":true,"href":"https:\/\/www.celttv.com.ar\/index.php\/wp-json\/wp\/v2\/comments?post=12543"}],"version-history":[{"count":0,"href":"https:\/\/www.celttv.com.ar\/index.php\/wp-json\/wp\/v2\/posts\/12543\/revisions"}],"wp:attachment":[{"href":"https:\/\/www.celttv.com.ar\/index.php\/wp-json\/wp\/v2\/media?parent=12543"}],"wp:term":[{"taxonomy":"category","embeddable":true,"href":"https:\/\/www.celttv.com.ar\/index.php\/wp-json\/wp\/v2\/categories?post=12543"},{"taxonomy":"post_tag","embeddable":true,"href":"https:\/\/www.celttv.com.ar\/index.php\/wp-json\/wp\/v2\/tags?post=12543"}],"curies":[{"name":"wp","href":"https:\/\/api.w.org\/{rel}","templated":true}]}}