{"id":12560,"date":"2013-07-09T23:33:09","date_gmt":"2013-07-09T23:33:09","guid":{"rendered":"http:\/\/www.tvcnoticias.com.ar\/?p=12560"},"modified":"2013-07-09T23:33:09","modified_gmt":"2013-07-09T23:33:09","slug":"se-realizo-en-tornquist-un-encuentro-regional-de-rsu","status":"publish","type":"post","link":"https:\/\/www.celttv.com.ar\/index.php\/2013\/07\/09\/se-realizo-en-tornquist-un-encuentro-regional-de-rsu\/","title":{"rendered":"SE REALIZO EN TORNQUIST UN ENCUENTRO REGIONAL DE RSU"},"content":{"rendered":"<p><br \/>\nEl 3\u00b0 Encuentro Regional de Alternativas en la Gesti\u00f3n de Residuos S\u00f3lidos Urbanos se desarroll\u00f3 en el distrito de Tornquist, con la presencia de representantes de diferentes sectores p\u00fablicos y privados.<br \/>\nDe la jornada participaron el director de Producci\u00f3n y Medio Ambiente comunal, V\u00edctor Ant\u00f3n; el ingeniero Horacio Martino, de la firma Tretrapak; los ingenieros Jorge N\u00fa\u00f1ez y Alberto Dietrich, del Instituto Nacional de Tecnolog\u00eda Industrial (INTI); Alejandro Barna, de Cabelma, empresa dedicada al reciclado de botellas PET; los coordinadores del Programa Gesti\u00f3n Integral de Residuos S\u00f3lidos Urbanos, Gerencia de Asistencia Tecnol\u00f3gica para la demanda social; personal de la Direcci\u00f3n Provincial de RSU, del OPDS; y representantes de los distritos de Monte Hermoso, Guamin\u00ed, Bah\u00eda Blanca, Puan y Coronel\u00a0Pringles.<br \/>\nLa jornada incluy\u00f3 una recorrida por la f\u00e1brica de la firma Interpack, ubicada en el cruce de la ruta nacional 33 con la provincial 76, y la planta de Bolteco, propiedad del emprendedor local Franco Bolletta, donde el residuo del tetra pak se transforma en chapas.<br \/>\nEl intendente municipal, licenciado Gustavo Trankels, acompa\u00f1\u00f3 a la delegaci\u00f3n en la visita a Bolteco y resalt\u00f3 la importancia de contar con un emprendimiento de esas caracter\u00edsticas en la ciudad cabecera de nuestro distrito, adem\u00e1s de dialogar y analizar respecto de la gesti\u00f3n de residuos s\u00f3lidos y el proyecto para continuar avanzando en la pol\u00edtica que se viene desarrollando al respecto.<br \/>\n\u201cEstamos muy contentos de que este encuentro se haya organizado en nuestro distrito y pudi\u00e9ramos exhibir nuestra manera de trabajar. Quiero agradecerle al OPDS por considerarnos como un ejemplo al momento de hablar del reciclado\u201d, coment\u00f3 el intendente Trankels, quien respondi\u00f3 las inquietudes y mantuvo una conversaci\u00f3n con Franco Bolletta y Horacio Martino.<br \/>\nDespu\u00e9s del mediod\u00eda, la jornada continu\u00f3 con un trabajo de campo en la recientemente premiada planta de tratamiento de Saldungaray.<br \/>\n&nbsp;<br \/>\n&#8220;Es un orgullo que nos elijan y poder mostrar lo que hacemos en Tornquist en pos del cuidado del medio ambiente, tanto los privados, que cumplen con un rol fundamental en el circuito de reciclado, incorporando al tema de la responsabilidad social empresaria, as\u00ed como en la Planta de Saldungaray, que sigue sumando reconocimientos, demostrando que con decisi\u00f3n pol\u00edtica de los gobernantes y el compromiso de los vecinos se pueden modificar las realidades. S\u00f3lo es cuesti\u00f3n de seguir trabajando juntos&#8221;, consider\u00f3 V\u00edctor Ant\u00f3n.<br \/>\n&nbsp;<\/p>\n","protected":false},"excerpt":{"rendered":"<p>El 3\u00b0 Encuentro Regional de Alternativas en la Gesti\u00f3n de Residuos S\u00f3lidos Urbanos se desarroll\u00f3 en el distrito de Tornquist, con la presencia de representantes de diferentes sectores p\u00fablicos y privados. De la jornada participaron el director de Producci\u00f3n y Medio Ambiente comunal, V\u00edctor Ant\u00f3n; el ingeniero Horacio Martino, de la firma Tretrapak; los ingenieros [&hellip;]<\/p>\n","protected":false},"author":1,"featured_media":0,"comment_status":"closed","ping_status":"open","sticky":false,"template":"","format":"standard","meta":{"footnotes":""},"categories":[51,52,53],"tags":[],"class_list":["post-12560","post","type-post","status-publish","format-standard","hentry","category-comunidad","category-destacadas","category-politica"],"yoast_head":"<!-- This site is optimized with the Yoast SEO plugin v19.7.1 - https:\/\/yoast.com\/wordpress\/plugins\/seo\/ -->\n<title>SE REALIZO EN TORNQUIST UN ENCUENTRO REGIONAL DE RSU - CELTTV<\/title>\n<meta name=\"description\" content=\"Sitio web de noticias de la localidad de Tornquist, provincia de Buenos Aires, Rep\u00fablica Argentina. Contenido propio originado por periodistas de CELTTV, el canal de TV local de la Cooperativa El\u00e9ctrica de Tornquist. Turismo, Pol\u00edtica, Sociedad, Deporte, Cultura y todo el contenido de inter\u00e9s general que la gente del pueblo y la regi\u00f3n debe conocer.\" \/>\n<meta name=\"robots\" content=\"index, follow, max-snippet:-1, max-image-preview:large, max-video-preview:-1\" \/>\n<link rel=\"canonical\" href=\"https:\/\/www.celttv.com.ar\/index.php\/2013\/07\/09\/se-realizo-en-tornquist-un-encuentro-regional-de-rsu\/\" \/>\n<meta property=\"og:locale\" content=\"es_ES\" \/>\n<meta property=\"og:type\" content=\"article\" \/>\n<meta property=\"og:title\" content=\"SE REALIZO EN TORNQUIST UN ENCUENTRO REGIONAL DE RSU - CELTTV\" \/>\n<meta property=\"og:description\" content=\"Sitio web de noticias de la localidad de Tornquist, provincia de Buenos Aires, Rep\u00fablica Argentina. Contenido propio originado por periodistas de CELTTV, el canal de TV local de la Cooperativa El\u00e9ctrica de Tornquist. Turismo, Pol\u00edtica, Sociedad, Deporte, Cultura y todo el contenido de inter\u00e9s general que la gente del pueblo y la regi\u00f3n debe conocer.\" \/>\n<meta property=\"og:url\" content=\"https:\/\/www.celttv.com.ar\/index.php\/2013\/07\/09\/se-realizo-en-tornquist-un-encuentro-regional-de-rsu\/\" \/>\n<meta property=\"og:site_name\" content=\"CELTTV\" \/>\n<meta property=\"article:publisher\" content=\"https:\/\/www.facebook.com\/celtTV\/\" \/>\n<meta property=\"article:published_time\" content=\"2013-07-09T23:33:09+00:00\" \/>\n<meta name=\"author\" content=\"ulises\" \/>\n<meta name=\"twitter:card\" content=\"summary_large_image\" \/>\n<meta name=\"twitter:label1\" content=\"Escrito por\" \/>\n\t<meta name=\"twitter:data1\" content=\"ulises\" \/>\n\t<meta name=\"twitter:label2\" content=\"Tiempo de lectura\" \/>\n\t<meta name=\"twitter:data2\" content=\"2 minutos\" \/>\n<script type=\"application\/ld+json\" class=\"yoast-schema-graph\">{\"@context\":\"https:\/\/schema.org\",\"@graph\":[{\"@type\":\"NewsArticle\",\"@id\":\"https:\/\/www.celttv.com.ar\/index.php\/2013\/07\/09\/se-realizo-en-tornquist-un-encuentro-regional-de-rsu\/#article\",\"isPartOf\":{\"@id\":\"https:\/\/www.celttv.com.ar\/index.php\/2013\/07\/09\/se-realizo-en-tornquist-un-encuentro-regional-de-rsu\/\"},\"author\":{\"name\":\"ulises\",\"@id\":\"https:\/\/www.celttv.com.ar\/#\/schema\/person\/6d99c072dba59953809c81446e9d0ace\"},\"headline\":\"SE REALIZO EN TORNQUIST UN ENCUENTRO REGIONAL DE RSU\",\"datePublished\":\"2013-07-09T23:33:09+00:00\",\"dateModified\":\"2013-07-09T23:33:09+00:00\",\"mainEntityOfPage\":{\"@id\":\"https:\/\/www.celttv.com.ar\/index.php\/2013\/07\/09\/se-realizo-en-tornquist-un-encuentro-regional-de-rsu\/\"},\"wordCount\":425,\"publisher\":{\"@id\":\"https:\/\/www.celttv.com.ar\/#organization\"},\"articleSection\":[\"Comunidad\",\"Destacadas\",\"Pol\u00edtica\"],\"inLanguage\":\"es\"},{\"@type\":\"WebPage\",\"@id\":\"https:\/\/www.celttv.com.ar\/index.php\/2013\/07\/09\/se-realizo-en-tornquist-un-encuentro-regional-de-rsu\/\",\"url\":\"https:\/\/www.celttv.com.ar\/index.php\/2013\/07\/09\/se-realizo-en-tornquist-un-encuentro-regional-de-rsu\/\",\"name\":\"SE REALIZO EN TORNQUIST UN ENCUENTRO REGIONAL DE RSU - CELTTV\",\"isPartOf\":{\"@id\":\"https:\/\/www.celttv.com.ar\/#website\"},\"datePublished\":\"2013-07-09T23:33:09+00:00\",\"dateModified\":\"2013-07-09T23:33:09+00:00\",\"description\":\"Sitio web de noticias de la localidad de Tornquist, provincia de Buenos Aires, Rep\u00fablica Argentina. Contenido propio originado por periodistas de CELTTV, el canal de TV local de la Cooperativa El\u00e9ctrica de Tornquist. Turismo, Pol\u00edtica, Sociedad, Deporte, Cultura y todo el contenido de inter\u00e9s general que la gente del pueblo y la regi\u00f3n debe conocer.\",\"breadcrumb\":{\"@id\":\"https:\/\/www.celttv.com.ar\/index.php\/2013\/07\/09\/se-realizo-en-tornquist-un-encuentro-regional-de-rsu\/#breadcrumb\"},\"inLanguage\":\"es\",\"potentialAction\":[{\"@type\":\"ReadAction\",\"target\":[\"https:\/\/www.celttv.com.ar\/index.php\/2013\/07\/09\/se-realizo-en-tornquist-un-encuentro-regional-de-rsu\/\"]}]},{\"@type\":\"BreadcrumbList\",\"@id\":\"https:\/\/www.celttv.com.ar\/index.php\/2013\/07\/09\/se-realizo-en-tornquist-un-encuentro-regional-de-rsu\/#breadcrumb\",\"itemListElement\":[{\"@type\":\"ListItem\",\"position\":1,\"name\":\"Inicio\",\"item\":\"https:\/\/www.celttv.com.ar\/\"},{\"@type\":\"ListItem\",\"position\":2,\"name\":\"SE REALIZO EN TORNQUIST UN ENCUENTRO REGIONAL DE RSU\"}]},{\"@type\":\"WebSite\",\"@id\":\"https:\/\/www.celttv.com.ar\/#website\",\"url\":\"https:\/\/www.celttv.com.ar\/\",\"name\":\"CELTTV\",\"description\":\"Cooperativa El\u00e9ctrica de Tornquist\",\"publisher\":{\"@id\":\"https:\/\/www.celttv.com.ar\/#organization\"},\"potentialAction\":[{\"@type\":\"SearchAction\",\"target\":{\"@type\":\"EntryPoint\",\"urlTemplate\":\"https:\/\/www.celttv.com.ar\/?s={search_term_string}\"},\"query-input\":\"required name=search_term_string\"}],\"inLanguage\":\"es\"},{\"@type\":\"Organization\",\"@id\":\"https:\/\/www.celttv.com.ar\/#organization\",\"name\":\"CELTTV\",\"url\":\"https:\/\/www.celttv.com.ar\/\",\"sameAs\":[\"https:\/\/www.youtube.com\/channel\/UCz_oIt8Hig64Ub-EmcNPIhg\",\"https:\/\/www.facebook.com\/celtTV\/\"],\"logo\":{\"@type\":\"ImageObject\",\"inLanguage\":\"es\",\"@id\":\"https:\/\/www.celttv.com.ar\/#\/schema\/logo\/image\/\",\"url\":\"http:\/\/www.celttv.com.ar\/wp-content\/uploads\/2022\/08\/logo-1.png\",\"contentUrl\":\"http:\/\/www.celttv.com.ar\/wp-content\/uploads\/2022\/08\/logo-1.png\",\"width\":461,\"height\":159,\"caption\":\"CELTTV\"},\"image\":{\"@id\":\"https:\/\/www.celttv.com.ar\/#\/schema\/logo\/image\/\"}},{\"@type\":\"Person\",\"@id\":\"https:\/\/www.celttv.com.ar\/#\/schema\/person\/6d99c072dba59953809c81446e9d0ace\",\"name\":\"ulises\",\"image\":{\"@type\":\"ImageObject\",\"inLanguage\":\"es\",\"@id\":\"https:\/\/www.celttv.com.ar\/#\/schema\/person\/image\/\",\"url\":\"https:\/\/secure.gravatar.com\/avatar\/7f2c48bdc33b30088f941fb6082e555f2874c98e20cb159d7b92b50eadfce793?s=96&d=mm&r=g\",\"contentUrl\":\"https:\/\/secure.gravatar.com\/avatar\/7f2c48bdc33b30088f941fb6082e555f2874c98e20cb159d7b92b50eadfce793?s=96&d=mm&r=g\",\"caption\":\"ulises\"},\"sameAs\":[\"http:\/\/www.celttv.com.ar\"]}]}<\/script>\n<!-- \/ Yoast SEO plugin. -->","yoast_head_json":{"title":"SE REALIZO EN TORNQUIST UN ENCUENTRO REGIONAL DE RSU - CELTTV","description":"Sitio web de noticias de la localidad de Tornquist, provincia de Buenos Aires, Rep\u00fablica Argentina. Contenido propio originado por periodistas de CELTTV, el canal de TV local de la Cooperativa El\u00e9ctrica de Tornquist. Turismo, Pol\u00edtica, Sociedad, Deporte, Cultura y todo el contenido de inter\u00e9s general que la gente del pueblo y la regi\u00f3n debe conocer.","robots":{"index":"index","follow":"follow","max-snippet":"max-snippet:-1","max-image-preview":"max-image-preview:large","max-video-preview":"max-video-preview:-1"},"canonical":"https:\/\/www.celttv.com.ar\/index.php\/2013\/07\/09\/se-realizo-en-tornquist-un-encuentro-regional-de-rsu\/","og_locale":"es_ES","og_type":"article","og_title":"SE REALIZO EN TORNQUIST UN ENCUENTRO REGIONAL DE RSU - CELTTV","og_description":"Sitio web de noticias de la localidad de Tornquist, provincia de Buenos Aires, Rep\u00fablica Argentina. Contenido propio originado por periodistas de CELTTV, el canal de TV local de la Cooperativa El\u00e9ctrica de Tornquist. Turismo, Pol\u00edtica, Sociedad, Deporte, Cultura y todo el contenido de inter\u00e9s general que la gente del pueblo y la regi\u00f3n debe conocer.","og_url":"https:\/\/www.celttv.com.ar\/index.php\/2013\/07\/09\/se-realizo-en-tornquist-un-encuentro-regional-de-rsu\/","og_site_name":"CELTTV","article_publisher":"https:\/\/www.facebook.com\/celtTV\/","article_published_time":"2013-07-09T23:33:09+00:00","author":"ulises","twitter_card":"summary_large_image","twitter_misc":{"Escrito por":"ulises","Tiempo de lectura":"2 minutos"},"schema":{"@context":"https:\/\/schema.org","@graph":[{"@type":"NewsArticle","@id":"https:\/\/www.celttv.com.ar\/index.php\/2013\/07\/09\/se-realizo-en-tornquist-un-encuentro-regional-de-rsu\/#article","isPartOf":{"@id":"https:\/\/www.celttv.com.ar\/index.php\/2013\/07\/09\/se-realizo-en-tornquist-un-encuentro-regional-de-rsu\/"},"author":{"name":"ulises","@id":"https:\/\/www.celttv.com.ar\/#\/schema\/person\/6d99c072dba59953809c81446e9d0ace"},"headline":"SE REALIZO EN TORNQUIST UN ENCUENTRO REGIONAL DE RSU","datePublished":"2013-07-09T23:33:09+00:00","dateModified":"2013-07-09T23:33:09+00:00","mainEntityOfPage":{"@id":"https:\/\/www.celttv.com.ar\/index.php\/2013\/07\/09\/se-realizo-en-tornquist-un-encuentro-regional-de-rsu\/"},"wordCount":425,"publisher":{"@id":"https:\/\/www.celttv.com.ar\/#organization"},"articleSection":["Comunidad","Destacadas","Pol\u00edtica"],"inLanguage":"es"},{"@type":"WebPage","@id":"https:\/\/www.celttv.com.ar\/index.php\/2013\/07\/09\/se-realizo-en-tornquist-un-encuentro-regional-de-rsu\/","url":"https:\/\/www.celttv.com.ar\/index.php\/2013\/07\/09\/se-realizo-en-tornquist-un-encuentro-regional-de-rsu\/","name":"SE REALIZO EN TORNQUIST UN ENCUENTRO REGIONAL DE RSU - CELTTV","isPartOf":{"@id":"https:\/\/www.celttv.com.ar\/#website"},"datePublished":"2013-07-09T23:33:09+00:00","dateModified":"2013-07-09T23:33:09+00:00","description":"Sitio web de noticias de la localidad de Tornquist, provincia de Buenos Aires, Rep\u00fablica Argentina. Contenido propio originado por periodistas de CELTTV, el canal de TV local de la Cooperativa El\u00e9ctrica de Tornquist. Turismo, Pol\u00edtica, Sociedad, Deporte, Cultura y todo el contenido de inter\u00e9s general que la gente del pueblo y la regi\u00f3n debe conocer.","breadcrumb":{"@id":"https:\/\/www.celttv.com.ar\/index.php\/2013\/07\/09\/se-realizo-en-tornquist-un-encuentro-regional-de-rsu\/#breadcrumb"},"inLanguage":"es","potentialAction":[{"@type":"ReadAction","target":["https:\/\/www.celttv.com.ar\/index.php\/2013\/07\/09\/se-realizo-en-tornquist-un-encuentro-regional-de-rsu\/"]}]},{"@type":"BreadcrumbList","@id":"https:\/\/www.celttv.com.ar\/index.php\/2013\/07\/09\/se-realizo-en-tornquist-un-encuentro-regional-de-rsu\/#breadcrumb","itemListElement":[{"@type":"ListItem","position":1,"name":"Inicio","item":"https:\/\/www.celttv.com.ar\/"},{"@type":"ListItem","position":2,"name":"SE REALIZO EN TORNQUIST UN ENCUENTRO REGIONAL DE RSU"}]},{"@type":"WebSite","@id":"https:\/\/www.celttv.com.ar\/#website","url":"https:\/\/www.celttv.com.ar\/","name":"CELTTV","description":"Cooperativa El\u00e9ctrica de Tornquist","publisher":{"@id":"https:\/\/www.celttv.com.ar\/#organization"},"potentialAction":[{"@type":"SearchAction","target":{"@type":"EntryPoint","urlTemplate":"https:\/\/www.celttv.com.ar\/?s={search_term_string}"},"query-input":"required name=search_term_string"}],"inLanguage":"es"},{"@type":"Organization","@id":"https:\/\/www.celttv.com.ar\/#organization","name":"CELTTV","url":"https:\/\/www.celttv.com.ar\/","sameAs":["https:\/\/www.youtube.com\/channel\/UCz_oIt8Hig64Ub-EmcNPIhg","https:\/\/www.facebook.com\/celtTV\/"],"logo":{"@type":"ImageObject","inLanguage":"es","@id":"https:\/\/www.celttv.com.ar\/#\/schema\/logo\/image\/","url":"http:\/\/www.celttv.com.ar\/wp-content\/uploads\/2022\/08\/logo-1.png","contentUrl":"http:\/\/www.celttv.com.ar\/wp-content\/uploads\/2022\/08\/logo-1.png","width":461,"height":159,"caption":"CELTTV"},"image":{"@id":"https:\/\/www.celttv.com.ar\/#\/schema\/logo\/image\/"}},{"@type":"Person","@id":"https:\/\/www.celttv.com.ar\/#\/schema\/person\/6d99c072dba59953809c81446e9d0ace","name":"ulises","image":{"@type":"ImageObject","inLanguage":"es","@id":"https:\/\/www.celttv.com.ar\/#\/schema\/person\/image\/","url":"https:\/\/secure.gravatar.com\/avatar\/7f2c48bdc33b30088f941fb6082e555f2874c98e20cb159d7b92b50eadfce793?s=96&d=mm&r=g","contentUrl":"https:\/\/secure.gravatar.com\/avatar\/7f2c48bdc33b30088f941fb6082e555f2874c98e20cb159d7b92b50eadfce793?s=96&d=mm&r=g","caption":"ulises"},"sameAs":["http:\/\/www.celttv.com.ar"]}]}},"_links":{"self":[{"href":"https:\/\/www.celttv.com.ar\/index.php\/wp-json\/wp\/v2\/posts\/12560","targetHints":{"allow":["GET"]}}],"collection":[{"href":"https:\/\/www.celttv.com.ar\/index.php\/wp-json\/wp\/v2\/posts"}],"about":[{"href":"https:\/\/www.celttv.com.ar\/index.php\/wp-json\/wp\/v2\/types\/post"}],"author":[{"embeddable":true,"href":"https:\/\/www.celttv.com.ar\/index.php\/wp-json\/wp\/v2\/users\/1"}],"replies":[{"embeddable":true,"href":"https:\/\/www.celttv.com.ar\/index.php\/wp-json\/wp\/v2\/comments?post=12560"}],"version-history":[{"count":0,"href":"https:\/\/www.celttv.com.ar\/index.php\/wp-json\/wp\/v2\/posts\/12560\/revisions"}],"wp:attachment":[{"href":"https:\/\/www.celttv.com.ar\/index.php\/wp-json\/wp\/v2\/media?parent=12560"}],"wp:term":[{"taxonomy":"category","embeddable":true,"href":"https:\/\/www.celttv.com.ar\/index.php\/wp-json\/wp\/v2\/categories?post=12560"},{"taxonomy":"post_tag","embeddable":true,"href":"https:\/\/www.celttv.com.ar\/index.php\/wp-json\/wp\/v2\/tags?post=12560"}],"curies":[{"name":"wp","href":"https:\/\/api.w.org\/{rel}","templated":true}]}}