{"id":12572,"date":"2013-07-11T19:37:08","date_gmt":"2013-07-11T19:37:08","guid":{"rendered":"http:\/\/www.tvcnoticias.com.ar\/?p=12572"},"modified":"2013-07-11T19:37:08","modified_gmt":"2013-07-11T19:37:08","slug":"propuestas-reuniones-y-actividades-relacionadas-con-el-turismo","status":"publish","type":"post","link":"https:\/\/www.celttv.com.ar\/index.php\/2013\/07\/11\/propuestas-reuniones-y-actividades-relacionadas-con-el-turismo\/","title":{"rendered":"PROPUESTAS, REUNIONES Y ACTIVIDADES RELACIONADAS CON EL TURISMO"},"content":{"rendered":"<p><br \/>\nEntre el 4 y 7 del corriente, la Direcci\u00f3n de Turismo de la Municipalidad de Tornquist organiz\u00f3 un curso intensivo de fotograf\u00eda al que asistieron participantes de las diferentes localidades de la Comarca y de distritos de la regi\u00f3n.<br \/>\nEl resultado fue muy bueno y los participantes se retiraron muy satisfechos, a tal punto que varios de los concurrentes pidieron que se concrete una segunda parte. La capacitaci\u00f3n const\u00f3 de clases te\u00f3ricas y una salida de campo para aplicar lo aprendido.<br \/>\nAdem\u00e1s, el mi\u00e9rcoles 10, el intendente municipal, licenciado Gustavo Trankels; la Secretaria de Obras y Servicios P\u00fablicos, arquitecta Anabella Madue\u00f1a; el Secretario de Gobierno, Guillermo L\u00f6ffler; el Secretario de Turismo, Rub\u00e9n Testa; y la directora de Turismo, Yanina Torres, participaron de una reuni\u00f3n con miembros de la comisi\u00f3n directiva de la Asociaci\u00f3n para el Desarrollo Tur\u00edstico de la Comarca.<br \/>\nDurante el encuentro se dialog\u00f3 sobre distintos temas de cara a las pr\u00f3ximas vacaciones de invierno, como tambi\u00e9n acciones conjuntas para el segundo semestre del a\u00f1o, entre ellos talleres sobre el Plan de Ordenamiento, acciones promocionales en la regi\u00f3n, participaci\u00f3n en ferias y capacitaciones.<br \/>\nContinuando con las acciones promocionales, los pr\u00f3ximos 20 y 21 del corriente, la Direcci\u00f3n de Turismo, junto a representantes de los municipios que conforman el Corredor Tur\u00edstico Sierras, Termas y Lagunas, estar\u00e1 promocionando los atractivos de la regi\u00f3n en la 127\u00b0 Exposici\u00f3n de Ganader\u00eda, Agricultura e Industria, que se realizar\u00e1 en el predio de La Rural de Palermo. Estar\u00e1n en el stand institucional de la Secretar\u00eda de Turismo Provincial.<br \/>\nAdem\u00e1s, el 8 y 9 de agosto se llevar\u00e1 a cabo un nuevo curso, en el marco del Plan Anual de Capacitaci\u00f3n. En este caso ser\u00e1 sobre &#8220;Relaciones P\u00fablicas e Imagen en Hoteler\u00eda y Gastronom\u00eda&#8221;, junto a la Secretar\u00eda de Turismo bonaerense.<br \/>\n<strong>Junto a la Naci\u00f3n y la Provincia<\/strong><br \/>\n&nbsp;<br \/>\nPor otra parte, Yanina Torres particip\u00f3 de diferentes actividades organizadas por el Ministerio de Turismo de la Naci\u00f3n y la Secretar\u00eda de Turismo de la Provincia de Buenos Aires, en la localidad de San Antonio de Areco.<br \/>\nDurante la iniciativa fue presentado el Plan de Markentig Internacional ConectAR, con el que el Ministerio de Turismo promocionar\u00e1 a nuestro pa\u00eds en todo el mundo, con el objeto de socializar con los asistentes las diferentes herramientas que se utilizar\u00e1n para comercializar la Argentina, as\u00ed como las unidades operativas que se implementan para su concreci\u00f3n.<br \/>\nPor otro lado, se presentaron las experiencias que se promocionar\u00e1n dentro de la provincia de Buenos Aires, \u00a0de las que nuestro distrito forma parte. Las mismas incluyen aventura, avistaje de aves, escapadas naturales, paisajes culturales, deportes, pesca y rutas gourmet. Durante la jornada se acord\u00f3 invitar a los prestadores de servicios a sumarse a la oferta nacional.<br \/>\nTambi\u00e9n se realiz\u00f3 el Foro de Di\u00e1logo Sectorial Tur\u00edstico-Regi\u00f3n Buenos Aires, en donde se trabaj\u00f3 respecto de tem\u00e1ticas relacionadas con la actividad tur\u00edstica, entre las que se encontraba el Desarrollo de la Oferta, la Promoci\u00f3n y Comercializaci\u00f3n, los Recursos Humanos y Empleo, y la Gesti\u00f3n de la Calidad.<br \/>\nEl objetivo del foro fue consensuar entre los asistentes, las ventajas y desventajas existentes en la actualidad en las distintas \u00e1reas, para posteriormente diagramar las ideas fuerza que permitan potenciarlas y mitigarlas, de cara a la pr\u00f3xima actualizaci\u00f3n del Plan Federal Estrat\u00e9gico de Turismo Sustentable \u2013 Argentina 2020.<br \/>\nCabe destacar que de los eventos participaron el Ministro de Turismo de la Naci\u00f3n, Enrique Meyer; el Secretario de Turismo de la Naci\u00f3n, Daniel Aguilera; y el Secretario de Turismo Provincial, licenciado Ignacio Crotto, como tambi\u00e9n autoridades de la C\u00e1mara Argentina de Turismo y del Consejo Federal de Turismo, miembros de los diferentes gabinetes, autoridades municipales y representantes de instituciones intermedias relacionadas con la actividad.<br \/>\nAdem\u00e1s, Yanina Torres y sus pares de los municipios del Corredor Tur\u00edstico Sierras, Termas y Lagunas, licenciado Javier Andr\u00e9s (Adolfo Alsina) y Pablo Ledesma (Guamin\u00ed), participaron de una conferencia de prensa ante los medios de Jun\u00edn, al cual asistieron diferentes radios, para promocionar la regi\u00f3n y el distrito, pensando en \u00a0las pr\u00f3ximas vacaciones de invierno. Jun\u00edn es una plaza interesante del norte de la provincia, que a\u00fan no hab\u00eda sido visitada por los directores del corredor, lo que gener\u00f3 una gran expectativa y un gran inter\u00e9s en los medios de prensa, quienes mostraron su buena predisposici\u00f3n para la difusi\u00f3n.<br \/>\n&nbsp;<br \/>\n&nbsp;<br \/>\n&nbsp;<\/p>\n","protected":false},"excerpt":{"rendered":"<p>Entre el 4 y 7 del corriente, la Direcci\u00f3n de Turismo de la Municipalidad de Tornquist organiz\u00f3 un curso intensivo de fotograf\u00eda al que asistieron participantes de las diferentes localidades de la Comarca y de distritos de la regi\u00f3n. El resultado fue muy bueno y los participantes se retiraron muy satisfechos, a tal punto que [&hellip;]<\/p>\n","protected":false},"author":1,"featured_media":0,"comment_status":"closed","ping_status":"open","sticky":false,"template":"","format":"standard","meta":{"footnotes":""},"categories":[51,52,53],"tags":[],"class_list":["post-12572","post","type-post","status-publish","format-standard","hentry","category-comunidad","category-destacadas","category-politica"],"yoast_head":"<!-- This site is optimized with the Yoast SEO plugin v19.7.1 - https:\/\/yoast.com\/wordpress\/plugins\/seo\/ -->\n<title>PROPUESTAS, REUNIONES Y ACTIVIDADES RELACIONADAS CON EL TURISMO - CELTTV<\/title>\n<meta name=\"description\" content=\"Sitio web de noticias de la localidad de Tornquist, provincia de Buenos Aires, Rep\u00fablica Argentina. Contenido propio originado por periodistas de CELTTV, el canal de TV local de la Cooperativa El\u00e9ctrica de Tornquist. Turismo, Pol\u00edtica, Sociedad, Deporte, Cultura y todo el contenido de inter\u00e9s general que la gente del pueblo y la regi\u00f3n debe conocer.\" \/>\n<meta name=\"robots\" content=\"index, follow, max-snippet:-1, max-image-preview:large, max-video-preview:-1\" \/>\n<link rel=\"canonical\" href=\"https:\/\/www.celttv.com.ar\/index.php\/2013\/07\/11\/propuestas-reuniones-y-actividades-relacionadas-con-el-turismo\/\" \/>\n<meta property=\"og:locale\" content=\"es_ES\" \/>\n<meta property=\"og:type\" content=\"article\" \/>\n<meta property=\"og:title\" content=\"PROPUESTAS, REUNIONES Y ACTIVIDADES RELACIONADAS CON EL TURISMO - CELTTV\" \/>\n<meta property=\"og:description\" content=\"Sitio web de noticias de la localidad de Tornquist, provincia de Buenos Aires, Rep\u00fablica Argentina. Contenido propio originado por periodistas de CELTTV, el canal de TV local de la Cooperativa El\u00e9ctrica de Tornquist. Turismo, Pol\u00edtica, Sociedad, Deporte, Cultura y todo el contenido de inter\u00e9s general que la gente del pueblo y la regi\u00f3n debe conocer.\" \/>\n<meta property=\"og:url\" content=\"https:\/\/www.celttv.com.ar\/index.php\/2013\/07\/11\/propuestas-reuniones-y-actividades-relacionadas-con-el-turismo\/\" \/>\n<meta property=\"og:site_name\" content=\"CELTTV\" \/>\n<meta property=\"article:publisher\" content=\"https:\/\/www.facebook.com\/celtTV\/\" \/>\n<meta property=\"article:published_time\" content=\"2013-07-11T19:37:08+00:00\" \/>\n<meta name=\"author\" content=\"ulises\" \/>\n<meta name=\"twitter:card\" content=\"summary_large_image\" \/>\n<meta name=\"twitter:label1\" content=\"Escrito por\" \/>\n\t<meta name=\"twitter:data1\" content=\"ulises\" \/>\n\t<meta name=\"twitter:label2\" content=\"Tiempo de lectura\" \/>\n\t<meta name=\"twitter:data2\" content=\"4 minutos\" \/>\n<script type=\"application\/ld+json\" class=\"yoast-schema-graph\">{\"@context\":\"https:\/\/schema.org\",\"@graph\":[{\"@type\":\"NewsArticle\",\"@id\":\"https:\/\/www.celttv.com.ar\/index.php\/2013\/07\/11\/propuestas-reuniones-y-actividades-relacionadas-con-el-turismo\/#article\",\"isPartOf\":{\"@id\":\"https:\/\/www.celttv.com.ar\/index.php\/2013\/07\/11\/propuestas-reuniones-y-actividades-relacionadas-con-el-turismo\/\"},\"author\":{\"name\":\"ulises\",\"@id\":\"https:\/\/www.celttv.com.ar\/#\/schema\/person\/6d99c072dba59953809c81446e9d0ace\"},\"headline\":\"PROPUESTAS, REUNIONES Y ACTIVIDADES RELACIONADAS CON EL TURISMO\",\"datePublished\":\"2013-07-11T19:37:08+00:00\",\"dateModified\":\"2013-07-11T19:37:08+00:00\",\"mainEntityOfPage\":{\"@id\":\"https:\/\/www.celttv.com.ar\/index.php\/2013\/07\/11\/propuestas-reuniones-y-actividades-relacionadas-con-el-turismo\/\"},\"wordCount\":786,\"publisher\":{\"@id\":\"https:\/\/www.celttv.com.ar\/#organization\"},\"articleSection\":[\"Comunidad\",\"Destacadas\",\"Pol\u00edtica\"],\"inLanguage\":\"es\"},{\"@type\":\"WebPage\",\"@id\":\"https:\/\/www.celttv.com.ar\/index.php\/2013\/07\/11\/propuestas-reuniones-y-actividades-relacionadas-con-el-turismo\/\",\"url\":\"https:\/\/www.celttv.com.ar\/index.php\/2013\/07\/11\/propuestas-reuniones-y-actividades-relacionadas-con-el-turismo\/\",\"name\":\"PROPUESTAS, REUNIONES Y ACTIVIDADES RELACIONADAS CON EL TURISMO - CELTTV\",\"isPartOf\":{\"@id\":\"https:\/\/www.celttv.com.ar\/#website\"},\"datePublished\":\"2013-07-11T19:37:08+00:00\",\"dateModified\":\"2013-07-11T19:37:08+00:00\",\"description\":\"Sitio web de noticias de la localidad de Tornquist, provincia de Buenos Aires, Rep\u00fablica Argentina. Contenido propio originado por periodistas de CELTTV, el canal de TV local de la Cooperativa El\u00e9ctrica de Tornquist. Turismo, Pol\u00edtica, Sociedad, Deporte, Cultura y todo el contenido de inter\u00e9s general que la gente del pueblo y la regi\u00f3n debe conocer.\",\"breadcrumb\":{\"@id\":\"https:\/\/www.celttv.com.ar\/index.php\/2013\/07\/11\/propuestas-reuniones-y-actividades-relacionadas-con-el-turismo\/#breadcrumb\"},\"inLanguage\":\"es\",\"potentialAction\":[{\"@type\":\"ReadAction\",\"target\":[\"https:\/\/www.celttv.com.ar\/index.php\/2013\/07\/11\/propuestas-reuniones-y-actividades-relacionadas-con-el-turismo\/\"]}]},{\"@type\":\"BreadcrumbList\",\"@id\":\"https:\/\/www.celttv.com.ar\/index.php\/2013\/07\/11\/propuestas-reuniones-y-actividades-relacionadas-con-el-turismo\/#breadcrumb\",\"itemListElement\":[{\"@type\":\"ListItem\",\"position\":1,\"name\":\"Inicio\",\"item\":\"https:\/\/www.celttv.com.ar\/\"},{\"@type\":\"ListItem\",\"position\":2,\"name\":\"PROPUESTAS, REUNIONES Y ACTIVIDADES RELACIONADAS CON EL TURISMO\"}]},{\"@type\":\"WebSite\",\"@id\":\"https:\/\/www.celttv.com.ar\/#website\",\"url\":\"https:\/\/www.celttv.com.ar\/\",\"name\":\"CELTTV\",\"description\":\"Cooperativa El\u00e9ctrica de Tornquist\",\"publisher\":{\"@id\":\"https:\/\/www.celttv.com.ar\/#organization\"},\"potentialAction\":[{\"@type\":\"SearchAction\",\"target\":{\"@type\":\"EntryPoint\",\"urlTemplate\":\"https:\/\/www.celttv.com.ar\/?s={search_term_string}\"},\"query-input\":\"required name=search_term_string\"}],\"inLanguage\":\"es\"},{\"@type\":\"Organization\",\"@id\":\"https:\/\/www.celttv.com.ar\/#organization\",\"name\":\"CELTTV\",\"url\":\"https:\/\/www.celttv.com.ar\/\",\"sameAs\":[\"https:\/\/www.youtube.com\/channel\/UCz_oIt8Hig64Ub-EmcNPIhg\",\"https:\/\/www.facebook.com\/celtTV\/\"],\"logo\":{\"@type\":\"ImageObject\",\"inLanguage\":\"es\",\"@id\":\"https:\/\/www.celttv.com.ar\/#\/schema\/logo\/image\/\",\"url\":\"http:\/\/www.celttv.com.ar\/wp-content\/uploads\/2022\/08\/logo-1.png\",\"contentUrl\":\"http:\/\/www.celttv.com.ar\/wp-content\/uploads\/2022\/08\/logo-1.png\",\"width\":461,\"height\":159,\"caption\":\"CELTTV\"},\"image\":{\"@id\":\"https:\/\/www.celttv.com.ar\/#\/schema\/logo\/image\/\"}},{\"@type\":\"Person\",\"@id\":\"https:\/\/www.celttv.com.ar\/#\/schema\/person\/6d99c072dba59953809c81446e9d0ace\",\"name\":\"ulises\",\"image\":{\"@type\":\"ImageObject\",\"inLanguage\":\"es\",\"@id\":\"https:\/\/www.celttv.com.ar\/#\/schema\/person\/image\/\",\"url\":\"https:\/\/secure.gravatar.com\/avatar\/7f2c48bdc33b30088f941fb6082e555f2874c98e20cb159d7b92b50eadfce793?s=96&d=mm&r=g\",\"contentUrl\":\"https:\/\/secure.gravatar.com\/avatar\/7f2c48bdc33b30088f941fb6082e555f2874c98e20cb159d7b92b50eadfce793?s=96&d=mm&r=g\",\"caption\":\"ulises\"},\"sameAs\":[\"http:\/\/www.celttv.com.ar\"]}]}<\/script>\n<!-- \/ Yoast SEO plugin. -->","yoast_head_json":{"title":"PROPUESTAS, REUNIONES Y ACTIVIDADES RELACIONADAS CON EL TURISMO - CELTTV","description":"Sitio web de noticias de la localidad de Tornquist, provincia de Buenos Aires, Rep\u00fablica Argentina. Contenido propio originado por periodistas de CELTTV, el canal de TV local de la Cooperativa El\u00e9ctrica de Tornquist. Turismo, Pol\u00edtica, Sociedad, Deporte, Cultura y todo el contenido de inter\u00e9s general que la gente del pueblo y la regi\u00f3n debe conocer.","robots":{"index":"index","follow":"follow","max-snippet":"max-snippet:-1","max-image-preview":"max-image-preview:large","max-video-preview":"max-video-preview:-1"},"canonical":"https:\/\/www.celttv.com.ar\/index.php\/2013\/07\/11\/propuestas-reuniones-y-actividades-relacionadas-con-el-turismo\/","og_locale":"es_ES","og_type":"article","og_title":"PROPUESTAS, REUNIONES Y ACTIVIDADES RELACIONADAS CON EL TURISMO - CELTTV","og_description":"Sitio web de noticias de la localidad de Tornquist, provincia de Buenos Aires, Rep\u00fablica Argentina. Contenido propio originado por periodistas de CELTTV, el canal de TV local de la Cooperativa El\u00e9ctrica de Tornquist. Turismo, Pol\u00edtica, Sociedad, Deporte, Cultura y todo el contenido de inter\u00e9s general que la gente del pueblo y la regi\u00f3n debe conocer.","og_url":"https:\/\/www.celttv.com.ar\/index.php\/2013\/07\/11\/propuestas-reuniones-y-actividades-relacionadas-con-el-turismo\/","og_site_name":"CELTTV","article_publisher":"https:\/\/www.facebook.com\/celtTV\/","article_published_time":"2013-07-11T19:37:08+00:00","author":"ulises","twitter_card":"summary_large_image","twitter_misc":{"Escrito por":"ulises","Tiempo de lectura":"4 minutos"},"schema":{"@context":"https:\/\/schema.org","@graph":[{"@type":"NewsArticle","@id":"https:\/\/www.celttv.com.ar\/index.php\/2013\/07\/11\/propuestas-reuniones-y-actividades-relacionadas-con-el-turismo\/#article","isPartOf":{"@id":"https:\/\/www.celttv.com.ar\/index.php\/2013\/07\/11\/propuestas-reuniones-y-actividades-relacionadas-con-el-turismo\/"},"author":{"name":"ulises","@id":"https:\/\/www.celttv.com.ar\/#\/schema\/person\/6d99c072dba59953809c81446e9d0ace"},"headline":"PROPUESTAS, REUNIONES Y ACTIVIDADES RELACIONADAS CON EL TURISMO","datePublished":"2013-07-11T19:37:08+00:00","dateModified":"2013-07-11T19:37:08+00:00","mainEntityOfPage":{"@id":"https:\/\/www.celttv.com.ar\/index.php\/2013\/07\/11\/propuestas-reuniones-y-actividades-relacionadas-con-el-turismo\/"},"wordCount":786,"publisher":{"@id":"https:\/\/www.celttv.com.ar\/#organization"},"articleSection":["Comunidad","Destacadas","Pol\u00edtica"],"inLanguage":"es"},{"@type":"WebPage","@id":"https:\/\/www.celttv.com.ar\/index.php\/2013\/07\/11\/propuestas-reuniones-y-actividades-relacionadas-con-el-turismo\/","url":"https:\/\/www.celttv.com.ar\/index.php\/2013\/07\/11\/propuestas-reuniones-y-actividades-relacionadas-con-el-turismo\/","name":"PROPUESTAS, REUNIONES Y ACTIVIDADES RELACIONADAS CON EL TURISMO - CELTTV","isPartOf":{"@id":"https:\/\/www.celttv.com.ar\/#website"},"datePublished":"2013-07-11T19:37:08+00:00","dateModified":"2013-07-11T19:37:08+00:00","description":"Sitio web de noticias de la localidad de Tornquist, provincia de Buenos Aires, Rep\u00fablica Argentina. Contenido propio originado por periodistas de CELTTV, el canal de TV local de la Cooperativa El\u00e9ctrica de Tornquist. Turismo, Pol\u00edtica, Sociedad, Deporte, Cultura y todo el contenido de inter\u00e9s general que la gente del pueblo y la regi\u00f3n debe conocer.","breadcrumb":{"@id":"https:\/\/www.celttv.com.ar\/index.php\/2013\/07\/11\/propuestas-reuniones-y-actividades-relacionadas-con-el-turismo\/#breadcrumb"},"inLanguage":"es","potentialAction":[{"@type":"ReadAction","target":["https:\/\/www.celttv.com.ar\/index.php\/2013\/07\/11\/propuestas-reuniones-y-actividades-relacionadas-con-el-turismo\/"]}]},{"@type":"BreadcrumbList","@id":"https:\/\/www.celttv.com.ar\/index.php\/2013\/07\/11\/propuestas-reuniones-y-actividades-relacionadas-con-el-turismo\/#breadcrumb","itemListElement":[{"@type":"ListItem","position":1,"name":"Inicio","item":"https:\/\/www.celttv.com.ar\/"},{"@type":"ListItem","position":2,"name":"PROPUESTAS, REUNIONES Y ACTIVIDADES RELACIONADAS CON EL TURISMO"}]},{"@type":"WebSite","@id":"https:\/\/www.celttv.com.ar\/#website","url":"https:\/\/www.celttv.com.ar\/","name":"CELTTV","description":"Cooperativa El\u00e9ctrica de Tornquist","publisher":{"@id":"https:\/\/www.celttv.com.ar\/#organization"},"potentialAction":[{"@type":"SearchAction","target":{"@type":"EntryPoint","urlTemplate":"https:\/\/www.celttv.com.ar\/?s={search_term_string}"},"query-input":"required name=search_term_string"}],"inLanguage":"es"},{"@type":"Organization","@id":"https:\/\/www.celttv.com.ar\/#organization","name":"CELTTV","url":"https:\/\/www.celttv.com.ar\/","sameAs":["https:\/\/www.youtube.com\/channel\/UCz_oIt8Hig64Ub-EmcNPIhg","https:\/\/www.facebook.com\/celtTV\/"],"logo":{"@type":"ImageObject","inLanguage":"es","@id":"https:\/\/www.celttv.com.ar\/#\/schema\/logo\/image\/","url":"http:\/\/www.celttv.com.ar\/wp-content\/uploads\/2022\/08\/logo-1.png","contentUrl":"http:\/\/www.celttv.com.ar\/wp-content\/uploads\/2022\/08\/logo-1.png","width":461,"height":159,"caption":"CELTTV"},"image":{"@id":"https:\/\/www.celttv.com.ar\/#\/schema\/logo\/image\/"}},{"@type":"Person","@id":"https:\/\/www.celttv.com.ar\/#\/schema\/person\/6d99c072dba59953809c81446e9d0ace","name":"ulises","image":{"@type":"ImageObject","inLanguage":"es","@id":"https:\/\/www.celttv.com.ar\/#\/schema\/person\/image\/","url":"https:\/\/secure.gravatar.com\/avatar\/7f2c48bdc33b30088f941fb6082e555f2874c98e20cb159d7b92b50eadfce793?s=96&d=mm&r=g","contentUrl":"https:\/\/secure.gravatar.com\/avatar\/7f2c48bdc33b30088f941fb6082e555f2874c98e20cb159d7b92b50eadfce793?s=96&d=mm&r=g","caption":"ulises"},"sameAs":["http:\/\/www.celttv.com.ar"]}]}},"_links":{"self":[{"href":"https:\/\/www.celttv.com.ar\/index.php\/wp-json\/wp\/v2\/posts\/12572","targetHints":{"allow":["GET"]}}],"collection":[{"href":"https:\/\/www.celttv.com.ar\/index.php\/wp-json\/wp\/v2\/posts"}],"about":[{"href":"https:\/\/www.celttv.com.ar\/index.php\/wp-json\/wp\/v2\/types\/post"}],"author":[{"embeddable":true,"href":"https:\/\/www.celttv.com.ar\/index.php\/wp-json\/wp\/v2\/users\/1"}],"replies":[{"embeddable":true,"href":"https:\/\/www.celttv.com.ar\/index.php\/wp-json\/wp\/v2\/comments?post=12572"}],"version-history":[{"count":0,"href":"https:\/\/www.celttv.com.ar\/index.php\/wp-json\/wp\/v2\/posts\/12572\/revisions"}],"wp:attachment":[{"href":"https:\/\/www.celttv.com.ar\/index.php\/wp-json\/wp\/v2\/media?parent=12572"}],"wp:term":[{"taxonomy":"category","embeddable":true,"href":"https:\/\/www.celttv.com.ar\/index.php\/wp-json\/wp\/v2\/categories?post=12572"},{"taxonomy":"post_tag","embeddable":true,"href":"https:\/\/www.celttv.com.ar\/index.php\/wp-json\/wp\/v2\/tags?post=12572"}],"curies":[{"name":"wp","href":"https:\/\/api.w.org\/{rel}","templated":true}]}}