{"id":12593,"date":"2013-07-13T00:00:58","date_gmt":"2013-07-13T00:00:58","guid":{"rendered":"http:\/\/www.tvcnoticias.com.ar\/?p=12593"},"modified":"2013-07-13T00:00:58","modified_gmt":"2013-07-13T00:00:58","slug":"violento-robo-en-tornquist-cayo-delincuente-con-frondoso-prontuario","status":"publish","type":"post","link":"https:\/\/www.celttv.com.ar\/index.php\/2013\/07\/13\/violento-robo-en-tornquist-cayo-delincuente-con-frondoso-prontuario\/","title":{"rendered":"VIOLENTO ROBO EN TORNQUIST: CAYO DELINCUENTE CON FRONDOSO PRONTUARIO (Se agrega parte de prensa de la polic\u00eda de Tornquist)"},"content":{"rendered":"<p><a rel=\"attachment wp-att-12595\" href=\"http:\/\/www.tvcnoticias.com.ar\/?attachment_id=12595\"><img loading=\"lazy\" decoding=\"async\" class=\"aligncenter size-full wp-image-12595\" title=\"PA150666 (Small)\" src=\"http:\/\/www.tvcnoticias.com.ar\/wp-content\/uploads\/2013\/07\/PA150666-Small.jpg\" alt=\"\" width=\"640\" height=\"480\" \/><\/a><br \/>\nPersonal de la Comisar\u00eda Segunda detuvo esta tarde a N\u00e9stor Ariel Pescio (28) por haber participado de un violento robo en Tornquist junto a otros dos sujetos, quienes est\u00e1n siendo intensamente buscados.<br \/>\nEl mi\u00e9rcoles pasado, tres delincuentes armados irrumpieron en la vivienda de Aresio Minuj\u00edn, propietario de una empresa de venta de automotores, que est\u00e1 ubicada en el ingreso a la localidad. En la casa se encontraban sus tres hijos menores de edad y una empleada a los que golpearon y maniataron con cables.<br \/>\nLa familia atemorizada les entreg\u00f3 dos computadoras port\u00e1tiles, joyas, un juego de cubiertos y unos 15 mil pesos en efectivo. Luego se dieron a la fuga a bordo de una Chevrolet Meriva de color negro, que m\u00e1s tarde fue detectada por las c\u00e1maras de seguridad que se encuentran en los accesos de Tornquist.<br \/>\nUna vez individualizado el veh\u00edculo, la polic\u00eda determin\u00f3 que se encontraba en Bah\u00eda Blanca y luego de realizar tareas de investigaci\u00f3n se solicit\u00f3 una orden de allanamiento para un departamento ubicado en Fab\u00edan Gonz\u00e1les al 300 donde lograron detener a Pescio, secuestrar el veh\u00edculo y recoger algunos elementos importantes para la investigaci\u00f3n.<br \/>\nEl detenido, proviene de La Matanza, donde cuenta con antecedentes por delitos de robo y estuvo alojado en varios establecimientos penitenciarios del conurbano bonaerense, seg\u00fan detallaron desde la seccional policial a la LB24. Ahora buscan a sus dos c\u00f3mplices que estar\u00edan identificados.<br \/>\nFuente: Labrujula24<br \/>\n&nbsp;<br \/>\n<strong><span style=\"text-decoration: underline;\">PARTE DE PRENSA DE LA POLICIA DE TORNQUIST<\/span><\/strong><br \/>\nLa Estaci\u00f3n de Polic\u00eda Comunal informa a la poblaci\u00f3n, que en el d\u00eda de la fecha en horas de la tarde, llevo a cabo un allanamiento en la ciudad de Bah\u00eda Blanca, mas precisamente en el Barrio FONAVI, en actuaciones llevadas a cabo por la Ayudant\u00eda Fiscal de Tornquist y Fiscal\u00eda de Bah\u00eda Blanca, trabajando en conjunto con personal de la D.D.I. y Comisaria 2da de esa citada ciudad, en el marco de las investigaciones que se realizan por el Robo Calificado, Privaci\u00f3n Ilegal de la libertad y Lesiones, en perjuicio de la familia Minujin. Que en el domicilio allanado se encontraron varios elemento \u00fatiles para las investigaci\u00f3n y se logro la aprehensi\u00f3n del ciudadano NEGRO <span style=\"text-decoration: underline;\">Pescio<\/span>, N\u00e9stor Ariel, de 28 a\u00f1os, quien es oriundo de la localidad bonaerense de la Matanza. Negro quedo a disposici\u00f3n de la Fiscal\u00eda de Flagrancia y alojado en la Comisaria 2da. de la ciudad de Bah\u00eda Blanca.-<br \/>\n&nbsp;<\/p>\n","protected":false},"excerpt":{"rendered":"<p>Personal de la Comisar\u00eda Segunda detuvo esta tarde a N\u00e9stor Ariel Pescio (28) por haber participado de un violento robo en Tornquist junto a otros dos sujetos, quienes est\u00e1n siendo intensamente buscados. El mi\u00e9rcoles pasado, tres delincuentes armados irrumpieron en la vivienda de Aresio Minuj\u00edn, propietario de una empresa de venta de automotores, que est\u00e1 [&hellip;]<\/p>\n","protected":false},"author":1,"featured_media":0,"comment_status":"closed","ping_status":"open","sticky":false,"template":"","format":"standard","meta":{"footnotes":""},"categories":[51,52,61,53],"tags":[],"class_list":["post-12593","post","type-post","status-publish","format-standard","hentry","category-comunidad","category-destacadas","category-policiales","category-politica"],"yoast_head":"<!-- This site is optimized with the Yoast SEO plugin v19.7.1 - https:\/\/yoast.com\/wordpress\/plugins\/seo\/ -->\n<title>VIOLENTO ROBO EN TORNQUIST: CAYO DELINCUENTE CON FRONDOSO PRONTUARIO (Se agrega parte de prensa de la polic\u00eda de Tornquist) - CELTTV<\/title>\n<meta name=\"description\" content=\"Sitio web de noticias de la localidad de Tornquist, provincia de Buenos Aires, Rep\u00fablica Argentina. Contenido propio originado por periodistas de CELTTV, el canal de TV local de la Cooperativa El\u00e9ctrica de Tornquist. Turismo, Pol\u00edtica, Sociedad, Deporte, Cultura y todo el contenido de inter\u00e9s general que la gente del pueblo y la regi\u00f3n debe conocer.\" \/>\n<meta name=\"robots\" content=\"index, follow, max-snippet:-1, max-image-preview:large, max-video-preview:-1\" \/>\n<link rel=\"canonical\" href=\"https:\/\/www.celttv.com.ar\/index.php\/2013\/07\/13\/violento-robo-en-tornquist-cayo-delincuente-con-frondoso-prontuario\/\" \/>\n<meta property=\"og:locale\" content=\"es_ES\" \/>\n<meta property=\"og:type\" content=\"article\" \/>\n<meta property=\"og:title\" content=\"VIOLENTO ROBO EN TORNQUIST: CAYO DELINCUENTE CON FRONDOSO PRONTUARIO (Se agrega parte de prensa de la polic\u00eda de Tornquist) - CELTTV\" \/>\n<meta property=\"og:description\" content=\"Sitio web de noticias de la localidad de Tornquist, provincia de Buenos Aires, Rep\u00fablica Argentina. Contenido propio originado por periodistas de CELTTV, el canal de TV local de la Cooperativa El\u00e9ctrica de Tornquist. Turismo, Pol\u00edtica, Sociedad, Deporte, Cultura y todo el contenido de inter\u00e9s general que la gente del pueblo y la regi\u00f3n debe conocer.\" \/>\n<meta property=\"og:url\" content=\"https:\/\/www.celttv.com.ar\/index.php\/2013\/07\/13\/violento-robo-en-tornquist-cayo-delincuente-con-frondoso-prontuario\/\" \/>\n<meta property=\"og:site_name\" content=\"CELTTV\" \/>\n<meta property=\"article:publisher\" content=\"https:\/\/www.facebook.com\/celtTV\/\" \/>\n<meta property=\"article:published_time\" content=\"2013-07-13T00:00:58+00:00\" \/>\n<meta property=\"og:image\" content=\"http:\/\/www.tvcnoticias.com.ar\/wp-content\/uploads\/2013\/07\/PA150666-Small.jpg\" \/>\n<meta name=\"author\" content=\"ulises\" \/>\n<meta name=\"twitter:card\" content=\"summary_large_image\" \/>\n<meta name=\"twitter:label1\" content=\"Escrito por\" \/>\n\t<meta name=\"twitter:data1\" content=\"ulises\" \/>\n\t<meta name=\"twitter:label2\" content=\"Tiempo de lectura\" \/>\n\t<meta name=\"twitter:data2\" content=\"2 minutos\" \/>\n<script type=\"application\/ld+json\" class=\"yoast-schema-graph\">{\"@context\":\"https:\/\/schema.org\",\"@graph\":[{\"@type\":\"NewsArticle\",\"@id\":\"https:\/\/www.celttv.com.ar\/index.php\/2013\/07\/13\/violento-robo-en-tornquist-cayo-delincuente-con-frondoso-prontuario\/#article\",\"isPartOf\":{\"@id\":\"https:\/\/www.celttv.com.ar\/index.php\/2013\/07\/13\/violento-robo-en-tornquist-cayo-delincuente-con-frondoso-prontuario\/\"},\"author\":{\"name\":\"ulises\",\"@id\":\"https:\/\/www.celttv.com.ar\/#\/schema\/person\/6d99c072dba59953809c81446e9d0ace\"},\"headline\":\"VIOLENTO ROBO EN TORNQUIST: CAYO DELINCUENTE CON FRONDOSO PRONTUARIO (Se agrega parte de prensa de la polic\u00eda de Tornquist)\",\"datePublished\":\"2013-07-13T00:00:58+00:00\",\"dateModified\":\"2013-07-13T00:00:58+00:00\",\"mainEntityOfPage\":{\"@id\":\"https:\/\/www.celttv.com.ar\/index.php\/2013\/07\/13\/violento-robo-en-tornquist-cayo-delincuente-con-frondoso-prontuario\/\"},\"wordCount\":450,\"publisher\":{\"@id\":\"https:\/\/www.celttv.com.ar\/#organization\"},\"articleSection\":[\"Comunidad\",\"Destacadas\",\"Policiales\",\"Pol\u00edtica\"],\"inLanguage\":\"es\"},{\"@type\":\"WebPage\",\"@id\":\"https:\/\/www.celttv.com.ar\/index.php\/2013\/07\/13\/violento-robo-en-tornquist-cayo-delincuente-con-frondoso-prontuario\/\",\"url\":\"https:\/\/www.celttv.com.ar\/index.php\/2013\/07\/13\/violento-robo-en-tornquist-cayo-delincuente-con-frondoso-prontuario\/\",\"name\":\"VIOLENTO ROBO EN TORNQUIST: CAYO DELINCUENTE CON FRONDOSO PRONTUARIO (Se agrega parte de prensa de la polic\u00eda de Tornquist) - CELTTV\",\"isPartOf\":{\"@id\":\"https:\/\/www.celttv.com.ar\/#website\"},\"datePublished\":\"2013-07-13T00:00:58+00:00\",\"dateModified\":\"2013-07-13T00:00:58+00:00\",\"description\":\"Sitio web de noticias de la localidad de Tornquist, provincia de Buenos Aires, Rep\u00fablica Argentina. Contenido propio originado por periodistas de CELTTV, el canal de TV local de la Cooperativa El\u00e9ctrica de Tornquist. Turismo, Pol\u00edtica, Sociedad, Deporte, Cultura y todo el contenido de inter\u00e9s general que la gente del pueblo y la regi\u00f3n debe conocer.\",\"breadcrumb\":{\"@id\":\"https:\/\/www.celttv.com.ar\/index.php\/2013\/07\/13\/violento-robo-en-tornquist-cayo-delincuente-con-frondoso-prontuario\/#breadcrumb\"},\"inLanguage\":\"es\",\"potentialAction\":[{\"@type\":\"ReadAction\",\"target\":[\"https:\/\/www.celttv.com.ar\/index.php\/2013\/07\/13\/violento-robo-en-tornquist-cayo-delincuente-con-frondoso-prontuario\/\"]}]},{\"@type\":\"BreadcrumbList\",\"@id\":\"https:\/\/www.celttv.com.ar\/index.php\/2013\/07\/13\/violento-robo-en-tornquist-cayo-delincuente-con-frondoso-prontuario\/#breadcrumb\",\"itemListElement\":[{\"@type\":\"ListItem\",\"position\":1,\"name\":\"Inicio\",\"item\":\"https:\/\/www.celttv.com.ar\/\"},{\"@type\":\"ListItem\",\"position\":2,\"name\":\"VIOLENTO ROBO EN TORNQUIST: CAYO DELINCUENTE CON FRONDOSO PRONTUARIO (Se agrega parte de prensa de la polic\u00eda de Tornquist)\"}]},{\"@type\":\"WebSite\",\"@id\":\"https:\/\/www.celttv.com.ar\/#website\",\"url\":\"https:\/\/www.celttv.com.ar\/\",\"name\":\"CELTTV\",\"description\":\"Cooperativa El\u00e9ctrica de Tornquist\",\"publisher\":{\"@id\":\"https:\/\/www.celttv.com.ar\/#organization\"},\"potentialAction\":[{\"@type\":\"SearchAction\",\"target\":{\"@type\":\"EntryPoint\",\"urlTemplate\":\"https:\/\/www.celttv.com.ar\/?s={search_term_string}\"},\"query-input\":\"required name=search_term_string\"}],\"inLanguage\":\"es\"},{\"@type\":\"Organization\",\"@id\":\"https:\/\/www.celttv.com.ar\/#organization\",\"name\":\"CELTTV\",\"url\":\"https:\/\/www.celttv.com.ar\/\",\"sameAs\":[\"https:\/\/www.youtube.com\/channel\/UCz_oIt8Hig64Ub-EmcNPIhg\",\"https:\/\/www.facebook.com\/celtTV\/\"],\"logo\":{\"@type\":\"ImageObject\",\"inLanguage\":\"es\",\"@id\":\"https:\/\/www.celttv.com.ar\/#\/schema\/logo\/image\/\",\"url\":\"http:\/\/www.celttv.com.ar\/wp-content\/uploads\/2022\/08\/logo-1.png\",\"contentUrl\":\"http:\/\/www.celttv.com.ar\/wp-content\/uploads\/2022\/08\/logo-1.png\",\"width\":461,\"height\":159,\"caption\":\"CELTTV\"},\"image\":{\"@id\":\"https:\/\/www.celttv.com.ar\/#\/schema\/logo\/image\/\"}},{\"@type\":\"Person\",\"@id\":\"https:\/\/www.celttv.com.ar\/#\/schema\/person\/6d99c072dba59953809c81446e9d0ace\",\"name\":\"ulises\",\"image\":{\"@type\":\"ImageObject\",\"inLanguage\":\"es\",\"@id\":\"https:\/\/www.celttv.com.ar\/#\/schema\/person\/image\/\",\"url\":\"https:\/\/secure.gravatar.com\/avatar\/7f2c48bdc33b30088f941fb6082e555f2874c98e20cb159d7b92b50eadfce793?s=96&d=mm&r=g\",\"contentUrl\":\"https:\/\/secure.gravatar.com\/avatar\/7f2c48bdc33b30088f941fb6082e555f2874c98e20cb159d7b92b50eadfce793?s=96&d=mm&r=g\",\"caption\":\"ulises\"},\"sameAs\":[\"http:\/\/www.celttv.com.ar\"]}]}<\/script>\n<!-- \/ Yoast SEO plugin. -->","yoast_head_json":{"title":"VIOLENTO ROBO EN TORNQUIST: CAYO DELINCUENTE CON FRONDOSO PRONTUARIO (Se agrega parte de prensa de la polic\u00eda de Tornquist) - CELTTV","description":"Sitio web de noticias de la localidad de Tornquist, provincia de Buenos Aires, Rep\u00fablica Argentina. Contenido propio originado por periodistas de CELTTV, el canal de TV local de la Cooperativa El\u00e9ctrica de Tornquist. Turismo, Pol\u00edtica, Sociedad, Deporte, Cultura y todo el contenido de inter\u00e9s general que la gente del pueblo y la regi\u00f3n debe conocer.","robots":{"index":"index","follow":"follow","max-snippet":"max-snippet:-1","max-image-preview":"max-image-preview:large","max-video-preview":"max-video-preview:-1"},"canonical":"https:\/\/www.celttv.com.ar\/index.php\/2013\/07\/13\/violento-robo-en-tornquist-cayo-delincuente-con-frondoso-prontuario\/","og_locale":"es_ES","og_type":"article","og_title":"VIOLENTO ROBO EN TORNQUIST: CAYO DELINCUENTE CON FRONDOSO PRONTUARIO (Se agrega parte de prensa de la polic\u00eda de Tornquist) - CELTTV","og_description":"Sitio web de noticias de la localidad de Tornquist, provincia de Buenos Aires, Rep\u00fablica Argentina. Contenido propio originado por periodistas de CELTTV, el canal de TV local de la Cooperativa El\u00e9ctrica de Tornquist. Turismo, Pol\u00edtica, Sociedad, Deporte, Cultura y todo el contenido de inter\u00e9s general que la gente del pueblo y la regi\u00f3n debe conocer.","og_url":"https:\/\/www.celttv.com.ar\/index.php\/2013\/07\/13\/violento-robo-en-tornquist-cayo-delincuente-con-frondoso-prontuario\/","og_site_name":"CELTTV","article_publisher":"https:\/\/www.facebook.com\/celtTV\/","article_published_time":"2013-07-13T00:00:58+00:00","og_image":[{"url":"http:\/\/www.tvcnoticias.com.ar\/wp-content\/uploads\/2013\/07\/PA150666-Small.jpg"}],"author":"ulises","twitter_card":"summary_large_image","twitter_misc":{"Escrito por":"ulises","Tiempo de lectura":"2 minutos"},"schema":{"@context":"https:\/\/schema.org","@graph":[{"@type":"NewsArticle","@id":"https:\/\/www.celttv.com.ar\/index.php\/2013\/07\/13\/violento-robo-en-tornquist-cayo-delincuente-con-frondoso-prontuario\/#article","isPartOf":{"@id":"https:\/\/www.celttv.com.ar\/index.php\/2013\/07\/13\/violento-robo-en-tornquist-cayo-delincuente-con-frondoso-prontuario\/"},"author":{"name":"ulises","@id":"https:\/\/www.celttv.com.ar\/#\/schema\/person\/6d99c072dba59953809c81446e9d0ace"},"headline":"VIOLENTO ROBO EN TORNQUIST: CAYO DELINCUENTE CON FRONDOSO PRONTUARIO (Se agrega parte de prensa de la polic\u00eda de Tornquist)","datePublished":"2013-07-13T00:00:58+00:00","dateModified":"2013-07-13T00:00:58+00:00","mainEntityOfPage":{"@id":"https:\/\/www.celttv.com.ar\/index.php\/2013\/07\/13\/violento-robo-en-tornquist-cayo-delincuente-con-frondoso-prontuario\/"},"wordCount":450,"publisher":{"@id":"https:\/\/www.celttv.com.ar\/#organization"},"articleSection":["Comunidad","Destacadas","Policiales","Pol\u00edtica"],"inLanguage":"es"},{"@type":"WebPage","@id":"https:\/\/www.celttv.com.ar\/index.php\/2013\/07\/13\/violento-robo-en-tornquist-cayo-delincuente-con-frondoso-prontuario\/","url":"https:\/\/www.celttv.com.ar\/index.php\/2013\/07\/13\/violento-robo-en-tornquist-cayo-delincuente-con-frondoso-prontuario\/","name":"VIOLENTO ROBO EN TORNQUIST: CAYO DELINCUENTE CON FRONDOSO PRONTUARIO (Se agrega parte de prensa de la polic\u00eda de Tornquist) - CELTTV","isPartOf":{"@id":"https:\/\/www.celttv.com.ar\/#website"},"datePublished":"2013-07-13T00:00:58+00:00","dateModified":"2013-07-13T00:00:58+00:00","description":"Sitio web de noticias de la localidad de Tornquist, provincia de Buenos Aires, Rep\u00fablica Argentina. Contenido propio originado por periodistas de CELTTV, el canal de TV local de la Cooperativa El\u00e9ctrica de Tornquist. Turismo, Pol\u00edtica, Sociedad, Deporte, Cultura y todo el contenido de inter\u00e9s general que la gente del pueblo y la regi\u00f3n debe conocer.","breadcrumb":{"@id":"https:\/\/www.celttv.com.ar\/index.php\/2013\/07\/13\/violento-robo-en-tornquist-cayo-delincuente-con-frondoso-prontuario\/#breadcrumb"},"inLanguage":"es","potentialAction":[{"@type":"ReadAction","target":["https:\/\/www.celttv.com.ar\/index.php\/2013\/07\/13\/violento-robo-en-tornquist-cayo-delincuente-con-frondoso-prontuario\/"]}]},{"@type":"BreadcrumbList","@id":"https:\/\/www.celttv.com.ar\/index.php\/2013\/07\/13\/violento-robo-en-tornquist-cayo-delincuente-con-frondoso-prontuario\/#breadcrumb","itemListElement":[{"@type":"ListItem","position":1,"name":"Inicio","item":"https:\/\/www.celttv.com.ar\/"},{"@type":"ListItem","position":2,"name":"VIOLENTO ROBO EN TORNQUIST: CAYO DELINCUENTE CON FRONDOSO PRONTUARIO (Se agrega parte de prensa de la polic\u00eda de Tornquist)"}]},{"@type":"WebSite","@id":"https:\/\/www.celttv.com.ar\/#website","url":"https:\/\/www.celttv.com.ar\/","name":"CELTTV","description":"Cooperativa El\u00e9ctrica de Tornquist","publisher":{"@id":"https:\/\/www.celttv.com.ar\/#organization"},"potentialAction":[{"@type":"SearchAction","target":{"@type":"EntryPoint","urlTemplate":"https:\/\/www.celttv.com.ar\/?s={search_term_string}"},"query-input":"required name=search_term_string"}],"inLanguage":"es"},{"@type":"Organization","@id":"https:\/\/www.celttv.com.ar\/#organization","name":"CELTTV","url":"https:\/\/www.celttv.com.ar\/","sameAs":["https:\/\/www.youtube.com\/channel\/UCz_oIt8Hig64Ub-EmcNPIhg","https:\/\/www.facebook.com\/celtTV\/"],"logo":{"@type":"ImageObject","inLanguage":"es","@id":"https:\/\/www.celttv.com.ar\/#\/schema\/logo\/image\/","url":"http:\/\/www.celttv.com.ar\/wp-content\/uploads\/2022\/08\/logo-1.png","contentUrl":"http:\/\/www.celttv.com.ar\/wp-content\/uploads\/2022\/08\/logo-1.png","width":461,"height":159,"caption":"CELTTV"},"image":{"@id":"https:\/\/www.celttv.com.ar\/#\/schema\/logo\/image\/"}},{"@type":"Person","@id":"https:\/\/www.celttv.com.ar\/#\/schema\/person\/6d99c072dba59953809c81446e9d0ace","name":"ulises","image":{"@type":"ImageObject","inLanguage":"es","@id":"https:\/\/www.celttv.com.ar\/#\/schema\/person\/image\/","url":"https:\/\/secure.gravatar.com\/avatar\/7f2c48bdc33b30088f941fb6082e555f2874c98e20cb159d7b92b50eadfce793?s=96&d=mm&r=g","contentUrl":"https:\/\/secure.gravatar.com\/avatar\/7f2c48bdc33b30088f941fb6082e555f2874c98e20cb159d7b92b50eadfce793?s=96&d=mm&r=g","caption":"ulises"},"sameAs":["http:\/\/www.celttv.com.ar"]}]}},"_links":{"self":[{"href":"https:\/\/www.celttv.com.ar\/index.php\/wp-json\/wp\/v2\/posts\/12593","targetHints":{"allow":["GET"]}}],"collection":[{"href":"https:\/\/www.celttv.com.ar\/index.php\/wp-json\/wp\/v2\/posts"}],"about":[{"href":"https:\/\/www.celttv.com.ar\/index.php\/wp-json\/wp\/v2\/types\/post"}],"author":[{"embeddable":true,"href":"https:\/\/www.celttv.com.ar\/index.php\/wp-json\/wp\/v2\/users\/1"}],"replies":[{"embeddable":true,"href":"https:\/\/www.celttv.com.ar\/index.php\/wp-json\/wp\/v2\/comments?post=12593"}],"version-history":[{"count":0,"href":"https:\/\/www.celttv.com.ar\/index.php\/wp-json\/wp\/v2\/posts\/12593\/revisions"}],"wp:attachment":[{"href":"https:\/\/www.celttv.com.ar\/index.php\/wp-json\/wp\/v2\/media?parent=12593"}],"wp:term":[{"taxonomy":"category","embeddable":true,"href":"https:\/\/www.celttv.com.ar\/index.php\/wp-json\/wp\/v2\/categories?post=12593"},{"taxonomy":"post_tag","embeddable":true,"href":"https:\/\/www.celttv.com.ar\/index.php\/wp-json\/wp\/v2\/tags?post=12593"}],"curies":[{"name":"wp","href":"https:\/\/api.w.org\/{rel}","templated":true}]}}