{"id":12604,"date":"2013-07-16T20:00:48","date_gmt":"2013-07-16T20:00:48","guid":{"rendered":"http:\/\/www.tvcnoticias.com.ar\/?p=12604"},"modified":"2013-07-16T20:00:48","modified_gmt":"2013-07-16T20:00:48","slug":"ariel-guarco-continuara-presidiendo-cooperar-por-un-nuevo-periodo","status":"publish","type":"post","link":"https:\/\/www.celttv.com.ar\/index.php\/2013\/07\/16\/ariel-guarco-continuara-presidiendo-cooperar-por-un-nuevo-periodo\/","title":{"rendered":"ARIEL GUARCO CONTINUAR\u00c1 PRESIDIENDO COOPERAR POR UN NUEVO PER\u00cdODO"},"content":{"rendered":"<p>&nbsp;<br \/>\nLos delegados de las organizaciones asociadas a la Confederaci\u00f3n Cooperativa de la Rep\u00fablica Argentina ratificaron al presidente de Fedecoba para que contin\u00fae al frente de la entidad. Fue luego de la Asamblea celebrada el viernes 12 de julio.<br \/>\nEl presidente de Fedecoba, Ariel Guarco, fue reelegido el viernes 12 de julio como titular de la Confederaci\u00f3n Cooperativa de la Rep\u00fablica Argentina (COOPERAR) e inicia de este modo su tercer mandato al frente de la entidad nacional. La ratificaci\u00f3n del dirigente pringlense se produjo luego de la Asamblea Anual en donde se aprobaron la Memoria y el Balance econ\u00f3mico y se present\u00f3 el Balance Social Cooperativo.<br \/>\nJunto a Guarco en la conducci\u00f3n de Cooperar continuar\u00e1n acompa\u00f1\u00e1ndolo: Silvio Bageneta (Fedetur), vicepresidente primero; Adolfo Mandolesi (Fencap) vicepresidente segundo; Fernando G\u00fcidi (Apeba) vicepresidente tercero; Ricardo L\u00f3pez (Faess), secretario; Moira Fern\u00e1ndez Acevedo (Colsecor) prosecretaria; Jos\u00e9 Orbaiceta (Fecootra), tesorero; Mario Descarga (Fedecap), protesorero; y Germ\u00e1n Casalino (Fescoe), secretario de Relaciones Internacionales. Como s\u00edndicos, tambi\u00e9n fueron reelegidos: Rub\u00e9n Emilio Zeida (FACConsumo), como titular y Ren\u00e9 Parada (Fepamco), como suplente.<br \/>\nDurante la Asamblea, se efectiviz\u00f3 el ingreso al Consejo de Administraci\u00f3n de ocho nuevas federaciones que refuerzan el camino de la integraci\u00f3n, como uno de los pilares sobre los que Cooperar ha comenzado a cimentar cada vez mayor nivel de representatividad en el cooperativismo argentino. Las nuevas entidades son: Fecovim, Fecooaport, Fenarcom, Fecovijuy, Face C\u00f3rdoba, Coomarpes, Fecoes, Facc.<br \/>\n\u201cTenemos que caminar con todos aquellos que representan valores solidarios y buscan construir de cara al resto de la sociedad un pa\u00eds m\u00e1s justo y m\u00e1s equitativo\u201d, sostuvo Guarco. En esa l\u00ednea, al t\u00e9rmino de la Asamblea, Cooperar firm\u00f3 un convenio con la Confederaci\u00f3n de Trabajadores de la Educaci\u00f3n de la Rep\u00fablica Argentina (Ctera) y el Instituto de la Cooperaci\u00f3n (Idelcoop) con el objetivo de continuar promocionando y profundizando la ense\u00f1anza del cooperativismo en las escuelas, difundiendo sus valores, principios y pr\u00e1cticas, en el marco de lo establecido por el art\u00edculo 90 de la Ley Nacional de Educaci\u00f3n.<br \/>\n\u201cPara nuestra Federaci\u00f3n, adem\u00e1s de un genuino sentimiento de orgullo, la ratificaci\u00f3n de Ariel Guarco como presidente de Cooperar, significa revalidar el compromiso y la participaci\u00f3n, aportando a nuestros mejores hombres en la construcci\u00f3n de un movimiento colectivo del cual todos tenemos que sentirnos parte y protagonistas\u201d, sostuvo Angel Echarren, vicepresidente de Fedecoba y delegado suplente ante la Confederaci\u00f3n. \u201cSabemos que nuestra entidades de base tambi\u00e9n celebran esta ratificaci\u00f3n, porque Ariel Guarco es uno de ellos, uno m\u00e1s que sabe representarlos y expresar cabalmente las necesidades y aspiraciones de las cooperativas\u201d, agreg\u00f3<br \/>\n&nbsp;<\/p>\n","protected":false},"excerpt":{"rendered":"<p>&nbsp; Los delegados de las organizaciones asociadas a la Confederaci\u00f3n Cooperativa de la Rep\u00fablica Argentina ratificaron al presidente de Fedecoba para que contin\u00fae al frente de la entidad. Fue luego de la Asamblea celebrada el viernes 12 de julio. El presidente de Fedecoba, Ariel Guarco, fue reelegido el viernes 12 de julio como titular de [&hellip;]<\/p>\n","protected":false},"author":1,"featured_media":0,"comment_status":"closed","ping_status":"open","sticky":false,"template":"","format":"standard","meta":{"footnotes":""},"categories":[51,52],"tags":[],"class_list":["post-12604","post","type-post","status-publish","format-standard","hentry","category-comunidad","category-destacadas"],"yoast_head":"<!-- This site is optimized with the Yoast SEO plugin v19.7.1 - https:\/\/yoast.com\/wordpress\/plugins\/seo\/ -->\n<title>ARIEL GUARCO CONTINUAR\u00c1 PRESIDIENDO COOPERAR POR UN NUEVO PER\u00cdODO - CELTTV<\/title>\n<meta name=\"description\" content=\"Sitio web de noticias de la localidad de Tornquist, provincia de Buenos Aires, Rep\u00fablica Argentina. Contenido propio originado por periodistas de CELTTV, el canal de TV local de la Cooperativa El\u00e9ctrica de Tornquist. Turismo, Pol\u00edtica, Sociedad, Deporte, Cultura y todo el contenido de inter\u00e9s general que la gente del pueblo y la regi\u00f3n debe conocer.\" \/>\n<meta name=\"robots\" content=\"index, follow, max-snippet:-1, max-image-preview:large, max-video-preview:-1\" \/>\n<link rel=\"canonical\" href=\"https:\/\/www.celttv.com.ar\/index.php\/2013\/07\/16\/ariel-guarco-continuara-presidiendo-cooperar-por-un-nuevo-periodo\/\" \/>\n<meta property=\"og:locale\" content=\"es_ES\" \/>\n<meta property=\"og:type\" content=\"article\" \/>\n<meta property=\"og:title\" content=\"ARIEL GUARCO CONTINUAR\u00c1 PRESIDIENDO COOPERAR POR UN NUEVO PER\u00cdODO - CELTTV\" \/>\n<meta property=\"og:description\" content=\"Sitio web de noticias de la localidad de Tornquist, provincia de Buenos Aires, Rep\u00fablica Argentina. Contenido propio originado por periodistas de CELTTV, el canal de TV local de la Cooperativa El\u00e9ctrica de Tornquist. Turismo, Pol\u00edtica, Sociedad, Deporte, Cultura y todo el contenido de inter\u00e9s general que la gente del pueblo y la regi\u00f3n debe conocer.\" \/>\n<meta property=\"og:url\" content=\"https:\/\/www.celttv.com.ar\/index.php\/2013\/07\/16\/ariel-guarco-continuara-presidiendo-cooperar-por-un-nuevo-periodo\/\" \/>\n<meta property=\"og:site_name\" content=\"CELTTV\" \/>\n<meta property=\"article:publisher\" content=\"https:\/\/www.facebook.com\/celtTV\/\" \/>\n<meta property=\"article:published_time\" content=\"2013-07-16T20:00:48+00:00\" \/>\n<meta name=\"author\" content=\"ulises\" \/>\n<meta name=\"twitter:card\" content=\"summary_large_image\" \/>\n<meta name=\"twitter:label1\" content=\"Escrito por\" \/>\n\t<meta name=\"twitter:data1\" content=\"ulises\" \/>\n\t<meta name=\"twitter:label2\" content=\"Tiempo de lectura\" \/>\n\t<meta name=\"twitter:data2\" content=\"2 minutos\" \/>\n<script type=\"application\/ld+json\" class=\"yoast-schema-graph\">{\"@context\":\"https:\/\/schema.org\",\"@graph\":[{\"@type\":\"NewsArticle\",\"@id\":\"https:\/\/www.celttv.com.ar\/index.php\/2013\/07\/16\/ariel-guarco-continuara-presidiendo-cooperar-por-un-nuevo-periodo\/#article\",\"isPartOf\":{\"@id\":\"https:\/\/www.celttv.com.ar\/index.php\/2013\/07\/16\/ariel-guarco-continuara-presidiendo-cooperar-por-un-nuevo-periodo\/\"},\"author\":{\"name\":\"ulises\",\"@id\":\"https:\/\/www.celttv.com.ar\/#\/schema\/person\/6d99c072dba59953809c81446e9d0ace\"},\"headline\":\"ARIEL GUARCO CONTINUAR\u00c1 PRESIDIENDO COOPERAR POR UN NUEVO PER\u00cdODO\",\"datePublished\":\"2013-07-16T20:00:48+00:00\",\"dateModified\":\"2013-07-16T20:00:48+00:00\",\"mainEntityOfPage\":{\"@id\":\"https:\/\/www.celttv.com.ar\/index.php\/2013\/07\/16\/ariel-guarco-continuara-presidiendo-cooperar-por-un-nuevo-periodo\/\"},\"wordCount\":471,\"publisher\":{\"@id\":\"https:\/\/www.celttv.com.ar\/#organization\"},\"articleSection\":[\"Comunidad\",\"Destacadas\"],\"inLanguage\":\"es\"},{\"@type\":\"WebPage\",\"@id\":\"https:\/\/www.celttv.com.ar\/index.php\/2013\/07\/16\/ariel-guarco-continuara-presidiendo-cooperar-por-un-nuevo-periodo\/\",\"url\":\"https:\/\/www.celttv.com.ar\/index.php\/2013\/07\/16\/ariel-guarco-continuara-presidiendo-cooperar-por-un-nuevo-periodo\/\",\"name\":\"ARIEL GUARCO CONTINUAR\u00c1 PRESIDIENDO COOPERAR POR UN NUEVO PER\u00cdODO - CELTTV\",\"isPartOf\":{\"@id\":\"https:\/\/www.celttv.com.ar\/#website\"},\"datePublished\":\"2013-07-16T20:00:48+00:00\",\"dateModified\":\"2013-07-16T20:00:48+00:00\",\"description\":\"Sitio web de noticias de la localidad de Tornquist, provincia de Buenos Aires, Rep\u00fablica Argentina. Contenido propio originado por periodistas de CELTTV, el canal de TV local de la Cooperativa El\u00e9ctrica de Tornquist. Turismo, Pol\u00edtica, Sociedad, Deporte, Cultura y todo el contenido de inter\u00e9s general que la gente del pueblo y la regi\u00f3n debe conocer.\",\"breadcrumb\":{\"@id\":\"https:\/\/www.celttv.com.ar\/index.php\/2013\/07\/16\/ariel-guarco-continuara-presidiendo-cooperar-por-un-nuevo-periodo\/#breadcrumb\"},\"inLanguage\":\"es\",\"potentialAction\":[{\"@type\":\"ReadAction\",\"target\":[\"https:\/\/www.celttv.com.ar\/index.php\/2013\/07\/16\/ariel-guarco-continuara-presidiendo-cooperar-por-un-nuevo-periodo\/\"]}]},{\"@type\":\"BreadcrumbList\",\"@id\":\"https:\/\/www.celttv.com.ar\/index.php\/2013\/07\/16\/ariel-guarco-continuara-presidiendo-cooperar-por-un-nuevo-periodo\/#breadcrumb\",\"itemListElement\":[{\"@type\":\"ListItem\",\"position\":1,\"name\":\"Inicio\",\"item\":\"https:\/\/www.celttv.com.ar\/\"},{\"@type\":\"ListItem\",\"position\":2,\"name\":\"ARIEL GUARCO CONTINUAR\u00c1 PRESIDIENDO COOPERAR POR UN NUEVO PER\u00cdODO\"}]},{\"@type\":\"WebSite\",\"@id\":\"https:\/\/www.celttv.com.ar\/#website\",\"url\":\"https:\/\/www.celttv.com.ar\/\",\"name\":\"CELTTV\",\"description\":\"Cooperativa El\u00e9ctrica de Tornquist\",\"publisher\":{\"@id\":\"https:\/\/www.celttv.com.ar\/#organization\"},\"potentialAction\":[{\"@type\":\"SearchAction\",\"target\":{\"@type\":\"EntryPoint\",\"urlTemplate\":\"https:\/\/www.celttv.com.ar\/?s={search_term_string}\"},\"query-input\":\"required name=search_term_string\"}],\"inLanguage\":\"es\"},{\"@type\":\"Organization\",\"@id\":\"https:\/\/www.celttv.com.ar\/#organization\",\"name\":\"CELTTV\",\"url\":\"https:\/\/www.celttv.com.ar\/\",\"sameAs\":[\"https:\/\/www.youtube.com\/channel\/UCz_oIt8Hig64Ub-EmcNPIhg\",\"https:\/\/www.facebook.com\/celtTV\/\"],\"logo\":{\"@type\":\"ImageObject\",\"inLanguage\":\"es\",\"@id\":\"https:\/\/www.celttv.com.ar\/#\/schema\/logo\/image\/\",\"url\":\"http:\/\/www.celttv.com.ar\/wp-content\/uploads\/2022\/08\/logo-1.png\",\"contentUrl\":\"http:\/\/www.celttv.com.ar\/wp-content\/uploads\/2022\/08\/logo-1.png\",\"width\":461,\"height\":159,\"caption\":\"CELTTV\"},\"image\":{\"@id\":\"https:\/\/www.celttv.com.ar\/#\/schema\/logo\/image\/\"}},{\"@type\":\"Person\",\"@id\":\"https:\/\/www.celttv.com.ar\/#\/schema\/person\/6d99c072dba59953809c81446e9d0ace\",\"name\":\"ulises\",\"image\":{\"@type\":\"ImageObject\",\"inLanguage\":\"es\",\"@id\":\"https:\/\/www.celttv.com.ar\/#\/schema\/person\/image\/\",\"url\":\"https:\/\/secure.gravatar.com\/avatar\/7f2c48bdc33b30088f941fb6082e555f2874c98e20cb159d7b92b50eadfce793?s=96&d=mm&r=g\",\"contentUrl\":\"https:\/\/secure.gravatar.com\/avatar\/7f2c48bdc33b30088f941fb6082e555f2874c98e20cb159d7b92b50eadfce793?s=96&d=mm&r=g\",\"caption\":\"ulises\"},\"sameAs\":[\"http:\/\/www.celttv.com.ar\"]}]}<\/script>\n<!-- \/ Yoast SEO plugin. -->","yoast_head_json":{"title":"ARIEL GUARCO CONTINUAR\u00c1 PRESIDIENDO COOPERAR POR UN NUEVO PER\u00cdODO - CELTTV","description":"Sitio web de noticias de la localidad de Tornquist, provincia de Buenos Aires, Rep\u00fablica Argentina. Contenido propio originado por periodistas de CELTTV, el canal de TV local de la Cooperativa El\u00e9ctrica de Tornquist. Turismo, Pol\u00edtica, Sociedad, Deporte, Cultura y todo el contenido de inter\u00e9s general que la gente del pueblo y la regi\u00f3n debe conocer.","robots":{"index":"index","follow":"follow","max-snippet":"max-snippet:-1","max-image-preview":"max-image-preview:large","max-video-preview":"max-video-preview:-1"},"canonical":"https:\/\/www.celttv.com.ar\/index.php\/2013\/07\/16\/ariel-guarco-continuara-presidiendo-cooperar-por-un-nuevo-periodo\/","og_locale":"es_ES","og_type":"article","og_title":"ARIEL GUARCO CONTINUAR\u00c1 PRESIDIENDO COOPERAR POR UN NUEVO PER\u00cdODO - CELTTV","og_description":"Sitio web de noticias de la localidad de Tornquist, provincia de Buenos Aires, Rep\u00fablica Argentina. Contenido propio originado por periodistas de CELTTV, el canal de TV local de la Cooperativa El\u00e9ctrica de Tornquist. Turismo, Pol\u00edtica, Sociedad, Deporte, Cultura y todo el contenido de inter\u00e9s general que la gente del pueblo y la regi\u00f3n debe conocer.","og_url":"https:\/\/www.celttv.com.ar\/index.php\/2013\/07\/16\/ariel-guarco-continuara-presidiendo-cooperar-por-un-nuevo-periodo\/","og_site_name":"CELTTV","article_publisher":"https:\/\/www.facebook.com\/celtTV\/","article_published_time":"2013-07-16T20:00:48+00:00","author":"ulises","twitter_card":"summary_large_image","twitter_misc":{"Escrito por":"ulises","Tiempo de lectura":"2 minutos"},"schema":{"@context":"https:\/\/schema.org","@graph":[{"@type":"NewsArticle","@id":"https:\/\/www.celttv.com.ar\/index.php\/2013\/07\/16\/ariel-guarco-continuara-presidiendo-cooperar-por-un-nuevo-periodo\/#article","isPartOf":{"@id":"https:\/\/www.celttv.com.ar\/index.php\/2013\/07\/16\/ariel-guarco-continuara-presidiendo-cooperar-por-un-nuevo-periodo\/"},"author":{"name":"ulises","@id":"https:\/\/www.celttv.com.ar\/#\/schema\/person\/6d99c072dba59953809c81446e9d0ace"},"headline":"ARIEL GUARCO CONTINUAR\u00c1 PRESIDIENDO COOPERAR POR UN NUEVO PER\u00cdODO","datePublished":"2013-07-16T20:00:48+00:00","dateModified":"2013-07-16T20:00:48+00:00","mainEntityOfPage":{"@id":"https:\/\/www.celttv.com.ar\/index.php\/2013\/07\/16\/ariel-guarco-continuara-presidiendo-cooperar-por-un-nuevo-periodo\/"},"wordCount":471,"publisher":{"@id":"https:\/\/www.celttv.com.ar\/#organization"},"articleSection":["Comunidad","Destacadas"],"inLanguage":"es"},{"@type":"WebPage","@id":"https:\/\/www.celttv.com.ar\/index.php\/2013\/07\/16\/ariel-guarco-continuara-presidiendo-cooperar-por-un-nuevo-periodo\/","url":"https:\/\/www.celttv.com.ar\/index.php\/2013\/07\/16\/ariel-guarco-continuara-presidiendo-cooperar-por-un-nuevo-periodo\/","name":"ARIEL GUARCO CONTINUAR\u00c1 PRESIDIENDO COOPERAR POR UN NUEVO PER\u00cdODO - CELTTV","isPartOf":{"@id":"https:\/\/www.celttv.com.ar\/#website"},"datePublished":"2013-07-16T20:00:48+00:00","dateModified":"2013-07-16T20:00:48+00:00","description":"Sitio web de noticias de la localidad de Tornquist, provincia de Buenos Aires, Rep\u00fablica Argentina. Contenido propio originado por periodistas de CELTTV, el canal de TV local de la Cooperativa El\u00e9ctrica de Tornquist. Turismo, Pol\u00edtica, Sociedad, Deporte, Cultura y todo el contenido de inter\u00e9s general que la gente del pueblo y la regi\u00f3n debe conocer.","breadcrumb":{"@id":"https:\/\/www.celttv.com.ar\/index.php\/2013\/07\/16\/ariel-guarco-continuara-presidiendo-cooperar-por-un-nuevo-periodo\/#breadcrumb"},"inLanguage":"es","potentialAction":[{"@type":"ReadAction","target":["https:\/\/www.celttv.com.ar\/index.php\/2013\/07\/16\/ariel-guarco-continuara-presidiendo-cooperar-por-un-nuevo-periodo\/"]}]},{"@type":"BreadcrumbList","@id":"https:\/\/www.celttv.com.ar\/index.php\/2013\/07\/16\/ariel-guarco-continuara-presidiendo-cooperar-por-un-nuevo-periodo\/#breadcrumb","itemListElement":[{"@type":"ListItem","position":1,"name":"Inicio","item":"https:\/\/www.celttv.com.ar\/"},{"@type":"ListItem","position":2,"name":"ARIEL GUARCO CONTINUAR\u00c1 PRESIDIENDO COOPERAR POR UN NUEVO PER\u00cdODO"}]},{"@type":"WebSite","@id":"https:\/\/www.celttv.com.ar\/#website","url":"https:\/\/www.celttv.com.ar\/","name":"CELTTV","description":"Cooperativa El\u00e9ctrica de Tornquist","publisher":{"@id":"https:\/\/www.celttv.com.ar\/#organization"},"potentialAction":[{"@type":"SearchAction","target":{"@type":"EntryPoint","urlTemplate":"https:\/\/www.celttv.com.ar\/?s={search_term_string}"},"query-input":"required name=search_term_string"}],"inLanguage":"es"},{"@type":"Organization","@id":"https:\/\/www.celttv.com.ar\/#organization","name":"CELTTV","url":"https:\/\/www.celttv.com.ar\/","sameAs":["https:\/\/www.youtube.com\/channel\/UCz_oIt8Hig64Ub-EmcNPIhg","https:\/\/www.facebook.com\/celtTV\/"],"logo":{"@type":"ImageObject","inLanguage":"es","@id":"https:\/\/www.celttv.com.ar\/#\/schema\/logo\/image\/","url":"http:\/\/www.celttv.com.ar\/wp-content\/uploads\/2022\/08\/logo-1.png","contentUrl":"http:\/\/www.celttv.com.ar\/wp-content\/uploads\/2022\/08\/logo-1.png","width":461,"height":159,"caption":"CELTTV"},"image":{"@id":"https:\/\/www.celttv.com.ar\/#\/schema\/logo\/image\/"}},{"@type":"Person","@id":"https:\/\/www.celttv.com.ar\/#\/schema\/person\/6d99c072dba59953809c81446e9d0ace","name":"ulises","image":{"@type":"ImageObject","inLanguage":"es","@id":"https:\/\/www.celttv.com.ar\/#\/schema\/person\/image\/","url":"https:\/\/secure.gravatar.com\/avatar\/7f2c48bdc33b30088f941fb6082e555f2874c98e20cb159d7b92b50eadfce793?s=96&d=mm&r=g","contentUrl":"https:\/\/secure.gravatar.com\/avatar\/7f2c48bdc33b30088f941fb6082e555f2874c98e20cb159d7b92b50eadfce793?s=96&d=mm&r=g","caption":"ulises"},"sameAs":["http:\/\/www.celttv.com.ar"]}]}},"_links":{"self":[{"href":"https:\/\/www.celttv.com.ar\/index.php\/wp-json\/wp\/v2\/posts\/12604","targetHints":{"allow":["GET"]}}],"collection":[{"href":"https:\/\/www.celttv.com.ar\/index.php\/wp-json\/wp\/v2\/posts"}],"about":[{"href":"https:\/\/www.celttv.com.ar\/index.php\/wp-json\/wp\/v2\/types\/post"}],"author":[{"embeddable":true,"href":"https:\/\/www.celttv.com.ar\/index.php\/wp-json\/wp\/v2\/users\/1"}],"replies":[{"embeddable":true,"href":"https:\/\/www.celttv.com.ar\/index.php\/wp-json\/wp\/v2\/comments?post=12604"}],"version-history":[{"count":0,"href":"https:\/\/www.celttv.com.ar\/index.php\/wp-json\/wp\/v2\/posts\/12604\/revisions"}],"wp:attachment":[{"href":"https:\/\/www.celttv.com.ar\/index.php\/wp-json\/wp\/v2\/media?parent=12604"}],"wp:term":[{"taxonomy":"category","embeddable":true,"href":"https:\/\/www.celttv.com.ar\/index.php\/wp-json\/wp\/v2\/categories?post=12604"},{"taxonomy":"post_tag","embeddable":true,"href":"https:\/\/www.celttv.com.ar\/index.php\/wp-json\/wp\/v2\/tags?post=12604"}],"curies":[{"name":"wp","href":"https:\/\/api.w.org\/{rel}","templated":true}]}}