{"id":12633,"date":"2013-07-17T18:28:59","date_gmt":"2013-07-17T18:28:59","guid":{"rendered":"http:\/\/www.tvcnoticias.com.ar\/?p=12633"},"modified":"2013-07-17T18:28:59","modified_gmt":"2013-07-17T18:28:59","slug":"el-frente-para-la-victoria-oficializo-sus-candidatos-fotos","status":"publish","type":"post","link":"https:\/\/www.celttv.com.ar\/index.php\/2013\/07\/17\/el-frente-para-la-victoria-oficializo-sus-candidatos-fotos\/","title":{"rendered":"EL FRENTE PARA LA VICTORIA OFICIALIZO SUS CANDIDATOS (Fotos)"},"content":{"rendered":"<p><br \/>\n&nbsp;<br \/>\nCon la presencia del ministro de Agricultura, Ganader\u00eda y Pesca de la Naci\u00f3n, Norberto Yauhar; el intendente municipal, licenciado Gustavo Trankels; y postulantes a diputados provinciales por la Sexta Secci\u00f3n Electoral, se lanz\u00f3 anoche la lista de candidatos a concejales y consejeros escolares por el Frente para la Victoria del distrito de Tornquist, que ser\u00e1 encabezada por Francisco \u201cTasi\u201d Mu\u00f1iz.<br \/>\nEstuvieron presentes en el acto <strong>Ricardo Moccero, Marisol Merkel<\/strong>, <strong>Anal\u00eda Richmond y Luis Calderaro, todos candidatos a diputados provinciales por el FpV, los intendentes Juan Carlos Pellita<\/strong> (General La Madrid), <strong>Jabier Garc\u00e9s <\/strong>(Patagones) y <strong>Marcos Fern\u00e1ndez <\/strong>(Monte Hermoso), el senador provincial <strong>Jorge Ruesga y el <\/strong>secretario de coordinaci\u00f3n pol\u00edtico institucional y emergencia agropecuaria del Minagri, Haroldo Lebed.<strong> <\/strong><br \/>\nAnte la presencia de unas 500 personas, fueron presentados uno a uno y subieron al escenario del sal\u00f3n del Centro de Jubilados y Pensionados de Tornquist, al igual que cada uno de los integrantes de la lista local. Los oradores fueron Trankels, Moccero y Yauhar.<br \/>\n\u201cLo que siento no lo puedo transmitir con palabras, porque cada abrazo, cada apret\u00f3n de manos con amigos, con un mont\u00f3n de gente que nos transmite su cari\u00f1o, es indescriptible. Por eso quiero decirles gracias de todo coraz\u00f3n a los que se arrimaron y a los que por primera vez se arriman porque saben que estamos trabajando fuertemente por este distrito\u201d, resalt\u00f3 Trankels, quien agradeci\u00f3 a los funcionarios y candidatos que llegaron hasta Tornquist para estar presentes en el lanzamiento de la lista.<br \/>\nEl jefe comunal recalc\u00f3 el apoyo que recibe del ministerio que conduce Yauhar, como el dinero entregado para conformar los fondos rotatorios y la partida que permiti\u00f3 adquirir la Casa de mar\u00eda Auxiliadora, un edificio hist\u00f3rico y con muchos sentimientos para los vecinos de Saldungaray.<br \/>\n\u201cLa lista local estar\u00e1 encabezada por Tasi Mu\u00f1iz, un hombre de una gran trayectoria. \u00a1Gracias Tasi! Para nosotros es un orgullo que encabeces esta lista, con tu experiencia y tu trabajo. Y as\u00ed podr\u00eda hablar detalladamente de cada uno de los integrantes de esta lista, del primero al \u00faltimo, de sus cualidades personales. Eso es lo lindo y la fortaleza de esta lista, y eso es lo que hace grande a este equipo\u201d, manifest\u00f3.<br \/>\n\u201cLes pido humildemente el acompa\u00f1amiento de todos. Cada uno de ustedes es fundamental en estos d\u00edas que quedan, porque saben lo que se hizo en cada una de las localidades del distrito. Vamos humildemente a pedirles el voto, porque queremos seguir trabajando hacia el futuro. Le pido el mayor acompa\u00f1amiento que hablemos con el primo, con el vecino, con el pariente, con aquel que sabemos que por alg\u00fan motivo est\u00e1 alejado, pero que lo podemos tener cerca\u201d, resalt\u00f3.<br \/>\n\u201cAlgunos que est\u00e1n en la oposici\u00f3n llegaban hasta los pueblos con un mensaje de desaliento, como por ejemplo a Tres Picos en la campa\u00f1a anterior, para decirle a la gente que no esperen la red de agua potable, porque eso era un verso nuestro de campa\u00f1a. Lamentablemente para ellos, hoy el agua en Tres Picos es una realidad. Tienen un servicio como ellos se merec\u00edan. Hoy los candidatos son los mismos que fueron a sembrar esa desesperanza y van a recorrer de vuelta los pueblos y van a ir con lo mismo. Ah\u00ed es donde nosotros tenemos que marcar la diferencia entre el equipo que hace y se preocupa. Sabemos que faltan mil cosas; somos humanos y nos equivocamos, pero la voluntad de avanzar la tenemos\u201d, manifest\u00f3.<br \/>\nEl ministro Yauhar inst\u00f3 a apoyar al Frente para la Victoria, elogi\u00f3 al intendente Trankels por las gestiones que realiza en el ministerio que conduce y destac\u00f3 las bondades del modelo que impulsa la presidenta de la naci\u00f3n, Cristina Fern\u00e1ndez de Kirchner.<br \/>\n\u201cEn 2001nos dejaron un pa\u00eds enfrentado, con la plaza llena de sangre, f\u00e1bricas quebradas y un presidente que se fue en helic\u00f3ptero. No quiero que se repita con esta oposici\u00f3n que no construye\u201d, se\u00f1al\u00f3.<br \/>\n\u201c\u00a1No bajemos los brazos! Van por nuestros sue\u00f1os, van por todo lo que hemos logrado, van por nuestros objetivos, van por el Banco Central, que tiene 40 mil millones de reservas, van por nuestro destino de pa\u00eds, van por nuestro destino de patria, van porque quieren llevarnos a una patria que estuvo de rodillas ante el Fondo Monetario y los gobiernos extranjeros durante much\u00edsimos a\u00f1os. \u00a1No le demos el gusto de que jueguen con nuestros sue\u00f1os! No le demos a alguien que no tiene un modelo alternativo de pa\u00eds la posibilidad de llevarnos y conducirnos al abismo, como hace 10 a\u00f1os\u201d, pidi\u00f3.<br \/>\nEl cierre estuvo a cargo de los cantantes Carlos Porsel e Itat\u00ed, quienes hicieron un repertorio que cont\u00f3 con la aprobaci\u00f3n de la gente.<br \/>\n&nbsp;<\/p>\n","protected":false},"excerpt":{"rendered":"<p>&nbsp; Con la presencia del ministro de Agricultura, Ganader\u00eda y Pesca de la Naci\u00f3n, Norberto Yauhar; el intendente municipal, licenciado Gustavo Trankels; y postulantes a diputados provinciales por la Sexta Secci\u00f3n Electoral, se lanz\u00f3 anoche la lista de candidatos a concejales y consejeros escolares por el Frente para la Victoria del distrito de Tornquist, que [&hellip;]<\/p>\n","protected":false},"author":1,"featured_media":0,"comment_status":"closed","ping_status":"open","sticky":false,"template":"","format":"standard","meta":{"footnotes":""},"categories":[51,52,53],"tags":[],"class_list":["post-12633","post","type-post","status-publish","format-standard","hentry","category-comunidad","category-destacadas","category-politica"],"yoast_head":"<!-- This site is optimized with the Yoast SEO plugin v19.7.1 - https:\/\/yoast.com\/wordpress\/plugins\/seo\/ -->\n<title>EL FRENTE PARA LA VICTORIA OFICIALIZO SUS CANDIDATOS (Fotos) - CELTTV<\/title>\n<meta name=\"description\" content=\"Sitio web de noticias de la localidad de Tornquist, provincia de Buenos Aires, Rep\u00fablica Argentina. Contenido propio originado por periodistas de CELTTV, el canal de TV local de la Cooperativa El\u00e9ctrica de Tornquist. Turismo, Pol\u00edtica, Sociedad, Deporte, Cultura y todo el contenido de inter\u00e9s general que la gente del pueblo y la regi\u00f3n debe conocer.\" \/>\n<meta name=\"robots\" content=\"index, follow, max-snippet:-1, max-image-preview:large, max-video-preview:-1\" \/>\n<link rel=\"canonical\" href=\"https:\/\/www.celttv.com.ar\/index.php\/2013\/07\/17\/el-frente-para-la-victoria-oficializo-sus-candidatos-fotos\/\" \/>\n<meta property=\"og:locale\" content=\"es_ES\" \/>\n<meta property=\"og:type\" content=\"article\" \/>\n<meta property=\"og:title\" content=\"EL FRENTE PARA LA VICTORIA OFICIALIZO SUS CANDIDATOS (Fotos) - CELTTV\" \/>\n<meta property=\"og:description\" content=\"Sitio web de noticias de la localidad de Tornquist, provincia de Buenos Aires, Rep\u00fablica Argentina. Contenido propio originado por periodistas de CELTTV, el canal de TV local de la Cooperativa El\u00e9ctrica de Tornquist. Turismo, Pol\u00edtica, Sociedad, Deporte, Cultura y todo el contenido de inter\u00e9s general que la gente del pueblo y la regi\u00f3n debe conocer.\" \/>\n<meta property=\"og:url\" content=\"https:\/\/www.celttv.com.ar\/index.php\/2013\/07\/17\/el-frente-para-la-victoria-oficializo-sus-candidatos-fotos\/\" \/>\n<meta property=\"og:site_name\" content=\"CELTTV\" \/>\n<meta property=\"article:publisher\" content=\"https:\/\/www.facebook.com\/celtTV\/\" \/>\n<meta property=\"article:published_time\" content=\"2013-07-17T18:28:59+00:00\" \/>\n<meta name=\"author\" content=\"ulises\" \/>\n<meta name=\"twitter:card\" content=\"summary_large_image\" \/>\n<meta name=\"twitter:label1\" content=\"Escrito por\" \/>\n\t<meta name=\"twitter:data1\" content=\"ulises\" \/>\n\t<meta name=\"twitter:label2\" content=\"Tiempo de lectura\" \/>\n\t<meta name=\"twitter:data2\" content=\"4 minutos\" \/>\n<script type=\"application\/ld+json\" class=\"yoast-schema-graph\">{\"@context\":\"https:\/\/schema.org\",\"@graph\":[{\"@type\":\"NewsArticle\",\"@id\":\"https:\/\/www.celttv.com.ar\/index.php\/2013\/07\/17\/el-frente-para-la-victoria-oficializo-sus-candidatos-fotos\/#article\",\"isPartOf\":{\"@id\":\"https:\/\/www.celttv.com.ar\/index.php\/2013\/07\/17\/el-frente-para-la-victoria-oficializo-sus-candidatos-fotos\/\"},\"author\":{\"name\":\"ulises\",\"@id\":\"https:\/\/www.celttv.com.ar\/#\/schema\/person\/6d99c072dba59953809c81446e9d0ace\"},\"headline\":\"EL FRENTE PARA LA VICTORIA OFICIALIZO SUS CANDIDATOS (Fotos)\",\"datePublished\":\"2013-07-17T18:28:59+00:00\",\"dateModified\":\"2013-07-17T18:28:59+00:00\",\"mainEntityOfPage\":{\"@id\":\"https:\/\/www.celttv.com.ar\/index.php\/2013\/07\/17\/el-frente-para-la-victoria-oficializo-sus-candidatos-fotos\/\"},\"wordCount\":825,\"publisher\":{\"@id\":\"https:\/\/www.celttv.com.ar\/#organization\"},\"articleSection\":[\"Comunidad\",\"Destacadas\",\"Pol\u00edtica\"],\"inLanguage\":\"es\"},{\"@type\":\"WebPage\",\"@id\":\"https:\/\/www.celttv.com.ar\/index.php\/2013\/07\/17\/el-frente-para-la-victoria-oficializo-sus-candidatos-fotos\/\",\"url\":\"https:\/\/www.celttv.com.ar\/index.php\/2013\/07\/17\/el-frente-para-la-victoria-oficializo-sus-candidatos-fotos\/\",\"name\":\"EL FRENTE PARA LA VICTORIA OFICIALIZO SUS CANDIDATOS (Fotos) - CELTTV\",\"isPartOf\":{\"@id\":\"https:\/\/www.celttv.com.ar\/#website\"},\"datePublished\":\"2013-07-17T18:28:59+00:00\",\"dateModified\":\"2013-07-17T18:28:59+00:00\",\"description\":\"Sitio web de noticias de la localidad de Tornquist, provincia de Buenos Aires, Rep\u00fablica Argentina. Contenido propio originado por periodistas de CELTTV, el canal de TV local de la Cooperativa El\u00e9ctrica de Tornquist. Turismo, Pol\u00edtica, Sociedad, Deporte, Cultura y todo el contenido de inter\u00e9s general que la gente del pueblo y la regi\u00f3n debe conocer.\",\"breadcrumb\":{\"@id\":\"https:\/\/www.celttv.com.ar\/index.php\/2013\/07\/17\/el-frente-para-la-victoria-oficializo-sus-candidatos-fotos\/#breadcrumb\"},\"inLanguage\":\"es\",\"potentialAction\":[{\"@type\":\"ReadAction\",\"target\":[\"https:\/\/www.celttv.com.ar\/index.php\/2013\/07\/17\/el-frente-para-la-victoria-oficializo-sus-candidatos-fotos\/\"]}]},{\"@type\":\"BreadcrumbList\",\"@id\":\"https:\/\/www.celttv.com.ar\/index.php\/2013\/07\/17\/el-frente-para-la-victoria-oficializo-sus-candidatos-fotos\/#breadcrumb\",\"itemListElement\":[{\"@type\":\"ListItem\",\"position\":1,\"name\":\"Inicio\",\"item\":\"https:\/\/www.celttv.com.ar\/\"},{\"@type\":\"ListItem\",\"position\":2,\"name\":\"EL FRENTE PARA LA VICTORIA OFICIALIZO SUS CANDIDATOS (Fotos)\"}]},{\"@type\":\"WebSite\",\"@id\":\"https:\/\/www.celttv.com.ar\/#website\",\"url\":\"https:\/\/www.celttv.com.ar\/\",\"name\":\"CELTTV\",\"description\":\"Cooperativa El\u00e9ctrica de Tornquist\",\"publisher\":{\"@id\":\"https:\/\/www.celttv.com.ar\/#organization\"},\"potentialAction\":[{\"@type\":\"SearchAction\",\"target\":{\"@type\":\"EntryPoint\",\"urlTemplate\":\"https:\/\/www.celttv.com.ar\/?s={search_term_string}\"},\"query-input\":\"required name=search_term_string\"}],\"inLanguage\":\"es\"},{\"@type\":\"Organization\",\"@id\":\"https:\/\/www.celttv.com.ar\/#organization\",\"name\":\"CELTTV\",\"url\":\"https:\/\/www.celttv.com.ar\/\",\"sameAs\":[\"https:\/\/www.youtube.com\/channel\/UCz_oIt8Hig64Ub-EmcNPIhg\",\"https:\/\/www.facebook.com\/celtTV\/\"],\"logo\":{\"@type\":\"ImageObject\",\"inLanguage\":\"es\",\"@id\":\"https:\/\/www.celttv.com.ar\/#\/schema\/logo\/image\/\",\"url\":\"http:\/\/www.celttv.com.ar\/wp-content\/uploads\/2022\/08\/logo-1.png\",\"contentUrl\":\"http:\/\/www.celttv.com.ar\/wp-content\/uploads\/2022\/08\/logo-1.png\",\"width\":461,\"height\":159,\"caption\":\"CELTTV\"},\"image\":{\"@id\":\"https:\/\/www.celttv.com.ar\/#\/schema\/logo\/image\/\"}},{\"@type\":\"Person\",\"@id\":\"https:\/\/www.celttv.com.ar\/#\/schema\/person\/6d99c072dba59953809c81446e9d0ace\",\"name\":\"ulises\",\"image\":{\"@type\":\"ImageObject\",\"inLanguage\":\"es\",\"@id\":\"https:\/\/www.celttv.com.ar\/#\/schema\/person\/image\/\",\"url\":\"https:\/\/secure.gravatar.com\/avatar\/7f2c48bdc33b30088f941fb6082e555f2874c98e20cb159d7b92b50eadfce793?s=96&d=mm&r=g\",\"contentUrl\":\"https:\/\/secure.gravatar.com\/avatar\/7f2c48bdc33b30088f941fb6082e555f2874c98e20cb159d7b92b50eadfce793?s=96&d=mm&r=g\",\"caption\":\"ulises\"},\"sameAs\":[\"http:\/\/www.celttv.com.ar\"]}]}<\/script>\n<!-- \/ Yoast SEO plugin. -->","yoast_head_json":{"title":"EL FRENTE PARA LA VICTORIA OFICIALIZO SUS CANDIDATOS (Fotos) - CELTTV","description":"Sitio web de noticias de la localidad de Tornquist, provincia de Buenos Aires, Rep\u00fablica Argentina. Contenido propio originado por periodistas de CELTTV, el canal de TV local de la Cooperativa El\u00e9ctrica de Tornquist. Turismo, Pol\u00edtica, Sociedad, Deporte, Cultura y todo el contenido de inter\u00e9s general que la gente del pueblo y la regi\u00f3n debe conocer.","robots":{"index":"index","follow":"follow","max-snippet":"max-snippet:-1","max-image-preview":"max-image-preview:large","max-video-preview":"max-video-preview:-1"},"canonical":"https:\/\/www.celttv.com.ar\/index.php\/2013\/07\/17\/el-frente-para-la-victoria-oficializo-sus-candidatos-fotos\/","og_locale":"es_ES","og_type":"article","og_title":"EL FRENTE PARA LA VICTORIA OFICIALIZO SUS CANDIDATOS (Fotos) - CELTTV","og_description":"Sitio web de noticias de la localidad de Tornquist, provincia de Buenos Aires, Rep\u00fablica Argentina. Contenido propio originado por periodistas de CELTTV, el canal de TV local de la Cooperativa El\u00e9ctrica de Tornquist. Turismo, Pol\u00edtica, Sociedad, Deporte, Cultura y todo el contenido de inter\u00e9s general que la gente del pueblo y la regi\u00f3n debe conocer.","og_url":"https:\/\/www.celttv.com.ar\/index.php\/2013\/07\/17\/el-frente-para-la-victoria-oficializo-sus-candidatos-fotos\/","og_site_name":"CELTTV","article_publisher":"https:\/\/www.facebook.com\/celtTV\/","article_published_time":"2013-07-17T18:28:59+00:00","author":"ulises","twitter_card":"summary_large_image","twitter_misc":{"Escrito por":"ulises","Tiempo de lectura":"4 minutos"},"schema":{"@context":"https:\/\/schema.org","@graph":[{"@type":"NewsArticle","@id":"https:\/\/www.celttv.com.ar\/index.php\/2013\/07\/17\/el-frente-para-la-victoria-oficializo-sus-candidatos-fotos\/#article","isPartOf":{"@id":"https:\/\/www.celttv.com.ar\/index.php\/2013\/07\/17\/el-frente-para-la-victoria-oficializo-sus-candidatos-fotos\/"},"author":{"name":"ulises","@id":"https:\/\/www.celttv.com.ar\/#\/schema\/person\/6d99c072dba59953809c81446e9d0ace"},"headline":"EL FRENTE PARA LA VICTORIA OFICIALIZO SUS CANDIDATOS (Fotos)","datePublished":"2013-07-17T18:28:59+00:00","dateModified":"2013-07-17T18:28:59+00:00","mainEntityOfPage":{"@id":"https:\/\/www.celttv.com.ar\/index.php\/2013\/07\/17\/el-frente-para-la-victoria-oficializo-sus-candidatos-fotos\/"},"wordCount":825,"publisher":{"@id":"https:\/\/www.celttv.com.ar\/#organization"},"articleSection":["Comunidad","Destacadas","Pol\u00edtica"],"inLanguage":"es"},{"@type":"WebPage","@id":"https:\/\/www.celttv.com.ar\/index.php\/2013\/07\/17\/el-frente-para-la-victoria-oficializo-sus-candidatos-fotos\/","url":"https:\/\/www.celttv.com.ar\/index.php\/2013\/07\/17\/el-frente-para-la-victoria-oficializo-sus-candidatos-fotos\/","name":"EL FRENTE PARA LA VICTORIA OFICIALIZO SUS CANDIDATOS (Fotos) - CELTTV","isPartOf":{"@id":"https:\/\/www.celttv.com.ar\/#website"},"datePublished":"2013-07-17T18:28:59+00:00","dateModified":"2013-07-17T18:28:59+00:00","description":"Sitio web de noticias de la localidad de Tornquist, provincia de Buenos Aires, Rep\u00fablica Argentina. Contenido propio originado por periodistas de CELTTV, el canal de TV local de la Cooperativa El\u00e9ctrica de Tornquist. Turismo, Pol\u00edtica, Sociedad, Deporte, Cultura y todo el contenido de inter\u00e9s general que la gente del pueblo y la regi\u00f3n debe conocer.","breadcrumb":{"@id":"https:\/\/www.celttv.com.ar\/index.php\/2013\/07\/17\/el-frente-para-la-victoria-oficializo-sus-candidatos-fotos\/#breadcrumb"},"inLanguage":"es","potentialAction":[{"@type":"ReadAction","target":["https:\/\/www.celttv.com.ar\/index.php\/2013\/07\/17\/el-frente-para-la-victoria-oficializo-sus-candidatos-fotos\/"]}]},{"@type":"BreadcrumbList","@id":"https:\/\/www.celttv.com.ar\/index.php\/2013\/07\/17\/el-frente-para-la-victoria-oficializo-sus-candidatos-fotos\/#breadcrumb","itemListElement":[{"@type":"ListItem","position":1,"name":"Inicio","item":"https:\/\/www.celttv.com.ar\/"},{"@type":"ListItem","position":2,"name":"EL FRENTE PARA LA VICTORIA OFICIALIZO SUS CANDIDATOS (Fotos)"}]},{"@type":"WebSite","@id":"https:\/\/www.celttv.com.ar\/#website","url":"https:\/\/www.celttv.com.ar\/","name":"CELTTV","description":"Cooperativa El\u00e9ctrica de Tornquist","publisher":{"@id":"https:\/\/www.celttv.com.ar\/#organization"},"potentialAction":[{"@type":"SearchAction","target":{"@type":"EntryPoint","urlTemplate":"https:\/\/www.celttv.com.ar\/?s={search_term_string}"},"query-input":"required name=search_term_string"}],"inLanguage":"es"},{"@type":"Organization","@id":"https:\/\/www.celttv.com.ar\/#organization","name":"CELTTV","url":"https:\/\/www.celttv.com.ar\/","sameAs":["https:\/\/www.youtube.com\/channel\/UCz_oIt8Hig64Ub-EmcNPIhg","https:\/\/www.facebook.com\/celtTV\/"],"logo":{"@type":"ImageObject","inLanguage":"es","@id":"https:\/\/www.celttv.com.ar\/#\/schema\/logo\/image\/","url":"http:\/\/www.celttv.com.ar\/wp-content\/uploads\/2022\/08\/logo-1.png","contentUrl":"http:\/\/www.celttv.com.ar\/wp-content\/uploads\/2022\/08\/logo-1.png","width":461,"height":159,"caption":"CELTTV"},"image":{"@id":"https:\/\/www.celttv.com.ar\/#\/schema\/logo\/image\/"}},{"@type":"Person","@id":"https:\/\/www.celttv.com.ar\/#\/schema\/person\/6d99c072dba59953809c81446e9d0ace","name":"ulises","image":{"@type":"ImageObject","inLanguage":"es","@id":"https:\/\/www.celttv.com.ar\/#\/schema\/person\/image\/","url":"https:\/\/secure.gravatar.com\/avatar\/7f2c48bdc33b30088f941fb6082e555f2874c98e20cb159d7b92b50eadfce793?s=96&d=mm&r=g","contentUrl":"https:\/\/secure.gravatar.com\/avatar\/7f2c48bdc33b30088f941fb6082e555f2874c98e20cb159d7b92b50eadfce793?s=96&d=mm&r=g","caption":"ulises"},"sameAs":["http:\/\/www.celttv.com.ar"]}]}},"_links":{"self":[{"href":"https:\/\/www.celttv.com.ar\/index.php\/wp-json\/wp\/v2\/posts\/12633","targetHints":{"allow":["GET"]}}],"collection":[{"href":"https:\/\/www.celttv.com.ar\/index.php\/wp-json\/wp\/v2\/posts"}],"about":[{"href":"https:\/\/www.celttv.com.ar\/index.php\/wp-json\/wp\/v2\/types\/post"}],"author":[{"embeddable":true,"href":"https:\/\/www.celttv.com.ar\/index.php\/wp-json\/wp\/v2\/users\/1"}],"replies":[{"embeddable":true,"href":"https:\/\/www.celttv.com.ar\/index.php\/wp-json\/wp\/v2\/comments?post=12633"}],"version-history":[{"count":0,"href":"https:\/\/www.celttv.com.ar\/index.php\/wp-json\/wp\/v2\/posts\/12633\/revisions"}],"wp:attachment":[{"href":"https:\/\/www.celttv.com.ar\/index.php\/wp-json\/wp\/v2\/media?parent=12633"}],"wp:term":[{"taxonomy":"category","embeddable":true,"href":"https:\/\/www.celttv.com.ar\/index.php\/wp-json\/wp\/v2\/categories?post=12633"},{"taxonomy":"post_tag","embeddable":true,"href":"https:\/\/www.celttv.com.ar\/index.php\/wp-json\/wp\/v2\/tags?post=12633"}],"curies":[{"name":"wp","href":"https:\/\/api.w.org\/{rel}","templated":true}]}}