{"id":12679,"date":"2013-07-17T21:38:18","date_gmt":"2013-07-17T21:38:18","guid":{"rendered":"http:\/\/www.tvcnoticias.com.ar\/?p=12679"},"modified":"2013-07-17T21:38:18","modified_gmt":"2013-07-17T21:38:18","slug":"en-tres-picos-la-policia-rural-secuestro-animales-elementos-para-la-faena-clandestina-y-un-arsenal","status":"publish","type":"post","link":"https:\/\/www.celttv.com.ar\/index.php\/2013\/07\/17\/en-tres-picos-la-policia-rural-secuestro-animales-elementos-para-la-faena-clandestina-y-un-arsenal\/","title":{"rendered":"EN TRES PICOS LA POLICIA RURAL SECUESTRO ANIMALES, ELEMENTOS PARA LA FAENA CLANDESTINA Y UN ARSENAL"},"content":{"rendered":"<p><a rel=\"attachment wp-att-12680\" href=\"http:\/\/www.tvcnoticias.com.ar\/?attachment_id=12680\"><img loading=\"lazy\" decoding=\"async\" class=\"aligncenter size-full wp-image-12680\" title=\"1421 - PATRULLA RURAL ARMAS (Small)\" src=\"http:\/\/www.tvcnoticias.com.ar\/wp-content\/uploads\/2013\/07\/1421-PATRULLA-RURAL-ARMAS-Small.jpg\" alt=\"\" width=\"640\" height=\"480\" \/><\/a><br \/>\nLa \u00a0Polic\u00eda Rural del distrito de Tornquist, a ra\u00edz de un hecho de \u201cABIGEATO\u201d denunciado con fecha 28-04-13 por el productor agropecuario Juan Ignacio BONZINI, delito en el que autores ignorados sustrajeron tres animales vacunos de su establecimiento rural ubicado en zona de Tres Picos esta jurisdicci\u00f3n; inicio y promovi\u00f3 una investigaci\u00f3n, con la injerencia de la Ayudant\u00eda Fiscal de Tornquist, a cargo del Dr. Mauro MARINI, al Departamento Judicial Bah\u00eda Blanca. Investigaci\u00f3n que culmino con dos \u00f3rdenes de allanamiento libradas en el marco de la I.P.P. 02-00-006855-13 por el Dr. Francisco Jos\u00e9 FRIZZA, a \u00a0cargo del Juzgado de Paz Letrado de Tornquist, para con los domicilios de Jos\u00e9 Oscar BUSINSKAS (padre) alias \u201cEl Rengo\u201d \u00a0y Pablo \u00a0BUSINSKAS (hijo), ambos en la planta urbana de Tres Picos de este distrito.<br \/>\n&nbsp;<br \/>\nEn tal sentido personal de esta Polic\u00eda Rural procedi\u00f3 a dar comienzo a las diligencias en simultaneo, para lo cual se cont\u00f3 con el apoyo de personal de la Patrulla Rural Bah\u00eda Blanca, personal de Divisi\u00f3n Sustracci\u00f3n Automotores Tornquist, personal Polic\u00eda Sanitaria Municipal, Personal de Obras Publicas Municipal. En el lugar se constato la existencia de varias irregularidades con ganado vacuno en pie, secuestr\u00e1ndose nueve animales adultos tipo cruza criolla sin identificaci\u00f3n de propiedad y sin control sanitario, as\u00ed mismo se inspeccionaron 5 ejemplares adultos y 45 cr\u00edas de cerdo cruza los que de igual forma estos animales carec\u00edan de propiedad y de control sanitario, raz\u00f3n por la cual quedaron interdictados a disposici\u00f3n de la autoridad del SENASA y del Ministerio de Asuntos Agrarios de esta Provincia.<br \/>\n&nbsp;<br \/>\nSiguiendo con los allanamientos surgi\u00f3 la constataci\u00f3n de una instalaci\u00f3n clandestina de faena y procesamiento de sub productos c\u00e1rnicos fuera del circuito sanitario legal dentro del predio del ciudadano Jos\u00e9 Oscar BUSINSKAS, realmente fue grande la sorpresa cuando se vio el grado de organizaci\u00f3n del lugar en cuanto a los elementos utilizados en los distintos pasos de la cadena desde el sacrificio del vacuno hasta su fraccionamiento y comercializaci\u00f3n. Por ende se efectu\u00f3 el secuestro de la totalidad de artefactos relacionados a tales actividades, como ser gancheras, bateas, maquinas picadoras de carne, cuchillas, sierras, poleas, roldanas, 4 freezers, bolsas de nylon, balanzas, etc.<br \/>\n&nbsp;<br \/>\nCon la asistencia de la Polic\u00eda Sanitaria se efectu\u00f3 el secuestro de aproximadamente 380 kilos de cortes c\u00e1rnicos de distinto tipo (bovino-porcino) y de aproximadamente 80 kilos de embutidos varios, los que tambi\u00e9n carec\u00edan de los ex\u00e1menes obligatorios de Triquina.\u00a0\u00a0 \u00a0 \u00a0Prosiguiendo con la diligencia dispuesta por la autoridad judicial interviniente, se contin\u00fao con el allanamiento de la morada del imputado Jos\u00e9 Oscar BUSINSKAS, donde se efectu\u00f3 el secuestro del siguiente arsenal:\u2022 \u00a0Carabina \u201cSuper Diana\u201d cal. 0.22 LR con un cargador con mira sin marca visible de 4 x 32 dioptrias.\u2022 \u00a0Carabina \u201cMahely\u201d cal. 0.22 LR con un cargador y mira telesc\u00f3pica sin marca visible de 4 x 40 dioptrias.\u2022 \u00a0Carabina \u201cArmscor Precision\u201d cal. 022 LR con un cargador \u00a0mira telesc\u00f3pica \u201cShilba\u201d de 4 x 40 dioptrias.\u2022 Carabina \u00a0\u201cMahely\u201d cal. 0.22 LR con un cargador con mira telesc\u00f3pica \u201cSavage\u201d de 4 x 40 dioptrias.\u2022 Carabina \u201cmahely\u201d cal. 0.22 LR sin numeraci\u00f3n de serie (suprimida) con un cargador con mira telesc\u00f3pica sin marca visible de 4 x 40 dioptrias.\u2022 Carabina \u201cBataan S\u00faper\u201d cal. 0.22 LR numeraci\u00f3n adulterada con un cargador.\u2022 Escopeta \u201cCentauro\u201d calibre 20.\u2022 Revolver \u201cDoberman\u201d cal. 0.22 LR con tambor almac\u00e9n de -10- cartuchos de capacidad\u00a0\u2022 Acompa\u00f1a a tal secuestro un parque de -350- cartuchos cal. 0.22 distintas marcas y modelos<br \/>\nLa polic\u00eda rural verific\u00f3 \u00a0que todas estas armas carecen de su respectiva documentaci\u00f3n de propiedad y tenencia expedida por el RENAR (Inf. Art. 189 Bis CP)\u00a0 \u00a0 Am\u00e9n de los rubros ya mencionados se constato en el predio allanado y a la intemperie la existencia de un motor \u201cIndenor\u201d seis cilindros, donde el Perito Verificador de la Divisi\u00f3n Sustracci\u00f3n Automotores esta Polic\u00eda estableci\u00f3 en base a la numeraci\u00f3n de serie que PEDIDO DE SECUESTRO ACTIVO de fecha 28\/02\/2010 solicitado por Comisaria Lan\u00fas 1\u00ba denunciante Alberto GOMEZ, injerencia UFIJ N\u00ba 8 Departamento Judicial Lomas de Zamora, raz\u00f3n por la cual se efectu\u00f3 su oportuno secuestro, informando a la autoridad judicial sobre este particular.<\/p>\n","protected":false},"excerpt":{"rendered":"<p>La \u00a0Polic\u00eda Rural del distrito de Tornquist, a ra\u00edz de un hecho de \u201cABIGEATO\u201d denunciado con fecha 28-04-13 por el productor agropecuario Juan Ignacio BONZINI, delito en el que autores ignorados sustrajeron tres animales vacunos de su establecimiento rural ubicado en zona de Tres Picos esta jurisdicci\u00f3n; inicio y promovi\u00f3 una investigaci\u00f3n, con la injerencia [&hellip;]<\/p>\n","protected":false},"author":1,"featured_media":0,"comment_status":"closed","ping_status":"open","sticky":false,"template":"","format":"standard","meta":{"footnotes":""},"categories":[51,52,61],"tags":[],"class_list":["post-12679","post","type-post","status-publish","format-standard","hentry","category-comunidad","category-destacadas","category-policiales"],"yoast_head":"<!-- This site is optimized with the Yoast SEO plugin v19.7.1 - https:\/\/yoast.com\/wordpress\/plugins\/seo\/ -->\n<title>EN TRES PICOS LA POLICIA RURAL SECUESTRO ANIMALES, ELEMENTOS PARA LA FAENA CLANDESTINA Y UN ARSENAL - CELTTV<\/title>\n<meta name=\"description\" content=\"Sitio web de noticias de la localidad de Tornquist, provincia de Buenos Aires, Rep\u00fablica Argentina. Contenido propio originado por periodistas de CELTTV, el canal de TV local de la Cooperativa El\u00e9ctrica de Tornquist. Turismo, Pol\u00edtica, Sociedad, Deporte, Cultura y todo el contenido de inter\u00e9s general que la gente del pueblo y la regi\u00f3n debe conocer.\" \/>\n<meta name=\"robots\" content=\"index, follow, max-snippet:-1, max-image-preview:large, max-video-preview:-1\" \/>\n<link rel=\"canonical\" href=\"https:\/\/www.celttv.com.ar\/index.php\/2013\/07\/17\/en-tres-picos-la-policia-rural-secuestro-animales-elementos-para-la-faena-clandestina-y-un-arsenal\/\" \/>\n<meta property=\"og:locale\" content=\"es_ES\" \/>\n<meta property=\"og:type\" content=\"article\" \/>\n<meta property=\"og:title\" content=\"EN TRES PICOS LA POLICIA RURAL SECUESTRO ANIMALES, ELEMENTOS PARA LA FAENA CLANDESTINA Y UN ARSENAL - CELTTV\" \/>\n<meta property=\"og:description\" content=\"Sitio web de noticias de la localidad de Tornquist, provincia de Buenos Aires, Rep\u00fablica Argentina. Contenido propio originado por periodistas de CELTTV, el canal de TV local de la Cooperativa El\u00e9ctrica de Tornquist. Turismo, Pol\u00edtica, Sociedad, Deporte, Cultura y todo el contenido de inter\u00e9s general que la gente del pueblo y la regi\u00f3n debe conocer.\" \/>\n<meta property=\"og:url\" content=\"https:\/\/www.celttv.com.ar\/index.php\/2013\/07\/17\/en-tres-picos-la-policia-rural-secuestro-animales-elementos-para-la-faena-clandestina-y-un-arsenal\/\" \/>\n<meta property=\"og:site_name\" content=\"CELTTV\" \/>\n<meta property=\"article:publisher\" content=\"https:\/\/www.facebook.com\/celtTV\/\" \/>\n<meta property=\"article:published_time\" content=\"2013-07-17T21:38:18+00:00\" \/>\n<meta property=\"og:image\" content=\"http:\/\/www.tvcnoticias.com.ar\/wp-content\/uploads\/2013\/07\/1421-PATRULLA-RURAL-ARMAS-Small.jpg\" \/>\n<meta name=\"author\" content=\"ulises\" \/>\n<meta name=\"twitter:card\" content=\"summary_large_image\" \/>\n<meta name=\"twitter:label1\" content=\"Escrito por\" \/>\n\t<meta name=\"twitter:data1\" content=\"ulises\" \/>\n\t<meta name=\"twitter:label2\" content=\"Tiempo de lectura\" \/>\n\t<meta name=\"twitter:data2\" content=\"4 minutos\" \/>\n<script type=\"application\/ld+json\" class=\"yoast-schema-graph\">{\"@context\":\"https:\/\/schema.org\",\"@graph\":[{\"@type\":\"NewsArticle\",\"@id\":\"https:\/\/www.celttv.com.ar\/index.php\/2013\/07\/17\/en-tres-picos-la-policia-rural-secuestro-animales-elementos-para-la-faena-clandestina-y-un-arsenal\/#article\",\"isPartOf\":{\"@id\":\"https:\/\/www.celttv.com.ar\/index.php\/2013\/07\/17\/en-tres-picos-la-policia-rural-secuestro-animales-elementos-para-la-faena-clandestina-y-un-arsenal\/\"},\"author\":{\"name\":\"ulises\",\"@id\":\"https:\/\/www.celttv.com.ar\/#\/schema\/person\/6d99c072dba59953809c81446e9d0ace\"},\"headline\":\"EN TRES PICOS LA POLICIA RURAL SECUESTRO ANIMALES, ELEMENTOS PARA LA FAENA CLANDESTINA Y UN ARSENAL\",\"datePublished\":\"2013-07-17T21:38:18+00:00\",\"dateModified\":\"2013-07-17T21:38:18+00:00\",\"mainEntityOfPage\":{\"@id\":\"https:\/\/www.celttv.com.ar\/index.php\/2013\/07\/17\/en-tres-picos-la-policia-rural-secuestro-animales-elementos-para-la-faena-clandestina-y-un-arsenal\/\"},\"wordCount\":726,\"publisher\":{\"@id\":\"https:\/\/www.celttv.com.ar\/#organization\"},\"articleSection\":[\"Comunidad\",\"Destacadas\",\"Policiales\"],\"inLanguage\":\"es\"},{\"@type\":\"WebPage\",\"@id\":\"https:\/\/www.celttv.com.ar\/index.php\/2013\/07\/17\/en-tres-picos-la-policia-rural-secuestro-animales-elementos-para-la-faena-clandestina-y-un-arsenal\/\",\"url\":\"https:\/\/www.celttv.com.ar\/index.php\/2013\/07\/17\/en-tres-picos-la-policia-rural-secuestro-animales-elementos-para-la-faena-clandestina-y-un-arsenal\/\",\"name\":\"EN TRES PICOS LA POLICIA RURAL SECUESTRO ANIMALES, ELEMENTOS PARA LA FAENA CLANDESTINA Y UN ARSENAL - CELTTV\",\"isPartOf\":{\"@id\":\"https:\/\/www.celttv.com.ar\/#website\"},\"datePublished\":\"2013-07-17T21:38:18+00:00\",\"dateModified\":\"2013-07-17T21:38:18+00:00\",\"description\":\"Sitio web de noticias de la localidad de Tornquist, provincia de Buenos Aires, Rep\u00fablica Argentina. Contenido propio originado por periodistas de CELTTV, el canal de TV local de la Cooperativa El\u00e9ctrica de Tornquist. Turismo, Pol\u00edtica, Sociedad, Deporte, Cultura y todo el contenido de inter\u00e9s general que la gente del pueblo y la regi\u00f3n debe conocer.\",\"breadcrumb\":{\"@id\":\"https:\/\/www.celttv.com.ar\/index.php\/2013\/07\/17\/en-tres-picos-la-policia-rural-secuestro-animales-elementos-para-la-faena-clandestina-y-un-arsenal\/#breadcrumb\"},\"inLanguage\":\"es\",\"potentialAction\":[{\"@type\":\"ReadAction\",\"target\":[\"https:\/\/www.celttv.com.ar\/index.php\/2013\/07\/17\/en-tres-picos-la-policia-rural-secuestro-animales-elementos-para-la-faena-clandestina-y-un-arsenal\/\"]}]},{\"@type\":\"BreadcrumbList\",\"@id\":\"https:\/\/www.celttv.com.ar\/index.php\/2013\/07\/17\/en-tres-picos-la-policia-rural-secuestro-animales-elementos-para-la-faena-clandestina-y-un-arsenal\/#breadcrumb\",\"itemListElement\":[{\"@type\":\"ListItem\",\"position\":1,\"name\":\"Inicio\",\"item\":\"https:\/\/www.celttv.com.ar\/\"},{\"@type\":\"ListItem\",\"position\":2,\"name\":\"EN TRES PICOS LA POLICIA RURAL SECUESTRO ANIMALES, ELEMENTOS PARA LA FAENA CLANDESTINA Y UN ARSENAL\"}]},{\"@type\":\"WebSite\",\"@id\":\"https:\/\/www.celttv.com.ar\/#website\",\"url\":\"https:\/\/www.celttv.com.ar\/\",\"name\":\"CELTTV\",\"description\":\"Cooperativa El\u00e9ctrica de Tornquist\",\"publisher\":{\"@id\":\"https:\/\/www.celttv.com.ar\/#organization\"},\"potentialAction\":[{\"@type\":\"SearchAction\",\"target\":{\"@type\":\"EntryPoint\",\"urlTemplate\":\"https:\/\/www.celttv.com.ar\/?s={search_term_string}\"},\"query-input\":\"required name=search_term_string\"}],\"inLanguage\":\"es\"},{\"@type\":\"Organization\",\"@id\":\"https:\/\/www.celttv.com.ar\/#organization\",\"name\":\"CELTTV\",\"url\":\"https:\/\/www.celttv.com.ar\/\",\"sameAs\":[\"https:\/\/www.youtube.com\/channel\/UCz_oIt8Hig64Ub-EmcNPIhg\",\"https:\/\/www.facebook.com\/celtTV\/\"],\"logo\":{\"@type\":\"ImageObject\",\"inLanguage\":\"es\",\"@id\":\"https:\/\/www.celttv.com.ar\/#\/schema\/logo\/image\/\",\"url\":\"http:\/\/www.celttv.com.ar\/wp-content\/uploads\/2022\/08\/logo-1.png\",\"contentUrl\":\"http:\/\/www.celttv.com.ar\/wp-content\/uploads\/2022\/08\/logo-1.png\",\"width\":461,\"height\":159,\"caption\":\"CELTTV\"},\"image\":{\"@id\":\"https:\/\/www.celttv.com.ar\/#\/schema\/logo\/image\/\"}},{\"@type\":\"Person\",\"@id\":\"https:\/\/www.celttv.com.ar\/#\/schema\/person\/6d99c072dba59953809c81446e9d0ace\",\"name\":\"ulises\",\"image\":{\"@type\":\"ImageObject\",\"inLanguage\":\"es\",\"@id\":\"https:\/\/www.celttv.com.ar\/#\/schema\/person\/image\/\",\"url\":\"https:\/\/secure.gravatar.com\/avatar\/7f2c48bdc33b30088f941fb6082e555f2874c98e20cb159d7b92b50eadfce793?s=96&d=mm&r=g\",\"contentUrl\":\"https:\/\/secure.gravatar.com\/avatar\/7f2c48bdc33b30088f941fb6082e555f2874c98e20cb159d7b92b50eadfce793?s=96&d=mm&r=g\",\"caption\":\"ulises\"},\"sameAs\":[\"http:\/\/www.celttv.com.ar\"]}]}<\/script>\n<!-- \/ Yoast SEO plugin. -->","yoast_head_json":{"title":"EN TRES PICOS LA POLICIA RURAL SECUESTRO ANIMALES, ELEMENTOS PARA LA FAENA CLANDESTINA Y UN ARSENAL - CELTTV","description":"Sitio web de noticias de la localidad de Tornquist, provincia de Buenos Aires, Rep\u00fablica Argentina. Contenido propio originado por periodistas de CELTTV, el canal de TV local de la Cooperativa El\u00e9ctrica de Tornquist. Turismo, Pol\u00edtica, Sociedad, Deporte, Cultura y todo el contenido de inter\u00e9s general que la gente del pueblo y la regi\u00f3n debe conocer.","robots":{"index":"index","follow":"follow","max-snippet":"max-snippet:-1","max-image-preview":"max-image-preview:large","max-video-preview":"max-video-preview:-1"},"canonical":"https:\/\/www.celttv.com.ar\/index.php\/2013\/07\/17\/en-tres-picos-la-policia-rural-secuestro-animales-elementos-para-la-faena-clandestina-y-un-arsenal\/","og_locale":"es_ES","og_type":"article","og_title":"EN TRES PICOS LA POLICIA RURAL SECUESTRO ANIMALES, ELEMENTOS PARA LA FAENA CLANDESTINA Y UN ARSENAL - CELTTV","og_description":"Sitio web de noticias de la localidad de Tornquist, provincia de Buenos Aires, Rep\u00fablica Argentina. Contenido propio originado por periodistas de CELTTV, el canal de TV local de la Cooperativa El\u00e9ctrica de Tornquist. Turismo, Pol\u00edtica, Sociedad, Deporte, Cultura y todo el contenido de inter\u00e9s general que la gente del pueblo y la regi\u00f3n debe conocer.","og_url":"https:\/\/www.celttv.com.ar\/index.php\/2013\/07\/17\/en-tres-picos-la-policia-rural-secuestro-animales-elementos-para-la-faena-clandestina-y-un-arsenal\/","og_site_name":"CELTTV","article_publisher":"https:\/\/www.facebook.com\/celtTV\/","article_published_time":"2013-07-17T21:38:18+00:00","og_image":[{"url":"http:\/\/www.tvcnoticias.com.ar\/wp-content\/uploads\/2013\/07\/1421-PATRULLA-RURAL-ARMAS-Small.jpg"}],"author":"ulises","twitter_card":"summary_large_image","twitter_misc":{"Escrito por":"ulises","Tiempo de lectura":"4 minutos"},"schema":{"@context":"https:\/\/schema.org","@graph":[{"@type":"NewsArticle","@id":"https:\/\/www.celttv.com.ar\/index.php\/2013\/07\/17\/en-tres-picos-la-policia-rural-secuestro-animales-elementos-para-la-faena-clandestina-y-un-arsenal\/#article","isPartOf":{"@id":"https:\/\/www.celttv.com.ar\/index.php\/2013\/07\/17\/en-tres-picos-la-policia-rural-secuestro-animales-elementos-para-la-faena-clandestina-y-un-arsenal\/"},"author":{"name":"ulises","@id":"https:\/\/www.celttv.com.ar\/#\/schema\/person\/6d99c072dba59953809c81446e9d0ace"},"headline":"EN TRES PICOS LA POLICIA RURAL SECUESTRO ANIMALES, ELEMENTOS PARA LA FAENA CLANDESTINA Y UN ARSENAL","datePublished":"2013-07-17T21:38:18+00:00","dateModified":"2013-07-17T21:38:18+00:00","mainEntityOfPage":{"@id":"https:\/\/www.celttv.com.ar\/index.php\/2013\/07\/17\/en-tres-picos-la-policia-rural-secuestro-animales-elementos-para-la-faena-clandestina-y-un-arsenal\/"},"wordCount":726,"publisher":{"@id":"https:\/\/www.celttv.com.ar\/#organization"},"articleSection":["Comunidad","Destacadas","Policiales"],"inLanguage":"es"},{"@type":"WebPage","@id":"https:\/\/www.celttv.com.ar\/index.php\/2013\/07\/17\/en-tres-picos-la-policia-rural-secuestro-animales-elementos-para-la-faena-clandestina-y-un-arsenal\/","url":"https:\/\/www.celttv.com.ar\/index.php\/2013\/07\/17\/en-tres-picos-la-policia-rural-secuestro-animales-elementos-para-la-faena-clandestina-y-un-arsenal\/","name":"EN TRES PICOS LA POLICIA RURAL SECUESTRO ANIMALES, ELEMENTOS PARA LA FAENA CLANDESTINA Y UN ARSENAL - CELTTV","isPartOf":{"@id":"https:\/\/www.celttv.com.ar\/#website"},"datePublished":"2013-07-17T21:38:18+00:00","dateModified":"2013-07-17T21:38:18+00:00","description":"Sitio web de noticias de la localidad de Tornquist, provincia de Buenos Aires, Rep\u00fablica Argentina. Contenido propio originado por periodistas de CELTTV, el canal de TV local de la Cooperativa El\u00e9ctrica de Tornquist. Turismo, Pol\u00edtica, Sociedad, Deporte, Cultura y todo el contenido de inter\u00e9s general que la gente del pueblo y la regi\u00f3n debe conocer.","breadcrumb":{"@id":"https:\/\/www.celttv.com.ar\/index.php\/2013\/07\/17\/en-tres-picos-la-policia-rural-secuestro-animales-elementos-para-la-faena-clandestina-y-un-arsenal\/#breadcrumb"},"inLanguage":"es","potentialAction":[{"@type":"ReadAction","target":["https:\/\/www.celttv.com.ar\/index.php\/2013\/07\/17\/en-tres-picos-la-policia-rural-secuestro-animales-elementos-para-la-faena-clandestina-y-un-arsenal\/"]}]},{"@type":"BreadcrumbList","@id":"https:\/\/www.celttv.com.ar\/index.php\/2013\/07\/17\/en-tres-picos-la-policia-rural-secuestro-animales-elementos-para-la-faena-clandestina-y-un-arsenal\/#breadcrumb","itemListElement":[{"@type":"ListItem","position":1,"name":"Inicio","item":"https:\/\/www.celttv.com.ar\/"},{"@type":"ListItem","position":2,"name":"EN TRES PICOS LA POLICIA RURAL SECUESTRO ANIMALES, ELEMENTOS PARA LA FAENA CLANDESTINA Y UN ARSENAL"}]},{"@type":"WebSite","@id":"https:\/\/www.celttv.com.ar\/#website","url":"https:\/\/www.celttv.com.ar\/","name":"CELTTV","description":"Cooperativa El\u00e9ctrica de Tornquist","publisher":{"@id":"https:\/\/www.celttv.com.ar\/#organization"},"potentialAction":[{"@type":"SearchAction","target":{"@type":"EntryPoint","urlTemplate":"https:\/\/www.celttv.com.ar\/?s={search_term_string}"},"query-input":"required name=search_term_string"}],"inLanguage":"es"},{"@type":"Organization","@id":"https:\/\/www.celttv.com.ar\/#organization","name":"CELTTV","url":"https:\/\/www.celttv.com.ar\/","sameAs":["https:\/\/www.youtube.com\/channel\/UCz_oIt8Hig64Ub-EmcNPIhg","https:\/\/www.facebook.com\/celtTV\/"],"logo":{"@type":"ImageObject","inLanguage":"es","@id":"https:\/\/www.celttv.com.ar\/#\/schema\/logo\/image\/","url":"http:\/\/www.celttv.com.ar\/wp-content\/uploads\/2022\/08\/logo-1.png","contentUrl":"http:\/\/www.celttv.com.ar\/wp-content\/uploads\/2022\/08\/logo-1.png","width":461,"height":159,"caption":"CELTTV"},"image":{"@id":"https:\/\/www.celttv.com.ar\/#\/schema\/logo\/image\/"}},{"@type":"Person","@id":"https:\/\/www.celttv.com.ar\/#\/schema\/person\/6d99c072dba59953809c81446e9d0ace","name":"ulises","image":{"@type":"ImageObject","inLanguage":"es","@id":"https:\/\/www.celttv.com.ar\/#\/schema\/person\/image\/","url":"https:\/\/secure.gravatar.com\/avatar\/7f2c48bdc33b30088f941fb6082e555f2874c98e20cb159d7b92b50eadfce793?s=96&d=mm&r=g","contentUrl":"https:\/\/secure.gravatar.com\/avatar\/7f2c48bdc33b30088f941fb6082e555f2874c98e20cb159d7b92b50eadfce793?s=96&d=mm&r=g","caption":"ulises"},"sameAs":["http:\/\/www.celttv.com.ar"]}]}},"_links":{"self":[{"href":"https:\/\/www.celttv.com.ar\/index.php\/wp-json\/wp\/v2\/posts\/12679","targetHints":{"allow":["GET"]}}],"collection":[{"href":"https:\/\/www.celttv.com.ar\/index.php\/wp-json\/wp\/v2\/posts"}],"about":[{"href":"https:\/\/www.celttv.com.ar\/index.php\/wp-json\/wp\/v2\/types\/post"}],"author":[{"embeddable":true,"href":"https:\/\/www.celttv.com.ar\/index.php\/wp-json\/wp\/v2\/users\/1"}],"replies":[{"embeddable":true,"href":"https:\/\/www.celttv.com.ar\/index.php\/wp-json\/wp\/v2\/comments?post=12679"}],"version-history":[{"count":0,"href":"https:\/\/www.celttv.com.ar\/index.php\/wp-json\/wp\/v2\/posts\/12679\/revisions"}],"wp:attachment":[{"href":"https:\/\/www.celttv.com.ar\/index.php\/wp-json\/wp\/v2\/media?parent=12679"}],"wp:term":[{"taxonomy":"category","embeddable":true,"href":"https:\/\/www.celttv.com.ar\/index.php\/wp-json\/wp\/v2\/categories?post=12679"},{"taxonomy":"post_tag","embeddable":true,"href":"https:\/\/www.celttv.com.ar\/index.php\/wp-json\/wp\/v2\/tags?post=12679"}],"curies":[{"name":"wp","href":"https:\/\/api.w.org\/{rel}","templated":true}]}}