{"id":12699,"date":"2013-07-20T00:02:21","date_gmt":"2013-07-20T00:02:21","guid":{"rendered":"http:\/\/www.tvcnoticias.com.ar\/?p=12699"},"modified":"2013-07-20T00:02:21","modified_gmt":"2013-07-20T00:02:21","slug":"videos-de-la-fiesta-del-dia-del-amigo-del-club-union","status":"publish","type":"post","link":"https:\/\/www.celttv.com.ar\/index.php\/2013\/07\/20\/videos-de-la-fiesta-del-dia-del-amigo-del-club-union\/","title":{"rendered":"VIDEOS DE LA FIESTA DEL DIA DEL AMIGO DEL CLUB UNION"},"content":{"rendered":"<p><a href=\"http:\/\/www.youtube.com\/watch?v=12yhkYOAQug\"><a href=\"http:\/\/www.youtube.com\/watch?v=12yhkYOAQug\">httpv:\/\/www.youtube.com\/watch?v=12yhkYOAQug<\/a><\/a><br \/>\n<a href=\"http:\/\/www.youtube.com\/watch?v=0ZB_-mbI35A\"><a href=\"http:\/\/www.youtube.com\/watch?v=0ZB_-mbI35A\">httpv:\/\/www.youtube.com\/watch?v=0ZB_-mbI35A<\/a><\/a><br \/>\n<a href=\"http:\/\/www.youtube.com\/watch?v=adGvgk9iNLc\"><a href=\"http:\/\/www.youtube.com\/watch?v=adGvgk9iNLc\">httpv:\/\/www.youtube.com\/watch?v=adGvgk9iNLc<\/a><\/a><br \/>\nUna muy buena fiesta organiz\u00f3 este s\u00e1bado el Club Uni\u00f3n de Tornquist en las instalaciones de la Sociedad Italiana para festejar por anticipado el D\u00eda del Amigo.\u00a0El sal\u00f3n colmado por 600 personas fue muy bien ambientado y cont\u00f3 con la iluminaci\u00f3n de Bruno Bordoni.<br \/>\nComo siempre la gastronom\u00eda verde dej\u00f3 m\u00e1s que conformes a los asistentes que se acercaron a acompa\u00f1ar esta invitaci\u00f3n que a\u00f1o a a\u00f1o organiza la entidad.<br \/>\nLa Cena\u00a0Una exquisita entrada de jam\u00f3n y ensalada rusa fue el primer plato que luego dio paso a una variada mesa de ensaladas para acompa\u00f1ar buena y tierna carne asada regada con vino y gaseosa.\u00a0 Para bajar la comida el famoso por estos lares Grupo Astral brindo una selecci\u00f3n de pasodobles y foxtrot como para entrar en ritmo antes de degustar el exquisito almendrado de postre.<br \/>\nHabl\u00f3 el Presidente\u00a0El Presidente del Club Jorge Marcolini hizo uso de la palabra dando la bienvenida a los asistentes y destac\u00f3 la presencia de Sergio Bordoni Presidente del Honorable Concejo Deliberante. Horacio Buitrago concejal del Pro y Manuel Picado concejal de la UCR.<br \/>\nTambi\u00e9n agradeci\u00f3 a todos los que de alguna u otra manera colaboraron para que la fiesta sea un \u00e9xito.\u00a0La gente don\u00f3 14.150 pesos\u00a0Durante la noche se coloc\u00f3 una pizarra en el sal\u00f3n para colaborar con el cerco perimetral y la iluminaci\u00f3n de la cancha sint\u00e9tica de Hockey pr\u00f3xima a inaugurarse.<br \/>\nMesa por mesa la gente fue aportando su granito de arena y se logr\u00f3 recaudar la suma de 14.150 pesos. Todo un \u00e9xito! La amenizaci\u00f3n del grupo Astral fue permanente y a pista llena.\u00a0Reconocimientos durante la noche\u00a0Dos personas fueron agasajadas como grandes amigos de la instituci\u00f3n. Jorge Marcolini junto a miembros de la comisi\u00f3n invitaron a Nancy Mauri a recibir un presente por su aporte invalorable.<br \/>\nEn su nombre se entreg\u00f3 el regalo a su hijo Branco.<br \/>\nUn momento especial tambi\u00e9n fue el reconocimiento a un batallador de a\u00f1os dentro de la instituci\u00f3n que se quebr\u00f3 a la hora de recibir un hermoso cuchillo de regalo, nos referimos a Carlos Oberto qui\u00e9n entre l\u00e1grimas dijo sentirse muy emocionado por este halago.\u00a0Micro Nuevo\u00a0Se luci\u00f3 adem\u00e1s en la entrada al sal\u00f3n el nuevo micro que adquiri\u00f3 Uni\u00f3n y que fue ploteado para su posterior uso en las distintas disciplinas.\u00a0Brindis final y Mesa dulce\u00a0El Presidente recorri\u00f3 cada una de las mesas para brindar con los asistentes por esta fecha tan c\u00e1lida como el d\u00eda del amigo y luego fue el turno de presentar la mesa dulce como siempre con tartas y postres exquisitos que tuvieron gran aceptaci\u00f3n en la gente que hasta el amanecer disfrut\u00f3 la fiesta con mucha alegr\u00eda.<br \/>\n&nbsp;<\/p>\n","protected":false},"excerpt":{"rendered":"<p>httpv:\/\/www.youtube.com\/watch?v=12yhkYOAQug httpv:\/\/www.youtube.com\/watch?v=0ZB_-mbI35A httpv:\/\/www.youtube.com\/watch?v=adGvgk9iNLc Una muy buena fiesta organiz\u00f3 este s\u00e1bado el Club Uni\u00f3n de Tornquist en las instalaciones de la Sociedad Italiana para festejar por anticipado el D\u00eda del Amigo.\u00a0El sal\u00f3n colmado por 600 personas fue muy bien ambientado y cont\u00f3 con la iluminaci\u00f3n de Bruno Bordoni. Como siempre la gastronom\u00eda verde dej\u00f3 m\u00e1s que [&hellip;]<\/p>\n","protected":false},"author":1,"featured_media":0,"comment_status":"closed","ping_status":"open","sticky":false,"template":"","format":"standard","meta":{"footnotes":""},"categories":[51,52,56,64],"tags":[],"class_list":["post-12699","post","type-post","status-publish","format-standard","hentry","category-comunidad","category-destacadas","category-espectaculos","category-videos-destacados"],"yoast_head":"<!-- This site is optimized with the Yoast SEO plugin v19.7.1 - https:\/\/yoast.com\/wordpress\/plugins\/seo\/ -->\n<title>VIDEOS DE LA FIESTA DEL DIA DEL AMIGO DEL CLUB UNION - CELTTV<\/title>\n<meta name=\"description\" content=\"Sitio web de noticias de la localidad de Tornquist, provincia de Buenos Aires, Rep\u00fablica Argentina. Contenido propio originado por periodistas de CELTTV, el canal de TV local de la Cooperativa El\u00e9ctrica de Tornquist. Turismo, Pol\u00edtica, Sociedad, Deporte, Cultura y todo el contenido de inter\u00e9s general que la gente del pueblo y la regi\u00f3n debe conocer.\" \/>\n<meta name=\"robots\" content=\"index, follow, max-snippet:-1, max-image-preview:large, max-video-preview:-1\" \/>\n<link rel=\"canonical\" href=\"https:\/\/www.celttv.com.ar\/index.php\/2013\/07\/20\/videos-de-la-fiesta-del-dia-del-amigo-del-club-union\/\" \/>\n<meta property=\"og:locale\" content=\"es_ES\" \/>\n<meta property=\"og:type\" content=\"article\" \/>\n<meta property=\"og:title\" content=\"VIDEOS DE LA FIESTA DEL DIA DEL AMIGO DEL CLUB UNION - CELTTV\" \/>\n<meta property=\"og:description\" content=\"Sitio web de noticias de la localidad de Tornquist, provincia de Buenos Aires, Rep\u00fablica Argentina. Contenido propio originado por periodistas de CELTTV, el canal de TV local de la Cooperativa El\u00e9ctrica de Tornquist. Turismo, Pol\u00edtica, Sociedad, Deporte, Cultura y todo el contenido de inter\u00e9s general que la gente del pueblo y la regi\u00f3n debe conocer.\" \/>\n<meta property=\"og:url\" content=\"https:\/\/www.celttv.com.ar\/index.php\/2013\/07\/20\/videos-de-la-fiesta-del-dia-del-amigo-del-club-union\/\" \/>\n<meta property=\"og:site_name\" content=\"CELTTV\" \/>\n<meta property=\"article:publisher\" content=\"https:\/\/www.facebook.com\/celtTV\/\" \/>\n<meta property=\"article:published_time\" content=\"2013-07-20T00:02:21+00:00\" \/>\n<meta name=\"author\" content=\"ulises\" \/>\n<meta name=\"twitter:card\" content=\"summary_large_image\" \/>\n<meta name=\"twitter:label1\" content=\"Escrito por\" \/>\n\t<meta name=\"twitter:data1\" content=\"ulises\" \/>\n\t<meta name=\"twitter:label2\" content=\"Tiempo de lectura\" \/>\n\t<meta name=\"twitter:data2\" content=\"3 minutos\" \/>\n<script type=\"application\/ld+json\" class=\"yoast-schema-graph\">{\"@context\":\"https:\/\/schema.org\",\"@graph\":[{\"@type\":\"NewsArticle\",\"@id\":\"https:\/\/www.celttv.com.ar\/index.php\/2013\/07\/20\/videos-de-la-fiesta-del-dia-del-amigo-del-club-union\/#article\",\"isPartOf\":{\"@id\":\"https:\/\/www.celttv.com.ar\/index.php\/2013\/07\/20\/videos-de-la-fiesta-del-dia-del-amigo-del-club-union\/\"},\"author\":{\"name\":\"ulises\",\"@id\":\"https:\/\/www.celttv.com.ar\/#\/schema\/person\/6d99c072dba59953809c81446e9d0ace\"},\"headline\":\"VIDEOS DE LA FIESTA DEL DIA DEL AMIGO DEL CLUB UNION\",\"datePublished\":\"2013-07-20T00:02:21+00:00\",\"dateModified\":\"2013-07-20T00:02:21+00:00\",\"mainEntityOfPage\":{\"@id\":\"https:\/\/www.celttv.com.ar\/index.php\/2013\/07\/20\/videos-de-la-fiesta-del-dia-del-amigo-del-club-union\/\"},\"wordCount\":514,\"publisher\":{\"@id\":\"https:\/\/www.celttv.com.ar\/#organization\"},\"articleSection\":[\"Comunidad\",\"Destacadas\",\"Espect\u00e1culos\",\"Videos Destacados\"],\"inLanguage\":\"es\"},{\"@type\":\"WebPage\",\"@id\":\"https:\/\/www.celttv.com.ar\/index.php\/2013\/07\/20\/videos-de-la-fiesta-del-dia-del-amigo-del-club-union\/\",\"url\":\"https:\/\/www.celttv.com.ar\/index.php\/2013\/07\/20\/videos-de-la-fiesta-del-dia-del-amigo-del-club-union\/\",\"name\":\"VIDEOS DE LA FIESTA DEL DIA DEL AMIGO DEL CLUB UNION - CELTTV\",\"isPartOf\":{\"@id\":\"https:\/\/www.celttv.com.ar\/#website\"},\"datePublished\":\"2013-07-20T00:02:21+00:00\",\"dateModified\":\"2013-07-20T00:02:21+00:00\",\"description\":\"Sitio web de noticias de la localidad de Tornquist, provincia de Buenos Aires, Rep\u00fablica Argentina. Contenido propio originado por periodistas de CELTTV, el canal de TV local de la Cooperativa El\u00e9ctrica de Tornquist. Turismo, Pol\u00edtica, Sociedad, Deporte, Cultura y todo el contenido de inter\u00e9s general que la gente del pueblo y la regi\u00f3n debe conocer.\",\"breadcrumb\":{\"@id\":\"https:\/\/www.celttv.com.ar\/index.php\/2013\/07\/20\/videos-de-la-fiesta-del-dia-del-amigo-del-club-union\/#breadcrumb\"},\"inLanguage\":\"es\",\"potentialAction\":[{\"@type\":\"ReadAction\",\"target\":[\"https:\/\/www.celttv.com.ar\/index.php\/2013\/07\/20\/videos-de-la-fiesta-del-dia-del-amigo-del-club-union\/\"]}]},{\"@type\":\"BreadcrumbList\",\"@id\":\"https:\/\/www.celttv.com.ar\/index.php\/2013\/07\/20\/videos-de-la-fiesta-del-dia-del-amigo-del-club-union\/#breadcrumb\",\"itemListElement\":[{\"@type\":\"ListItem\",\"position\":1,\"name\":\"Inicio\",\"item\":\"https:\/\/www.celttv.com.ar\/\"},{\"@type\":\"ListItem\",\"position\":2,\"name\":\"VIDEOS DE LA FIESTA DEL DIA DEL AMIGO DEL CLUB UNION\"}]},{\"@type\":\"WebSite\",\"@id\":\"https:\/\/www.celttv.com.ar\/#website\",\"url\":\"https:\/\/www.celttv.com.ar\/\",\"name\":\"CELTTV\",\"description\":\"Cooperativa El\u00e9ctrica de Tornquist\",\"publisher\":{\"@id\":\"https:\/\/www.celttv.com.ar\/#organization\"},\"potentialAction\":[{\"@type\":\"SearchAction\",\"target\":{\"@type\":\"EntryPoint\",\"urlTemplate\":\"https:\/\/www.celttv.com.ar\/?s={search_term_string}\"},\"query-input\":\"required name=search_term_string\"}],\"inLanguage\":\"es\"},{\"@type\":\"Organization\",\"@id\":\"https:\/\/www.celttv.com.ar\/#organization\",\"name\":\"CELTTV\",\"url\":\"https:\/\/www.celttv.com.ar\/\",\"sameAs\":[\"https:\/\/www.youtube.com\/channel\/UCz_oIt8Hig64Ub-EmcNPIhg\",\"https:\/\/www.facebook.com\/celtTV\/\"],\"logo\":{\"@type\":\"ImageObject\",\"inLanguage\":\"es\",\"@id\":\"https:\/\/www.celttv.com.ar\/#\/schema\/logo\/image\/\",\"url\":\"http:\/\/www.celttv.com.ar\/wp-content\/uploads\/2022\/08\/logo-1.png\",\"contentUrl\":\"http:\/\/www.celttv.com.ar\/wp-content\/uploads\/2022\/08\/logo-1.png\",\"width\":461,\"height\":159,\"caption\":\"CELTTV\"},\"image\":{\"@id\":\"https:\/\/www.celttv.com.ar\/#\/schema\/logo\/image\/\"}},{\"@type\":\"Person\",\"@id\":\"https:\/\/www.celttv.com.ar\/#\/schema\/person\/6d99c072dba59953809c81446e9d0ace\",\"name\":\"ulises\",\"image\":{\"@type\":\"ImageObject\",\"inLanguage\":\"es\",\"@id\":\"https:\/\/www.celttv.com.ar\/#\/schema\/person\/image\/\",\"url\":\"https:\/\/secure.gravatar.com\/avatar\/7f2c48bdc33b30088f941fb6082e555f2874c98e20cb159d7b92b50eadfce793?s=96&d=mm&r=g\",\"contentUrl\":\"https:\/\/secure.gravatar.com\/avatar\/7f2c48bdc33b30088f941fb6082e555f2874c98e20cb159d7b92b50eadfce793?s=96&d=mm&r=g\",\"caption\":\"ulises\"},\"sameAs\":[\"http:\/\/www.celttv.com.ar\"]}]}<\/script>\n<!-- \/ Yoast SEO plugin. -->","yoast_head_json":{"title":"VIDEOS DE LA FIESTA DEL DIA DEL AMIGO DEL CLUB UNION - CELTTV","description":"Sitio web de noticias de la localidad de Tornquist, provincia de Buenos Aires, Rep\u00fablica Argentina. Contenido propio originado por periodistas de CELTTV, el canal de TV local de la Cooperativa El\u00e9ctrica de Tornquist. Turismo, Pol\u00edtica, Sociedad, Deporte, Cultura y todo el contenido de inter\u00e9s general que la gente del pueblo y la regi\u00f3n debe conocer.","robots":{"index":"index","follow":"follow","max-snippet":"max-snippet:-1","max-image-preview":"max-image-preview:large","max-video-preview":"max-video-preview:-1"},"canonical":"https:\/\/www.celttv.com.ar\/index.php\/2013\/07\/20\/videos-de-la-fiesta-del-dia-del-amigo-del-club-union\/","og_locale":"es_ES","og_type":"article","og_title":"VIDEOS DE LA FIESTA DEL DIA DEL AMIGO DEL CLUB UNION - CELTTV","og_description":"Sitio web de noticias de la localidad de Tornquist, provincia de Buenos Aires, Rep\u00fablica Argentina. Contenido propio originado por periodistas de CELTTV, el canal de TV local de la Cooperativa El\u00e9ctrica de Tornquist. Turismo, Pol\u00edtica, Sociedad, Deporte, Cultura y todo el contenido de inter\u00e9s general que la gente del pueblo y la regi\u00f3n debe conocer.","og_url":"https:\/\/www.celttv.com.ar\/index.php\/2013\/07\/20\/videos-de-la-fiesta-del-dia-del-amigo-del-club-union\/","og_site_name":"CELTTV","article_publisher":"https:\/\/www.facebook.com\/celtTV\/","article_published_time":"2013-07-20T00:02:21+00:00","author":"ulises","twitter_card":"summary_large_image","twitter_misc":{"Escrito por":"ulises","Tiempo de lectura":"3 minutos"},"schema":{"@context":"https:\/\/schema.org","@graph":[{"@type":"NewsArticle","@id":"https:\/\/www.celttv.com.ar\/index.php\/2013\/07\/20\/videos-de-la-fiesta-del-dia-del-amigo-del-club-union\/#article","isPartOf":{"@id":"https:\/\/www.celttv.com.ar\/index.php\/2013\/07\/20\/videos-de-la-fiesta-del-dia-del-amigo-del-club-union\/"},"author":{"name":"ulises","@id":"https:\/\/www.celttv.com.ar\/#\/schema\/person\/6d99c072dba59953809c81446e9d0ace"},"headline":"VIDEOS DE LA FIESTA DEL DIA DEL AMIGO DEL CLUB UNION","datePublished":"2013-07-20T00:02:21+00:00","dateModified":"2013-07-20T00:02:21+00:00","mainEntityOfPage":{"@id":"https:\/\/www.celttv.com.ar\/index.php\/2013\/07\/20\/videos-de-la-fiesta-del-dia-del-amigo-del-club-union\/"},"wordCount":514,"publisher":{"@id":"https:\/\/www.celttv.com.ar\/#organization"},"articleSection":["Comunidad","Destacadas","Espect\u00e1culos","Videos Destacados"],"inLanguage":"es"},{"@type":"WebPage","@id":"https:\/\/www.celttv.com.ar\/index.php\/2013\/07\/20\/videos-de-la-fiesta-del-dia-del-amigo-del-club-union\/","url":"https:\/\/www.celttv.com.ar\/index.php\/2013\/07\/20\/videos-de-la-fiesta-del-dia-del-amigo-del-club-union\/","name":"VIDEOS DE LA FIESTA DEL DIA DEL AMIGO DEL CLUB UNION - CELTTV","isPartOf":{"@id":"https:\/\/www.celttv.com.ar\/#website"},"datePublished":"2013-07-20T00:02:21+00:00","dateModified":"2013-07-20T00:02:21+00:00","description":"Sitio web de noticias de la localidad de Tornquist, provincia de Buenos Aires, Rep\u00fablica Argentina. Contenido propio originado por periodistas de CELTTV, el canal de TV local de la Cooperativa El\u00e9ctrica de Tornquist. Turismo, Pol\u00edtica, Sociedad, Deporte, Cultura y todo el contenido de inter\u00e9s general que la gente del pueblo y la regi\u00f3n debe conocer.","breadcrumb":{"@id":"https:\/\/www.celttv.com.ar\/index.php\/2013\/07\/20\/videos-de-la-fiesta-del-dia-del-amigo-del-club-union\/#breadcrumb"},"inLanguage":"es","potentialAction":[{"@type":"ReadAction","target":["https:\/\/www.celttv.com.ar\/index.php\/2013\/07\/20\/videos-de-la-fiesta-del-dia-del-amigo-del-club-union\/"]}]},{"@type":"BreadcrumbList","@id":"https:\/\/www.celttv.com.ar\/index.php\/2013\/07\/20\/videos-de-la-fiesta-del-dia-del-amigo-del-club-union\/#breadcrumb","itemListElement":[{"@type":"ListItem","position":1,"name":"Inicio","item":"https:\/\/www.celttv.com.ar\/"},{"@type":"ListItem","position":2,"name":"VIDEOS DE LA FIESTA DEL DIA DEL AMIGO DEL CLUB UNION"}]},{"@type":"WebSite","@id":"https:\/\/www.celttv.com.ar\/#website","url":"https:\/\/www.celttv.com.ar\/","name":"CELTTV","description":"Cooperativa El\u00e9ctrica de Tornquist","publisher":{"@id":"https:\/\/www.celttv.com.ar\/#organization"},"potentialAction":[{"@type":"SearchAction","target":{"@type":"EntryPoint","urlTemplate":"https:\/\/www.celttv.com.ar\/?s={search_term_string}"},"query-input":"required name=search_term_string"}],"inLanguage":"es"},{"@type":"Organization","@id":"https:\/\/www.celttv.com.ar\/#organization","name":"CELTTV","url":"https:\/\/www.celttv.com.ar\/","sameAs":["https:\/\/www.youtube.com\/channel\/UCz_oIt8Hig64Ub-EmcNPIhg","https:\/\/www.facebook.com\/celtTV\/"],"logo":{"@type":"ImageObject","inLanguage":"es","@id":"https:\/\/www.celttv.com.ar\/#\/schema\/logo\/image\/","url":"http:\/\/www.celttv.com.ar\/wp-content\/uploads\/2022\/08\/logo-1.png","contentUrl":"http:\/\/www.celttv.com.ar\/wp-content\/uploads\/2022\/08\/logo-1.png","width":461,"height":159,"caption":"CELTTV"},"image":{"@id":"https:\/\/www.celttv.com.ar\/#\/schema\/logo\/image\/"}},{"@type":"Person","@id":"https:\/\/www.celttv.com.ar\/#\/schema\/person\/6d99c072dba59953809c81446e9d0ace","name":"ulises","image":{"@type":"ImageObject","inLanguage":"es","@id":"https:\/\/www.celttv.com.ar\/#\/schema\/person\/image\/","url":"https:\/\/secure.gravatar.com\/avatar\/7f2c48bdc33b30088f941fb6082e555f2874c98e20cb159d7b92b50eadfce793?s=96&d=mm&r=g","contentUrl":"https:\/\/secure.gravatar.com\/avatar\/7f2c48bdc33b30088f941fb6082e555f2874c98e20cb159d7b92b50eadfce793?s=96&d=mm&r=g","caption":"ulises"},"sameAs":["http:\/\/www.celttv.com.ar"]}]}},"_links":{"self":[{"href":"https:\/\/www.celttv.com.ar\/index.php\/wp-json\/wp\/v2\/posts\/12699","targetHints":{"allow":["GET"]}}],"collection":[{"href":"https:\/\/www.celttv.com.ar\/index.php\/wp-json\/wp\/v2\/posts"}],"about":[{"href":"https:\/\/www.celttv.com.ar\/index.php\/wp-json\/wp\/v2\/types\/post"}],"author":[{"embeddable":true,"href":"https:\/\/www.celttv.com.ar\/index.php\/wp-json\/wp\/v2\/users\/1"}],"replies":[{"embeddable":true,"href":"https:\/\/www.celttv.com.ar\/index.php\/wp-json\/wp\/v2\/comments?post=12699"}],"version-history":[{"count":0,"href":"https:\/\/www.celttv.com.ar\/index.php\/wp-json\/wp\/v2\/posts\/12699\/revisions"}],"wp:attachment":[{"href":"https:\/\/www.celttv.com.ar\/index.php\/wp-json\/wp\/v2\/media?parent=12699"}],"wp:term":[{"taxonomy":"category","embeddable":true,"href":"https:\/\/www.celttv.com.ar\/index.php\/wp-json\/wp\/v2\/categories?post=12699"},{"taxonomy":"post_tag","embeddable":true,"href":"https:\/\/www.celttv.com.ar\/index.php\/wp-json\/wp\/v2\/tags?post=12699"}],"curies":[{"name":"wp","href":"https:\/\/api.w.org\/{rel}","templated":true}]}}