{"id":12705,"date":"2013-07-20T14:22:27","date_gmt":"2013-07-20T14:22:27","guid":{"rendered":"http:\/\/www.tvcnoticias.com.ar\/?p=12705"},"modified":"2013-07-20T14:22:27","modified_gmt":"2013-07-20T14:22:27","slug":"los-videos-del-lanzamiento-de-la-lista-del-frente-para-la-victoria-video-y-notas","status":"publish","type":"post","link":"https:\/\/www.celttv.com.ar\/index.php\/2013\/07\/20\/los-videos-del-lanzamiento-de-la-lista-del-frente-para-la-victoria-video-y-notas\/","title":{"rendered":"LOS VIDEOS DEL LANZAMIENTO DE LA LISTA DEL FRENTE PARA LA VICTORIA (video y notas)"},"content":{"rendered":"<p><a href=\"http:\/\/www.youtube.com\/watch?v=g_H3I4Etn3s\"><a href=\"http:\/\/www.youtube.com\/watch?v=g_H3I4Etn3s\">httpv:\/\/www.youtube.com\/watch?v=g_H3I4Etn3s<\/a><\/a><br \/>\n<a href=\"http:\/\/www.youtube.com\/watch?v=RE2E3wj2T18\"><a href=\"http:\/\/www.youtube.com\/watch?v=RE2E3wj2T18\">httpv:\/\/www.youtube.com\/watch?v=RE2E3wj2T18<\/a><\/a><br \/>\n<a href=\"http:\/\/www.youtube.com\/watch?v=JmdIZ8DOk08\"><a href=\"http:\/\/www.youtube.com\/watch?v=JmdIZ8DOk08\">httpv:\/\/www.youtube.com\/watch?v=JmdIZ8DOk08<\/a><\/a><br \/>\n<a href=\"http:\/\/www.youtube.com\/watch?v=ypSFDO90jfw\"><a href=\"http:\/\/www.youtube.com\/watch?v=ypSFDO90jfw\">httpv:\/\/www.youtube.com\/watch?v=ypSFDO90jfw<\/a><\/a><br \/>\n<a href=\"http:\/\/www.youtube.com\/watch?v=CU4VB0voFs0\"><a href=\"http:\/\/www.youtube.com\/watch?v=CU4VB0voFs0\">httpv:\/\/www.youtube.com\/watch?v=CU4VB0voFs0<\/a><\/a><br \/>\n<a href=\"http:\/\/www.youtube.com\/watch?v=4ugJxHmEhGQ\"><a href=\"http:\/\/www.youtube.com\/watch?v=4ugJxHmEhGQ\">httpv:\/\/www.youtube.com\/watch?v=4ugJxHmEhGQ<\/a><\/a><br \/>\nCon la presencia del ministro de Agricultura, Ganader\u00eda y Pesca de la Naci\u00f3n, Norberto Yauhar; el intendente municipal, licenciado Gustavo Trankels; y postulantes a diputados provinciales por la Sexta Secci\u00f3n Electoral, se lanz\u00f3 la lista de candidatos a concejales y consejeros<\/p>\n","protected":false},"excerpt":{"rendered":"<p>httpv:\/\/www.youtube.com\/watch?v=g_H3I4Etn3s httpv:\/\/www.youtube.com\/watch?v=RE2E3wj2T18 httpv:\/\/www.youtube.com\/watch?v=JmdIZ8DOk08 httpv:\/\/www.youtube.com\/watch?v=ypSFDO90jfw httpv:\/\/www.youtube.com\/watch?v=CU4VB0voFs0 httpv:\/\/www.youtube.com\/watch?v=4ugJxHmEhGQ Con la presencia del ministro de Agricultura, Ganader\u00eda y Pesca de la Naci\u00f3n, Norberto Yauhar; el intendente municipal, licenciado Gustavo Trankels; y postulantes a diputados provinciales por la Sexta Secci\u00f3n Electoral, se lanz\u00f3 la lista de candidatos a concejales y consejeros<\/p>\n","protected":false},"author":1,"featured_media":0,"comment_status":"closed","ping_status":"open","sticky":false,"template":"","format":"standard","meta":{"footnotes":""},"categories":[51,52,53,64],"tags":[],"class_list":["post-12705","post","type-post","status-publish","format-standard","hentry","category-comunidad","category-destacadas","category-politica","category-videos-destacados"],"yoast_head":"<!-- This site is optimized with the Yoast SEO plugin v19.7.1 - https:\/\/yoast.com\/wordpress\/plugins\/seo\/ -->\n<title>LOS VIDEOS DEL LANZAMIENTO DE LA LISTA DEL FRENTE PARA LA VICTORIA (video y notas) - CELTTV<\/title>\n<meta name=\"description\" content=\"Sitio web de noticias de la localidad de Tornquist, provincia de Buenos Aires, Rep\u00fablica Argentina. Contenido propio originado por periodistas de CELTTV, el canal de TV local de la Cooperativa El\u00e9ctrica de Tornquist. Turismo, Pol\u00edtica, Sociedad, Deporte, Cultura y todo el contenido de inter\u00e9s general que la gente del pueblo y la regi\u00f3n debe conocer.\" \/>\n<meta name=\"robots\" content=\"index, follow, max-snippet:-1, max-image-preview:large, max-video-preview:-1\" \/>\n<link rel=\"canonical\" href=\"https:\/\/www.celttv.com.ar\/index.php\/2013\/07\/20\/los-videos-del-lanzamiento-de-la-lista-del-frente-para-la-victoria-video-y-notas\/\" \/>\n<meta property=\"og:locale\" content=\"es_ES\" \/>\n<meta property=\"og:type\" content=\"article\" \/>\n<meta property=\"og:title\" content=\"LOS VIDEOS DEL LANZAMIENTO DE LA LISTA DEL FRENTE PARA LA VICTORIA (video y notas) - CELTTV\" \/>\n<meta property=\"og:description\" content=\"Sitio web de noticias de la localidad de Tornquist, provincia de Buenos Aires, Rep\u00fablica Argentina. Contenido propio originado por periodistas de CELTTV, el canal de TV local de la Cooperativa El\u00e9ctrica de Tornquist. Turismo, Pol\u00edtica, Sociedad, Deporte, Cultura y todo el contenido de inter\u00e9s general que la gente del pueblo y la regi\u00f3n debe conocer.\" \/>\n<meta property=\"og:url\" content=\"https:\/\/www.celttv.com.ar\/index.php\/2013\/07\/20\/los-videos-del-lanzamiento-de-la-lista-del-frente-para-la-victoria-video-y-notas\/\" \/>\n<meta property=\"og:site_name\" content=\"CELTTV\" \/>\n<meta property=\"article:publisher\" content=\"https:\/\/www.facebook.com\/celtTV\/\" \/>\n<meta property=\"article:published_time\" content=\"2013-07-20T14:22:27+00:00\" \/>\n<meta name=\"author\" content=\"ulises\" \/>\n<meta name=\"twitter:card\" content=\"summary_large_image\" \/>\n<meta name=\"twitter:label1\" content=\"Escrito por\" \/>\n\t<meta name=\"twitter:data1\" content=\"ulises\" \/>\n<script type=\"application\/ld+json\" class=\"yoast-schema-graph\">{\"@context\":\"https:\/\/schema.org\",\"@graph\":[{\"@type\":\"NewsArticle\",\"@id\":\"https:\/\/www.celttv.com.ar\/index.php\/2013\/07\/20\/los-videos-del-lanzamiento-de-la-lista-del-frente-para-la-victoria-video-y-notas\/#article\",\"isPartOf\":{\"@id\":\"https:\/\/www.celttv.com.ar\/index.php\/2013\/07\/20\/los-videos-del-lanzamiento-de-la-lista-del-frente-para-la-victoria-video-y-notas\/\"},\"author\":{\"name\":\"ulises\",\"@id\":\"https:\/\/www.celttv.com.ar\/#\/schema\/person\/6d99c072dba59953809c81446e9d0ace\"},\"headline\":\"LOS VIDEOS DEL LANZAMIENTO DE LA LISTA DEL FRENTE PARA LA VICTORIA (video y notas)\",\"datePublished\":\"2013-07-20T14:22:27+00:00\",\"dateModified\":\"2013-07-20T14:22:27+00:00\",\"mainEntityOfPage\":{\"@id\":\"https:\/\/www.celttv.com.ar\/index.php\/2013\/07\/20\/los-videos-del-lanzamiento-de-la-lista-del-frente-para-la-victoria-video-y-notas\/\"},\"wordCount\":112,\"publisher\":{\"@id\":\"https:\/\/www.celttv.com.ar\/#organization\"},\"articleSection\":[\"Comunidad\",\"Destacadas\",\"Pol\u00edtica\",\"Videos Destacados\"],\"inLanguage\":\"es\"},{\"@type\":\"WebPage\",\"@id\":\"https:\/\/www.celttv.com.ar\/index.php\/2013\/07\/20\/los-videos-del-lanzamiento-de-la-lista-del-frente-para-la-victoria-video-y-notas\/\",\"url\":\"https:\/\/www.celttv.com.ar\/index.php\/2013\/07\/20\/los-videos-del-lanzamiento-de-la-lista-del-frente-para-la-victoria-video-y-notas\/\",\"name\":\"LOS VIDEOS DEL LANZAMIENTO DE LA LISTA DEL FRENTE PARA LA VICTORIA (video y notas) - CELTTV\",\"isPartOf\":{\"@id\":\"https:\/\/www.celttv.com.ar\/#website\"},\"datePublished\":\"2013-07-20T14:22:27+00:00\",\"dateModified\":\"2013-07-20T14:22:27+00:00\",\"description\":\"Sitio web de noticias de la localidad de Tornquist, provincia de Buenos Aires, Rep\u00fablica Argentina. Contenido propio originado por periodistas de CELTTV, el canal de TV local de la Cooperativa El\u00e9ctrica de Tornquist. Turismo, Pol\u00edtica, Sociedad, Deporte, Cultura y todo el contenido de inter\u00e9s general que la gente del pueblo y la regi\u00f3n debe conocer.\",\"breadcrumb\":{\"@id\":\"https:\/\/www.celttv.com.ar\/index.php\/2013\/07\/20\/los-videos-del-lanzamiento-de-la-lista-del-frente-para-la-victoria-video-y-notas\/#breadcrumb\"},\"inLanguage\":\"es\",\"potentialAction\":[{\"@type\":\"ReadAction\",\"target\":[\"https:\/\/www.celttv.com.ar\/index.php\/2013\/07\/20\/los-videos-del-lanzamiento-de-la-lista-del-frente-para-la-victoria-video-y-notas\/\"]}]},{\"@type\":\"BreadcrumbList\",\"@id\":\"https:\/\/www.celttv.com.ar\/index.php\/2013\/07\/20\/los-videos-del-lanzamiento-de-la-lista-del-frente-para-la-victoria-video-y-notas\/#breadcrumb\",\"itemListElement\":[{\"@type\":\"ListItem\",\"position\":1,\"name\":\"Inicio\",\"item\":\"https:\/\/www.celttv.com.ar\/\"},{\"@type\":\"ListItem\",\"position\":2,\"name\":\"LOS VIDEOS DEL LANZAMIENTO DE LA LISTA DEL FRENTE PARA LA VICTORIA (video y notas)\"}]},{\"@type\":\"WebSite\",\"@id\":\"https:\/\/www.celttv.com.ar\/#website\",\"url\":\"https:\/\/www.celttv.com.ar\/\",\"name\":\"CELTTV\",\"description\":\"Cooperativa El\u00e9ctrica de Tornquist\",\"publisher\":{\"@id\":\"https:\/\/www.celttv.com.ar\/#organization\"},\"potentialAction\":[{\"@type\":\"SearchAction\",\"target\":{\"@type\":\"EntryPoint\",\"urlTemplate\":\"https:\/\/www.celttv.com.ar\/?s={search_term_string}\"},\"query-input\":\"required name=search_term_string\"}],\"inLanguage\":\"es\"},{\"@type\":\"Organization\",\"@id\":\"https:\/\/www.celttv.com.ar\/#organization\",\"name\":\"CELTTV\",\"url\":\"https:\/\/www.celttv.com.ar\/\",\"sameAs\":[\"https:\/\/www.youtube.com\/channel\/UCz_oIt8Hig64Ub-EmcNPIhg\",\"https:\/\/www.facebook.com\/celtTV\/\"],\"logo\":{\"@type\":\"ImageObject\",\"inLanguage\":\"es\",\"@id\":\"https:\/\/www.celttv.com.ar\/#\/schema\/logo\/image\/\",\"url\":\"http:\/\/www.celttv.com.ar\/wp-content\/uploads\/2022\/08\/logo-1.png\",\"contentUrl\":\"http:\/\/www.celttv.com.ar\/wp-content\/uploads\/2022\/08\/logo-1.png\",\"width\":461,\"height\":159,\"caption\":\"CELTTV\"},\"image\":{\"@id\":\"https:\/\/www.celttv.com.ar\/#\/schema\/logo\/image\/\"}},{\"@type\":\"Person\",\"@id\":\"https:\/\/www.celttv.com.ar\/#\/schema\/person\/6d99c072dba59953809c81446e9d0ace\",\"name\":\"ulises\",\"image\":{\"@type\":\"ImageObject\",\"inLanguage\":\"es\",\"@id\":\"https:\/\/www.celttv.com.ar\/#\/schema\/person\/image\/\",\"url\":\"https:\/\/secure.gravatar.com\/avatar\/7f2c48bdc33b30088f941fb6082e555f2874c98e20cb159d7b92b50eadfce793?s=96&d=mm&r=g\",\"contentUrl\":\"https:\/\/secure.gravatar.com\/avatar\/7f2c48bdc33b30088f941fb6082e555f2874c98e20cb159d7b92b50eadfce793?s=96&d=mm&r=g\",\"caption\":\"ulises\"},\"sameAs\":[\"http:\/\/www.celttv.com.ar\"]}]}<\/script>\n<!-- \/ Yoast SEO plugin. -->","yoast_head_json":{"title":"LOS VIDEOS DEL LANZAMIENTO DE LA LISTA DEL FRENTE PARA LA VICTORIA (video y notas) - CELTTV","description":"Sitio web de noticias de la localidad de Tornquist, provincia de Buenos Aires, Rep\u00fablica Argentina. Contenido propio originado por periodistas de CELTTV, el canal de TV local de la Cooperativa El\u00e9ctrica de Tornquist. Turismo, Pol\u00edtica, Sociedad, Deporte, Cultura y todo el contenido de inter\u00e9s general que la gente del pueblo y la regi\u00f3n debe conocer.","robots":{"index":"index","follow":"follow","max-snippet":"max-snippet:-1","max-image-preview":"max-image-preview:large","max-video-preview":"max-video-preview:-1"},"canonical":"https:\/\/www.celttv.com.ar\/index.php\/2013\/07\/20\/los-videos-del-lanzamiento-de-la-lista-del-frente-para-la-victoria-video-y-notas\/","og_locale":"es_ES","og_type":"article","og_title":"LOS VIDEOS DEL LANZAMIENTO DE LA LISTA DEL FRENTE PARA LA VICTORIA (video y notas) - CELTTV","og_description":"Sitio web de noticias de la localidad de Tornquist, provincia de Buenos Aires, Rep\u00fablica Argentina. Contenido propio originado por periodistas de CELTTV, el canal de TV local de la Cooperativa El\u00e9ctrica de Tornquist. Turismo, Pol\u00edtica, Sociedad, Deporte, Cultura y todo el contenido de inter\u00e9s general que la gente del pueblo y la regi\u00f3n debe conocer.","og_url":"https:\/\/www.celttv.com.ar\/index.php\/2013\/07\/20\/los-videos-del-lanzamiento-de-la-lista-del-frente-para-la-victoria-video-y-notas\/","og_site_name":"CELTTV","article_publisher":"https:\/\/www.facebook.com\/celtTV\/","article_published_time":"2013-07-20T14:22:27+00:00","author":"ulises","twitter_card":"summary_large_image","twitter_misc":{"Escrito por":"ulises"},"schema":{"@context":"https:\/\/schema.org","@graph":[{"@type":"NewsArticle","@id":"https:\/\/www.celttv.com.ar\/index.php\/2013\/07\/20\/los-videos-del-lanzamiento-de-la-lista-del-frente-para-la-victoria-video-y-notas\/#article","isPartOf":{"@id":"https:\/\/www.celttv.com.ar\/index.php\/2013\/07\/20\/los-videos-del-lanzamiento-de-la-lista-del-frente-para-la-victoria-video-y-notas\/"},"author":{"name":"ulises","@id":"https:\/\/www.celttv.com.ar\/#\/schema\/person\/6d99c072dba59953809c81446e9d0ace"},"headline":"LOS VIDEOS DEL LANZAMIENTO DE LA LISTA DEL FRENTE PARA LA VICTORIA (video y notas)","datePublished":"2013-07-20T14:22:27+00:00","dateModified":"2013-07-20T14:22:27+00:00","mainEntityOfPage":{"@id":"https:\/\/www.celttv.com.ar\/index.php\/2013\/07\/20\/los-videos-del-lanzamiento-de-la-lista-del-frente-para-la-victoria-video-y-notas\/"},"wordCount":112,"publisher":{"@id":"https:\/\/www.celttv.com.ar\/#organization"},"articleSection":["Comunidad","Destacadas","Pol\u00edtica","Videos Destacados"],"inLanguage":"es"},{"@type":"WebPage","@id":"https:\/\/www.celttv.com.ar\/index.php\/2013\/07\/20\/los-videos-del-lanzamiento-de-la-lista-del-frente-para-la-victoria-video-y-notas\/","url":"https:\/\/www.celttv.com.ar\/index.php\/2013\/07\/20\/los-videos-del-lanzamiento-de-la-lista-del-frente-para-la-victoria-video-y-notas\/","name":"LOS VIDEOS DEL LANZAMIENTO DE LA LISTA DEL FRENTE PARA LA VICTORIA (video y notas) - CELTTV","isPartOf":{"@id":"https:\/\/www.celttv.com.ar\/#website"},"datePublished":"2013-07-20T14:22:27+00:00","dateModified":"2013-07-20T14:22:27+00:00","description":"Sitio web de noticias de la localidad de Tornquist, provincia de Buenos Aires, Rep\u00fablica Argentina. Contenido propio originado por periodistas de CELTTV, el canal de TV local de la Cooperativa El\u00e9ctrica de Tornquist. Turismo, Pol\u00edtica, Sociedad, Deporte, Cultura y todo el contenido de inter\u00e9s general que la gente del pueblo y la regi\u00f3n debe conocer.","breadcrumb":{"@id":"https:\/\/www.celttv.com.ar\/index.php\/2013\/07\/20\/los-videos-del-lanzamiento-de-la-lista-del-frente-para-la-victoria-video-y-notas\/#breadcrumb"},"inLanguage":"es","potentialAction":[{"@type":"ReadAction","target":["https:\/\/www.celttv.com.ar\/index.php\/2013\/07\/20\/los-videos-del-lanzamiento-de-la-lista-del-frente-para-la-victoria-video-y-notas\/"]}]},{"@type":"BreadcrumbList","@id":"https:\/\/www.celttv.com.ar\/index.php\/2013\/07\/20\/los-videos-del-lanzamiento-de-la-lista-del-frente-para-la-victoria-video-y-notas\/#breadcrumb","itemListElement":[{"@type":"ListItem","position":1,"name":"Inicio","item":"https:\/\/www.celttv.com.ar\/"},{"@type":"ListItem","position":2,"name":"LOS VIDEOS DEL LANZAMIENTO DE LA LISTA DEL FRENTE PARA LA VICTORIA (video y notas)"}]},{"@type":"WebSite","@id":"https:\/\/www.celttv.com.ar\/#website","url":"https:\/\/www.celttv.com.ar\/","name":"CELTTV","description":"Cooperativa El\u00e9ctrica de Tornquist","publisher":{"@id":"https:\/\/www.celttv.com.ar\/#organization"},"potentialAction":[{"@type":"SearchAction","target":{"@type":"EntryPoint","urlTemplate":"https:\/\/www.celttv.com.ar\/?s={search_term_string}"},"query-input":"required name=search_term_string"}],"inLanguage":"es"},{"@type":"Organization","@id":"https:\/\/www.celttv.com.ar\/#organization","name":"CELTTV","url":"https:\/\/www.celttv.com.ar\/","sameAs":["https:\/\/www.youtube.com\/channel\/UCz_oIt8Hig64Ub-EmcNPIhg","https:\/\/www.facebook.com\/celtTV\/"],"logo":{"@type":"ImageObject","inLanguage":"es","@id":"https:\/\/www.celttv.com.ar\/#\/schema\/logo\/image\/","url":"http:\/\/www.celttv.com.ar\/wp-content\/uploads\/2022\/08\/logo-1.png","contentUrl":"http:\/\/www.celttv.com.ar\/wp-content\/uploads\/2022\/08\/logo-1.png","width":461,"height":159,"caption":"CELTTV"},"image":{"@id":"https:\/\/www.celttv.com.ar\/#\/schema\/logo\/image\/"}},{"@type":"Person","@id":"https:\/\/www.celttv.com.ar\/#\/schema\/person\/6d99c072dba59953809c81446e9d0ace","name":"ulises","image":{"@type":"ImageObject","inLanguage":"es","@id":"https:\/\/www.celttv.com.ar\/#\/schema\/person\/image\/","url":"https:\/\/secure.gravatar.com\/avatar\/7f2c48bdc33b30088f941fb6082e555f2874c98e20cb159d7b92b50eadfce793?s=96&d=mm&r=g","contentUrl":"https:\/\/secure.gravatar.com\/avatar\/7f2c48bdc33b30088f941fb6082e555f2874c98e20cb159d7b92b50eadfce793?s=96&d=mm&r=g","caption":"ulises"},"sameAs":["http:\/\/www.celttv.com.ar"]}]}},"_links":{"self":[{"href":"https:\/\/www.celttv.com.ar\/index.php\/wp-json\/wp\/v2\/posts\/12705","targetHints":{"allow":["GET"]}}],"collection":[{"href":"https:\/\/www.celttv.com.ar\/index.php\/wp-json\/wp\/v2\/posts"}],"about":[{"href":"https:\/\/www.celttv.com.ar\/index.php\/wp-json\/wp\/v2\/types\/post"}],"author":[{"embeddable":true,"href":"https:\/\/www.celttv.com.ar\/index.php\/wp-json\/wp\/v2\/users\/1"}],"replies":[{"embeddable":true,"href":"https:\/\/www.celttv.com.ar\/index.php\/wp-json\/wp\/v2\/comments?post=12705"}],"version-history":[{"count":0,"href":"https:\/\/www.celttv.com.ar\/index.php\/wp-json\/wp\/v2\/posts\/12705\/revisions"}],"wp:attachment":[{"href":"https:\/\/www.celttv.com.ar\/index.php\/wp-json\/wp\/v2\/media?parent=12705"}],"wp:term":[{"taxonomy":"category","embeddable":true,"href":"https:\/\/www.celttv.com.ar\/index.php\/wp-json\/wp\/v2\/categories?post=12705"},{"taxonomy":"post_tag","embeddable":true,"href":"https:\/\/www.celttv.com.ar\/index.php\/wp-json\/wp\/v2\/tags?post=12705"}],"curies":[{"name":"wp","href":"https:\/\/api.w.org\/{rel}","templated":true}]}}