{"id":12712,"date":"2013-07-20T20:04:40","date_gmt":"2013-07-20T20:04:40","guid":{"rendered":"http:\/\/www.tvcnoticias.com.ar\/?p=12712"},"modified":"2013-07-20T20:04:40","modified_gmt":"2013-07-20T20:04:40","slug":"que-se-dijo-en-la-ultima-sesion-del-hcd-informe-y-debates","status":"publish","type":"post","link":"https:\/\/www.celttv.com.ar\/index.php\/2013\/07\/20\/que-se-dijo-en-la-ultima-sesion-del-hcd-informe-y-debates\/","title":{"rendered":"QUE SE DIJO EN LA  ULTIMA SESION DEL HCD. (informe y debates)"},"content":{"rendered":"<p><a href=\"http:\/\/www.youtube.com\/watch?v=0IWtnqsu8NE\">httpv:\/\/www.youtube.com\/watch?v=0IWtnqsu8NE<\/a><br \/>\n<a href=\"http:\/\/www.youtube.com\/watch?v=HoKCJXVJbvM\"><a href=\"http:\/\/www.youtube.com\/watch?v=HoKCJXVJbvM\">httpv:\/\/www.youtube.com\/watch?v=HoKCJXVJbvM<\/a><\/a><br \/>\n<a href=\"http:\/\/www.youtube.com\/watch?v=-qvAIzP1LGk\"><a href=\"http:\/\/www.youtube.com\/watch?v=-qvAIzP1LGk\">httpv:\/\/www.youtube.com\/watch?v=-qvAIzP1LGk<\/a><\/a><br \/>\n<a href=\"http:\/\/www.youtube.com\/watch?v=LBPvGu4fsL4\"><a href=\"http:\/\/www.youtube.com\/watch?v=LBPvGu4fsL4\">httpv:\/\/www.youtube.com\/watch?v=LBPvGu4fsL4<\/a><\/a><br \/>\n<a href=\"http:\/\/www.youtube.com\/watch?v=OFd97unhCfk\"><a href=\"http:\/\/www.youtube.com\/watch?v=OFd97unhCfk\">httpv:\/\/www.youtube.com\/watch?v=OFd97unhCfk<\/a><\/a><br \/>\n<strong><span style=\"text-decoration: underline;\">HONORABLE CONCEJO DELIBERANTE<\/span><\/strong><br \/>\n<strong><span style=\"text-decoration: underline;\"> <\/span><\/strong><br \/>\n<strong><span style=\"text-decoration: underline;\">SESIONES DE FECHA 16 DE JULIO DE 2013<\/span><\/strong><br \/>\n<strong><span style=\"text-decoration: underline;\"> <\/span><\/strong><br \/>\n<strong><span style=\"text-decoration: underline;\">ASAMBLEA DE CONCEJALES Y MAYORES CONTRIBUYENTES <\/span><\/strong><br \/>\n<strong><span style=\"text-decoration: underline;\"> <\/span><\/strong><br \/>\nConvocados por el Decreto N\u00ba 11\/13,\u00a0 y a partir de las 19:30 hs. aproximadamente, da comienzo la  Asamblea de Concejales y Mayores contribuyentes a fin de tratar el Expediente N\u00ba 152\/13: \u201cD.E. Creaci\u00f3n Tasa de Seguridad Rural A\u00f1o 2013\u201d.<br \/>\n&nbsp;<br \/>\nEstaban presentes la totalidad de Concejales y los Mayores Contribuyentes que conforman la lista establecida por el Decreto N\u00ba 349\/13 del Departamento Ejecutivo.<br \/>\nSe aprueba por unanimidad la Ordenanza Definitiva N\u00ba 2594\/13 por la que se crea desde el 1\u00ba de enero hasta el 31 de diciembre de 2013, la Tasa denominada Seguridad Rural, siendo sujetos obligados al pago, los propietarios de parcelas rurales del Partido de Tornquist. El importe a abonar anualmente ser\u00e1 de $0,60 (sesenta centavos de pesos) por hect\u00e1rea en un \u00fanico pago, cuyo vencimiento operar\u00e1 con la cuota 5 del corriente a\u00f1o de la Tasa por Conservaci\u00f3n, Reparaci\u00f3n y Mejorado de la Red Vial Municipal, con un m\u00ednimo imponible de pesos $10,80 por parcela, equivalente a 18 ha. Los fondos ingresados por la presente Tasa ser\u00e1n afectados para solventar los gastos de funcionamiento y equipamiento de la Patrulla Rural de Tornquist. Las ordenes de compra afectadas a la cuenta creada para tal fin ser\u00e1n extendidas solamente si el pedido es efectuado por el jefe de la patrulla y avalada por un integrante designado por la comisi\u00f3n promotora de la tasa.<br \/>\n&nbsp;<br \/>\nPide la palabra la Concejal Patricia V\u00e1zquez:<br \/>\n\u201cEs simplemente para agradecerles a los Mayores Contribuyentes que cada vez que se los convoca vienen a cumplir con el rol que les corresponde con mucha responsabilidad. Nada m\u00e1s Sr. Presidente\u201d.<br \/>\n&nbsp;<br \/>\n<strong><span style=\"text-decoration: underline;\">SESION ORDINARIA<\/span><\/strong><br \/>\n<strong><span style=\"text-decoration: underline;\"> <\/span><\/strong><br \/>\nConcluida la Asamblea, da comienzo la Sesi\u00f3n Ordinaria, en la que se tratan los temas de acuerdo al Orden del D\u00eda:<br \/>\n&nbsp;<br \/>\n<strong>Comunicaciones <\/strong><strong>Oficiales y dict\u00e1menes de las Comisiones:<\/strong><br \/>\n&nbsp;<br \/>\n<strong><span style=\"text-decoration: underline;\">Expte. <\/span><\/strong><strong><span style=\"text-decoration: underline;\">N\u00ba 004\/12:<\/span><\/strong> \u201cD.E. \u2013 Convalida la firma del Convenio de Cooperaci\u00f3n T\u00e9cnica e\/el Inst. Nac. de Tecnolog\u00eda Agropecuaria y el Municipio de Tornquist\u201d.<br \/>\nPasa a las Comisiones de Interpretaci\u00f3n y Reglamento, Producci\u00f3n, Comercio e Industria, y Presupuesto y Hacienda.<br \/>\n&nbsp;<br \/>\n<strong><span style=\"text-decoration: underline;\">Expte. <\/span><\/strong><strong><span style=\"text-decoration: underline;\">N\u00ba 196\/13:<\/span><\/strong> \u201cD.E. \u2013 Convalida la firma del Contrato de Comodato e\/la Direcci\u00f3n de Cultura de la Pcia. de Bs. As. y el Municipio de Tornquist\u201d.<br \/>\nSe solicita tratamiento sobre Tablas.<br \/>\nSe aprueba por unanimidad la Ordenanza bajo el N\u00ba 2597\/13 por la que se Convalida la firma del Contrato de Comodato suscripto entre la Municipalidad de Tornquist\u00a0 representada por el Sr. Intendente Municipal Lic. Gustavo Trankels, y la Direcci\u00f3n General de Cultura y Educaci\u00f3n de la  Provincia de Buenos Aires, representada por el Presidente del Consejo Escolar de Tornquist Sr. Carlos Alfredo Abad.<br \/>\nA trav\u00e9s de este Contrato el municipio cede a t\u00edtulo gratuito a la  Direcci\u00f3n General de Cultura y Educaci\u00f3n dos fracciones de tierra linderas al Jard\u00edn de Infantes N\u00ba 902\u00a0 \u201cJuan Ram\u00f3n Gim\u00e9nez\u201d de la localidad de Saldungaray, para uso exclusivo del mencionado jard\u00edn.<br \/>\n&nbsp;<br \/>\n<strong><span style=\"text-decoration: underline;\">Expte. <\/span><\/strong><strong><span style=\"text-decoration: underline;\">N\u00ba 099\/13:<\/span><\/strong> \u201cD.E. \u2013 Solicitud de exenci\u00f3n en tasas municipales para los distintos cultos religiosos reconocidos del Distrito\u201d.<br \/>\nDe acuerdo al dictamen de las Comisiones de Interpretaci\u00f3n y Reglamento, y Presupuesto y Hacienda, se aprueba por unanimidad la Ordenanza bajo el N\u00ba 2595\/13 por la que se exime para el Ejercicio 2013\u00a0 del pago de la Tasa de Alumbrado, Limpieza y Conservaci\u00f3n de la V\u00eda P\u00fablica, Servicios Sanitarios y Tasa de Salud, a las partidas de los cultos religiosos seg\u00fan el siguiente detalle:<br \/>\n&nbsp;<\/p>\n<table border=\"1\" cellspacing=\"0\" cellpadding=\"0\">\n<tbody>\n<tr>\n<td width=\"310\" valign=\"top\"><strong>Detalle<\/strong><\/td>\n<td width=\"161\" valign=\"top\"><strong>Localidad<\/strong><\/td>\n<td width=\"128\" valign=\"top\"><strong>Partida<\/strong><\/td>\n<\/tr>\n<tr>\n<td width=\"310\" valign=\"top\">Asociaci\u00f3n Testigo de Jehov\u00e1<\/td>\n<td width=\"161\" valign=\"top\">Tornquist<\/td>\n<td width=\"128\" valign=\"top\">1161<\/td>\n<\/tr>\n<tr>\n<td width=\"310\" valign=\"top\">Asociaci\u00f3n Testigo de Jehov\u00e1<\/td>\n<td width=\"161\" valign=\"top\">Sierra de la Ventana<\/td>\n<td width=\"128\" valign=\"top\">12455<\/td>\n<\/tr>\n<tr>\n<td width=\"310\" valign=\"top\">Iglesia Bautista \u201cPueblo de Dios\u201d<\/td>\n<td width=\"161\" valign=\"top\">Tornquist<\/td>\n<td width=\"128\" valign=\"top\">521<\/td>\n<\/tr>\n<tr>\n<td width=\"310\" valign=\"top\">Iglesia Evang\u00e9lica<\/td>\n<td width=\"161\" valign=\"top\">Saldungaray<\/td>\n<td width=\"128\" valign=\"top\">2047<\/td>\n<\/tr>\n<tr>\n<td width=\"310\" valign=\"top\">Iglesia Evang\u00e9lica Metodista<\/td>\n<td width=\"161\" valign=\"top\">Sierra de la Ventana<\/td>\n<td width=\"128\" valign=\"top\">8006\/8007<\/td>\n<\/tr>\n<tr>\n<td width=\"310\" valign=\"top\">Iglesia Evang\u00e9lica Uni\u00f3n Pentecostal<\/td>\n<td width=\"161\" valign=\"top\">Tornquist<\/td>\n<td width=\"128\" valign=\"top\">4162<\/td>\n<\/tr>\n<tr>\n<td width=\"310\" valign=\"top\">Iglesia Evang\u00e9lica Uni\u00f3n Pentecostal<\/td>\n<td width=\"161\" valign=\"top\">Sierra de la Ventana<\/td>\n<td width=\"128\" valign=\"top\">9587<\/td>\n<\/tr>\n<tr>\n<td width=\"310\" valign=\"top\">Iglesia Evang\u00e9lica Uni\u00f3n Pentecost\u00e9s<\/td>\n<td width=\"161\" valign=\"top\">Tornquist<\/td>\n<td width=\"128\" valign=\"top\">10224<\/td>\n<\/tr>\n<tr>\n<td width=\"310\" valign=\"top\">Iglesia Evang\u00e9lica Uni\u00f3n Pentecost\u00e9s<\/td>\n<td width=\"161\" valign=\"top\">Tornquist<\/td>\n<td width=\"128\" valign=\"top\">10225<\/td>\n<\/tr>\n<tr>\n<td width=\"310\" valign=\"top\">Movimiento Cristiano y Misionero \u201cCristo de la   Respuesta\u201d<\/td>\n<td width=\"161\" valign=\"top\">Tornquist<\/td>\n<td width=\"128\" valign=\"top\">8748<\/td>\n<\/tr>\n<tr>\n<td width=\"310\" valign=\"top\">Religi\u00f3n Cristiana Argentina<\/td>\n<td width=\"161\" valign=\"top\">Tornquist<\/td>\n<td width=\"128\" valign=\"top\">832<\/td>\n<\/tr>\n<\/tbody>\n<\/table>\n<p>&nbsp;<br \/>\n<strong><span style=\"text-decoration: underline;\">Expte. <\/span><\/strong><strong><span style=\"text-decoration: underline;\">N\u00ba 100\/13:<\/span><\/strong> \u201cD.E. \u2013 Solicitud de exenci\u00f3n de tasas municipales para instituciones del Distrito\u201d.<br \/>\nDe acuerdo al dictamen de las Comisiones de Interpretaci\u00f3n y Reglamento, y Presupuesto y Hacienda, se aprueba por unanimidad la Ordenanza bajo el N\u00ba 2596\/13 por la que se exime para el Ejercicio 2013 a las siguientes instituciones seg\u00fan detalle:<br \/>\n&nbsp;<\/p>\n<table border=\"1\" cellspacing=\"0\" cellpadding=\"0\" width=\"607\">\n<tbody>\n<tr>\n<td width=\"232\" valign=\"top\"><strong>Instituci\u00f3n<\/strong><\/td>\n<td width=\"112\" valign=\"top\"><strong>Localidad<\/strong><\/td>\n<td width=\"103\" valign=\"top\"><strong>Partida<\/strong><\/td>\n<td width=\"160\" valign=\"top\"><strong>Tasa<\/strong><\/td>\n<\/tr>\n<tr>\n<td width=\"232\" valign=\"top\">Asoc. de Fomento Villa Ventana<\/td>\n<td width=\"112\" valign=\"top\">Villa Ventana<\/td>\n<td width=\"103\" valign=\"top\">7352<\/td>\n<td width=\"160\" valign=\"top\">ABL \u2013 Tasa Salud<\/td>\n<\/tr>\n<tr>\n<td width=\"232\" valign=\"top\">Asoc. de Fomento Villa Vtna.<\/td>\n<td width=\"112\" valign=\"top\">Villa Ventana<\/td>\n<td width=\"103\" valign=\"top\">7509<\/td>\n<td width=\"160\" valign=\"top\">ABL \u2013 Tasa Salud<\/td>\n<\/tr>\n<tr>\n<td width=\"232\" valign=\"top\">Asoc. de Fomento Villa Vtna.<\/td>\n<td width=\"112\" valign=\"top\">Villa Ventana<\/td>\n<td width=\"103\" valign=\"top\">7510<\/td>\n<td width=\"160\" valign=\"top\">ABL \u2013 Tasa Salud<\/td>\n<\/tr>\n<tr>\n<td width=\"232\" valign=\"top\">Asoc. de Fomento Villa Vtna.<\/td>\n<td width=\"112\" valign=\"top\">Villa Ventana<\/td>\n<td width=\"103\" valign=\"top\">7511<\/td>\n<td width=\"160\" valign=\"top\">ABL \u2013 Tasa Salud<\/td>\n<\/tr>\n<tr>\n<td width=\"232\" valign=\"top\">Asociaci\u00f3n Cuerpo de Bomberos Voluntarios de   Tornquist<\/td>\n<td width=\"112\" valign=\"top\">Tornquist<\/td>\n<td width=\"103\" valign=\"top\">1397\/4121<\/td>\n<td width=\"160\" valign=\"top\">ABL \u2013 Tasa Salud<\/td>\n<\/tr>\n<tr>\n<td width=\"232\" valign=\"top\">Asociaci\u00f3n Cuerpo de Bomberos Voluntarios de Villa   Ventana<\/td>\n<td width=\"112\" valign=\"top\">Villa Ventana<\/td>\n<td width=\"103\" valign=\"top\">7507\/7508<\/td>\n<td width=\"160\" valign=\"top\">ABL \u2013 Tasa Salud<br \/>\nServicios Sanitarios<\/td>\n<\/tr>\n<tr>\n<td width=\"232\" valign=\"top\">Asociaci\u00f3n Espa\u00f1ola<\/td>\n<td width=\"112\" valign=\"top\">Tornquist<\/td>\n<td width=\"103\" valign=\"top\">1698<\/td>\n<td width=\"160\" valign=\"top\">ABL \u2013 Tasa Salud<br \/>\nServicios Sanitarios<\/td>\n<\/tr>\n<tr>\n<td width=\"232\" valign=\"top\">Automoto Club Deportivo<\/td>\n<td width=\"112\" valign=\"top\">Tornquist<\/td>\n<td width=\"103\" valign=\"top\">1280<\/td>\n<td width=\"160\" valign=\"top\">ABL \u2013 Tasa Salud<\/td>\n<\/tr>\n<tr>\n<td width=\"232\" valign=\"top\">Automoto Club Deportivo<\/td>\n<td width=\"112\" valign=\"top\">Tornquist<\/td>\n<td width=\"103\" valign=\"top\">4383<\/td>\n<td width=\"160\" valign=\"top\">ABL \u2013 Tasa Salud<br \/>\nServicios Sanitarios<\/td>\n<\/tr>\n<tr>\n<td width=\"232\" valign=\"top\">Biblioteca Popular E. Tornquist<\/td>\n<td width=\"112\" valign=\"top\">Tornquist<\/td>\n<td width=\"103\" valign=\"top\">2585<\/td>\n<td width=\"160\" valign=\"top\">ABL \u2013 Tasa Salud<br \/>\nServicios Sanitarios<\/td>\n<\/tr>\n<tr>\n<td width=\"232\" valign=\"top\">Biblioteca Popular M. Fern\u00e1ndez<\/td>\n<td width=\"112\" valign=\"top\">Villa Ventana<\/td>\n<td width=\"103\" valign=\"top\">7939\/7940<\/td>\n<td width=\"160\" valign=\"top\">ABL \u2013 Tasa Salud<br \/>\nServicios Sanitarios<\/td>\n<\/tr>\n<tr>\n<td width=\"232\" valign=\"top\">Centro de Atenci\u00f3n Integral al Discapacitado de   Tornquist<\/td>\n<td width=\"112\" valign=\"top\">Tornquist<\/td>\n<td width=\"103\" valign=\"top\">13587<\/td>\n<td width=\"160\" valign=\"top\">ABL \u2013 Tasa Salud<br \/>\nServicios Sanitarios<\/td>\n<\/tr>\n<tr>\n<td width=\"232\" valign=\"top\">Centro de Atenci\u00f3n Integral al Discapacitado de   Tornquist<\/td>\n<td width=\"112\" valign=\"top\">Tornquist<\/td>\n<td width=\"103\" valign=\"top\">16667<\/td>\n<td width=\"160\" valign=\"top\">ABL \u2013 Tasa Salud<\/td>\n<\/tr>\n<tr>\n<td width=\"232\" valign=\"top\">Centro de D\u00eda Tornquist<\/td>\n<td width=\"112\" valign=\"top\">Tornquist<\/td>\n<td width=\"103\" valign=\"top\">14690<\/td>\n<td width=\"160\" valign=\"top\">ABL \u2013 Tasa Salud<\/td>\n<\/tr>\n<tr>\n<td width=\"232\" valign=\"top\">Centro de Jubilados<\/td>\n<td width=\"112\" valign=\"top\">Saldungaray<\/td>\n<td width=\"103\" valign=\"top\">947<\/td>\n<td width=\"160\" valign=\"top\">ABL \u2013 Tasa Salud<\/td>\n<\/tr>\n<tr>\n<td width=\"232\" valign=\"top\">Centro de Jubilados<\/td>\n<td width=\"112\" valign=\"top\">Tornquist<\/td>\n<td width=\"103\" valign=\"top\">1310<\/td>\n<td width=\"160\" valign=\"top\">ABL \u2013 Tasa Salud<br \/>\nServicios Sanitarios<\/td>\n<\/tr>\n<tr>\n<td width=\"232\" valign=\"top\">Centro de Jubilados<\/td>\n<td width=\"112\" valign=\"top\">Sierra de la Ventana<\/td>\n<td width=\"103\" valign=\"top\">14593<\/td>\n<td width=\"160\" valign=\"top\">ABL \u2013 Tasa Salud<br \/>\nServicios Sanitarios<\/td>\n<\/tr>\n<tr>\n<td width=\"232\" valign=\"top\">Club Atl\u00e9tico Pelicur\u00e1<\/td>\n<td width=\"112\" valign=\"top\">Pelicur\u00e1<\/td>\n<td width=\"103\" valign=\"top\">10154<\/td>\n<td width=\"160\" valign=\"top\">Red Vial<\/td>\n<\/tr>\n<tr>\n<td width=\"232\" valign=\"top\">Club de Pesca Pig\u00fc\u00e9<\/td>\n<td width=\"112\" valign=\"top\">Tornquist<\/td>\n<td width=\"103\" valign=\"top\">9383<\/td>\n<td width=\"160\" valign=\"top\">Red Vial<\/td>\n<\/tr>\n<tr>\n<td width=\"232\" valign=\"top\">Club Gral. San Mart\u00edn<\/td>\n<td width=\"112\" valign=\"top\">Chasic\u00f3<\/td>\n<td width=\"103\" valign=\"top\">8162\/8163<\/td>\n<td width=\"160\" valign=\"top\">ABL \u2013 Tasa Salud<\/td>\n<\/tr>\n<tr>\n<td width=\"232\" valign=\"top\">Club Gral. San Mart\u00edn<\/td>\n<td width=\"112\" valign=\"top\">Chasic\u00f3<\/td>\n<td width=\"103\" valign=\"top\">8164<\/td>\n<td width=\"160\" valign=\"top\">ABL \u2013 Tasa Salud<br \/>\nServicios Sanitarios<\/td>\n<\/tr>\n<tr>\n<td width=\"232\" valign=\"top\">Club Porte\u00f1o Saldungaray<\/td>\n<td width=\"112\" valign=\"top\">Saldungaray<\/td>\n<td width=\"103\" valign=\"top\">1487<\/td>\n<td width=\"160\" valign=\"top\">ABL \u2013 Tasa Salud<\/td>\n<\/tr>\n<tr>\n<td width=\"232\" valign=\"top\">Club Uni\u00f3n<\/td>\n<td width=\"112\" valign=\"top\">Tornquist<\/td>\n<td width=\"103\" valign=\"top\">1115<\/td>\n<td width=\"160\" valign=\"top\">ABL \u2013 Tasa Salud<br \/>\nServicios Sanitarios<\/td>\n<\/tr>\n<tr>\n<td width=\"232\" valign=\"top\">Club Uni\u00f3n<\/td>\n<td width=\"112\" valign=\"top\">Tornquist<\/td>\n<td width=\"103\" valign=\"top\">570<\/td>\n<td width=\"160\" valign=\"top\">Red Vial<\/td>\n<\/tr>\n<tr>\n<td width=\"232\" valign=\"top\">Coop. De Provisi\u00f3n de Agua Potable<\/td>\n<td width=\"112\" valign=\"top\">Sierra de la Ventana<\/td>\n<td width=\"103\" valign=\"top\">5591\/8262<\/td>\n<td width=\"160\" valign=\"top\">ABL \u2013 Tasa Salud<\/td>\n<\/tr>\n<tr>\n<td width=\"232\" valign=\"top\">Coop. Instituto Secundario E. Tornquist<\/td>\n<td width=\"112\" valign=\"top\">Tornquist<\/td>\n<td width=\"103\" valign=\"top\">7244\/1425<\/td>\n<td width=\"160\" valign=\"top\">ABL \u2013 Tasa Salud<br \/>\nServicios Sanitarios<\/td>\n<\/tr>\n<tr>\n<td width=\"232\" valign=\"top\">Hogar de Ancianos Adela Frizza<\/td>\n<td width=\"112\" valign=\"top\">Tornquist<\/td>\n<td width=\"103\" valign=\"top\">1772\/1012\/1005<\/td>\n<td width=\"160\" valign=\"top\">ABL \u2013 Tasa Salud<\/td>\n<\/tr>\n<tr>\n<td width=\"232\" valign=\"top\">Junta Vecinal Barrio Sur<\/td>\n<td width=\"112\" valign=\"top\">T6ornquist<\/td>\n<td width=\"103\" valign=\"top\">4844<\/td>\n<td width=\"160\" valign=\"top\">ABL \u2013 Tasa Salud<br \/>\nServicios Sanitarios<\/td>\n<\/tr>\n<tr>\n<td width=\"232\" valign=\"top\">Mar\u00eda Auxiliadora<\/td>\n<td width=\"112\" valign=\"top\">Saldungaray<\/td>\n<td width=\"103\" valign=\"top\">1652<\/td>\n<td width=\"160\" valign=\"top\">ABL \u2013 Tasa Salud<\/td>\n<\/tr>\n<tr>\n<td width=\"232\" valign=\"top\">soc. de Fomento y Turismo de Villa Serrana La Gruta<\/td>\n<td width=\"112\" valign=\"top\">La Gruta<\/td>\n<td width=\"103\" valign=\"top\">12189\/12191\/<br \/>\n12192<\/td>\n<td width=\"160\" valign=\"top\">ABL \u2013 Tasa Salud<\/td>\n<\/tr>\n<tr>\n<td width=\"232\" valign=\"top\">Soc. Italiana de S.M.<\/td>\n<td width=\"112\" valign=\"top\">Tornquist<\/td>\n<td width=\"103\" valign=\"top\">1705\/1707<\/td>\n<td width=\"160\" valign=\"top\">ABL \u2013 Tasa Salud<\/td>\n<\/tr>\n<tr>\n<td width=\"232\" valign=\"top\">Soc. Italiana de S.M.<\/td>\n<td width=\"112\" valign=\"top\">Tornquist<\/td>\n<td width=\"103\" valign=\"top\">1704<\/td>\n<td width=\"160\" valign=\"top\">ABL \u2013 Tasa Salud<br \/>\nServicios Sanitarios<\/td>\n<\/tr>\n<\/tbody>\n<\/table>\n<p>&nbsp;<br \/>\n&nbsp;<br \/>\n<strong><span style=\"text-decoration: underline;\">Expte. <\/span><\/strong><strong><span style=\"text-decoration: underline;\">N\u00ba 181\/13:<\/span><\/strong> \u201cD.E. \u2013 Convalida la firma del Convenio Marco de Coordinaci\u00f3n y cooperaci\u00f3n entre la Secretar\u00eda de Ambiente y Desarrollo Sustentable de la Jefatura de Gabinete de Ministros y la  Municipalidad de Tornquist\u201d.<br \/>\nSurgen dos dict\u00e1menes:<\/p>\n<ol>\n<li>Las Comisiones      de<strong> <\/strong>Interpretaci\u00f3n y Reglamento      (en minor\u00eda) y Asuntos Municipales (en mayor\u00eda)<strong> <\/strong> aconsejan enviar por      secretar\u00eda\u00a0 nota de convocatoria a la Secretar\u00eda de      Producci\u00f3n y Medio Ambiente con el fin de analizar los alcances de dicho      convenio, hasta tanto el mencionado Expte. continuar\u00e1 en comisi\u00f3n.<\/li>\n<li>Las Comisiones      de<strong> <\/strong>Interpretaci\u00f3n y Reglamento      (en mayor\u00eda) y Asuntos Municipales (en minor\u00eda)<strong> <\/strong>aconsejan aprobar el Proyecto de Ordenanza.<\/li>\n<\/ol>\n<p>Se aprueba por mayor\u00eda el primer dictamen, es decir, se env\u00eda nota de convocatoria a la Secretar\u00eda de Producci\u00f3n y Medio Ambiente con el fin de analizar los alcances de dicho convenio.<br \/>\n&nbsp;<br \/>\n<strong><span style=\"text-decoration: underline;\"> Expte. <\/span><\/strong><strong><span style=\"text-decoration: underline;\">N\u00ba 6443\/12:<\/span><\/strong> \u201cBloque Coalici\u00f3n C\u00edvica \u2013 Proyecto de Ordenanza: Ref. instalaci\u00f3n de antenas del servicio de telefon\u00eda celular, o a aquellas estructuras y\/o antenas que soporten equipos utilizados para el servicio de telefon\u00eda celular\u201d.<br \/>\nSe aprueba por unanimidad el dictamen de las Comisiones de<strong> <\/strong>Ecolog\u00eda y Medio Ambiente, Obras P\u00fablicas e Interpretaci\u00f3n y Reglamento que aconseja enviar el mismo al Archivo.<br \/>\n&nbsp;<br \/>\n<strong><span style=\"text-decoration: underline;\">Expte. <\/span><\/strong><strong><span style=\"text-decoration: underline;\">N\u00ba 6521\/13:<\/span><\/strong> \u201cBloques U.C.R. y UDESO \u2013 Proyecto de Ordenanza: Declarar al a\u00f1o 2013 como \u201cA\u00f1o del trig\u00e9simo aniversario de la recuperaci\u00f3n de la Democracia\u201d.<br \/>\nSe aprueba por unanimidad el dictamen de las Comisiones de<strong> <\/strong>Asuntos Municipales y Obras P\u00fablicas que aconseja enviar el mismo al Archivo.<br \/>\n&nbsp;<br \/>\n<strong><span style=\"text-decoration: underline;\">Expte. <\/span><\/strong><strong><span style=\"text-decoration: underline;\">N\u00ba 6531\/13:<\/span><\/strong> \u201cN.P. \u2013 Vecinos de Saldungaray: Solicitan soluci\u00f3n al problema generado por un criadero de cerdos ubicado en la zona urbana de la localidad (con copia al Sr. Intendente)\u201d.<br \/>\nSe aprueba por mayor\u00eda el dictamen de la Comisi\u00f3n de<strong> <\/strong>Interpretaci\u00f3n y Reglamento<strong> (<\/strong>en minor\u00eda)<strong> <\/strong>que aconseja invitar por Secretar\u00eda al se\u00f1or Luciano Fontanes del \u00e1rea de Bromatolog\u00eda para que se nos informe de los pasos a seguir con respecto a este tema en particular y a otras problem\u00e1ticas que se deben abordar desde esa \u00e1rea.<br \/>\n&nbsp;<br \/>\nPide la palabra la Concejal Patricia V\u00e1zquez.<br \/>\n\u201cEn realidad yo me incluyo en este expediente porque cuando lo leo en la portada dice Obras P\u00fablicas, arriba, por eso intervengo, pero despu\u00e9s me encuentro que no est\u00e1 en la Comisi\u00f3n de Obras P\u00fablicas. Y adem\u00e1s, ese d\u00eda estuvimos charlando con el Concejal Moroncini y lo llam\u00e9 por tel\u00e9fono al Director de Bromatolog\u00eda Sr. Luciano Fontanes, y me dijo que no ten\u00eda ning\u00fan inconveniente en venir el d\u00eda martes que tenemos reuni\u00f3n de trabajo a dar las explicaciones del caso. Es por eso que no acompa\u00f1amos ese dictamen. Nada m\u00e1s Sr. Presidente\u201d.<br \/>\n&nbsp;<br \/>\n<strong><span style=\"text-decoration: underline;\">Proyectos Presentados:<\/span><\/strong><br \/>\n<strong> <\/strong><br \/>\n<strong><span style=\"text-decoration: underline;\">Bloque U.C.R. y UDESO- Pedido de Informe<\/span><\/strong><span style=\"text-decoration: underline;\">: <\/span>En referencia a la obra \u00a0denominada \u201cRed de agua potable y pozo de abastecimiento\u201d, Programa \u201cMejor calidad de vida, m\u00e1s salud\u201d. Expte. N\u00ba 04\/2013. (ENOHSA), la cual se lleva a cabo por Administraci\u00f3n Municipal y cuyo monto asciende a la suma de $ 900.000, se solicita: Copia del expediente municipal donde conste: 1) Copia del Proyecto. 2) Presupuesto oficial. 3) Plazo de ejecuci\u00f3n de obra.\u00a0 Tornquist.<br \/>\nSe solicita formaci\u00f3n de Expediente y pase a Comisi\u00f3n.<br \/>\n&nbsp;<br \/>\nHacen uso de la palabra los Se\u00f1ores Concejales:<br \/>\n&nbsp;<br \/>\nConcejal Horacio Buitrago:<br \/>\n\u201cQuer\u00eda referirme a un dictamen que hoy se present\u00f3 sobre el tema de unos cerdos en Saldungaray, que est\u00e1n en la planta urbana, y es conveniente realmente que nos sentemos con el Dr. Fontanes por este tema ya que creemos que tenemos que tener mayor informaci\u00f3n y conocimiento de c\u00f3mo se est\u00e1 desarrollando no tan solo en Saldungaray sino en otras comunidades todo el tema de lo que es producci\u00f3n en las plantas urbanas, y sobre todo el dictamen habla de tratar otras problem\u00e1ticas que a mi entender en los \u00faltimos tiempos ha colapsado, sobre todo en el tema animales sueltos, en la planta urbana los caninos, que est\u00e1n realmente perjudicando mucho a la vida cotidiana de la gente. Hay calles que la gente ya no puede caminar por ellas, y los destrozos que hacen en la v\u00eda p\u00fablica y en el tema de la basura son muy importantes. As\u00ed que creo que es conveniente que nos sentemos con el Dr. Fontanes, este tema no es nuevo, pero me parece que debemos darle alguna soluci\u00f3n buscando el consenso con las dem\u00e1s fuerzas pol\u00edticas, y para esto me perece oportuno que convoquemos a los veterinarios, a los m\u00e9dicos veterinarios, aquellos que est\u00e9n trabajando con peque\u00f1os, porque, d\u00edas pasados tuve una charla con el Dr. Carlos Mutti, y el se ofrec\u00eda a trabajar en este tema, porque tambi\u00e9n ve el problema que est\u00e1 acarreando esta cantidad de perros en nuestra planta urbana y seguramente estar\u00e1 pasando en otras comunidades. As\u00ed que Presidente yo le pedir\u00eda que cuando hagamos la reuni\u00f3n con el Dr. Fontanes tambi\u00e9n invitemos a los m\u00e9dicos veterinarios para tratar el tema. Es posible que pueda ser ampliada y convoquemos a las instituciones que trabajan diariamente en esto como puede ser P.U.A.F de Sierra, es posible que tambi\u00e9n la invitemos, me parece oportuno, porque realmente le tenemos que dar un orden, el estado no puede estar ausente en esta problem\u00e1tica, que como digo, uno viendo diariamente, caminando las calles, viendo tambi\u00e9n que hay hasta un claro peligro con algunos\u00a0\u00a0\u00a0\u00a0  animales que realmente no tendr\u00edan que estar en la calle, por ejemplo los dogos, los perros que son de caza, y uno los encuentra sueltos, en medio de la calle, y uno sabe que hay muchos chicos que van a la escuela en bicicleta, me parece que este es un tema serio, y que le debemos dar un tratamiento buscando el consenso de todos los espacios pol\u00edticos r\u00e1pidamente, para brindarles seguridad a nuestra gente. Nada m\u00e1s Sr. Presidente\u201d.<br \/>\n&nbsp;<br \/>\nConcejal Mar\u00eda Ofelia Skolak:<br \/>\n\u201cYo me quer\u00eda referir, en nombre del Bloque, al Expediente N\u00ba 181\/13: Convalida la firma del Convenio Marco de Coordinaci\u00f3n y Cooperaci\u00f3n entre la Secretar\u00eda de Ambiente y Desarrollo Sustentable de la  Jefatura de Gabinete de Ministros y la Municipalidad de Tornquist. Quer\u00eda aclarar que nuestro dictamen fue, tomamos la decisi\u00f3n de aprobarlo porque fuimos analizando cada uno de los puntos, lo conversamos con la Secretar\u00eda correspondiente, ahora nos llama la atenci\u00f3n que siendo que este expediente ingres\u00f3 el d\u00eda 26 de junio, no se lo convoc\u00f3 al Director de la Secretar\u00eda de Medio Ambiente, para que se acerque a aclararnos los puntos que hoy por hoy en el dictamen que fue aprobado por mayor\u00eda, se describe. La verdad que siempre estamos hablando de que hay que resolver situaciones relacionadas al medio ambiente, de que el Intendente tiene que gestionar para eso, el Intendente gestiona, trae un convenio, con toda la intenci\u00f3n de que lo antes posible lo convalidemos para hacerle un beneficio a todo el distrito, porque sabemos que ser\u00edan recursos que generar\u00edan una ayuda importante en lo que es el basurero de Saldungaray, que todos estamos muy preocupados, los vecinos una de las grandes inquietudes que tiene es este tema, todo lo que es relacionado a los residuos s\u00f3lidos, y bueno, y la verdad es que nos encontramos con el dictamen que convoquemos al Director V\u00edctor Ant\u00f3n para que lo aclare. Yo me pregunto, \u00bfsi pudimos reunirnos a las 18:30 hs. para resolver el tema del proyecto de ordenanza relacionado a la  Comisi\u00f3n de la Patrulla  Rural?, \u00bfporqu\u00e9 no se tom\u00f3 la decisi\u00f3n de convocar con anticipaci\u00f3n al Sr. V\u00edctor Ant\u00f3n?, y hoy tendr\u00edamos la gran alegr\u00eda de haber aprobado esto por unanimidad. Lo mismo sucedi\u00f3 con el Convenio del INTA, la verdad es que son cosas que benefician el crecimiento del distrito, y ahora lo atrasamos quince d\u00edas m\u00e1s. La verdad es que eso s\u00ed que preocupa. Nada m\u00e1s Sr. Presidente\u201d.<br \/>\n&nbsp;<br \/>\nConcejal Patricia V\u00e1zquez:<br \/>\n\u201cinteresante la propuesta del Concejal Buitrago con respecto a la moci\u00f3n que pide que se inviten a las distintas personas que se hacen cargo de los caninos. Es interesante, as\u00ed que no se si usted lo pone a consideraci\u00f3n Sr. Presidente\u201d.<br \/>\n&nbsp;<br \/>\nPresidente, Concejal Sergio Bordoni:<br \/>\n\u201cNo lo present\u00f3 como moci\u00f3n, pero si es como moci\u00f3n lo ponemos a consideraci\u00f3n\u201d.<br \/>\n&nbsp;<br \/>\nConcejal Horacio Buitrago:<br \/>\n\u201cSi, lo mociono, porque creo que estaba dicho, la importancia que ten\u00eda esto, \u00bfno?\u201d.<br \/>\n&nbsp;<br \/>\nPresidente, Concejal Sergio Bordoni:<br \/>\n\u201cLo ponemos a consideraci\u00f3n del Cuerpo\u201d.<br \/>\n&nbsp;<br \/>\nSecretario Legislativo, Ezequiel Gabella:<br \/>\n\u201cAclaramos entonces que la moci\u00f3n ser\u00eda, aparte de invitar al Director de Bromatolog\u00eda Fontanes, invitar a los veterinarios de la comunidad que atiendan a peque\u00f1os animales, y a las instituciones que hagan una tarea referida a la problem\u00e1tica, esa ser\u00eda la moci\u00f3n\u201d.<br \/>\n&nbsp;<br \/>\nConcejal Horacio Buitrago:<br \/>\n\u201cSi, a todos los actores que de una manera u otra est\u00e9n involucrados en este tema\u201d.<br \/>\n&nbsp;<br \/>\nQueda aprobada por unanimidad la moci\u00f3n del Concejal Buitrago.<br \/>\n&nbsp;<br \/>\nConcejal Horacio Buitrago:<br \/>\n\u201cEste Convenio de Medio Ambiente, de la sustentabilidad creo que es un tema serio, responsable y m\u00e1s all\u00e1 de los tiempos, \u00bfno?, que se ponen en duda, nosotros el s\u00e1bado pasado estuvimos en una reuni\u00f3n convocada por la ONG Ambiente Comarca, y organizada para los 16 concejos deliberantes de la zona sobre un problema que realmente preocupa y preocupa mucho a las comunidades, y sobre todo a la gente que est\u00e1 m\u00e1s cerca del problema del medio ambiente y es m\u00e1s conocedora de esto y de todo lo que nos puede traer aparejado en un futuro, sobre todo para la zona nuestra. Nosotros cuando le\u00edamos este convenio dicho en forma muy simple, ve\u00edamos que era mucha ch\u00e1chara y realmente todav\u00eda no pudimos dilucidar a qu\u00e9 vamos a llegar con esto. Y dejaba algunas cosas ah\u00ed que realmente quer\u00edamos saber c\u00f3mo vamos a tratar el tema de estas pr\u00e1cticas que se pod\u00edan desarrollar en la zona, hoy hay conflictos tal vez entre una provincia que tiene una ley vigente y una naci\u00f3n que tal vez se opone, es decir, hay cosas que no nos dan total seguridad, y sinceramente quer\u00edamos charlarlo personalmente y abrir un poco el juego con este tema del medio ambiente, este convenio, porque quer\u00edamos saber qu\u00e9 nos da la secretar\u00eda, y\u00a0 tambi\u00e9n quer\u00edamos saber qu\u00e9 va a poner el municipio, porque acu\u00e9rdense que alguna vez el municipio dijo que no pod\u00eda poner nada desde esta secretar\u00eda, porque no ten\u00eda recursos, ustedes recuerden eso, cuando estuvimos con el tema de agroqu\u00edmicos tuvimos una nota dirigida a nosotros donde el Secretario de Producci\u00f3n nos dec\u00eda que no pod\u00eda controlar ni hacer nada porque no contaba con los recursos, es decir, nosotros tambi\u00e9n queremos ver qu\u00e9 est\u00e1 pasando. Me parece que en todo nuestro derecho, y con los tiempos formales que tenemos ir a pedirle a la gente de la secretar\u00eda que nos informe, hacer un intercambio de opini\u00f3n, contarles, porque no fueron, no fueron los de la secretar\u00eda, no fueron del ejecutivo a esta reuni\u00f3n de la ONG, me parece importante por los temas que tratamos, por lo que involucraba, por lo que quedamos de acuerdo a seguir desarrollando estrategias de niveles de los concejos deliberantes\u00a0 de la zona, es decir, tambi\u00e9n contarles que esta municipalidad necesita hacer un trabajo en conjunto y ser promotora de algunas acciones. No olvidemos que nosotros contamos y est\u00e1n incluidos en nuestro territorio gran parte del cord\u00f3n serrano al cual nosotros los debemos cuidar totalmente, as\u00ed que, y aparte tenemos el antecedente de alguna ordenanza que as\u00ed lo dice. As\u00ed que lo hicimos de buena fe, este pedido de reuni\u00f3n como siempre hacemos tratando de intercambiar ideas y poder organizar tal vez reuniones hacia delante, convocar a otros concejos y tal vez a los ejecutivos, es decir, esto para nosotros no es solamente\u00a0 un convenio, me parece que ac\u00e1 se abre una cantidad de actividades y de acciones que en buena hora que nos podemos sentar y consensuar, de la misma manera que tendr\u00edamos que seguir trabajando con los agroqu\u00edmicos, cosa que tambi\u00e9n podr\u00edamos tratar en esa pr\u00f3xima reuni\u00f3n, es decir, me parece que no es que nos estamos negando, solamente queremos abrir el juego, queremos tener mayor informaci\u00f3n, de un convenio que no nos quedaba claro muchas cosas. Nada m\u00e1s Sr. Presidente\u201d.<br \/>\n&nbsp;<br \/>\nConcejal Mar\u00eda Ofelia Skolak:<br \/>\n\u201cEn ning\u00fan momento se mencion\u00f3 que se est\u00e1n negando, simplemente lo que quiero expresar es que este convenio est\u00e1 desde el veintitr\u00e9s de junio, o veintis\u00e9is de junio, si me corrigen, y tuvimos tiempo suficiente como para juntarnos con el Director de Medio Ambiente, todas las veces que se lo ha convocado ha venido, seguramente no tiene problema en venir, y esa era una forma de progreso y de adelantar en algo que es tan importante para el distrito. Es una de\u00a0 las inquietudes que m\u00e1s recibimos de nuestros vecinos, es el tema relacionado al medio ambiente,\u00a0 qu\u00e9 mejor que tener en mano este convenio para poder aprobarlo por unanimidad y para poderle dar una herramienta al municipio y poder seguir avanzando. Yo creo que todas las dudas que tienen se podr\u00edan haber charlado anteriormente. Simplemente es una moci\u00f3n, es algo que opino, desde nuestro Bloque pensamos de la misma manera, por eso no acompa\u00f1amos, es decir, acompa\u00f1amos la aprobaci\u00f3n, y bueno, la verdad es que sigo sin entender. Nada m\u00e1s Sr. Presidente\u201d.<br \/>\n&nbsp;<br \/>\nConcejal Manuel Mar\u00eda Picado:<br \/>\n\u201cEn primer lugar quer\u00eda referirme a un tema, nosotros en el d\u00eda de la fecha antes de tener la sesi\u00f3n tuvimos una reuni\u00f3n con autoridades de la Sociedad Rural, y entre ellas hab\u00eda una autoridad de la Escuela Agropecuaria N\u00ba 801 que aprovechando la presencia de los concejales de las distintas bancas pol\u00edticas aprovech\u00f3 para hacer una denuncia y para transmitir algunas inquietudes y dudas, y algunas anomal\u00edas respecto al trato hacia esa instituci\u00f3n, y hab\u00edamos quedado de mocionar una reuni\u00f3n con la Inspectora Distrital, Inspectora Arial, y las autoridades del Consejo Escolar, para poder ahondar en este tema y tratar de clarificar el mismo. As\u00ed que presento como moci\u00f3n que se realice esta reuni\u00f3n a la brevedad posible entendiendo\u00a0 que ahora estamos en un per\u00edodo de vacaciones para todos los docentes, as\u00ed que estimo que ser\u00e1 ni bien se reinicie la actividad escolar, que se pueda lograr esta reuni\u00f3n. As\u00ed que eso ser\u00eda en primer lugar lo que quer\u00eda hacer referencia. (Se aprueba por unanimidad la moci\u00f3n del concejal Picado, agregando a pedido del Concejal Daniel Etcheber invitar tambi\u00e9n a la Inspectora Regional). Tambi\u00e9n quer\u00eda, bueno, el Concejal Buitrago hizo referencia a una reuni\u00f3n que tuvimos el d\u00eda s\u00e1bado pasado invitados por algunos miembros del Concejo Deliberante de Guamin\u00ed, y organizado por la   ONG Ambiente Comarca para hablar, debatir sobre un tema que \u00faltimamente tiene mucha difusi\u00f3n y mucha discusi\u00f3n y debate, es el fracking, que es un m\u00e9todo de extracci\u00f3n de gas no com\u00fan, o algo no convencional es la palabra. La verdad que es un tema muy interesante, vimos con mucho agrado que se haya logrado esta convocatoria, creo que eran 19 distritos o 16 los que estaban invitados, lamentablemente no se cont\u00f3 con la presencia de todos ellos, y tampoco de todos los actores pol\u00edticos de los diferentes distritos. Sin embargo fue una reuni\u00f3n muy fruct\u00edfera, se lograron algunos puntos de acci\u00f3n para el futuro inmediato, con respecto de ir invitando a todos los concejos deliberantes que est\u00e1n dentro de la cuenca de Claromec\u00f3, que es una en las cuales ha habido proyectos de extracci\u00f3n, para que vayan tratando el tema, para que se vayan generando ordenanzas para ir garantizando que no se utilice este m\u00e9todo,\u00a0 que por la informaci\u00f3n que tenemos hasta el momento ser\u00eda un m\u00e9todo bastante destructivo, y nocivo para la salud, y principalmente para la calidad y cantidad del agua que tanto escasea en esta zona. As\u00ed que agradecer que nos hayan invitado y felicitar a todos los que intervinieron en la celebraci\u00f3n de esta reuni\u00f3n. Y por \u00faltimo una breve referencia al Pedido de Informes que presentamos en conjunto con el Bloque UDESO, que tiene que ver con la obra de ejecuci\u00f3n de ampliaci\u00f3n de la red de agua, con el pozo de abastecimiento del Parque Lineal. Este es un tema que lo hablamos hace unos d\u00edas con la Secretaria de Obras P\u00fablicas, nos transmiti\u00f3 algunos puntos, los cuales nosotros quer\u00edamos informarnos, sin embargo qued\u00f3 en alcanzarnos alguna documentaci\u00f3n que hasta el momento no lo ha hecho, y de todas formas nosotros quer\u00edamos darle la formalidad que requiere una obra de semejante envergadura como esta que son novecientos mil pesos, de que se nos alcance toda la documentaci\u00f3n con las\u00a0 certificaciones del \u00e1rea a las cuales corresponde. As\u00ed que esperemos que este pedido se responda, para poder ejercer nuestro trabajo de contralor y poder acompa\u00f1ar al ejecutivo en lo que tiene que ver con el control de las obras. Nada m\u00e1s Sr. Presidente\u201d.<br \/>\n&nbsp;<br \/>\nConcejal Horacio Buitrago:<br \/>\n\u201cNo me queda claro realmente cu\u00e1l es la posici\u00f3n de la Concejal Oficialista, porque realmente yo creo que no estamos faltando a ninguna de las condiciones que tenemos como concejales, desde una Banca, de dictaminar y de pedir reuniones, en este caso tan importantes como la que estamos pidiendo para hacer de este tema, sobre todo poder darles difusi\u00f3n, informaci\u00f3n, transparencia: La verdad es que no me queda claro, y segundo si tenemos tanto, si hacemos tanto hincapi\u00e9 en el medio ambiente, y el cuidado de nuestro distrito, ser\u00eda bueno tambi\u00e9n conocer que opina el ejecutivo, sobre todo el Intendente\u00a0 en este caso, de este tema, porque creo que es un tema serio el tema de las pr\u00e1cticas o sistemas no convencionales para explotar los recursos, los hidrocarburos, es un tema serio, y\u00a0 yo creo que ahondar\u00eda todav\u00eda y profundizar\u00eda m\u00e1s el tema, y dir\u00eda que en esta charla que tenemos que tener, o reuni\u00f3n con el Secretario de Medio Ambiente y la  Secretar\u00eda de Medio Ambiente y Producci\u00f3n invitar al ejecutivo, sinceramente, invitar al ejecutivo porque me parece que no es un tema menor, nos va a venir, y eso lo vimos los que estuvimos el otro d\u00eda, el s\u00e1bado, pudimos apreciar la preocupaci\u00f3n de las ONG, la preocupaci\u00f3n de la gente que est\u00e1 m\u00e1s informada sobre el tema, de lo que ha pasado en otros lugares del pa\u00eds, lo que ha pasado en otros lugares del mundo, y creo que ese conocimiento nuestro no puede quedar sin difundirse, sin informar al resto, y sobre todo sin d\u00e1rsela a conocer a nuestro ejecutivo. As\u00ed que Sr. Presidente tambi\u00e9n quiero agregar que en esta reuni\u00f3n y en esta charla que mantengamos la tengamos con toda la municipalidad, con todos los \u00f3rganos del municipio, porque me parece que est\u00e1 en juego como dijimos el s\u00e1bado, est\u00e1 en juego la calidad de vida de la gente, la salud de la gente, sobre todo el tema del agua, un vital elemento que nosotros, es escasa, y que sin embargo este tipo de sistema debe usar muchos litros para poder desarrollarse. Es decir, son todos temas que nosotros que los vivimos y que nos informamos, ser\u00eda bueno que lo difundamos. Nada m\u00e1s Sr. Presidente, gracias\u201d.<br \/>\n&nbsp;<br \/>\n<strong>HONORABLE CONCEJO DELIBERANTE <\/strong><br \/>\n&nbsp;<br \/>\n&nbsp;<br \/>\n&nbsp;<br \/>\n&nbsp;<\/p>\n","protected":false},"excerpt":{"rendered":"<p>httpv:\/\/www.youtube.com\/watch?v=0IWtnqsu8NE httpv:\/\/www.youtube.com\/watch?v=HoKCJXVJbvM httpv:\/\/www.youtube.com\/watch?v=-qvAIzP1LGk httpv:\/\/www.youtube.com\/watch?v=LBPvGu4fsL4 httpv:\/\/www.youtube.com\/watch?v=OFd97unhCfk HONORABLE CONCEJO DELIBERANTE SESIONES DE FECHA 16 DE JULIO DE 2013 ASAMBLEA DE CONCEJALES Y MAYORES CONTRIBUYENTES Convocados por el Decreto N\u00ba 11\/13,\u00a0 y a partir de las 19:30 hs. aproximadamente, da comienzo la Asamblea de Concejales y Mayores contribuyentes a fin de tratar el Expediente N\u00ba 152\/13: \u201cD.E. Creaci\u00f3n [&hellip;]<\/p>\n","protected":false},"author":1,"featured_media":0,"comment_status":"closed","ping_status":"open","sticky":false,"template":"","format":"standard","meta":{"footnotes":""},"categories":[52,53,64],"tags":[],"class_list":["post-12712","post","type-post","status-publish","format-standard","hentry","category-destacadas","category-politica","category-videos-destacados"],"yoast_head":"<!-- This site is optimized with the Yoast SEO plugin v19.7.1 - https:\/\/yoast.com\/wordpress\/plugins\/seo\/ -->\n<title>QUE SE DIJO EN LA ULTIMA SESION DEL HCD. (informe y debates) - CELTTV<\/title>\n<meta name=\"description\" content=\"Sitio web de noticias de la localidad de Tornquist, provincia de Buenos Aires, Rep\u00fablica Argentina. Contenido propio originado por periodistas de CELTTV, el canal de TV local de la Cooperativa El\u00e9ctrica de Tornquist. Turismo, Pol\u00edtica, Sociedad, Deporte, Cultura y todo el contenido de inter\u00e9s general que la gente del pueblo y la regi\u00f3n debe conocer.\" \/>\n<meta name=\"robots\" content=\"index, follow, max-snippet:-1, max-image-preview:large, max-video-preview:-1\" \/>\n<link rel=\"canonical\" href=\"https:\/\/www.celttv.com.ar\/index.php\/2013\/07\/20\/que-se-dijo-en-la-ultima-sesion-del-hcd-informe-y-debates\/\" \/>\n<meta property=\"og:locale\" content=\"es_ES\" \/>\n<meta property=\"og:type\" content=\"article\" \/>\n<meta property=\"og:title\" content=\"QUE SE DIJO EN LA ULTIMA SESION DEL HCD. (informe y debates) - CELTTV\" \/>\n<meta property=\"og:description\" content=\"Sitio web de noticias de la localidad de Tornquist, provincia de Buenos Aires, Rep\u00fablica Argentina. Contenido propio originado por periodistas de CELTTV, el canal de TV local de la Cooperativa El\u00e9ctrica de Tornquist. Turismo, Pol\u00edtica, Sociedad, Deporte, Cultura y todo el contenido de inter\u00e9s general que la gente del pueblo y la regi\u00f3n debe conocer.\" \/>\n<meta property=\"og:url\" content=\"https:\/\/www.celttv.com.ar\/index.php\/2013\/07\/20\/que-se-dijo-en-la-ultima-sesion-del-hcd-informe-y-debates\/\" \/>\n<meta property=\"og:site_name\" content=\"CELTTV\" \/>\n<meta property=\"article:publisher\" content=\"https:\/\/www.facebook.com\/celtTV\/\" \/>\n<meta property=\"article:published_time\" content=\"2013-07-20T20:04:40+00:00\" \/>\n<meta name=\"author\" content=\"ulises\" \/>\n<meta name=\"twitter:card\" content=\"summary_large_image\" \/>\n<meta name=\"twitter:label1\" content=\"Escrito por\" \/>\n\t<meta name=\"twitter:data1\" content=\"ulises\" \/>\n\t<meta name=\"twitter:label2\" content=\"Tiempo de lectura\" \/>\n\t<meta name=\"twitter:data2\" content=\"23 minutos\" \/>\n<script type=\"application\/ld+json\" class=\"yoast-schema-graph\">{\"@context\":\"https:\/\/schema.org\",\"@graph\":[{\"@type\":\"NewsArticle\",\"@id\":\"https:\/\/www.celttv.com.ar\/index.php\/2013\/07\/20\/que-se-dijo-en-la-ultima-sesion-del-hcd-informe-y-debates\/#article\",\"isPartOf\":{\"@id\":\"https:\/\/www.celttv.com.ar\/index.php\/2013\/07\/20\/que-se-dijo-en-la-ultima-sesion-del-hcd-informe-y-debates\/\"},\"author\":{\"name\":\"ulises\",\"@id\":\"https:\/\/www.celttv.com.ar\/#\/schema\/person\/6d99c072dba59953809c81446e9d0ace\"},\"headline\":\"QUE SE DIJO EN LA ULTIMA SESION DEL HCD. (informe y debates)\",\"datePublished\":\"2013-07-20T20:04:40+00:00\",\"dateModified\":\"2013-07-20T20:04:40+00:00\",\"mainEntityOfPage\":{\"@id\":\"https:\/\/www.celttv.com.ar\/index.php\/2013\/07\/20\/que-se-dijo-en-la-ultima-sesion-del-hcd-informe-y-debates\/\"},\"wordCount\":4529,\"publisher\":{\"@id\":\"https:\/\/www.celttv.com.ar\/#organization\"},\"articleSection\":[\"Destacadas\",\"Pol\u00edtica\",\"Videos Destacados\"],\"inLanguage\":\"es\"},{\"@type\":\"WebPage\",\"@id\":\"https:\/\/www.celttv.com.ar\/index.php\/2013\/07\/20\/que-se-dijo-en-la-ultima-sesion-del-hcd-informe-y-debates\/\",\"url\":\"https:\/\/www.celttv.com.ar\/index.php\/2013\/07\/20\/que-se-dijo-en-la-ultima-sesion-del-hcd-informe-y-debates\/\",\"name\":\"QUE SE DIJO EN LA ULTIMA SESION DEL HCD. (informe y debates) - CELTTV\",\"isPartOf\":{\"@id\":\"https:\/\/www.celttv.com.ar\/#website\"},\"datePublished\":\"2013-07-20T20:04:40+00:00\",\"dateModified\":\"2013-07-20T20:04:40+00:00\",\"description\":\"Sitio web de noticias de la localidad de Tornquist, provincia de Buenos Aires, Rep\u00fablica Argentina. Contenido propio originado por periodistas de CELTTV, el canal de TV local de la Cooperativa El\u00e9ctrica de Tornquist. Turismo, Pol\u00edtica, Sociedad, Deporte, Cultura y todo el contenido de inter\u00e9s general que la gente del pueblo y la regi\u00f3n debe conocer.\",\"breadcrumb\":{\"@id\":\"https:\/\/www.celttv.com.ar\/index.php\/2013\/07\/20\/que-se-dijo-en-la-ultima-sesion-del-hcd-informe-y-debates\/#breadcrumb\"},\"inLanguage\":\"es\",\"potentialAction\":[{\"@type\":\"ReadAction\",\"target\":[\"https:\/\/www.celttv.com.ar\/index.php\/2013\/07\/20\/que-se-dijo-en-la-ultima-sesion-del-hcd-informe-y-debates\/\"]}]},{\"@type\":\"BreadcrumbList\",\"@id\":\"https:\/\/www.celttv.com.ar\/index.php\/2013\/07\/20\/que-se-dijo-en-la-ultima-sesion-del-hcd-informe-y-debates\/#breadcrumb\",\"itemListElement\":[{\"@type\":\"ListItem\",\"position\":1,\"name\":\"Inicio\",\"item\":\"https:\/\/www.celttv.com.ar\/\"},{\"@type\":\"ListItem\",\"position\":2,\"name\":\"QUE SE DIJO EN LA ULTIMA SESION DEL HCD. (informe y debates)\"}]},{\"@type\":\"WebSite\",\"@id\":\"https:\/\/www.celttv.com.ar\/#website\",\"url\":\"https:\/\/www.celttv.com.ar\/\",\"name\":\"CELTTV\",\"description\":\"Cooperativa El\u00e9ctrica de Tornquist\",\"publisher\":{\"@id\":\"https:\/\/www.celttv.com.ar\/#organization\"},\"potentialAction\":[{\"@type\":\"SearchAction\",\"target\":{\"@type\":\"EntryPoint\",\"urlTemplate\":\"https:\/\/www.celttv.com.ar\/?s={search_term_string}\"},\"query-input\":\"required name=search_term_string\"}],\"inLanguage\":\"es\"},{\"@type\":\"Organization\",\"@id\":\"https:\/\/www.celttv.com.ar\/#organization\",\"name\":\"CELTTV\",\"url\":\"https:\/\/www.celttv.com.ar\/\",\"sameAs\":[\"https:\/\/www.youtube.com\/channel\/UCz_oIt8Hig64Ub-EmcNPIhg\",\"https:\/\/www.facebook.com\/celtTV\/\"],\"logo\":{\"@type\":\"ImageObject\",\"inLanguage\":\"es\",\"@id\":\"https:\/\/www.celttv.com.ar\/#\/schema\/logo\/image\/\",\"url\":\"http:\/\/www.celttv.com.ar\/wp-content\/uploads\/2022\/08\/logo-1.png\",\"contentUrl\":\"http:\/\/www.celttv.com.ar\/wp-content\/uploads\/2022\/08\/logo-1.png\",\"width\":461,\"height\":159,\"caption\":\"CELTTV\"},\"image\":{\"@id\":\"https:\/\/www.celttv.com.ar\/#\/schema\/logo\/image\/\"}},{\"@type\":\"Person\",\"@id\":\"https:\/\/www.celttv.com.ar\/#\/schema\/person\/6d99c072dba59953809c81446e9d0ace\",\"name\":\"ulises\",\"image\":{\"@type\":\"ImageObject\",\"inLanguage\":\"es\",\"@id\":\"https:\/\/www.celttv.com.ar\/#\/schema\/person\/image\/\",\"url\":\"https:\/\/secure.gravatar.com\/avatar\/7f2c48bdc33b30088f941fb6082e555f2874c98e20cb159d7b92b50eadfce793?s=96&d=mm&r=g\",\"contentUrl\":\"https:\/\/secure.gravatar.com\/avatar\/7f2c48bdc33b30088f941fb6082e555f2874c98e20cb159d7b92b50eadfce793?s=96&d=mm&r=g\",\"caption\":\"ulises\"},\"sameAs\":[\"http:\/\/www.celttv.com.ar\"]}]}<\/script>\n<!-- \/ Yoast SEO plugin. -->","yoast_head_json":{"title":"QUE SE DIJO EN LA ULTIMA SESION DEL HCD. (informe y debates) - CELTTV","description":"Sitio web de noticias de la localidad de Tornquist, provincia de Buenos Aires, Rep\u00fablica Argentina. Contenido propio originado por periodistas de CELTTV, el canal de TV local de la Cooperativa El\u00e9ctrica de Tornquist. Turismo, Pol\u00edtica, Sociedad, Deporte, Cultura y todo el contenido de inter\u00e9s general que la gente del pueblo y la regi\u00f3n debe conocer.","robots":{"index":"index","follow":"follow","max-snippet":"max-snippet:-1","max-image-preview":"max-image-preview:large","max-video-preview":"max-video-preview:-1"},"canonical":"https:\/\/www.celttv.com.ar\/index.php\/2013\/07\/20\/que-se-dijo-en-la-ultima-sesion-del-hcd-informe-y-debates\/","og_locale":"es_ES","og_type":"article","og_title":"QUE SE DIJO EN LA ULTIMA SESION DEL HCD. (informe y debates) - CELTTV","og_description":"Sitio web de noticias de la localidad de Tornquist, provincia de Buenos Aires, Rep\u00fablica Argentina. Contenido propio originado por periodistas de CELTTV, el canal de TV local de la Cooperativa El\u00e9ctrica de Tornquist. Turismo, Pol\u00edtica, Sociedad, Deporte, Cultura y todo el contenido de inter\u00e9s general que la gente del pueblo y la regi\u00f3n debe conocer.","og_url":"https:\/\/www.celttv.com.ar\/index.php\/2013\/07\/20\/que-se-dijo-en-la-ultima-sesion-del-hcd-informe-y-debates\/","og_site_name":"CELTTV","article_publisher":"https:\/\/www.facebook.com\/celtTV\/","article_published_time":"2013-07-20T20:04:40+00:00","author":"ulises","twitter_card":"summary_large_image","twitter_misc":{"Escrito por":"ulises","Tiempo de lectura":"23 minutos"},"schema":{"@context":"https:\/\/schema.org","@graph":[{"@type":"NewsArticle","@id":"https:\/\/www.celttv.com.ar\/index.php\/2013\/07\/20\/que-se-dijo-en-la-ultima-sesion-del-hcd-informe-y-debates\/#article","isPartOf":{"@id":"https:\/\/www.celttv.com.ar\/index.php\/2013\/07\/20\/que-se-dijo-en-la-ultima-sesion-del-hcd-informe-y-debates\/"},"author":{"name":"ulises","@id":"https:\/\/www.celttv.com.ar\/#\/schema\/person\/6d99c072dba59953809c81446e9d0ace"},"headline":"QUE SE DIJO EN LA ULTIMA SESION DEL HCD. (informe y debates)","datePublished":"2013-07-20T20:04:40+00:00","dateModified":"2013-07-20T20:04:40+00:00","mainEntityOfPage":{"@id":"https:\/\/www.celttv.com.ar\/index.php\/2013\/07\/20\/que-se-dijo-en-la-ultima-sesion-del-hcd-informe-y-debates\/"},"wordCount":4529,"publisher":{"@id":"https:\/\/www.celttv.com.ar\/#organization"},"articleSection":["Destacadas","Pol\u00edtica","Videos Destacados"],"inLanguage":"es"},{"@type":"WebPage","@id":"https:\/\/www.celttv.com.ar\/index.php\/2013\/07\/20\/que-se-dijo-en-la-ultima-sesion-del-hcd-informe-y-debates\/","url":"https:\/\/www.celttv.com.ar\/index.php\/2013\/07\/20\/que-se-dijo-en-la-ultima-sesion-del-hcd-informe-y-debates\/","name":"QUE SE DIJO EN LA ULTIMA SESION DEL HCD. (informe y debates) - CELTTV","isPartOf":{"@id":"https:\/\/www.celttv.com.ar\/#website"},"datePublished":"2013-07-20T20:04:40+00:00","dateModified":"2013-07-20T20:04:40+00:00","description":"Sitio web de noticias de la localidad de Tornquist, provincia de Buenos Aires, Rep\u00fablica Argentina. Contenido propio originado por periodistas de CELTTV, el canal de TV local de la Cooperativa El\u00e9ctrica de Tornquist. Turismo, Pol\u00edtica, Sociedad, Deporte, Cultura y todo el contenido de inter\u00e9s general que la gente del pueblo y la regi\u00f3n debe conocer.","breadcrumb":{"@id":"https:\/\/www.celttv.com.ar\/index.php\/2013\/07\/20\/que-se-dijo-en-la-ultima-sesion-del-hcd-informe-y-debates\/#breadcrumb"},"inLanguage":"es","potentialAction":[{"@type":"ReadAction","target":["https:\/\/www.celttv.com.ar\/index.php\/2013\/07\/20\/que-se-dijo-en-la-ultima-sesion-del-hcd-informe-y-debates\/"]}]},{"@type":"BreadcrumbList","@id":"https:\/\/www.celttv.com.ar\/index.php\/2013\/07\/20\/que-se-dijo-en-la-ultima-sesion-del-hcd-informe-y-debates\/#breadcrumb","itemListElement":[{"@type":"ListItem","position":1,"name":"Inicio","item":"https:\/\/www.celttv.com.ar\/"},{"@type":"ListItem","position":2,"name":"QUE SE DIJO EN LA ULTIMA SESION DEL HCD. (informe y debates)"}]},{"@type":"WebSite","@id":"https:\/\/www.celttv.com.ar\/#website","url":"https:\/\/www.celttv.com.ar\/","name":"CELTTV","description":"Cooperativa El\u00e9ctrica de Tornquist","publisher":{"@id":"https:\/\/www.celttv.com.ar\/#organization"},"potentialAction":[{"@type":"SearchAction","target":{"@type":"EntryPoint","urlTemplate":"https:\/\/www.celttv.com.ar\/?s={search_term_string}"},"query-input":"required name=search_term_string"}],"inLanguage":"es"},{"@type":"Organization","@id":"https:\/\/www.celttv.com.ar\/#organization","name":"CELTTV","url":"https:\/\/www.celttv.com.ar\/","sameAs":["https:\/\/www.youtube.com\/channel\/UCz_oIt8Hig64Ub-EmcNPIhg","https:\/\/www.facebook.com\/celtTV\/"],"logo":{"@type":"ImageObject","inLanguage":"es","@id":"https:\/\/www.celttv.com.ar\/#\/schema\/logo\/image\/","url":"http:\/\/www.celttv.com.ar\/wp-content\/uploads\/2022\/08\/logo-1.png","contentUrl":"http:\/\/www.celttv.com.ar\/wp-content\/uploads\/2022\/08\/logo-1.png","width":461,"height":159,"caption":"CELTTV"},"image":{"@id":"https:\/\/www.celttv.com.ar\/#\/schema\/logo\/image\/"}},{"@type":"Person","@id":"https:\/\/www.celttv.com.ar\/#\/schema\/person\/6d99c072dba59953809c81446e9d0ace","name":"ulises","image":{"@type":"ImageObject","inLanguage":"es","@id":"https:\/\/www.celttv.com.ar\/#\/schema\/person\/image\/","url":"https:\/\/secure.gravatar.com\/avatar\/7f2c48bdc33b30088f941fb6082e555f2874c98e20cb159d7b92b50eadfce793?s=96&d=mm&r=g","contentUrl":"https:\/\/secure.gravatar.com\/avatar\/7f2c48bdc33b30088f941fb6082e555f2874c98e20cb159d7b92b50eadfce793?s=96&d=mm&r=g","caption":"ulises"},"sameAs":["http:\/\/www.celttv.com.ar"]}]}},"_links":{"self":[{"href":"https:\/\/www.celttv.com.ar\/index.php\/wp-json\/wp\/v2\/posts\/12712","targetHints":{"allow":["GET"]}}],"collection":[{"href":"https:\/\/www.celttv.com.ar\/index.php\/wp-json\/wp\/v2\/posts"}],"about":[{"href":"https:\/\/www.celttv.com.ar\/index.php\/wp-json\/wp\/v2\/types\/post"}],"author":[{"embeddable":true,"href":"https:\/\/www.celttv.com.ar\/index.php\/wp-json\/wp\/v2\/users\/1"}],"replies":[{"embeddable":true,"href":"https:\/\/www.celttv.com.ar\/index.php\/wp-json\/wp\/v2\/comments?post=12712"}],"version-history":[{"count":0,"href":"https:\/\/www.celttv.com.ar\/index.php\/wp-json\/wp\/v2\/posts\/12712\/revisions"}],"wp:attachment":[{"href":"https:\/\/www.celttv.com.ar\/index.php\/wp-json\/wp\/v2\/media?parent=12712"}],"wp:term":[{"taxonomy":"category","embeddable":true,"href":"https:\/\/www.celttv.com.ar\/index.php\/wp-json\/wp\/v2\/categories?post=12712"},{"taxonomy":"post_tag","embeddable":true,"href":"https:\/\/www.celttv.com.ar\/index.php\/wp-json\/wp\/v2\/tags?post=12712"}],"curies":[{"name":"wp","href":"https:\/\/api.w.org\/{rel}","templated":true}]}}