{"id":12718,"date":"2013-07-21T17:09:24","date_gmt":"2013-07-21T17:09:24","guid":{"rendered":"http:\/\/www.tvcnoticias.com.ar\/?p=12718"},"modified":"2013-07-21T17:09:24","modified_gmt":"2013-07-21T17:09:24","slug":"la-nieve-se-asocio-con-las-vacaciones-de-invierno-en-la-comarca-fotos-y-proximamente-video-del-fenomeno-climatico","status":"publish","type":"post","link":"https:\/\/www.celttv.com.ar\/index.php\/2013\/07\/21\/la-nieve-se-asocio-con-las-vacaciones-de-invierno-en-la-comarca-fotos-y-proximamente-video-del-fenomeno-climatico\/","title":{"rendered":"LA NIEVE SE ASOCIO CON LAS VACACIONES DE INVIERNO EN LA COMARCA (Fotos y pr\u00f3ximamente video del fen\u00f3meno clim\u00e1tico)"},"content":{"rendered":"<p>Si algo le faltaba al muy buen per\u00edodo invernal que se est\u00e1 viviendo en la Comarca Sierras de la Ventana era la intensa nevada que se registr\u00f3 en las \u00faltimas horas y que ti\u00f1\u00f3 de blanco todo el cord\u00f3n serrano, transformando el tradicional y bello paisaje.<br \/>\nDesde las \u00faltimas horas de la noche del s\u00e1bado, los copos blancos comenzaron a modificar la fisonom\u00eda de los diferentes cerros y a sumar un esperado atractivo a las vacaciones, que seguramente motivar\u00e1 la llegada de una mayor cantidad de turistas.<br \/>\nEl gran manto blanco que se form\u00f3 sobre el asfalto de la ruta provincial 76 provoc\u00f3 la inmediata intervenci\u00f3n de la Municipalidad de Tornquist, a trav\u00e9s del \u00e1rea de Defensa Civil y la Secretar\u00eda de Obras y Servicios P\u00fablicos, a fin de coordinar las acciones necesarias para evitar los inconvenientes que puede provocar el fen\u00f3meno clim\u00e1tico.<br \/>\nAnte la situaci\u00f3n observada en el sector, se decidi\u00f3 el corte provisorio del tr\u00e1nsito en el sector comprendido entre el Restaurante Casa de Piedra y en el ingreso a la localidad de Villa Ventana. En el lugar se encuentra trabajando una motoniveladora y una pala cargadora.<br \/>\nEl operativo tambi\u00e9n incluy\u00f3 el trabajo de los Bomberos Voluntarios de Tornquist, Sierra de la Ventana y Villa Ventana; la Polic\u00eda de las mismas localidades, la Polic\u00eda de Seguridad Vial del distrito y la Agencia Nacional de Seguridad Vial.<br \/>\nSe le solicita a quienes deban transitar por el lugar tener la mayor responsabilidad y hacerlo con el mayor cuidado posible, dado las dif\u00edciles condiciones de transitabilidad del sector. La ruta ser\u00e1 habilitada nuevamente cuando se finalicen con los trabajos correspondientes.<br \/>\n&nbsp;<br \/>\n&nbsp;<\/p>\n","protected":false},"excerpt":{"rendered":"<p>Si algo le faltaba al muy buen per\u00edodo invernal que se est\u00e1 viviendo en la Comarca Sierras de la Ventana era la intensa nevada que se registr\u00f3 en las \u00faltimas horas y que ti\u00f1\u00f3 de blanco todo el cord\u00f3n serrano, transformando el tradicional y bello paisaje. Desde las \u00faltimas horas de la noche del s\u00e1bado, [&hellip;]<\/p>\n","protected":false},"author":1,"featured_media":0,"comment_status":"closed","ping_status":"open","sticky":false,"template":"","format":"standard","meta":{"footnotes":""},"categories":[51,52,56],"tags":[],"class_list":["post-12718","post","type-post","status-publish","format-standard","hentry","category-comunidad","category-destacadas","category-espectaculos"],"yoast_head":"<!-- This site is optimized with the Yoast SEO plugin v19.7.1 - https:\/\/yoast.com\/wordpress\/plugins\/seo\/ -->\n<title>LA NIEVE SE ASOCIO CON LAS VACACIONES DE INVIERNO EN LA COMARCA (Fotos y pr\u00f3ximamente video del fen\u00f3meno clim\u00e1tico) - CELTTV<\/title>\n<meta name=\"description\" content=\"Sitio web de noticias de la localidad de Tornquist, provincia de Buenos Aires, Rep\u00fablica Argentina. Contenido propio originado por periodistas de CELTTV, el canal de TV local de la Cooperativa El\u00e9ctrica de Tornquist. Turismo, Pol\u00edtica, Sociedad, Deporte, Cultura y todo el contenido de inter\u00e9s general que la gente del pueblo y la regi\u00f3n debe conocer.\" \/>\n<meta name=\"robots\" content=\"index, follow, max-snippet:-1, max-image-preview:large, max-video-preview:-1\" \/>\n<link rel=\"canonical\" href=\"https:\/\/www.celttv.com.ar\/index.php\/2013\/07\/21\/la-nieve-se-asocio-con-las-vacaciones-de-invierno-en-la-comarca-fotos-y-proximamente-video-del-fenomeno-climatico\/\" \/>\n<meta property=\"og:locale\" content=\"es_ES\" \/>\n<meta property=\"og:type\" content=\"article\" \/>\n<meta property=\"og:title\" content=\"LA NIEVE SE ASOCIO CON LAS VACACIONES DE INVIERNO EN LA COMARCA (Fotos y pr\u00f3ximamente video del fen\u00f3meno clim\u00e1tico) - CELTTV\" \/>\n<meta property=\"og:description\" content=\"Sitio web de noticias de la localidad de Tornquist, provincia de Buenos Aires, Rep\u00fablica Argentina. Contenido propio originado por periodistas de CELTTV, el canal de TV local de la Cooperativa El\u00e9ctrica de Tornquist. Turismo, Pol\u00edtica, Sociedad, Deporte, Cultura y todo el contenido de inter\u00e9s general que la gente del pueblo y la regi\u00f3n debe conocer.\" \/>\n<meta property=\"og:url\" content=\"https:\/\/www.celttv.com.ar\/index.php\/2013\/07\/21\/la-nieve-se-asocio-con-las-vacaciones-de-invierno-en-la-comarca-fotos-y-proximamente-video-del-fenomeno-climatico\/\" \/>\n<meta property=\"og:site_name\" content=\"CELTTV\" \/>\n<meta property=\"article:publisher\" content=\"https:\/\/www.facebook.com\/celtTV\/\" \/>\n<meta property=\"article:published_time\" content=\"2013-07-21T17:09:24+00:00\" \/>\n<meta name=\"author\" content=\"ulises\" \/>\n<meta name=\"twitter:card\" content=\"summary_large_image\" \/>\n<meta name=\"twitter:label1\" content=\"Escrito por\" \/>\n\t<meta name=\"twitter:data1\" content=\"ulises\" \/>\n\t<meta name=\"twitter:label2\" content=\"Tiempo de lectura\" \/>\n\t<meta name=\"twitter:data2\" content=\"1 minuto\" \/>\n<script type=\"application\/ld+json\" class=\"yoast-schema-graph\">{\"@context\":\"https:\/\/schema.org\",\"@graph\":[{\"@type\":\"NewsArticle\",\"@id\":\"https:\/\/www.celttv.com.ar\/index.php\/2013\/07\/21\/la-nieve-se-asocio-con-las-vacaciones-de-invierno-en-la-comarca-fotos-y-proximamente-video-del-fenomeno-climatico\/#article\",\"isPartOf\":{\"@id\":\"https:\/\/www.celttv.com.ar\/index.php\/2013\/07\/21\/la-nieve-se-asocio-con-las-vacaciones-de-invierno-en-la-comarca-fotos-y-proximamente-video-del-fenomeno-climatico\/\"},\"author\":{\"name\":\"ulises\",\"@id\":\"https:\/\/www.celttv.com.ar\/#\/schema\/person\/6d99c072dba59953809c81446e9d0ace\"},\"headline\":\"LA NIEVE SE ASOCIO CON LAS VACACIONES DE INVIERNO EN LA COMARCA (Fotos y pr\u00f3ximamente video del fen\u00f3meno clim\u00e1tico)\",\"datePublished\":\"2013-07-21T17:09:24+00:00\",\"dateModified\":\"2013-07-21T17:09:24+00:00\",\"mainEntityOfPage\":{\"@id\":\"https:\/\/www.celttv.com.ar\/index.php\/2013\/07\/21\/la-nieve-se-asocio-con-las-vacaciones-de-invierno-en-la-comarca-fotos-y-proximamente-video-del-fenomeno-climatico\/\"},\"wordCount\":312,\"publisher\":{\"@id\":\"https:\/\/www.celttv.com.ar\/#organization\"},\"articleSection\":[\"Comunidad\",\"Destacadas\",\"Espect\u00e1culos\"],\"inLanguage\":\"es\"},{\"@type\":\"WebPage\",\"@id\":\"https:\/\/www.celttv.com.ar\/index.php\/2013\/07\/21\/la-nieve-se-asocio-con-las-vacaciones-de-invierno-en-la-comarca-fotos-y-proximamente-video-del-fenomeno-climatico\/\",\"url\":\"https:\/\/www.celttv.com.ar\/index.php\/2013\/07\/21\/la-nieve-se-asocio-con-las-vacaciones-de-invierno-en-la-comarca-fotos-y-proximamente-video-del-fenomeno-climatico\/\",\"name\":\"LA NIEVE SE ASOCIO CON LAS VACACIONES DE INVIERNO EN LA COMARCA (Fotos y pr\u00f3ximamente video del fen\u00f3meno clim\u00e1tico) - CELTTV\",\"isPartOf\":{\"@id\":\"https:\/\/www.celttv.com.ar\/#website\"},\"datePublished\":\"2013-07-21T17:09:24+00:00\",\"dateModified\":\"2013-07-21T17:09:24+00:00\",\"description\":\"Sitio web de noticias de la localidad de Tornquist, provincia de Buenos Aires, Rep\u00fablica Argentina. Contenido propio originado por periodistas de CELTTV, el canal de TV local de la Cooperativa El\u00e9ctrica de Tornquist. Turismo, Pol\u00edtica, Sociedad, Deporte, Cultura y todo el contenido de inter\u00e9s general que la gente del pueblo y la regi\u00f3n debe conocer.\",\"breadcrumb\":{\"@id\":\"https:\/\/www.celttv.com.ar\/index.php\/2013\/07\/21\/la-nieve-se-asocio-con-las-vacaciones-de-invierno-en-la-comarca-fotos-y-proximamente-video-del-fenomeno-climatico\/#breadcrumb\"},\"inLanguage\":\"es\",\"potentialAction\":[{\"@type\":\"ReadAction\",\"target\":[\"https:\/\/www.celttv.com.ar\/index.php\/2013\/07\/21\/la-nieve-se-asocio-con-las-vacaciones-de-invierno-en-la-comarca-fotos-y-proximamente-video-del-fenomeno-climatico\/\"]}]},{\"@type\":\"BreadcrumbList\",\"@id\":\"https:\/\/www.celttv.com.ar\/index.php\/2013\/07\/21\/la-nieve-se-asocio-con-las-vacaciones-de-invierno-en-la-comarca-fotos-y-proximamente-video-del-fenomeno-climatico\/#breadcrumb\",\"itemListElement\":[{\"@type\":\"ListItem\",\"position\":1,\"name\":\"Inicio\",\"item\":\"https:\/\/www.celttv.com.ar\/\"},{\"@type\":\"ListItem\",\"position\":2,\"name\":\"LA NIEVE SE ASOCIO CON LAS VACACIONES DE INVIERNO EN LA COMARCA (Fotos y pr\u00f3ximamente video del fen\u00f3meno clim\u00e1tico)\"}]},{\"@type\":\"WebSite\",\"@id\":\"https:\/\/www.celttv.com.ar\/#website\",\"url\":\"https:\/\/www.celttv.com.ar\/\",\"name\":\"CELTTV\",\"description\":\"Cooperativa El\u00e9ctrica de Tornquist\",\"publisher\":{\"@id\":\"https:\/\/www.celttv.com.ar\/#organization\"},\"potentialAction\":[{\"@type\":\"SearchAction\",\"target\":{\"@type\":\"EntryPoint\",\"urlTemplate\":\"https:\/\/www.celttv.com.ar\/?s={search_term_string}\"},\"query-input\":\"required name=search_term_string\"}],\"inLanguage\":\"es\"},{\"@type\":\"Organization\",\"@id\":\"https:\/\/www.celttv.com.ar\/#organization\",\"name\":\"CELTTV\",\"url\":\"https:\/\/www.celttv.com.ar\/\",\"sameAs\":[\"https:\/\/www.youtube.com\/channel\/UCz_oIt8Hig64Ub-EmcNPIhg\",\"https:\/\/www.facebook.com\/celtTV\/\"],\"logo\":{\"@type\":\"ImageObject\",\"inLanguage\":\"es\",\"@id\":\"https:\/\/www.celttv.com.ar\/#\/schema\/logo\/image\/\",\"url\":\"http:\/\/www.celttv.com.ar\/wp-content\/uploads\/2022\/08\/logo-1.png\",\"contentUrl\":\"http:\/\/www.celttv.com.ar\/wp-content\/uploads\/2022\/08\/logo-1.png\",\"width\":461,\"height\":159,\"caption\":\"CELTTV\"},\"image\":{\"@id\":\"https:\/\/www.celttv.com.ar\/#\/schema\/logo\/image\/\"}},{\"@type\":\"Person\",\"@id\":\"https:\/\/www.celttv.com.ar\/#\/schema\/person\/6d99c072dba59953809c81446e9d0ace\",\"name\":\"ulises\",\"image\":{\"@type\":\"ImageObject\",\"inLanguage\":\"es\",\"@id\":\"https:\/\/www.celttv.com.ar\/#\/schema\/person\/image\/\",\"url\":\"https:\/\/secure.gravatar.com\/avatar\/7f2c48bdc33b30088f941fb6082e555f2874c98e20cb159d7b92b50eadfce793?s=96&d=mm&r=g\",\"contentUrl\":\"https:\/\/secure.gravatar.com\/avatar\/7f2c48bdc33b30088f941fb6082e555f2874c98e20cb159d7b92b50eadfce793?s=96&d=mm&r=g\",\"caption\":\"ulises\"},\"sameAs\":[\"http:\/\/www.celttv.com.ar\"]}]}<\/script>\n<!-- \/ Yoast SEO plugin. -->","yoast_head_json":{"title":"LA NIEVE SE ASOCIO CON LAS VACACIONES DE INVIERNO EN LA COMARCA (Fotos y pr\u00f3ximamente video del fen\u00f3meno clim\u00e1tico) - CELTTV","description":"Sitio web de noticias de la localidad de Tornquist, provincia de Buenos Aires, Rep\u00fablica Argentina. Contenido propio originado por periodistas de CELTTV, el canal de TV local de la Cooperativa El\u00e9ctrica de Tornquist. Turismo, Pol\u00edtica, Sociedad, Deporte, Cultura y todo el contenido de inter\u00e9s general que la gente del pueblo y la regi\u00f3n debe conocer.","robots":{"index":"index","follow":"follow","max-snippet":"max-snippet:-1","max-image-preview":"max-image-preview:large","max-video-preview":"max-video-preview:-1"},"canonical":"https:\/\/www.celttv.com.ar\/index.php\/2013\/07\/21\/la-nieve-se-asocio-con-las-vacaciones-de-invierno-en-la-comarca-fotos-y-proximamente-video-del-fenomeno-climatico\/","og_locale":"es_ES","og_type":"article","og_title":"LA NIEVE SE ASOCIO CON LAS VACACIONES DE INVIERNO EN LA COMARCA (Fotos y pr\u00f3ximamente video del fen\u00f3meno clim\u00e1tico) - CELTTV","og_description":"Sitio web de noticias de la localidad de Tornquist, provincia de Buenos Aires, Rep\u00fablica Argentina. Contenido propio originado por periodistas de CELTTV, el canal de TV local de la Cooperativa El\u00e9ctrica de Tornquist. Turismo, Pol\u00edtica, Sociedad, Deporte, Cultura y todo el contenido de inter\u00e9s general que la gente del pueblo y la regi\u00f3n debe conocer.","og_url":"https:\/\/www.celttv.com.ar\/index.php\/2013\/07\/21\/la-nieve-se-asocio-con-las-vacaciones-de-invierno-en-la-comarca-fotos-y-proximamente-video-del-fenomeno-climatico\/","og_site_name":"CELTTV","article_publisher":"https:\/\/www.facebook.com\/celtTV\/","article_published_time":"2013-07-21T17:09:24+00:00","author":"ulises","twitter_card":"summary_large_image","twitter_misc":{"Escrito por":"ulises","Tiempo de lectura":"1 minuto"},"schema":{"@context":"https:\/\/schema.org","@graph":[{"@type":"NewsArticle","@id":"https:\/\/www.celttv.com.ar\/index.php\/2013\/07\/21\/la-nieve-se-asocio-con-las-vacaciones-de-invierno-en-la-comarca-fotos-y-proximamente-video-del-fenomeno-climatico\/#article","isPartOf":{"@id":"https:\/\/www.celttv.com.ar\/index.php\/2013\/07\/21\/la-nieve-se-asocio-con-las-vacaciones-de-invierno-en-la-comarca-fotos-y-proximamente-video-del-fenomeno-climatico\/"},"author":{"name":"ulises","@id":"https:\/\/www.celttv.com.ar\/#\/schema\/person\/6d99c072dba59953809c81446e9d0ace"},"headline":"LA NIEVE SE ASOCIO CON LAS VACACIONES DE INVIERNO EN LA COMARCA (Fotos y pr\u00f3ximamente video del fen\u00f3meno clim\u00e1tico)","datePublished":"2013-07-21T17:09:24+00:00","dateModified":"2013-07-21T17:09:24+00:00","mainEntityOfPage":{"@id":"https:\/\/www.celttv.com.ar\/index.php\/2013\/07\/21\/la-nieve-se-asocio-con-las-vacaciones-de-invierno-en-la-comarca-fotos-y-proximamente-video-del-fenomeno-climatico\/"},"wordCount":312,"publisher":{"@id":"https:\/\/www.celttv.com.ar\/#organization"},"articleSection":["Comunidad","Destacadas","Espect\u00e1culos"],"inLanguage":"es"},{"@type":"WebPage","@id":"https:\/\/www.celttv.com.ar\/index.php\/2013\/07\/21\/la-nieve-se-asocio-con-las-vacaciones-de-invierno-en-la-comarca-fotos-y-proximamente-video-del-fenomeno-climatico\/","url":"https:\/\/www.celttv.com.ar\/index.php\/2013\/07\/21\/la-nieve-se-asocio-con-las-vacaciones-de-invierno-en-la-comarca-fotos-y-proximamente-video-del-fenomeno-climatico\/","name":"LA NIEVE SE ASOCIO CON LAS VACACIONES DE INVIERNO EN LA COMARCA (Fotos y pr\u00f3ximamente video del fen\u00f3meno clim\u00e1tico) - CELTTV","isPartOf":{"@id":"https:\/\/www.celttv.com.ar\/#website"},"datePublished":"2013-07-21T17:09:24+00:00","dateModified":"2013-07-21T17:09:24+00:00","description":"Sitio web de noticias de la localidad de Tornquist, provincia de Buenos Aires, Rep\u00fablica Argentina. Contenido propio originado por periodistas de CELTTV, el canal de TV local de la Cooperativa El\u00e9ctrica de Tornquist. Turismo, Pol\u00edtica, Sociedad, Deporte, Cultura y todo el contenido de inter\u00e9s general que la gente del pueblo y la regi\u00f3n debe conocer.","breadcrumb":{"@id":"https:\/\/www.celttv.com.ar\/index.php\/2013\/07\/21\/la-nieve-se-asocio-con-las-vacaciones-de-invierno-en-la-comarca-fotos-y-proximamente-video-del-fenomeno-climatico\/#breadcrumb"},"inLanguage":"es","potentialAction":[{"@type":"ReadAction","target":["https:\/\/www.celttv.com.ar\/index.php\/2013\/07\/21\/la-nieve-se-asocio-con-las-vacaciones-de-invierno-en-la-comarca-fotos-y-proximamente-video-del-fenomeno-climatico\/"]}]},{"@type":"BreadcrumbList","@id":"https:\/\/www.celttv.com.ar\/index.php\/2013\/07\/21\/la-nieve-se-asocio-con-las-vacaciones-de-invierno-en-la-comarca-fotos-y-proximamente-video-del-fenomeno-climatico\/#breadcrumb","itemListElement":[{"@type":"ListItem","position":1,"name":"Inicio","item":"https:\/\/www.celttv.com.ar\/"},{"@type":"ListItem","position":2,"name":"LA NIEVE SE ASOCIO CON LAS VACACIONES DE INVIERNO EN LA COMARCA (Fotos y pr\u00f3ximamente video del fen\u00f3meno clim\u00e1tico)"}]},{"@type":"WebSite","@id":"https:\/\/www.celttv.com.ar\/#website","url":"https:\/\/www.celttv.com.ar\/","name":"CELTTV","description":"Cooperativa El\u00e9ctrica de Tornquist","publisher":{"@id":"https:\/\/www.celttv.com.ar\/#organization"},"potentialAction":[{"@type":"SearchAction","target":{"@type":"EntryPoint","urlTemplate":"https:\/\/www.celttv.com.ar\/?s={search_term_string}"},"query-input":"required name=search_term_string"}],"inLanguage":"es"},{"@type":"Organization","@id":"https:\/\/www.celttv.com.ar\/#organization","name":"CELTTV","url":"https:\/\/www.celttv.com.ar\/","sameAs":["https:\/\/www.youtube.com\/channel\/UCz_oIt8Hig64Ub-EmcNPIhg","https:\/\/www.facebook.com\/celtTV\/"],"logo":{"@type":"ImageObject","inLanguage":"es","@id":"https:\/\/www.celttv.com.ar\/#\/schema\/logo\/image\/","url":"http:\/\/www.celttv.com.ar\/wp-content\/uploads\/2022\/08\/logo-1.png","contentUrl":"http:\/\/www.celttv.com.ar\/wp-content\/uploads\/2022\/08\/logo-1.png","width":461,"height":159,"caption":"CELTTV"},"image":{"@id":"https:\/\/www.celttv.com.ar\/#\/schema\/logo\/image\/"}},{"@type":"Person","@id":"https:\/\/www.celttv.com.ar\/#\/schema\/person\/6d99c072dba59953809c81446e9d0ace","name":"ulises","image":{"@type":"ImageObject","inLanguage":"es","@id":"https:\/\/www.celttv.com.ar\/#\/schema\/person\/image\/","url":"https:\/\/secure.gravatar.com\/avatar\/7f2c48bdc33b30088f941fb6082e555f2874c98e20cb159d7b92b50eadfce793?s=96&d=mm&r=g","contentUrl":"https:\/\/secure.gravatar.com\/avatar\/7f2c48bdc33b30088f941fb6082e555f2874c98e20cb159d7b92b50eadfce793?s=96&d=mm&r=g","caption":"ulises"},"sameAs":["http:\/\/www.celttv.com.ar"]}]}},"_links":{"self":[{"href":"https:\/\/www.celttv.com.ar\/index.php\/wp-json\/wp\/v2\/posts\/12718","targetHints":{"allow":["GET"]}}],"collection":[{"href":"https:\/\/www.celttv.com.ar\/index.php\/wp-json\/wp\/v2\/posts"}],"about":[{"href":"https:\/\/www.celttv.com.ar\/index.php\/wp-json\/wp\/v2\/types\/post"}],"author":[{"embeddable":true,"href":"https:\/\/www.celttv.com.ar\/index.php\/wp-json\/wp\/v2\/users\/1"}],"replies":[{"embeddable":true,"href":"https:\/\/www.celttv.com.ar\/index.php\/wp-json\/wp\/v2\/comments?post=12718"}],"version-history":[{"count":0,"href":"https:\/\/www.celttv.com.ar\/index.php\/wp-json\/wp\/v2\/posts\/12718\/revisions"}],"wp:attachment":[{"href":"https:\/\/www.celttv.com.ar\/index.php\/wp-json\/wp\/v2\/media?parent=12718"}],"wp:term":[{"taxonomy":"category","embeddable":true,"href":"https:\/\/www.celttv.com.ar\/index.php\/wp-json\/wp\/v2\/categories?post=12718"},{"taxonomy":"post_tag","embeddable":true,"href":"https:\/\/www.celttv.com.ar\/index.php\/wp-json\/wp\/v2\/tags?post=12718"}],"curies":[{"name":"wp","href":"https:\/\/api.w.org\/{rel}","templated":true}]}}