{"id":12771,"date":"2013-07-22T19:47:41","date_gmt":"2013-07-22T19:47:41","guid":{"rendered":"http:\/\/www.tvcnoticias.com.ar\/?p=12771"},"modified":"2013-07-22T19:47:41","modified_gmt":"2013-07-22T19:47:41","slug":"trankels-firmo-un-leasing-para-adquirir-una-ambulancia-y-una-camioneta","status":"publish","type":"post","link":"https:\/\/www.celttv.com.ar\/index.php\/2013\/07\/22\/trankels-firmo-un-leasing-para-adquirir-una-ambulancia-y-una-camioneta\/","title":{"rendered":"TRANKELS FIRMO UN LEASING PARA ADQUIRIR UNA AMBULANCIA Y UNA CAMIONETA"},"content":{"rendered":"<p>Un contrato por 503.098,61 pesos, destinados a financiar la adquisici\u00f3n de veh\u00edculos para mejorar la prestaci\u00f3n de los servicios, suscribi\u00f3 en la ma\u00f1ana de hoy el intendente municipal, licenciado Gustavo Trankels, con el vicepresidente de Provincia Leasing, Roberto Ravale.<br \/>\nDe esta manera, Tornquist adquiri\u00f3 una ambulancia para traslados y una camioneta 4&#215;4 doble cabina, que ser\u00e1n destinadas a la Secretar\u00eda de Salud y a la de Obras y Servicios P\u00fablicos de la comuna, respectivamente.<br \/>\n\u201cPara nosotros es fundamental adquirir este tipo de equipamiento y no lo hubi\u00e9semos logrado si el acompa\u00f1amiento de Provincia Leasing\u201d, recalc\u00f3 el jefe comunal.<br \/>\n\u201cEn el \u00e1rea de salud tenemos 10 centros de atenci\u00f3n primaria distribuidos en distintas localidades del distrito, uno de mediana complejidad en la ciudad cabecera, y para los casos de alta complejidad nos referenciamos en Bah\u00eda Blanca. Por ese motivo, la log\u00edstica es muy importante\u201d, consider\u00f3.<br \/>\n\u201cLa camioneta ser\u00e1 destinada a recorrer los m\u00e1s de 1800 kil\u00f3metros de caminos rurales, para la Comisi\u00f3n Asesora Vial que formamos en convenio con los productores agropecuarios\u201d, agreg\u00f3.<br \/>\nTrankels agradeci\u00f3 el apoyo y el acompa\u00f1amiento del gobernador Daniel Scioli y al Grupo Provincia, que permiten continuar con la renovaci\u00f3n del parque de veh\u00edculos municipales.<br \/>\n\u201cLa l\u00ednea de Leasing para Municipios es una herramienta fundamental que ofrece el Grupo Provincia para colaborar con la Provincia y la Naci\u00f3n en la tarea de fortalecer los gobiernos locales y hacer llegar a trav\u00e9s de ellos m\u00e1s calidad de vida y mejores servicios a todos los vecinos\u201d, coment\u00f3 Ravale.<br \/>\n&nbsp;<br \/>\nLa Municipalidad de Tornquist viene operando con Provincia Leasing desde el a\u00f1o 1998. Esta herramienta le ha permitido adquirir, entre otros, una ambulancia, un minicargador y barredor, y un cargador con retroexcavadora.<br \/>\nEl acto de firma tuvo lugar en las oficinas de Provincia Leasing, ubicadas en la Ciudad Aut\u00f3noma de Buenos Aires.<br \/>\n&nbsp;<\/p>\n","protected":false},"excerpt":{"rendered":"<p>Un contrato por 503.098,61 pesos, destinados a financiar la adquisici\u00f3n de veh\u00edculos para mejorar la prestaci\u00f3n de los servicios, suscribi\u00f3 en la ma\u00f1ana de hoy el intendente municipal, licenciado Gustavo Trankels, con el vicepresidente de Provincia Leasing, Roberto Ravale. De esta manera, Tornquist adquiri\u00f3 una ambulancia para traslados y una camioneta 4&#215;4 doble cabina, que [&hellip;]<\/p>\n","protected":false},"author":1,"featured_media":0,"comment_status":"closed","ping_status":"open","sticky":false,"template":"","format":"standard","meta":{"footnotes":""},"categories":[51,52,53],"tags":[],"class_list":["post-12771","post","type-post","status-publish","format-standard","hentry","category-comunidad","category-destacadas","category-politica"],"yoast_head":"<!-- This site is optimized with the Yoast SEO plugin v19.7.1 - https:\/\/yoast.com\/wordpress\/plugins\/seo\/ -->\n<title>TRANKELS FIRMO UN LEASING PARA ADQUIRIR UNA AMBULANCIA Y UNA CAMIONETA - CELTTV<\/title>\n<meta name=\"description\" content=\"Sitio web de noticias de la localidad de Tornquist, provincia de Buenos Aires, Rep\u00fablica Argentina. Contenido propio originado por periodistas de CELTTV, el canal de TV local de la Cooperativa El\u00e9ctrica de Tornquist. Turismo, Pol\u00edtica, Sociedad, Deporte, Cultura y todo el contenido de inter\u00e9s general que la gente del pueblo y la regi\u00f3n debe conocer.\" \/>\n<meta name=\"robots\" content=\"index, follow, max-snippet:-1, max-image-preview:large, max-video-preview:-1\" \/>\n<link rel=\"canonical\" href=\"https:\/\/www.celttv.com.ar\/index.php\/2013\/07\/22\/trankels-firmo-un-leasing-para-adquirir-una-ambulancia-y-una-camioneta\/\" \/>\n<meta property=\"og:locale\" content=\"es_ES\" \/>\n<meta property=\"og:type\" content=\"article\" \/>\n<meta property=\"og:title\" content=\"TRANKELS FIRMO UN LEASING PARA ADQUIRIR UNA AMBULANCIA Y UNA CAMIONETA - CELTTV\" \/>\n<meta property=\"og:description\" content=\"Sitio web de noticias de la localidad de Tornquist, provincia de Buenos Aires, Rep\u00fablica Argentina. Contenido propio originado por periodistas de CELTTV, el canal de TV local de la Cooperativa El\u00e9ctrica de Tornquist. Turismo, Pol\u00edtica, Sociedad, Deporte, Cultura y todo el contenido de inter\u00e9s general que la gente del pueblo y la regi\u00f3n debe conocer.\" \/>\n<meta property=\"og:url\" content=\"https:\/\/www.celttv.com.ar\/index.php\/2013\/07\/22\/trankels-firmo-un-leasing-para-adquirir-una-ambulancia-y-una-camioneta\/\" \/>\n<meta property=\"og:site_name\" content=\"CELTTV\" \/>\n<meta property=\"article:publisher\" content=\"https:\/\/www.facebook.com\/celtTV\/\" \/>\n<meta property=\"article:published_time\" content=\"2013-07-22T19:47:41+00:00\" \/>\n<meta name=\"author\" content=\"ulises\" \/>\n<meta name=\"twitter:card\" content=\"summary_large_image\" \/>\n<meta name=\"twitter:label1\" content=\"Escrito por\" \/>\n\t<meta name=\"twitter:data1\" content=\"ulises\" \/>\n\t<meta name=\"twitter:label2\" content=\"Tiempo de lectura\" \/>\n\t<meta name=\"twitter:data2\" content=\"2 minutos\" \/>\n<script type=\"application\/ld+json\" class=\"yoast-schema-graph\">{\"@context\":\"https:\/\/schema.org\",\"@graph\":[{\"@type\":\"NewsArticle\",\"@id\":\"https:\/\/www.celttv.com.ar\/index.php\/2013\/07\/22\/trankels-firmo-un-leasing-para-adquirir-una-ambulancia-y-una-camioneta\/#article\",\"isPartOf\":{\"@id\":\"https:\/\/www.celttv.com.ar\/index.php\/2013\/07\/22\/trankels-firmo-un-leasing-para-adquirir-una-ambulancia-y-una-camioneta\/\"},\"author\":{\"name\":\"ulises\",\"@id\":\"https:\/\/www.celttv.com.ar\/#\/schema\/person\/6d99c072dba59953809c81446e9d0ace\"},\"headline\":\"TRANKELS FIRMO UN LEASING PARA ADQUIRIR UNA AMBULANCIA Y UNA CAMIONETA\",\"datePublished\":\"2013-07-22T19:47:41+00:00\",\"dateModified\":\"2013-07-22T19:47:41+00:00\",\"mainEntityOfPage\":{\"@id\":\"https:\/\/www.celttv.com.ar\/index.php\/2013\/07\/22\/trankels-firmo-un-leasing-para-adquirir-una-ambulancia-y-una-camioneta\/\"},\"wordCount\":334,\"publisher\":{\"@id\":\"https:\/\/www.celttv.com.ar\/#organization\"},\"articleSection\":[\"Comunidad\",\"Destacadas\",\"Pol\u00edtica\"],\"inLanguage\":\"es\"},{\"@type\":\"WebPage\",\"@id\":\"https:\/\/www.celttv.com.ar\/index.php\/2013\/07\/22\/trankels-firmo-un-leasing-para-adquirir-una-ambulancia-y-una-camioneta\/\",\"url\":\"https:\/\/www.celttv.com.ar\/index.php\/2013\/07\/22\/trankels-firmo-un-leasing-para-adquirir-una-ambulancia-y-una-camioneta\/\",\"name\":\"TRANKELS FIRMO UN LEASING PARA ADQUIRIR UNA AMBULANCIA Y UNA CAMIONETA - CELTTV\",\"isPartOf\":{\"@id\":\"https:\/\/www.celttv.com.ar\/#website\"},\"datePublished\":\"2013-07-22T19:47:41+00:00\",\"dateModified\":\"2013-07-22T19:47:41+00:00\",\"description\":\"Sitio web de noticias de la localidad de Tornquist, provincia de Buenos Aires, Rep\u00fablica Argentina. Contenido propio originado por periodistas de CELTTV, el canal de TV local de la Cooperativa El\u00e9ctrica de Tornquist. Turismo, Pol\u00edtica, Sociedad, Deporte, Cultura y todo el contenido de inter\u00e9s general que la gente del pueblo y la regi\u00f3n debe conocer.\",\"breadcrumb\":{\"@id\":\"https:\/\/www.celttv.com.ar\/index.php\/2013\/07\/22\/trankels-firmo-un-leasing-para-adquirir-una-ambulancia-y-una-camioneta\/#breadcrumb\"},\"inLanguage\":\"es\",\"potentialAction\":[{\"@type\":\"ReadAction\",\"target\":[\"https:\/\/www.celttv.com.ar\/index.php\/2013\/07\/22\/trankels-firmo-un-leasing-para-adquirir-una-ambulancia-y-una-camioneta\/\"]}]},{\"@type\":\"BreadcrumbList\",\"@id\":\"https:\/\/www.celttv.com.ar\/index.php\/2013\/07\/22\/trankels-firmo-un-leasing-para-adquirir-una-ambulancia-y-una-camioneta\/#breadcrumb\",\"itemListElement\":[{\"@type\":\"ListItem\",\"position\":1,\"name\":\"Inicio\",\"item\":\"https:\/\/www.celttv.com.ar\/\"},{\"@type\":\"ListItem\",\"position\":2,\"name\":\"TRANKELS FIRMO UN LEASING PARA ADQUIRIR UNA AMBULANCIA Y UNA CAMIONETA\"}]},{\"@type\":\"WebSite\",\"@id\":\"https:\/\/www.celttv.com.ar\/#website\",\"url\":\"https:\/\/www.celttv.com.ar\/\",\"name\":\"CELTTV\",\"description\":\"Cooperativa El\u00e9ctrica de Tornquist\",\"publisher\":{\"@id\":\"https:\/\/www.celttv.com.ar\/#organization\"},\"potentialAction\":[{\"@type\":\"SearchAction\",\"target\":{\"@type\":\"EntryPoint\",\"urlTemplate\":\"https:\/\/www.celttv.com.ar\/?s={search_term_string}\"},\"query-input\":\"required name=search_term_string\"}],\"inLanguage\":\"es\"},{\"@type\":\"Organization\",\"@id\":\"https:\/\/www.celttv.com.ar\/#organization\",\"name\":\"CELTTV\",\"url\":\"https:\/\/www.celttv.com.ar\/\",\"sameAs\":[\"https:\/\/www.youtube.com\/channel\/UCz_oIt8Hig64Ub-EmcNPIhg\",\"https:\/\/www.facebook.com\/celtTV\/\"],\"logo\":{\"@type\":\"ImageObject\",\"inLanguage\":\"es\",\"@id\":\"https:\/\/www.celttv.com.ar\/#\/schema\/logo\/image\/\",\"url\":\"http:\/\/www.celttv.com.ar\/wp-content\/uploads\/2022\/08\/logo-1.png\",\"contentUrl\":\"http:\/\/www.celttv.com.ar\/wp-content\/uploads\/2022\/08\/logo-1.png\",\"width\":461,\"height\":159,\"caption\":\"CELTTV\"},\"image\":{\"@id\":\"https:\/\/www.celttv.com.ar\/#\/schema\/logo\/image\/\"}},{\"@type\":\"Person\",\"@id\":\"https:\/\/www.celttv.com.ar\/#\/schema\/person\/6d99c072dba59953809c81446e9d0ace\",\"name\":\"ulises\",\"image\":{\"@type\":\"ImageObject\",\"inLanguage\":\"es\",\"@id\":\"https:\/\/www.celttv.com.ar\/#\/schema\/person\/image\/\",\"url\":\"https:\/\/secure.gravatar.com\/avatar\/7f2c48bdc33b30088f941fb6082e555f2874c98e20cb159d7b92b50eadfce793?s=96&d=mm&r=g\",\"contentUrl\":\"https:\/\/secure.gravatar.com\/avatar\/7f2c48bdc33b30088f941fb6082e555f2874c98e20cb159d7b92b50eadfce793?s=96&d=mm&r=g\",\"caption\":\"ulises\"},\"sameAs\":[\"http:\/\/www.celttv.com.ar\"]}]}<\/script>\n<!-- \/ Yoast SEO plugin. -->","yoast_head_json":{"title":"TRANKELS FIRMO UN LEASING PARA ADQUIRIR UNA AMBULANCIA Y UNA CAMIONETA - CELTTV","description":"Sitio web de noticias de la localidad de Tornquist, provincia de Buenos Aires, Rep\u00fablica Argentina. Contenido propio originado por periodistas de CELTTV, el canal de TV local de la Cooperativa El\u00e9ctrica de Tornquist. Turismo, Pol\u00edtica, Sociedad, Deporte, Cultura y todo el contenido de inter\u00e9s general que la gente del pueblo y la regi\u00f3n debe conocer.","robots":{"index":"index","follow":"follow","max-snippet":"max-snippet:-1","max-image-preview":"max-image-preview:large","max-video-preview":"max-video-preview:-1"},"canonical":"https:\/\/www.celttv.com.ar\/index.php\/2013\/07\/22\/trankels-firmo-un-leasing-para-adquirir-una-ambulancia-y-una-camioneta\/","og_locale":"es_ES","og_type":"article","og_title":"TRANKELS FIRMO UN LEASING PARA ADQUIRIR UNA AMBULANCIA Y UNA CAMIONETA - CELTTV","og_description":"Sitio web de noticias de la localidad de Tornquist, provincia de Buenos Aires, Rep\u00fablica Argentina. Contenido propio originado por periodistas de CELTTV, el canal de TV local de la Cooperativa El\u00e9ctrica de Tornquist. Turismo, Pol\u00edtica, Sociedad, Deporte, Cultura y todo el contenido de inter\u00e9s general que la gente del pueblo y la regi\u00f3n debe conocer.","og_url":"https:\/\/www.celttv.com.ar\/index.php\/2013\/07\/22\/trankels-firmo-un-leasing-para-adquirir-una-ambulancia-y-una-camioneta\/","og_site_name":"CELTTV","article_publisher":"https:\/\/www.facebook.com\/celtTV\/","article_published_time":"2013-07-22T19:47:41+00:00","author":"ulises","twitter_card":"summary_large_image","twitter_misc":{"Escrito por":"ulises","Tiempo de lectura":"2 minutos"},"schema":{"@context":"https:\/\/schema.org","@graph":[{"@type":"NewsArticle","@id":"https:\/\/www.celttv.com.ar\/index.php\/2013\/07\/22\/trankels-firmo-un-leasing-para-adquirir-una-ambulancia-y-una-camioneta\/#article","isPartOf":{"@id":"https:\/\/www.celttv.com.ar\/index.php\/2013\/07\/22\/trankels-firmo-un-leasing-para-adquirir-una-ambulancia-y-una-camioneta\/"},"author":{"name":"ulises","@id":"https:\/\/www.celttv.com.ar\/#\/schema\/person\/6d99c072dba59953809c81446e9d0ace"},"headline":"TRANKELS FIRMO UN LEASING PARA ADQUIRIR UNA AMBULANCIA Y UNA CAMIONETA","datePublished":"2013-07-22T19:47:41+00:00","dateModified":"2013-07-22T19:47:41+00:00","mainEntityOfPage":{"@id":"https:\/\/www.celttv.com.ar\/index.php\/2013\/07\/22\/trankels-firmo-un-leasing-para-adquirir-una-ambulancia-y-una-camioneta\/"},"wordCount":334,"publisher":{"@id":"https:\/\/www.celttv.com.ar\/#organization"},"articleSection":["Comunidad","Destacadas","Pol\u00edtica"],"inLanguage":"es"},{"@type":"WebPage","@id":"https:\/\/www.celttv.com.ar\/index.php\/2013\/07\/22\/trankels-firmo-un-leasing-para-adquirir-una-ambulancia-y-una-camioneta\/","url":"https:\/\/www.celttv.com.ar\/index.php\/2013\/07\/22\/trankels-firmo-un-leasing-para-adquirir-una-ambulancia-y-una-camioneta\/","name":"TRANKELS FIRMO UN LEASING PARA ADQUIRIR UNA AMBULANCIA Y UNA CAMIONETA - CELTTV","isPartOf":{"@id":"https:\/\/www.celttv.com.ar\/#website"},"datePublished":"2013-07-22T19:47:41+00:00","dateModified":"2013-07-22T19:47:41+00:00","description":"Sitio web de noticias de la localidad de Tornquist, provincia de Buenos Aires, Rep\u00fablica Argentina. Contenido propio originado por periodistas de CELTTV, el canal de TV local de la Cooperativa El\u00e9ctrica de Tornquist. Turismo, Pol\u00edtica, Sociedad, Deporte, Cultura y todo el contenido de inter\u00e9s general que la gente del pueblo y la regi\u00f3n debe conocer.","breadcrumb":{"@id":"https:\/\/www.celttv.com.ar\/index.php\/2013\/07\/22\/trankels-firmo-un-leasing-para-adquirir-una-ambulancia-y-una-camioneta\/#breadcrumb"},"inLanguage":"es","potentialAction":[{"@type":"ReadAction","target":["https:\/\/www.celttv.com.ar\/index.php\/2013\/07\/22\/trankels-firmo-un-leasing-para-adquirir-una-ambulancia-y-una-camioneta\/"]}]},{"@type":"BreadcrumbList","@id":"https:\/\/www.celttv.com.ar\/index.php\/2013\/07\/22\/trankels-firmo-un-leasing-para-adquirir-una-ambulancia-y-una-camioneta\/#breadcrumb","itemListElement":[{"@type":"ListItem","position":1,"name":"Inicio","item":"https:\/\/www.celttv.com.ar\/"},{"@type":"ListItem","position":2,"name":"TRANKELS FIRMO UN LEASING PARA ADQUIRIR UNA AMBULANCIA Y UNA CAMIONETA"}]},{"@type":"WebSite","@id":"https:\/\/www.celttv.com.ar\/#website","url":"https:\/\/www.celttv.com.ar\/","name":"CELTTV","description":"Cooperativa El\u00e9ctrica de Tornquist","publisher":{"@id":"https:\/\/www.celttv.com.ar\/#organization"},"potentialAction":[{"@type":"SearchAction","target":{"@type":"EntryPoint","urlTemplate":"https:\/\/www.celttv.com.ar\/?s={search_term_string}"},"query-input":"required name=search_term_string"}],"inLanguage":"es"},{"@type":"Organization","@id":"https:\/\/www.celttv.com.ar\/#organization","name":"CELTTV","url":"https:\/\/www.celttv.com.ar\/","sameAs":["https:\/\/www.youtube.com\/channel\/UCz_oIt8Hig64Ub-EmcNPIhg","https:\/\/www.facebook.com\/celtTV\/"],"logo":{"@type":"ImageObject","inLanguage":"es","@id":"https:\/\/www.celttv.com.ar\/#\/schema\/logo\/image\/","url":"http:\/\/www.celttv.com.ar\/wp-content\/uploads\/2022\/08\/logo-1.png","contentUrl":"http:\/\/www.celttv.com.ar\/wp-content\/uploads\/2022\/08\/logo-1.png","width":461,"height":159,"caption":"CELTTV"},"image":{"@id":"https:\/\/www.celttv.com.ar\/#\/schema\/logo\/image\/"}},{"@type":"Person","@id":"https:\/\/www.celttv.com.ar\/#\/schema\/person\/6d99c072dba59953809c81446e9d0ace","name":"ulises","image":{"@type":"ImageObject","inLanguage":"es","@id":"https:\/\/www.celttv.com.ar\/#\/schema\/person\/image\/","url":"https:\/\/secure.gravatar.com\/avatar\/7f2c48bdc33b30088f941fb6082e555f2874c98e20cb159d7b92b50eadfce793?s=96&d=mm&r=g","contentUrl":"https:\/\/secure.gravatar.com\/avatar\/7f2c48bdc33b30088f941fb6082e555f2874c98e20cb159d7b92b50eadfce793?s=96&d=mm&r=g","caption":"ulises"},"sameAs":["http:\/\/www.celttv.com.ar"]}]}},"_links":{"self":[{"href":"https:\/\/www.celttv.com.ar\/index.php\/wp-json\/wp\/v2\/posts\/12771","targetHints":{"allow":["GET"]}}],"collection":[{"href":"https:\/\/www.celttv.com.ar\/index.php\/wp-json\/wp\/v2\/posts"}],"about":[{"href":"https:\/\/www.celttv.com.ar\/index.php\/wp-json\/wp\/v2\/types\/post"}],"author":[{"embeddable":true,"href":"https:\/\/www.celttv.com.ar\/index.php\/wp-json\/wp\/v2\/users\/1"}],"replies":[{"embeddable":true,"href":"https:\/\/www.celttv.com.ar\/index.php\/wp-json\/wp\/v2\/comments?post=12771"}],"version-history":[{"count":0,"href":"https:\/\/www.celttv.com.ar\/index.php\/wp-json\/wp\/v2\/posts\/12771\/revisions"}],"wp:attachment":[{"href":"https:\/\/www.celttv.com.ar\/index.php\/wp-json\/wp\/v2\/media?parent=12771"}],"wp:term":[{"taxonomy":"category","embeddable":true,"href":"https:\/\/www.celttv.com.ar\/index.php\/wp-json\/wp\/v2\/categories?post=12771"},{"taxonomy":"post_tag","embeddable":true,"href":"https:\/\/www.celttv.com.ar\/index.php\/wp-json\/wp\/v2\/tags?post=12771"}],"curies":[{"name":"wp","href":"https:\/\/api.w.org\/{rel}","templated":true}]}}