{"id":12826,"date":"2013-07-26T19:34:50","date_gmt":"2013-07-26T19:34:50","guid":{"rendered":"http:\/\/www.tvcnoticias.com.ar\/?p=12826"},"modified":"2013-07-26T19:34:50","modified_gmt":"2013-07-26T19:34:50","slug":"el-municipio-recibio-buenas-noticias-por-parte-del-gobernador","status":"publish","type":"post","link":"https:\/\/www.celttv.com.ar\/index.php\/2013\/07\/26\/el-municipio-recibio-buenas-noticias-por-parte-del-gobernador\/","title":{"rendered":"EL MUNICIPIO RECIBIO BUENAS NOTICIAS POR PARTE DEL GOBERNADOR"},"content":{"rendered":"<p><br \/>\nEl intendente municipal, licenciado Gustavo Trankels, particip\u00f3 hoy junto al gobernador Daniel Scioli de un acto desarrollado en Bah\u00eda Blanca, durante el cual se produjo el lanzamiento de la Escuela de Polic\u00eda y se concedieron fondos pertenecientes al Plan Agr\u00edcola Ganadero para los municipios.<br \/>\nLa jornada tambi\u00e9n cont\u00f3 con la presencia de los ministros bonaerense de Gobierno, Cristina Alvarez Rodr\u00edguez; de Asuntos Agrarios, Gustavo Arrieta; de Infraestructura, Alejandro Arl\u00eda; de Justicia, Ricardo Casal; y de Producci\u00f3n, Cristian Breitenstein, adem\u00e1s de jefes comunales de la regi\u00f3n, entre ellos el anfitri\u00f3n Gustavo Bevilacqua.<br \/>\n\u201cSe produjeron dos anuncios de suma importancia para nuestro distrito, teniendo en cuenta que la Escuela de Polic\u00eda es una muy buena posibilidad para aquellos j\u00f3venes que tengan la vocaci\u00f3n de convertirse en agentes de la fuerza provincial, ya que podr\u00e1n hacerlo a pocos kil\u00f3metros de nuestro distrito y con la tranquilidad de recibir una beca y luego pasar a formar parte de la Polic\u00eda Comunal en su lugar de origen. Este es un compromiso que asumi\u00f3 el ministro Casal y que acaba de cumplir junto con el gobernador Daniel Scioli\u201d, destac\u00f3 el intendente Trankels una vez concluido el acto.<br \/>\n\u201cPor otro lado, los fondos recibidos de parte del Ministerio de Agricultura provincial nos permitir\u00e1n fortalecer la tarea que viene realizando el municipio en pos del desarrollo agr\u00edcolo, ganadero y productivo del distrito\u201d, a\u00f1adi\u00f3.<br \/>\nTrankels adem\u00e1s le agradeci\u00f3 a los ministros Gustavo Arrieta y Norberto Yauhar (Agricultura, Ganader\u00eda y Pesca de la Naci\u00f3n) por la gesti\u00f3n de los fondos, a la ministra de Econom\u00eda provincial, Silvina Batakis, y al gobernador Daniel Scioli y la presidenta Cristina Fern\u00e1ndez por la confianza y el apoyo de siempre.<br \/>\nPor otra parte, durante el acto se le entreg\u00f3 una distinci\u00f3n a la Cooperativa El\u00e9ctrica Limitada de Tornquist por trabajar con el programa de cr\u00e9dito del Banco de la Provincia de Buenos Aires, llamado Fuerza Productiva, que le permiti\u00f3 a la entidad adquirir equipamiento y desarrollar obras para fortalecerse.<br \/>\n\u201cLe agradezco al ministro Cristian Breitenstein por el apoyo brindado a trav\u00e9s de Fuerza Productiva a la Cooperativa El\u00e9ctrica local, que brinda importantes servicios que mejoran la calidad de vida de los vecinos\u201d, manifest\u00f3 Trankels.<br \/>\n&nbsp;<\/p>\n","protected":false},"excerpt":{"rendered":"<p>El intendente municipal, licenciado Gustavo Trankels, particip\u00f3 hoy junto al gobernador Daniel Scioli de un acto desarrollado en Bah\u00eda Blanca, durante el cual se produjo el lanzamiento de la Escuela de Polic\u00eda y se concedieron fondos pertenecientes al Plan Agr\u00edcola Ganadero para los municipios. La jornada tambi\u00e9n cont\u00f3 con la presencia de los ministros bonaerense [&hellip;]<\/p>\n","protected":false},"author":1,"featured_media":0,"comment_status":"closed","ping_status":"open","sticky":false,"template":"","format":"standard","meta":{"footnotes":""},"categories":[51,52,53],"tags":[],"class_list":["post-12826","post","type-post","status-publish","format-standard","hentry","category-comunidad","category-destacadas","category-politica"],"yoast_head":"<!-- This site is optimized with the Yoast SEO plugin v19.7.1 - https:\/\/yoast.com\/wordpress\/plugins\/seo\/ -->\n<title>EL MUNICIPIO RECIBIO BUENAS NOTICIAS POR PARTE DEL GOBERNADOR - CELTTV<\/title>\n<meta name=\"description\" content=\"Sitio web de noticias de la localidad de Tornquist, provincia de Buenos Aires, Rep\u00fablica Argentina. Contenido propio originado por periodistas de CELTTV, el canal de TV local de la Cooperativa El\u00e9ctrica de Tornquist. Turismo, Pol\u00edtica, Sociedad, Deporte, Cultura y todo el contenido de inter\u00e9s general que la gente del pueblo y la regi\u00f3n debe conocer.\" \/>\n<meta name=\"robots\" content=\"index, follow, max-snippet:-1, max-image-preview:large, max-video-preview:-1\" \/>\n<link rel=\"canonical\" href=\"https:\/\/www.celttv.com.ar\/index.php\/2013\/07\/26\/el-municipio-recibio-buenas-noticias-por-parte-del-gobernador\/\" \/>\n<meta property=\"og:locale\" content=\"es_ES\" \/>\n<meta property=\"og:type\" content=\"article\" \/>\n<meta property=\"og:title\" content=\"EL MUNICIPIO RECIBIO BUENAS NOTICIAS POR PARTE DEL GOBERNADOR - CELTTV\" \/>\n<meta property=\"og:description\" content=\"Sitio web de noticias de la localidad de Tornquist, provincia de Buenos Aires, Rep\u00fablica Argentina. Contenido propio originado por periodistas de CELTTV, el canal de TV local de la Cooperativa El\u00e9ctrica de Tornquist. Turismo, Pol\u00edtica, Sociedad, Deporte, Cultura y todo el contenido de inter\u00e9s general que la gente del pueblo y la regi\u00f3n debe conocer.\" \/>\n<meta property=\"og:url\" content=\"https:\/\/www.celttv.com.ar\/index.php\/2013\/07\/26\/el-municipio-recibio-buenas-noticias-por-parte-del-gobernador\/\" \/>\n<meta property=\"og:site_name\" content=\"CELTTV\" \/>\n<meta property=\"article:publisher\" content=\"https:\/\/www.facebook.com\/celtTV\/\" \/>\n<meta property=\"article:published_time\" content=\"2013-07-26T19:34:50+00:00\" \/>\n<meta name=\"author\" content=\"ulises\" \/>\n<meta name=\"twitter:card\" content=\"summary_large_image\" \/>\n<meta name=\"twitter:label1\" content=\"Escrito por\" \/>\n\t<meta name=\"twitter:data1\" content=\"ulises\" \/>\n\t<meta name=\"twitter:label2\" content=\"Tiempo de lectura\" \/>\n\t<meta name=\"twitter:data2\" content=\"2 minutos\" \/>\n<script type=\"application\/ld+json\" class=\"yoast-schema-graph\">{\"@context\":\"https:\/\/schema.org\",\"@graph\":[{\"@type\":\"NewsArticle\",\"@id\":\"https:\/\/www.celttv.com.ar\/index.php\/2013\/07\/26\/el-municipio-recibio-buenas-noticias-por-parte-del-gobernador\/#article\",\"isPartOf\":{\"@id\":\"https:\/\/www.celttv.com.ar\/index.php\/2013\/07\/26\/el-municipio-recibio-buenas-noticias-por-parte-del-gobernador\/\"},\"author\":{\"name\":\"ulises\",\"@id\":\"https:\/\/www.celttv.com.ar\/#\/schema\/person\/6d99c072dba59953809c81446e9d0ace\"},\"headline\":\"EL MUNICIPIO RECIBIO BUENAS NOTICIAS POR PARTE DEL GOBERNADOR\",\"datePublished\":\"2013-07-26T19:34:50+00:00\",\"dateModified\":\"2013-07-26T19:34:50+00:00\",\"mainEntityOfPage\":{\"@id\":\"https:\/\/www.celttv.com.ar\/index.php\/2013\/07\/26\/el-municipio-recibio-buenas-noticias-por-parte-del-gobernador\/\"},\"wordCount\":404,\"publisher\":{\"@id\":\"https:\/\/www.celttv.com.ar\/#organization\"},\"articleSection\":[\"Comunidad\",\"Destacadas\",\"Pol\u00edtica\"],\"inLanguage\":\"es\"},{\"@type\":\"WebPage\",\"@id\":\"https:\/\/www.celttv.com.ar\/index.php\/2013\/07\/26\/el-municipio-recibio-buenas-noticias-por-parte-del-gobernador\/\",\"url\":\"https:\/\/www.celttv.com.ar\/index.php\/2013\/07\/26\/el-municipio-recibio-buenas-noticias-por-parte-del-gobernador\/\",\"name\":\"EL MUNICIPIO RECIBIO BUENAS NOTICIAS POR PARTE DEL GOBERNADOR - CELTTV\",\"isPartOf\":{\"@id\":\"https:\/\/www.celttv.com.ar\/#website\"},\"datePublished\":\"2013-07-26T19:34:50+00:00\",\"dateModified\":\"2013-07-26T19:34:50+00:00\",\"description\":\"Sitio web de noticias de la localidad de Tornquist, provincia de Buenos Aires, Rep\u00fablica Argentina. Contenido propio originado por periodistas de CELTTV, el canal de TV local de la Cooperativa El\u00e9ctrica de Tornquist. Turismo, Pol\u00edtica, Sociedad, Deporte, Cultura y todo el contenido de inter\u00e9s general que la gente del pueblo y la regi\u00f3n debe conocer.\",\"breadcrumb\":{\"@id\":\"https:\/\/www.celttv.com.ar\/index.php\/2013\/07\/26\/el-municipio-recibio-buenas-noticias-por-parte-del-gobernador\/#breadcrumb\"},\"inLanguage\":\"es\",\"potentialAction\":[{\"@type\":\"ReadAction\",\"target\":[\"https:\/\/www.celttv.com.ar\/index.php\/2013\/07\/26\/el-municipio-recibio-buenas-noticias-por-parte-del-gobernador\/\"]}]},{\"@type\":\"BreadcrumbList\",\"@id\":\"https:\/\/www.celttv.com.ar\/index.php\/2013\/07\/26\/el-municipio-recibio-buenas-noticias-por-parte-del-gobernador\/#breadcrumb\",\"itemListElement\":[{\"@type\":\"ListItem\",\"position\":1,\"name\":\"Inicio\",\"item\":\"https:\/\/www.celttv.com.ar\/\"},{\"@type\":\"ListItem\",\"position\":2,\"name\":\"EL MUNICIPIO RECIBIO BUENAS NOTICIAS POR PARTE DEL GOBERNADOR\"}]},{\"@type\":\"WebSite\",\"@id\":\"https:\/\/www.celttv.com.ar\/#website\",\"url\":\"https:\/\/www.celttv.com.ar\/\",\"name\":\"CELTTV\",\"description\":\"Cooperativa El\u00e9ctrica de Tornquist\",\"publisher\":{\"@id\":\"https:\/\/www.celttv.com.ar\/#organization\"},\"potentialAction\":[{\"@type\":\"SearchAction\",\"target\":{\"@type\":\"EntryPoint\",\"urlTemplate\":\"https:\/\/www.celttv.com.ar\/?s={search_term_string}\"},\"query-input\":\"required name=search_term_string\"}],\"inLanguage\":\"es\"},{\"@type\":\"Organization\",\"@id\":\"https:\/\/www.celttv.com.ar\/#organization\",\"name\":\"CELTTV\",\"url\":\"https:\/\/www.celttv.com.ar\/\",\"sameAs\":[\"https:\/\/www.youtube.com\/channel\/UCz_oIt8Hig64Ub-EmcNPIhg\",\"https:\/\/www.facebook.com\/celtTV\/\"],\"logo\":{\"@type\":\"ImageObject\",\"inLanguage\":\"es\",\"@id\":\"https:\/\/www.celttv.com.ar\/#\/schema\/logo\/image\/\",\"url\":\"http:\/\/www.celttv.com.ar\/wp-content\/uploads\/2022\/08\/logo-1.png\",\"contentUrl\":\"http:\/\/www.celttv.com.ar\/wp-content\/uploads\/2022\/08\/logo-1.png\",\"width\":461,\"height\":159,\"caption\":\"CELTTV\"},\"image\":{\"@id\":\"https:\/\/www.celttv.com.ar\/#\/schema\/logo\/image\/\"}},{\"@type\":\"Person\",\"@id\":\"https:\/\/www.celttv.com.ar\/#\/schema\/person\/6d99c072dba59953809c81446e9d0ace\",\"name\":\"ulises\",\"image\":{\"@type\":\"ImageObject\",\"inLanguage\":\"es\",\"@id\":\"https:\/\/www.celttv.com.ar\/#\/schema\/person\/image\/\",\"url\":\"https:\/\/secure.gravatar.com\/avatar\/7f2c48bdc33b30088f941fb6082e555f2874c98e20cb159d7b92b50eadfce793?s=96&d=mm&r=g\",\"contentUrl\":\"https:\/\/secure.gravatar.com\/avatar\/7f2c48bdc33b30088f941fb6082e555f2874c98e20cb159d7b92b50eadfce793?s=96&d=mm&r=g\",\"caption\":\"ulises\"},\"sameAs\":[\"http:\/\/www.celttv.com.ar\"]}]}<\/script>\n<!-- \/ Yoast SEO plugin. -->","yoast_head_json":{"title":"EL MUNICIPIO RECIBIO BUENAS NOTICIAS POR PARTE DEL GOBERNADOR - CELTTV","description":"Sitio web de noticias de la localidad de Tornquist, provincia de Buenos Aires, Rep\u00fablica Argentina. Contenido propio originado por periodistas de CELTTV, el canal de TV local de la Cooperativa El\u00e9ctrica de Tornquist. Turismo, Pol\u00edtica, Sociedad, Deporte, Cultura y todo el contenido de inter\u00e9s general que la gente del pueblo y la regi\u00f3n debe conocer.","robots":{"index":"index","follow":"follow","max-snippet":"max-snippet:-1","max-image-preview":"max-image-preview:large","max-video-preview":"max-video-preview:-1"},"canonical":"https:\/\/www.celttv.com.ar\/index.php\/2013\/07\/26\/el-municipio-recibio-buenas-noticias-por-parte-del-gobernador\/","og_locale":"es_ES","og_type":"article","og_title":"EL MUNICIPIO RECIBIO BUENAS NOTICIAS POR PARTE DEL GOBERNADOR - CELTTV","og_description":"Sitio web de noticias de la localidad de Tornquist, provincia de Buenos Aires, Rep\u00fablica Argentina. Contenido propio originado por periodistas de CELTTV, el canal de TV local de la Cooperativa El\u00e9ctrica de Tornquist. Turismo, Pol\u00edtica, Sociedad, Deporte, Cultura y todo el contenido de inter\u00e9s general que la gente del pueblo y la regi\u00f3n debe conocer.","og_url":"https:\/\/www.celttv.com.ar\/index.php\/2013\/07\/26\/el-municipio-recibio-buenas-noticias-por-parte-del-gobernador\/","og_site_name":"CELTTV","article_publisher":"https:\/\/www.facebook.com\/celtTV\/","article_published_time":"2013-07-26T19:34:50+00:00","author":"ulises","twitter_card":"summary_large_image","twitter_misc":{"Escrito por":"ulises","Tiempo de lectura":"2 minutos"},"schema":{"@context":"https:\/\/schema.org","@graph":[{"@type":"NewsArticle","@id":"https:\/\/www.celttv.com.ar\/index.php\/2013\/07\/26\/el-municipio-recibio-buenas-noticias-por-parte-del-gobernador\/#article","isPartOf":{"@id":"https:\/\/www.celttv.com.ar\/index.php\/2013\/07\/26\/el-municipio-recibio-buenas-noticias-por-parte-del-gobernador\/"},"author":{"name":"ulises","@id":"https:\/\/www.celttv.com.ar\/#\/schema\/person\/6d99c072dba59953809c81446e9d0ace"},"headline":"EL MUNICIPIO RECIBIO BUENAS NOTICIAS POR PARTE DEL GOBERNADOR","datePublished":"2013-07-26T19:34:50+00:00","dateModified":"2013-07-26T19:34:50+00:00","mainEntityOfPage":{"@id":"https:\/\/www.celttv.com.ar\/index.php\/2013\/07\/26\/el-municipio-recibio-buenas-noticias-por-parte-del-gobernador\/"},"wordCount":404,"publisher":{"@id":"https:\/\/www.celttv.com.ar\/#organization"},"articleSection":["Comunidad","Destacadas","Pol\u00edtica"],"inLanguage":"es"},{"@type":"WebPage","@id":"https:\/\/www.celttv.com.ar\/index.php\/2013\/07\/26\/el-municipio-recibio-buenas-noticias-por-parte-del-gobernador\/","url":"https:\/\/www.celttv.com.ar\/index.php\/2013\/07\/26\/el-municipio-recibio-buenas-noticias-por-parte-del-gobernador\/","name":"EL MUNICIPIO RECIBIO BUENAS NOTICIAS POR PARTE DEL GOBERNADOR - CELTTV","isPartOf":{"@id":"https:\/\/www.celttv.com.ar\/#website"},"datePublished":"2013-07-26T19:34:50+00:00","dateModified":"2013-07-26T19:34:50+00:00","description":"Sitio web de noticias de la localidad de Tornquist, provincia de Buenos Aires, Rep\u00fablica Argentina. Contenido propio originado por periodistas de CELTTV, el canal de TV local de la Cooperativa El\u00e9ctrica de Tornquist. Turismo, Pol\u00edtica, Sociedad, Deporte, Cultura y todo el contenido de inter\u00e9s general que la gente del pueblo y la regi\u00f3n debe conocer.","breadcrumb":{"@id":"https:\/\/www.celttv.com.ar\/index.php\/2013\/07\/26\/el-municipio-recibio-buenas-noticias-por-parte-del-gobernador\/#breadcrumb"},"inLanguage":"es","potentialAction":[{"@type":"ReadAction","target":["https:\/\/www.celttv.com.ar\/index.php\/2013\/07\/26\/el-municipio-recibio-buenas-noticias-por-parte-del-gobernador\/"]}]},{"@type":"BreadcrumbList","@id":"https:\/\/www.celttv.com.ar\/index.php\/2013\/07\/26\/el-municipio-recibio-buenas-noticias-por-parte-del-gobernador\/#breadcrumb","itemListElement":[{"@type":"ListItem","position":1,"name":"Inicio","item":"https:\/\/www.celttv.com.ar\/"},{"@type":"ListItem","position":2,"name":"EL MUNICIPIO RECIBIO BUENAS NOTICIAS POR PARTE DEL GOBERNADOR"}]},{"@type":"WebSite","@id":"https:\/\/www.celttv.com.ar\/#website","url":"https:\/\/www.celttv.com.ar\/","name":"CELTTV","description":"Cooperativa El\u00e9ctrica de Tornquist","publisher":{"@id":"https:\/\/www.celttv.com.ar\/#organization"},"potentialAction":[{"@type":"SearchAction","target":{"@type":"EntryPoint","urlTemplate":"https:\/\/www.celttv.com.ar\/?s={search_term_string}"},"query-input":"required name=search_term_string"}],"inLanguage":"es"},{"@type":"Organization","@id":"https:\/\/www.celttv.com.ar\/#organization","name":"CELTTV","url":"https:\/\/www.celttv.com.ar\/","sameAs":["https:\/\/www.youtube.com\/channel\/UCz_oIt8Hig64Ub-EmcNPIhg","https:\/\/www.facebook.com\/celtTV\/"],"logo":{"@type":"ImageObject","inLanguage":"es","@id":"https:\/\/www.celttv.com.ar\/#\/schema\/logo\/image\/","url":"http:\/\/www.celttv.com.ar\/wp-content\/uploads\/2022\/08\/logo-1.png","contentUrl":"http:\/\/www.celttv.com.ar\/wp-content\/uploads\/2022\/08\/logo-1.png","width":461,"height":159,"caption":"CELTTV"},"image":{"@id":"https:\/\/www.celttv.com.ar\/#\/schema\/logo\/image\/"}},{"@type":"Person","@id":"https:\/\/www.celttv.com.ar\/#\/schema\/person\/6d99c072dba59953809c81446e9d0ace","name":"ulises","image":{"@type":"ImageObject","inLanguage":"es","@id":"https:\/\/www.celttv.com.ar\/#\/schema\/person\/image\/","url":"https:\/\/secure.gravatar.com\/avatar\/7f2c48bdc33b30088f941fb6082e555f2874c98e20cb159d7b92b50eadfce793?s=96&d=mm&r=g","contentUrl":"https:\/\/secure.gravatar.com\/avatar\/7f2c48bdc33b30088f941fb6082e555f2874c98e20cb159d7b92b50eadfce793?s=96&d=mm&r=g","caption":"ulises"},"sameAs":["http:\/\/www.celttv.com.ar"]}]}},"_links":{"self":[{"href":"https:\/\/www.celttv.com.ar\/index.php\/wp-json\/wp\/v2\/posts\/12826","targetHints":{"allow":["GET"]}}],"collection":[{"href":"https:\/\/www.celttv.com.ar\/index.php\/wp-json\/wp\/v2\/posts"}],"about":[{"href":"https:\/\/www.celttv.com.ar\/index.php\/wp-json\/wp\/v2\/types\/post"}],"author":[{"embeddable":true,"href":"https:\/\/www.celttv.com.ar\/index.php\/wp-json\/wp\/v2\/users\/1"}],"replies":[{"embeddable":true,"href":"https:\/\/www.celttv.com.ar\/index.php\/wp-json\/wp\/v2\/comments?post=12826"}],"version-history":[{"count":0,"href":"https:\/\/www.celttv.com.ar\/index.php\/wp-json\/wp\/v2\/posts\/12826\/revisions"}],"wp:attachment":[{"href":"https:\/\/www.celttv.com.ar\/index.php\/wp-json\/wp\/v2\/media?parent=12826"}],"wp:term":[{"taxonomy":"category","embeddable":true,"href":"https:\/\/www.celttv.com.ar\/index.php\/wp-json\/wp\/v2\/categories?post=12826"},{"taxonomy":"post_tag","embeddable":true,"href":"https:\/\/www.celttv.com.ar\/index.php\/wp-json\/wp\/v2\/tags?post=12826"}],"curies":[{"name":"wp","href":"https:\/\/api.w.org\/{rel}","templated":true}]}}