{"id":12839,"date":"2013-07-30T23:22:19","date_gmt":"2013-07-30T23:22:19","guid":{"rendered":"http:\/\/www.tvcnoticias.com.ar\/?p=12839"},"modified":"2013-07-30T23:22:19","modified_gmt":"2013-07-30T23:22:19","slug":"ppet-el-sapito-de-las-sierras-es-uno-de-los-animales-unicos-de-nuestra-comarca","status":"publish","type":"post","link":"https:\/\/www.celttv.com.ar\/index.php\/2013\/07\/30\/ppet-el-sapito-de-las-sierras-es-uno-de-los-animales-unicos-de-nuestra-comarca\/","title":{"rendered":"PPET: El Sapito de las Sierras es uno de los animales \u00fanicos de nuestra comarca"},"content":{"rendered":"<p><br \/>\nEl sapito de la sierras es un anfibio que pertenece a la familia Bufonidae (la misma del sapo com\u00fan) y al g\u00e9nero Melanophryniscus (que son los sapos sudamericanos de panza roja). Es una especie \u00fanica que habita en las monta\u00f1as de Sistema Ventania y se reproduce en primavera y verano despu\u00e9s de lluvias intensas. Esto sucede en charcos temporarios que se forman en los valles y laderas de los cerros.Los machos y las hembras son de tama\u00f1o muy peque\u00f1o, miden menos de 3 cm de longitud de la cabeza a la cloaca. Tienen el dorso de color negro, muchas veces salpicado con manchas amarillas. En el vientre presentan manchas amarillas, rojas y\/o anaranjadas de distintas formas y tama\u00f1os. Tienen las plantas de las patas rojas y una gran mancha del mismo color en la parte baja del abdomen que utilizan frente a los depredadores cuando se sienten amenazados. Para ello, arquean el dorso en forma c\u00f3ncava y se quedan inm\u00f3viles mostrando las palmas de sus patas hacia arriba. La disposici\u00f3n, forma, tama\u00f1o y color de las manchas son \u00fatiles para quienes estudian a estos animales (se llaman herpet\u00f3logos) porque permiten su identificaci\u00f3n individual. El patr\u00f3n de coloraci\u00f3n de cada individuo es \u00fanico y se p uede considerar an\u00e1logo a las huellas digitales de las personas.\u00a0S\u00f3lo el macho canta, y lo hace para atraer a la hembra con un sonido parecido a \u201ctic tic tic trrrrrrrrrrrrrrrrrr\u201d. El canto tambi\u00e9n tiene un mensaje territorial y es usado para alejar a otros machos del sitio reproductivo. Cuando la hembra responde al llamado del macho, \u00e9ste la abraza por las axilas en el borde del agua (este abrazo se llama amplexo). Entonces mientras la hembra ponen sus \u00f3vulos, el macho los fertiliza y lo pega a las piedras en el fondo de los charcos. Luego de un par de d\u00edas nacen las larvas (m\u00e1s conocidas como renacuajos) que se alimentan b\u00e1sicamente de algas. Deber\u00e1n pasar por muchos cambios hasta convertirse en sapitos peque\u00f1os (de apenas 5 mm.), sin manchas a\u00fan y sin capacidad para reproducirse. La vida del renacuajo es muy corta comparada con la del sapo, mientras que la larva tarda aproximadamente un mes en desarrollarse, el adulto puede vivir m\u00e1s de seis a\u00f1os.Algunos de los problemas que enfrenta el sapito de las sierras incluyen la divisi\u00f3n de su h\u00e1bitat reproductivo por rutas y caminos y la recolecci\u00f3n de adultos para el uso como mascotas. Como ya se dijo, se trata de una especie \u00fanica y su supervivencia depende de que cuidemos los ambientes en los que vive y evitemos su captura. En el grupo GEKKO \u2013 Grupo de Estudios en Conservaci\u00f3n y Manejo de la Universidad Nacional del Sur \u00a0se investiga desde el a\u00f1o 1999 sobre la historia de vida del sapito de las sierras y se trabaja en forma activa para su conservaci\u00f3n.En el pastizal de las sierras est\u00e1 el refugio donde descubrir nuestros animales \u00fanicos.<br \/>\nGracias: Lic. Samanta Cairo \u2013 Grupo Gekko, U.N.S.<\/p>\n","protected":false},"excerpt":{"rendered":"<p>El sapito de la sierras es un anfibio que pertenece a la familia Bufonidae (la misma del sapo com\u00fan) y al g\u00e9nero Melanophryniscus (que son los sapos sudamericanos de panza roja). Es una especie \u00fanica que habita en las monta\u00f1as de Sistema Ventania y se reproduce en primavera y verano despu\u00e9s de lluvias intensas. Esto [&hellip;]<\/p>\n","protected":false},"author":1,"featured_media":0,"comment_status":"closed","ping_status":"open","sticky":false,"template":"","format":"standard","meta":{"footnotes":""},"categories":[51,52],"tags":[],"class_list":["post-12839","post","type-post","status-publish","format-standard","hentry","category-comunidad","category-destacadas"],"yoast_head":"<!-- This site is optimized with the Yoast SEO plugin v19.7.1 - https:\/\/yoast.com\/wordpress\/plugins\/seo\/ -->\n<title>PPET: El Sapito de las Sierras es uno de los animales \u00fanicos de nuestra comarca - CELTTV<\/title>\n<meta name=\"description\" content=\"Sitio web de noticias de la localidad de Tornquist, provincia de Buenos Aires, Rep\u00fablica Argentina. Contenido propio originado por periodistas de CELTTV, el canal de TV local de la Cooperativa El\u00e9ctrica de Tornquist. Turismo, Pol\u00edtica, Sociedad, Deporte, Cultura y todo el contenido de inter\u00e9s general que la gente del pueblo y la regi\u00f3n debe conocer.\" \/>\n<meta name=\"robots\" content=\"index, follow, max-snippet:-1, max-image-preview:large, max-video-preview:-1\" \/>\n<link rel=\"canonical\" href=\"https:\/\/www.celttv.com.ar\/index.php\/2013\/07\/30\/ppet-el-sapito-de-las-sierras-es-uno-de-los-animales-unicos-de-nuestra-comarca\/\" \/>\n<meta property=\"og:locale\" content=\"es_ES\" \/>\n<meta property=\"og:type\" content=\"article\" \/>\n<meta property=\"og:title\" content=\"PPET: El Sapito de las Sierras es uno de los animales \u00fanicos de nuestra comarca - CELTTV\" \/>\n<meta property=\"og:description\" content=\"Sitio web de noticias de la localidad de Tornquist, provincia de Buenos Aires, Rep\u00fablica Argentina. Contenido propio originado por periodistas de CELTTV, el canal de TV local de la Cooperativa El\u00e9ctrica de Tornquist. Turismo, Pol\u00edtica, Sociedad, Deporte, Cultura y todo el contenido de inter\u00e9s general que la gente del pueblo y la regi\u00f3n debe conocer.\" \/>\n<meta property=\"og:url\" content=\"https:\/\/www.celttv.com.ar\/index.php\/2013\/07\/30\/ppet-el-sapito-de-las-sierras-es-uno-de-los-animales-unicos-de-nuestra-comarca\/\" \/>\n<meta property=\"og:site_name\" content=\"CELTTV\" \/>\n<meta property=\"article:publisher\" content=\"https:\/\/www.facebook.com\/celtTV\/\" \/>\n<meta property=\"article:published_time\" content=\"2013-07-30T23:22:19+00:00\" \/>\n<meta name=\"author\" content=\"ulises\" \/>\n<meta name=\"twitter:card\" content=\"summary_large_image\" \/>\n<meta name=\"twitter:label1\" content=\"Escrito por\" \/>\n\t<meta name=\"twitter:data1\" content=\"ulises\" \/>\n\t<meta name=\"twitter:label2\" content=\"Tiempo de lectura\" \/>\n\t<meta name=\"twitter:data2\" content=\"3 minutos\" \/>\n<script type=\"application\/ld+json\" class=\"yoast-schema-graph\">{\"@context\":\"https:\/\/schema.org\",\"@graph\":[{\"@type\":\"NewsArticle\",\"@id\":\"https:\/\/www.celttv.com.ar\/index.php\/2013\/07\/30\/ppet-el-sapito-de-las-sierras-es-uno-de-los-animales-unicos-de-nuestra-comarca\/#article\",\"isPartOf\":{\"@id\":\"https:\/\/www.celttv.com.ar\/index.php\/2013\/07\/30\/ppet-el-sapito-de-las-sierras-es-uno-de-los-animales-unicos-de-nuestra-comarca\/\"},\"author\":{\"name\":\"ulises\",\"@id\":\"https:\/\/www.celttv.com.ar\/#\/schema\/person\/6d99c072dba59953809c81446e9d0ace\"},\"headline\":\"PPET: El Sapito de las Sierras es uno de los animales \u00fanicos de nuestra comarca\",\"datePublished\":\"2013-07-30T23:22:19+00:00\",\"dateModified\":\"2013-07-30T23:22:19+00:00\",\"mainEntityOfPage\":{\"@id\":\"https:\/\/www.celttv.com.ar\/index.php\/2013\/07\/30\/ppet-el-sapito-de-las-sierras-es-uno-de-los-animales-unicos-de-nuestra-comarca\/\"},\"wordCount\":546,\"publisher\":{\"@id\":\"https:\/\/www.celttv.com.ar\/#organization\"},\"articleSection\":[\"Comunidad\",\"Destacadas\"],\"inLanguage\":\"es\"},{\"@type\":\"WebPage\",\"@id\":\"https:\/\/www.celttv.com.ar\/index.php\/2013\/07\/30\/ppet-el-sapito-de-las-sierras-es-uno-de-los-animales-unicos-de-nuestra-comarca\/\",\"url\":\"https:\/\/www.celttv.com.ar\/index.php\/2013\/07\/30\/ppet-el-sapito-de-las-sierras-es-uno-de-los-animales-unicos-de-nuestra-comarca\/\",\"name\":\"PPET: El Sapito de las Sierras es uno de los animales \u00fanicos de nuestra comarca - CELTTV\",\"isPartOf\":{\"@id\":\"https:\/\/www.celttv.com.ar\/#website\"},\"datePublished\":\"2013-07-30T23:22:19+00:00\",\"dateModified\":\"2013-07-30T23:22:19+00:00\",\"description\":\"Sitio web de noticias de la localidad de Tornquist, provincia de Buenos Aires, Rep\u00fablica Argentina. Contenido propio originado por periodistas de CELTTV, el canal de TV local de la Cooperativa El\u00e9ctrica de Tornquist. Turismo, Pol\u00edtica, Sociedad, Deporte, Cultura y todo el contenido de inter\u00e9s general que la gente del pueblo y la regi\u00f3n debe conocer.\",\"breadcrumb\":{\"@id\":\"https:\/\/www.celttv.com.ar\/index.php\/2013\/07\/30\/ppet-el-sapito-de-las-sierras-es-uno-de-los-animales-unicos-de-nuestra-comarca\/#breadcrumb\"},\"inLanguage\":\"es\",\"potentialAction\":[{\"@type\":\"ReadAction\",\"target\":[\"https:\/\/www.celttv.com.ar\/index.php\/2013\/07\/30\/ppet-el-sapito-de-las-sierras-es-uno-de-los-animales-unicos-de-nuestra-comarca\/\"]}]},{\"@type\":\"BreadcrumbList\",\"@id\":\"https:\/\/www.celttv.com.ar\/index.php\/2013\/07\/30\/ppet-el-sapito-de-las-sierras-es-uno-de-los-animales-unicos-de-nuestra-comarca\/#breadcrumb\",\"itemListElement\":[{\"@type\":\"ListItem\",\"position\":1,\"name\":\"Inicio\",\"item\":\"https:\/\/www.celttv.com.ar\/\"},{\"@type\":\"ListItem\",\"position\":2,\"name\":\"PPET: El Sapito de las Sierras es uno de los animales \u00fanicos de nuestra comarca\"}]},{\"@type\":\"WebSite\",\"@id\":\"https:\/\/www.celttv.com.ar\/#website\",\"url\":\"https:\/\/www.celttv.com.ar\/\",\"name\":\"CELTTV\",\"description\":\"Cooperativa El\u00e9ctrica de Tornquist\",\"publisher\":{\"@id\":\"https:\/\/www.celttv.com.ar\/#organization\"},\"potentialAction\":[{\"@type\":\"SearchAction\",\"target\":{\"@type\":\"EntryPoint\",\"urlTemplate\":\"https:\/\/www.celttv.com.ar\/?s={search_term_string}\"},\"query-input\":\"required name=search_term_string\"}],\"inLanguage\":\"es\"},{\"@type\":\"Organization\",\"@id\":\"https:\/\/www.celttv.com.ar\/#organization\",\"name\":\"CELTTV\",\"url\":\"https:\/\/www.celttv.com.ar\/\",\"sameAs\":[\"https:\/\/www.youtube.com\/channel\/UCz_oIt8Hig64Ub-EmcNPIhg\",\"https:\/\/www.facebook.com\/celtTV\/\"],\"logo\":{\"@type\":\"ImageObject\",\"inLanguage\":\"es\",\"@id\":\"https:\/\/www.celttv.com.ar\/#\/schema\/logo\/image\/\",\"url\":\"http:\/\/www.celttv.com.ar\/wp-content\/uploads\/2022\/08\/logo-1.png\",\"contentUrl\":\"http:\/\/www.celttv.com.ar\/wp-content\/uploads\/2022\/08\/logo-1.png\",\"width\":461,\"height\":159,\"caption\":\"CELTTV\"},\"image\":{\"@id\":\"https:\/\/www.celttv.com.ar\/#\/schema\/logo\/image\/\"}},{\"@type\":\"Person\",\"@id\":\"https:\/\/www.celttv.com.ar\/#\/schema\/person\/6d99c072dba59953809c81446e9d0ace\",\"name\":\"ulises\",\"image\":{\"@type\":\"ImageObject\",\"inLanguage\":\"es\",\"@id\":\"https:\/\/www.celttv.com.ar\/#\/schema\/person\/image\/\",\"url\":\"https:\/\/secure.gravatar.com\/avatar\/7f2c48bdc33b30088f941fb6082e555f2874c98e20cb159d7b92b50eadfce793?s=96&d=mm&r=g\",\"contentUrl\":\"https:\/\/secure.gravatar.com\/avatar\/7f2c48bdc33b30088f941fb6082e555f2874c98e20cb159d7b92b50eadfce793?s=96&d=mm&r=g\",\"caption\":\"ulises\"},\"sameAs\":[\"http:\/\/www.celttv.com.ar\"]}]}<\/script>\n<!-- \/ Yoast SEO plugin. -->","yoast_head_json":{"title":"PPET: El Sapito de las Sierras es uno de los animales \u00fanicos de nuestra comarca - CELTTV","description":"Sitio web de noticias de la localidad de Tornquist, provincia de Buenos Aires, Rep\u00fablica Argentina. Contenido propio originado por periodistas de CELTTV, el canal de TV local de la Cooperativa El\u00e9ctrica de Tornquist. Turismo, Pol\u00edtica, Sociedad, Deporte, Cultura y todo el contenido de inter\u00e9s general que la gente del pueblo y la regi\u00f3n debe conocer.","robots":{"index":"index","follow":"follow","max-snippet":"max-snippet:-1","max-image-preview":"max-image-preview:large","max-video-preview":"max-video-preview:-1"},"canonical":"https:\/\/www.celttv.com.ar\/index.php\/2013\/07\/30\/ppet-el-sapito-de-las-sierras-es-uno-de-los-animales-unicos-de-nuestra-comarca\/","og_locale":"es_ES","og_type":"article","og_title":"PPET: El Sapito de las Sierras es uno de los animales \u00fanicos de nuestra comarca - CELTTV","og_description":"Sitio web de noticias de la localidad de Tornquist, provincia de Buenos Aires, Rep\u00fablica Argentina. Contenido propio originado por periodistas de CELTTV, el canal de TV local de la Cooperativa El\u00e9ctrica de Tornquist. Turismo, Pol\u00edtica, Sociedad, Deporte, Cultura y todo el contenido de inter\u00e9s general que la gente del pueblo y la regi\u00f3n debe conocer.","og_url":"https:\/\/www.celttv.com.ar\/index.php\/2013\/07\/30\/ppet-el-sapito-de-las-sierras-es-uno-de-los-animales-unicos-de-nuestra-comarca\/","og_site_name":"CELTTV","article_publisher":"https:\/\/www.facebook.com\/celtTV\/","article_published_time":"2013-07-30T23:22:19+00:00","author":"ulises","twitter_card":"summary_large_image","twitter_misc":{"Escrito por":"ulises","Tiempo de lectura":"3 minutos"},"schema":{"@context":"https:\/\/schema.org","@graph":[{"@type":"NewsArticle","@id":"https:\/\/www.celttv.com.ar\/index.php\/2013\/07\/30\/ppet-el-sapito-de-las-sierras-es-uno-de-los-animales-unicos-de-nuestra-comarca\/#article","isPartOf":{"@id":"https:\/\/www.celttv.com.ar\/index.php\/2013\/07\/30\/ppet-el-sapito-de-las-sierras-es-uno-de-los-animales-unicos-de-nuestra-comarca\/"},"author":{"name":"ulises","@id":"https:\/\/www.celttv.com.ar\/#\/schema\/person\/6d99c072dba59953809c81446e9d0ace"},"headline":"PPET: El Sapito de las Sierras es uno de los animales \u00fanicos de nuestra comarca","datePublished":"2013-07-30T23:22:19+00:00","dateModified":"2013-07-30T23:22:19+00:00","mainEntityOfPage":{"@id":"https:\/\/www.celttv.com.ar\/index.php\/2013\/07\/30\/ppet-el-sapito-de-las-sierras-es-uno-de-los-animales-unicos-de-nuestra-comarca\/"},"wordCount":546,"publisher":{"@id":"https:\/\/www.celttv.com.ar\/#organization"},"articleSection":["Comunidad","Destacadas"],"inLanguage":"es"},{"@type":"WebPage","@id":"https:\/\/www.celttv.com.ar\/index.php\/2013\/07\/30\/ppet-el-sapito-de-las-sierras-es-uno-de-los-animales-unicos-de-nuestra-comarca\/","url":"https:\/\/www.celttv.com.ar\/index.php\/2013\/07\/30\/ppet-el-sapito-de-las-sierras-es-uno-de-los-animales-unicos-de-nuestra-comarca\/","name":"PPET: El Sapito de las Sierras es uno de los animales \u00fanicos de nuestra comarca - CELTTV","isPartOf":{"@id":"https:\/\/www.celttv.com.ar\/#website"},"datePublished":"2013-07-30T23:22:19+00:00","dateModified":"2013-07-30T23:22:19+00:00","description":"Sitio web de noticias de la localidad de Tornquist, provincia de Buenos Aires, Rep\u00fablica Argentina. Contenido propio originado por periodistas de CELTTV, el canal de TV local de la Cooperativa El\u00e9ctrica de Tornquist. Turismo, Pol\u00edtica, Sociedad, Deporte, Cultura y todo el contenido de inter\u00e9s general que la gente del pueblo y la regi\u00f3n debe conocer.","breadcrumb":{"@id":"https:\/\/www.celttv.com.ar\/index.php\/2013\/07\/30\/ppet-el-sapito-de-las-sierras-es-uno-de-los-animales-unicos-de-nuestra-comarca\/#breadcrumb"},"inLanguage":"es","potentialAction":[{"@type":"ReadAction","target":["https:\/\/www.celttv.com.ar\/index.php\/2013\/07\/30\/ppet-el-sapito-de-las-sierras-es-uno-de-los-animales-unicos-de-nuestra-comarca\/"]}]},{"@type":"BreadcrumbList","@id":"https:\/\/www.celttv.com.ar\/index.php\/2013\/07\/30\/ppet-el-sapito-de-las-sierras-es-uno-de-los-animales-unicos-de-nuestra-comarca\/#breadcrumb","itemListElement":[{"@type":"ListItem","position":1,"name":"Inicio","item":"https:\/\/www.celttv.com.ar\/"},{"@type":"ListItem","position":2,"name":"PPET: El Sapito de las Sierras es uno de los animales \u00fanicos de nuestra comarca"}]},{"@type":"WebSite","@id":"https:\/\/www.celttv.com.ar\/#website","url":"https:\/\/www.celttv.com.ar\/","name":"CELTTV","description":"Cooperativa El\u00e9ctrica de Tornquist","publisher":{"@id":"https:\/\/www.celttv.com.ar\/#organization"},"potentialAction":[{"@type":"SearchAction","target":{"@type":"EntryPoint","urlTemplate":"https:\/\/www.celttv.com.ar\/?s={search_term_string}"},"query-input":"required name=search_term_string"}],"inLanguage":"es"},{"@type":"Organization","@id":"https:\/\/www.celttv.com.ar\/#organization","name":"CELTTV","url":"https:\/\/www.celttv.com.ar\/","sameAs":["https:\/\/www.youtube.com\/channel\/UCz_oIt8Hig64Ub-EmcNPIhg","https:\/\/www.facebook.com\/celtTV\/"],"logo":{"@type":"ImageObject","inLanguage":"es","@id":"https:\/\/www.celttv.com.ar\/#\/schema\/logo\/image\/","url":"http:\/\/www.celttv.com.ar\/wp-content\/uploads\/2022\/08\/logo-1.png","contentUrl":"http:\/\/www.celttv.com.ar\/wp-content\/uploads\/2022\/08\/logo-1.png","width":461,"height":159,"caption":"CELTTV"},"image":{"@id":"https:\/\/www.celttv.com.ar\/#\/schema\/logo\/image\/"}},{"@type":"Person","@id":"https:\/\/www.celttv.com.ar\/#\/schema\/person\/6d99c072dba59953809c81446e9d0ace","name":"ulises","image":{"@type":"ImageObject","inLanguage":"es","@id":"https:\/\/www.celttv.com.ar\/#\/schema\/person\/image\/","url":"https:\/\/secure.gravatar.com\/avatar\/7f2c48bdc33b30088f941fb6082e555f2874c98e20cb159d7b92b50eadfce793?s=96&d=mm&r=g","contentUrl":"https:\/\/secure.gravatar.com\/avatar\/7f2c48bdc33b30088f941fb6082e555f2874c98e20cb159d7b92b50eadfce793?s=96&d=mm&r=g","caption":"ulises"},"sameAs":["http:\/\/www.celttv.com.ar"]}]}},"_links":{"self":[{"href":"https:\/\/www.celttv.com.ar\/index.php\/wp-json\/wp\/v2\/posts\/12839","targetHints":{"allow":["GET"]}}],"collection":[{"href":"https:\/\/www.celttv.com.ar\/index.php\/wp-json\/wp\/v2\/posts"}],"about":[{"href":"https:\/\/www.celttv.com.ar\/index.php\/wp-json\/wp\/v2\/types\/post"}],"author":[{"embeddable":true,"href":"https:\/\/www.celttv.com.ar\/index.php\/wp-json\/wp\/v2\/users\/1"}],"replies":[{"embeddable":true,"href":"https:\/\/www.celttv.com.ar\/index.php\/wp-json\/wp\/v2\/comments?post=12839"}],"version-history":[{"count":0,"href":"https:\/\/www.celttv.com.ar\/index.php\/wp-json\/wp\/v2\/posts\/12839\/revisions"}],"wp:attachment":[{"href":"https:\/\/www.celttv.com.ar\/index.php\/wp-json\/wp\/v2\/media?parent=12839"}],"wp:term":[{"taxonomy":"category","embeddable":true,"href":"https:\/\/www.celttv.com.ar\/index.php\/wp-json\/wp\/v2\/categories?post=12839"},{"taxonomy":"post_tag","embeddable":true,"href":"https:\/\/www.celttv.com.ar\/index.php\/wp-json\/wp\/v2\/tags?post=12839"}],"curies":[{"name":"wp","href":"https:\/\/api.w.org\/{rel}","templated":true}]}}