{"id":12860,"date":"2013-07-31T21:04:50","date_gmt":"2013-07-31T21:04:50","guid":{"rendered":"http:\/\/www.tvcnoticias.com.ar\/?p=12860"},"modified":"2013-07-31T21:04:50","modified_gmt":"2013-07-31T21:04:50","slug":"el-frente-para-la-victoria-presento-sus-candidatos-en-chasico-y-palicura","status":"publish","type":"post","link":"https:\/\/www.celttv.com.ar\/index.php\/2013\/07\/31\/el-frente-para-la-victoria-presento-sus-candidatos-en-chasico-y-palicura\/","title":{"rendered":"EL FRENTE PARA LA VICTORIA PRESENTO SUS CANDIDATOS EN CHASICO Y PELICURA"},"content":{"rendered":"<p><br \/>\nContinuando con su recorrida, el Frente para a Victoria present\u00f3 su lista de candidatos a concejales y consejeros escolares, que encabeza Francisco \u201cTasi\u201d Mu\u00f1iz, en las localidades de Chasic\u00f3 y Pelicur\u00e1.<br \/>\nAcompa\u00f1ados por el intendente municipal, licenciado Gustavo Trankels, los postulantes llegaron primero al Club Atl\u00e9tico Pelicurense, donde dialogaron con vecinos de Pelicur\u00e1. Posteriormente, se realiz\u00f3 el lanzamiento en el Club San Mart\u00edn de Chasic\u00f3.<br \/>\n\u201cCada uno de los integrantes se gan\u00f3 el lugar desde su trabajo y compromiso con la comunidad. De todos modos, todos juntos conforman un equipo. Vengo a pedirles el acompa\u00f1amiento para ellos porque para m\u00ed, como intendente, esta es una elecci\u00f3n muy importante. Es fundamental porque el Concejo Deliberante es un gran apoyo para el intendente, un gran apoyo que lamentablemente hoy no tenemos\u201d, destac\u00f3 Trankels en una parte de su alocuci\u00f3n.<br \/>\nLa jornada tambi\u00e9n cont\u00f3 con las palabras de V\u00edctor Ant\u00f3n, tercer candidato a concejal.<br \/>\n\u201cVenimos a pedirles el acompa\u00f1amiento en las elecciones, para poder acompa\u00f1ar a este gran intendente que tenemos y, por qu\u00e9 no, a este joven delegado (Luciano Cardelli) que trabaja con muchas ganas para que Chasic\u00f3 est\u00e9 lindo como est\u00e1. Este es un gran equipo, pero tiene el mejor director t\u00e9cnico, que es el intendente Trankels, que se preocupa por encontrar soluciones para el distrito\u201d, resalt\u00f3.<br \/>\n\u201cLes pedimos humildemente que nos acompa\u00f1en. Esta lista tiene gente de experiencia en la vida y en las instituciones, gente muy joven y muchas ganas de trabajar y redoblar el compromiso para que el distrito contin\u00fae desarroll\u00e1ndose como lo viene haciendo\u201d, consider\u00f3.<br \/>\n&nbsp;<br \/>\n&nbsp;<\/p>\n","protected":false},"excerpt":{"rendered":"<p>Continuando con su recorrida, el Frente para a Victoria present\u00f3 su lista de candidatos a concejales y consejeros escolares, que encabeza Francisco \u201cTasi\u201d Mu\u00f1iz, en las localidades de Chasic\u00f3 y Pelicur\u00e1. Acompa\u00f1ados por el intendente municipal, licenciado Gustavo Trankels, los postulantes llegaron primero al Club Atl\u00e9tico Pelicurense, donde dialogaron con vecinos de Pelicur\u00e1. Posteriormente, se [&hellip;]<\/p>\n","protected":false},"author":1,"featured_media":0,"comment_status":"closed","ping_status":"open","sticky":false,"template":"","format":"standard","meta":{"footnotes":""},"categories":[51,52,53],"tags":[],"class_list":["post-12860","post","type-post","status-publish","format-standard","hentry","category-comunidad","category-destacadas","category-politica"],"yoast_head":"<!-- This site is optimized with the Yoast SEO plugin v19.7.1 - https:\/\/yoast.com\/wordpress\/plugins\/seo\/ -->\n<title>EL FRENTE PARA LA VICTORIA PRESENTO SUS CANDIDATOS EN CHASICO Y PELICURA - CELTTV<\/title>\n<meta name=\"description\" content=\"Sitio web de noticias de la localidad de Tornquist, provincia de Buenos Aires, Rep\u00fablica Argentina. Contenido propio originado por periodistas de CELTTV, el canal de TV local de la Cooperativa El\u00e9ctrica de Tornquist. Turismo, Pol\u00edtica, Sociedad, Deporte, Cultura y todo el contenido de inter\u00e9s general que la gente del pueblo y la regi\u00f3n debe conocer.\" \/>\n<meta name=\"robots\" content=\"index, follow, max-snippet:-1, max-image-preview:large, max-video-preview:-1\" \/>\n<link rel=\"canonical\" href=\"https:\/\/www.celttv.com.ar\/index.php\/2013\/07\/31\/el-frente-para-la-victoria-presento-sus-candidatos-en-chasico-y-palicura\/\" \/>\n<meta property=\"og:locale\" content=\"es_ES\" \/>\n<meta property=\"og:type\" content=\"article\" \/>\n<meta property=\"og:title\" content=\"EL FRENTE PARA LA VICTORIA PRESENTO SUS CANDIDATOS EN CHASICO Y PELICURA - CELTTV\" \/>\n<meta property=\"og:description\" content=\"Sitio web de noticias de la localidad de Tornquist, provincia de Buenos Aires, Rep\u00fablica Argentina. Contenido propio originado por periodistas de CELTTV, el canal de TV local de la Cooperativa El\u00e9ctrica de Tornquist. Turismo, Pol\u00edtica, Sociedad, Deporte, Cultura y todo el contenido de inter\u00e9s general que la gente del pueblo y la regi\u00f3n debe conocer.\" \/>\n<meta property=\"og:url\" content=\"https:\/\/www.celttv.com.ar\/index.php\/2013\/07\/31\/el-frente-para-la-victoria-presento-sus-candidatos-en-chasico-y-palicura\/\" \/>\n<meta property=\"og:site_name\" content=\"CELTTV\" \/>\n<meta property=\"article:publisher\" content=\"https:\/\/www.facebook.com\/celtTV\/\" \/>\n<meta property=\"article:published_time\" content=\"2013-07-31T21:04:50+00:00\" \/>\n<meta name=\"author\" content=\"ulises\" \/>\n<meta name=\"twitter:card\" content=\"summary_large_image\" \/>\n<meta name=\"twitter:label1\" content=\"Escrito por\" \/>\n\t<meta name=\"twitter:data1\" content=\"ulises\" \/>\n\t<meta name=\"twitter:label2\" content=\"Tiempo de lectura\" \/>\n\t<meta name=\"twitter:data2\" content=\"1 minuto\" \/>\n<script type=\"application\/ld+json\" class=\"yoast-schema-graph\">{\"@context\":\"https:\/\/schema.org\",\"@graph\":[{\"@type\":\"NewsArticle\",\"@id\":\"https:\/\/www.celttv.com.ar\/index.php\/2013\/07\/31\/el-frente-para-la-victoria-presento-sus-candidatos-en-chasico-y-palicura\/#article\",\"isPartOf\":{\"@id\":\"https:\/\/www.celttv.com.ar\/index.php\/2013\/07\/31\/el-frente-para-la-victoria-presento-sus-candidatos-en-chasico-y-palicura\/\"},\"author\":{\"name\":\"ulises\",\"@id\":\"https:\/\/www.celttv.com.ar\/#\/schema\/person\/6d99c072dba59953809c81446e9d0ace\"},\"headline\":\"EL FRENTE PARA LA VICTORIA PRESENTO SUS CANDIDATOS EN CHASICO Y PELICURA\",\"datePublished\":\"2013-07-31T21:04:50+00:00\",\"dateModified\":\"2013-07-31T21:04:50+00:00\",\"mainEntityOfPage\":{\"@id\":\"https:\/\/www.celttv.com.ar\/index.php\/2013\/07\/31\/el-frente-para-la-victoria-presento-sus-candidatos-en-chasico-y-palicura\/\"},\"wordCount\":292,\"publisher\":{\"@id\":\"https:\/\/www.celttv.com.ar\/#organization\"},\"articleSection\":[\"Comunidad\",\"Destacadas\",\"Pol\u00edtica\"],\"inLanguage\":\"es\"},{\"@type\":\"WebPage\",\"@id\":\"https:\/\/www.celttv.com.ar\/index.php\/2013\/07\/31\/el-frente-para-la-victoria-presento-sus-candidatos-en-chasico-y-palicura\/\",\"url\":\"https:\/\/www.celttv.com.ar\/index.php\/2013\/07\/31\/el-frente-para-la-victoria-presento-sus-candidatos-en-chasico-y-palicura\/\",\"name\":\"EL FRENTE PARA LA VICTORIA PRESENTO SUS CANDIDATOS EN CHASICO Y PELICURA - CELTTV\",\"isPartOf\":{\"@id\":\"https:\/\/www.celttv.com.ar\/#website\"},\"datePublished\":\"2013-07-31T21:04:50+00:00\",\"dateModified\":\"2013-07-31T21:04:50+00:00\",\"description\":\"Sitio web de noticias de la localidad de Tornquist, provincia de Buenos Aires, Rep\u00fablica Argentina. Contenido propio originado por periodistas de CELTTV, el canal de TV local de la Cooperativa El\u00e9ctrica de Tornquist. Turismo, Pol\u00edtica, Sociedad, Deporte, Cultura y todo el contenido de inter\u00e9s general que la gente del pueblo y la regi\u00f3n debe conocer.\",\"breadcrumb\":{\"@id\":\"https:\/\/www.celttv.com.ar\/index.php\/2013\/07\/31\/el-frente-para-la-victoria-presento-sus-candidatos-en-chasico-y-palicura\/#breadcrumb\"},\"inLanguage\":\"es\",\"potentialAction\":[{\"@type\":\"ReadAction\",\"target\":[\"https:\/\/www.celttv.com.ar\/index.php\/2013\/07\/31\/el-frente-para-la-victoria-presento-sus-candidatos-en-chasico-y-palicura\/\"]}]},{\"@type\":\"BreadcrumbList\",\"@id\":\"https:\/\/www.celttv.com.ar\/index.php\/2013\/07\/31\/el-frente-para-la-victoria-presento-sus-candidatos-en-chasico-y-palicura\/#breadcrumb\",\"itemListElement\":[{\"@type\":\"ListItem\",\"position\":1,\"name\":\"Inicio\",\"item\":\"https:\/\/www.celttv.com.ar\/\"},{\"@type\":\"ListItem\",\"position\":2,\"name\":\"EL FRENTE PARA LA VICTORIA PRESENTO SUS CANDIDATOS EN CHASICO Y PELICURA\"}]},{\"@type\":\"WebSite\",\"@id\":\"https:\/\/www.celttv.com.ar\/#website\",\"url\":\"https:\/\/www.celttv.com.ar\/\",\"name\":\"CELTTV\",\"description\":\"Cooperativa El\u00e9ctrica de Tornquist\",\"publisher\":{\"@id\":\"https:\/\/www.celttv.com.ar\/#organization\"},\"potentialAction\":[{\"@type\":\"SearchAction\",\"target\":{\"@type\":\"EntryPoint\",\"urlTemplate\":\"https:\/\/www.celttv.com.ar\/?s={search_term_string}\"},\"query-input\":\"required name=search_term_string\"}],\"inLanguage\":\"es\"},{\"@type\":\"Organization\",\"@id\":\"https:\/\/www.celttv.com.ar\/#organization\",\"name\":\"CELTTV\",\"url\":\"https:\/\/www.celttv.com.ar\/\",\"sameAs\":[\"https:\/\/www.youtube.com\/channel\/UCz_oIt8Hig64Ub-EmcNPIhg\",\"https:\/\/www.facebook.com\/celtTV\/\"],\"logo\":{\"@type\":\"ImageObject\",\"inLanguage\":\"es\",\"@id\":\"https:\/\/www.celttv.com.ar\/#\/schema\/logo\/image\/\",\"url\":\"http:\/\/www.celttv.com.ar\/wp-content\/uploads\/2022\/08\/logo-1.png\",\"contentUrl\":\"http:\/\/www.celttv.com.ar\/wp-content\/uploads\/2022\/08\/logo-1.png\",\"width\":461,\"height\":159,\"caption\":\"CELTTV\"},\"image\":{\"@id\":\"https:\/\/www.celttv.com.ar\/#\/schema\/logo\/image\/\"}},{\"@type\":\"Person\",\"@id\":\"https:\/\/www.celttv.com.ar\/#\/schema\/person\/6d99c072dba59953809c81446e9d0ace\",\"name\":\"ulises\",\"image\":{\"@type\":\"ImageObject\",\"inLanguage\":\"es\",\"@id\":\"https:\/\/www.celttv.com.ar\/#\/schema\/person\/image\/\",\"url\":\"https:\/\/secure.gravatar.com\/avatar\/7f2c48bdc33b30088f941fb6082e555f2874c98e20cb159d7b92b50eadfce793?s=96&d=mm&r=g\",\"contentUrl\":\"https:\/\/secure.gravatar.com\/avatar\/7f2c48bdc33b30088f941fb6082e555f2874c98e20cb159d7b92b50eadfce793?s=96&d=mm&r=g\",\"caption\":\"ulises\"},\"sameAs\":[\"http:\/\/www.celttv.com.ar\"]}]}<\/script>\n<!-- \/ Yoast SEO plugin. -->","yoast_head_json":{"title":"EL FRENTE PARA LA VICTORIA PRESENTO SUS CANDIDATOS EN CHASICO Y PELICURA - CELTTV","description":"Sitio web de noticias de la localidad de Tornquist, provincia de Buenos Aires, Rep\u00fablica Argentina. Contenido propio originado por periodistas de CELTTV, el canal de TV local de la Cooperativa El\u00e9ctrica de Tornquist. Turismo, Pol\u00edtica, Sociedad, Deporte, Cultura y todo el contenido de inter\u00e9s general que la gente del pueblo y la regi\u00f3n debe conocer.","robots":{"index":"index","follow":"follow","max-snippet":"max-snippet:-1","max-image-preview":"max-image-preview:large","max-video-preview":"max-video-preview:-1"},"canonical":"https:\/\/www.celttv.com.ar\/index.php\/2013\/07\/31\/el-frente-para-la-victoria-presento-sus-candidatos-en-chasico-y-palicura\/","og_locale":"es_ES","og_type":"article","og_title":"EL FRENTE PARA LA VICTORIA PRESENTO SUS CANDIDATOS EN CHASICO Y PELICURA - CELTTV","og_description":"Sitio web de noticias de la localidad de Tornquist, provincia de Buenos Aires, Rep\u00fablica Argentina. Contenido propio originado por periodistas de CELTTV, el canal de TV local de la Cooperativa El\u00e9ctrica de Tornquist. Turismo, Pol\u00edtica, Sociedad, Deporte, Cultura y todo el contenido de inter\u00e9s general que la gente del pueblo y la regi\u00f3n debe conocer.","og_url":"https:\/\/www.celttv.com.ar\/index.php\/2013\/07\/31\/el-frente-para-la-victoria-presento-sus-candidatos-en-chasico-y-palicura\/","og_site_name":"CELTTV","article_publisher":"https:\/\/www.facebook.com\/celtTV\/","article_published_time":"2013-07-31T21:04:50+00:00","author":"ulises","twitter_card":"summary_large_image","twitter_misc":{"Escrito por":"ulises","Tiempo de lectura":"1 minuto"},"schema":{"@context":"https:\/\/schema.org","@graph":[{"@type":"NewsArticle","@id":"https:\/\/www.celttv.com.ar\/index.php\/2013\/07\/31\/el-frente-para-la-victoria-presento-sus-candidatos-en-chasico-y-palicura\/#article","isPartOf":{"@id":"https:\/\/www.celttv.com.ar\/index.php\/2013\/07\/31\/el-frente-para-la-victoria-presento-sus-candidatos-en-chasico-y-palicura\/"},"author":{"name":"ulises","@id":"https:\/\/www.celttv.com.ar\/#\/schema\/person\/6d99c072dba59953809c81446e9d0ace"},"headline":"EL FRENTE PARA LA VICTORIA PRESENTO SUS CANDIDATOS EN CHASICO Y PELICURA","datePublished":"2013-07-31T21:04:50+00:00","dateModified":"2013-07-31T21:04:50+00:00","mainEntityOfPage":{"@id":"https:\/\/www.celttv.com.ar\/index.php\/2013\/07\/31\/el-frente-para-la-victoria-presento-sus-candidatos-en-chasico-y-palicura\/"},"wordCount":292,"publisher":{"@id":"https:\/\/www.celttv.com.ar\/#organization"},"articleSection":["Comunidad","Destacadas","Pol\u00edtica"],"inLanguage":"es"},{"@type":"WebPage","@id":"https:\/\/www.celttv.com.ar\/index.php\/2013\/07\/31\/el-frente-para-la-victoria-presento-sus-candidatos-en-chasico-y-palicura\/","url":"https:\/\/www.celttv.com.ar\/index.php\/2013\/07\/31\/el-frente-para-la-victoria-presento-sus-candidatos-en-chasico-y-palicura\/","name":"EL FRENTE PARA LA VICTORIA PRESENTO SUS CANDIDATOS EN CHASICO Y PELICURA - CELTTV","isPartOf":{"@id":"https:\/\/www.celttv.com.ar\/#website"},"datePublished":"2013-07-31T21:04:50+00:00","dateModified":"2013-07-31T21:04:50+00:00","description":"Sitio web de noticias de la localidad de Tornquist, provincia de Buenos Aires, Rep\u00fablica Argentina. Contenido propio originado por periodistas de CELTTV, el canal de TV local de la Cooperativa El\u00e9ctrica de Tornquist. Turismo, Pol\u00edtica, Sociedad, Deporte, Cultura y todo el contenido de inter\u00e9s general que la gente del pueblo y la regi\u00f3n debe conocer.","breadcrumb":{"@id":"https:\/\/www.celttv.com.ar\/index.php\/2013\/07\/31\/el-frente-para-la-victoria-presento-sus-candidatos-en-chasico-y-palicura\/#breadcrumb"},"inLanguage":"es","potentialAction":[{"@type":"ReadAction","target":["https:\/\/www.celttv.com.ar\/index.php\/2013\/07\/31\/el-frente-para-la-victoria-presento-sus-candidatos-en-chasico-y-palicura\/"]}]},{"@type":"BreadcrumbList","@id":"https:\/\/www.celttv.com.ar\/index.php\/2013\/07\/31\/el-frente-para-la-victoria-presento-sus-candidatos-en-chasico-y-palicura\/#breadcrumb","itemListElement":[{"@type":"ListItem","position":1,"name":"Inicio","item":"https:\/\/www.celttv.com.ar\/"},{"@type":"ListItem","position":2,"name":"EL FRENTE PARA LA VICTORIA PRESENTO SUS CANDIDATOS EN CHASICO Y PELICURA"}]},{"@type":"WebSite","@id":"https:\/\/www.celttv.com.ar\/#website","url":"https:\/\/www.celttv.com.ar\/","name":"CELTTV","description":"Cooperativa El\u00e9ctrica de Tornquist","publisher":{"@id":"https:\/\/www.celttv.com.ar\/#organization"},"potentialAction":[{"@type":"SearchAction","target":{"@type":"EntryPoint","urlTemplate":"https:\/\/www.celttv.com.ar\/?s={search_term_string}"},"query-input":"required name=search_term_string"}],"inLanguage":"es"},{"@type":"Organization","@id":"https:\/\/www.celttv.com.ar\/#organization","name":"CELTTV","url":"https:\/\/www.celttv.com.ar\/","sameAs":["https:\/\/www.youtube.com\/channel\/UCz_oIt8Hig64Ub-EmcNPIhg","https:\/\/www.facebook.com\/celtTV\/"],"logo":{"@type":"ImageObject","inLanguage":"es","@id":"https:\/\/www.celttv.com.ar\/#\/schema\/logo\/image\/","url":"http:\/\/www.celttv.com.ar\/wp-content\/uploads\/2022\/08\/logo-1.png","contentUrl":"http:\/\/www.celttv.com.ar\/wp-content\/uploads\/2022\/08\/logo-1.png","width":461,"height":159,"caption":"CELTTV"},"image":{"@id":"https:\/\/www.celttv.com.ar\/#\/schema\/logo\/image\/"}},{"@type":"Person","@id":"https:\/\/www.celttv.com.ar\/#\/schema\/person\/6d99c072dba59953809c81446e9d0ace","name":"ulises","image":{"@type":"ImageObject","inLanguage":"es","@id":"https:\/\/www.celttv.com.ar\/#\/schema\/person\/image\/","url":"https:\/\/secure.gravatar.com\/avatar\/7f2c48bdc33b30088f941fb6082e555f2874c98e20cb159d7b92b50eadfce793?s=96&d=mm&r=g","contentUrl":"https:\/\/secure.gravatar.com\/avatar\/7f2c48bdc33b30088f941fb6082e555f2874c98e20cb159d7b92b50eadfce793?s=96&d=mm&r=g","caption":"ulises"},"sameAs":["http:\/\/www.celttv.com.ar"]}]}},"_links":{"self":[{"href":"https:\/\/www.celttv.com.ar\/index.php\/wp-json\/wp\/v2\/posts\/12860","targetHints":{"allow":["GET"]}}],"collection":[{"href":"https:\/\/www.celttv.com.ar\/index.php\/wp-json\/wp\/v2\/posts"}],"about":[{"href":"https:\/\/www.celttv.com.ar\/index.php\/wp-json\/wp\/v2\/types\/post"}],"author":[{"embeddable":true,"href":"https:\/\/www.celttv.com.ar\/index.php\/wp-json\/wp\/v2\/users\/1"}],"replies":[{"embeddable":true,"href":"https:\/\/www.celttv.com.ar\/index.php\/wp-json\/wp\/v2\/comments?post=12860"}],"version-history":[{"count":0,"href":"https:\/\/www.celttv.com.ar\/index.php\/wp-json\/wp\/v2\/posts\/12860\/revisions"}],"wp:attachment":[{"href":"https:\/\/www.celttv.com.ar\/index.php\/wp-json\/wp\/v2\/media?parent=12860"}],"wp:term":[{"taxonomy":"category","embeddable":true,"href":"https:\/\/www.celttv.com.ar\/index.php\/wp-json\/wp\/v2\/categories?post=12860"},{"taxonomy":"post_tag","embeddable":true,"href":"https:\/\/www.celttv.com.ar\/index.php\/wp-json\/wp\/v2\/tags?post=12860"}],"curies":[{"name":"wp","href":"https:\/\/api.w.org\/{rel}","templated":true}]}}