{"id":12892,"date":"2013-08-03T17:51:23","date_gmt":"2013-08-03T17:51:23","guid":{"rendered":"http:\/\/www.tvcnoticias.com.ar\/?p=12892"},"modified":"2013-08-03T17:51:23","modified_gmt":"2013-08-03T17:51:23","slug":"referentes-y-candidatos-regionales-del-frente-progresista-visitaron-tornquist-video-y-notas","status":"publish","type":"post","link":"https:\/\/www.celttv.com.ar\/index.php\/2013\/08\/03\/referentes-y-candidatos-regionales-del-frente-progresista-visitaron-tornquist-video-y-notas\/","title":{"rendered":"REFERENTES Y CANDIDATOS REGIONALES DEL FRENTE PROGRESISTA VISITARON TORNQUIST (video y notas)"},"content":{"rendered":"<p>El pasado viernes 26\/7 se llevo a cabo la cena del Frente Progresista C\u00edvico y Social en el Comit\u00e9 de la Uni\u00f3n C\u00edvica Radical, en la misma se hicieron presentes el diputado nacional Juan Pedro Tunessi, el candidato en segundo lugar a diputado provincial por la sexta secci\u00f3n Rub\u00e9n Grenada, Aloma Sartor Concejal UCR Bah\u00eda blanca candidata a diputada provincial en tercer lugar y Nerina Neumann candidata a diputada provincial en quinto lugar, tambi\u00e9n estuvo presente el intendente de Adolfo Alsina David Hirtz. Con muy buena concurrencia de simpatizantes el Frente Progresista C\u00edvico y Social sigue adelante con la campa\u00f1a de cara a las PASO, siempre cerca de los vecinos y de los j\u00f3venes!<br \/>\n<a href=\"http:\/\/www.youtube.com\/watch?v=pShH4b-GtI8\"><a href=\"http:\/\/www.youtube.com\/watch?v=pShH4b-GtI8\">httpv:\/\/www.youtube.com\/watch?v=pShH4b-GtI8<\/a><\/a><br \/>\n<a href=\"http:\/\/www.youtube.com\/watch?v=xezC3q5vPaA\"><a href=\"http:\/\/www.youtube.com\/watch?v=xezC3q5vPaA\">httpv:\/\/www.youtube.com\/watch?v=xezC3q5vPaA<\/a><\/a><br \/>\n<a href=\"http:\/\/www.youtube.com\/watch?v=wlBMqmimUro\"><a href=\"http:\/\/www.youtube.com\/watch?v=wlBMqmimUro\">httpv:\/\/www.youtube.com\/watch?v=wlBMqmimUro<\/a><\/a><br \/>\n<a href=\"http:\/\/www.youtube.com\/watch?v=zd5OR83Lmj8\"><a href=\"http:\/\/www.youtube.com\/watch?v=zd5OR83Lmj8\">httpv:\/\/www.youtube.com\/watch?v=zd5OR83Lmj8<\/a><\/a><br \/>\n<a href=\"http:\/\/www.youtube.com\/watch?v=mgKGz5C2Buo\"><a href=\"http:\/\/www.youtube.com\/watch?v=mgKGz5C2Buo\">httpv:\/\/www.youtube.com\/watch?v=mgKGz5C2Buo<\/a><\/a><br \/>\n<a href=\"http:\/\/www.youtube.com\/watch?v=LDofJt5LLik\"><a href=\"http:\/\/www.youtube.com\/watch?v=LDofJt5LLik\">httpv:\/\/www.youtube.com\/watch?v=LDofJt5LLik<\/a><\/a><\/p>\n","protected":false},"excerpt":{"rendered":"<p>El pasado viernes 26\/7 se llevo a cabo la cena del Frente Progresista C\u00edvico y Social en el Comit\u00e9 de la Uni\u00f3n C\u00edvica Radical, en la misma se hicieron presentes el diputado nacional Juan Pedro Tunessi, el candidato en segundo lugar a diputado provincial por la sexta secci\u00f3n Rub\u00e9n Grenada, Aloma Sartor Concejal UCR Bah\u00eda [&hellip;]<\/p>\n","protected":false},"author":1,"featured_media":0,"comment_status":"closed","ping_status":"open","sticky":false,"template":"","format":"standard","meta":{"footnotes":""},"categories":[51,52,53,64],"tags":[],"class_list":["post-12892","post","type-post","status-publish","format-standard","hentry","category-comunidad","category-destacadas","category-politica","category-videos-destacados"],"yoast_head":"<!-- This site is optimized with the Yoast SEO plugin v19.7.1 - https:\/\/yoast.com\/wordpress\/plugins\/seo\/ -->\n<title>REFERENTES Y CANDIDATOS REGIONALES DEL FRENTE PROGRESISTA VISITARON TORNQUIST (video y notas) - CELTTV<\/title>\n<meta name=\"description\" content=\"Sitio web de noticias de la localidad de Tornquist, provincia de Buenos Aires, Rep\u00fablica Argentina. Contenido propio originado por periodistas de CELTTV, el canal de TV local de la Cooperativa El\u00e9ctrica de Tornquist. Turismo, Pol\u00edtica, Sociedad, Deporte, Cultura y todo el contenido de inter\u00e9s general que la gente del pueblo y la regi\u00f3n debe conocer.\" \/>\n<meta name=\"robots\" content=\"index, follow, max-snippet:-1, max-image-preview:large, max-video-preview:-1\" \/>\n<link rel=\"canonical\" href=\"https:\/\/www.celttv.com.ar\/index.php\/2013\/08\/03\/referentes-y-candidatos-regionales-del-frente-progresista-visitaron-tornquist-video-y-notas\/\" \/>\n<meta property=\"og:locale\" content=\"es_ES\" \/>\n<meta property=\"og:type\" content=\"article\" \/>\n<meta property=\"og:title\" content=\"REFERENTES Y CANDIDATOS REGIONALES DEL FRENTE PROGRESISTA VISITARON TORNQUIST (video y notas) - CELTTV\" \/>\n<meta property=\"og:description\" content=\"Sitio web de noticias de la localidad de Tornquist, provincia de Buenos Aires, Rep\u00fablica Argentina. Contenido propio originado por periodistas de CELTTV, el canal de TV local de la Cooperativa El\u00e9ctrica de Tornquist. Turismo, Pol\u00edtica, Sociedad, Deporte, Cultura y todo el contenido de inter\u00e9s general que la gente del pueblo y la regi\u00f3n debe conocer.\" \/>\n<meta property=\"og:url\" content=\"https:\/\/www.celttv.com.ar\/index.php\/2013\/08\/03\/referentes-y-candidatos-regionales-del-frente-progresista-visitaron-tornquist-video-y-notas\/\" \/>\n<meta property=\"og:site_name\" content=\"CELTTV\" \/>\n<meta property=\"article:publisher\" content=\"https:\/\/www.facebook.com\/celtTV\/\" \/>\n<meta property=\"article:published_time\" content=\"2013-08-03T17:51:23+00:00\" \/>\n<meta name=\"author\" content=\"ulises\" \/>\n<meta name=\"twitter:card\" content=\"summary_large_image\" \/>\n<meta name=\"twitter:label1\" content=\"Escrito por\" \/>\n\t<meta name=\"twitter:data1\" content=\"ulises\" \/>\n\t<meta name=\"twitter:label2\" content=\"Tiempo de lectura\" \/>\n\t<meta name=\"twitter:data2\" content=\"1 minuto\" \/>\n<script type=\"application\/ld+json\" class=\"yoast-schema-graph\">{\"@context\":\"https:\/\/schema.org\",\"@graph\":[{\"@type\":\"NewsArticle\",\"@id\":\"https:\/\/www.celttv.com.ar\/index.php\/2013\/08\/03\/referentes-y-candidatos-regionales-del-frente-progresista-visitaron-tornquist-video-y-notas\/#article\",\"isPartOf\":{\"@id\":\"https:\/\/www.celttv.com.ar\/index.php\/2013\/08\/03\/referentes-y-candidatos-regionales-del-frente-progresista-visitaron-tornquist-video-y-notas\/\"},\"author\":{\"name\":\"ulises\",\"@id\":\"https:\/\/www.celttv.com.ar\/#\/schema\/person\/6d99c072dba59953809c81446e9d0ace\"},\"headline\":\"REFERENTES Y CANDIDATOS REGIONALES DEL FRENTE PROGRESISTA VISITARON TORNQUIST (video y notas)\",\"datePublished\":\"2013-08-03T17:51:23+00:00\",\"dateModified\":\"2013-08-03T17:51:23+00:00\",\"mainEntityOfPage\":{\"@id\":\"https:\/\/www.celttv.com.ar\/index.php\/2013\/08\/03\/referentes-y-candidatos-regionales-del-frente-progresista-visitaron-tornquist-video-y-notas\/\"},\"wordCount\":185,\"publisher\":{\"@id\":\"https:\/\/www.celttv.com.ar\/#organization\"},\"articleSection\":[\"Comunidad\",\"Destacadas\",\"Pol\u00edtica\",\"Videos Destacados\"],\"inLanguage\":\"es\"},{\"@type\":\"WebPage\",\"@id\":\"https:\/\/www.celttv.com.ar\/index.php\/2013\/08\/03\/referentes-y-candidatos-regionales-del-frente-progresista-visitaron-tornquist-video-y-notas\/\",\"url\":\"https:\/\/www.celttv.com.ar\/index.php\/2013\/08\/03\/referentes-y-candidatos-regionales-del-frente-progresista-visitaron-tornquist-video-y-notas\/\",\"name\":\"REFERENTES Y CANDIDATOS REGIONALES DEL FRENTE PROGRESISTA VISITARON TORNQUIST (video y notas) - CELTTV\",\"isPartOf\":{\"@id\":\"https:\/\/www.celttv.com.ar\/#website\"},\"datePublished\":\"2013-08-03T17:51:23+00:00\",\"dateModified\":\"2013-08-03T17:51:23+00:00\",\"description\":\"Sitio web de noticias de la localidad de Tornquist, provincia de Buenos Aires, Rep\u00fablica Argentina. Contenido propio originado por periodistas de CELTTV, el canal de TV local de la Cooperativa El\u00e9ctrica de Tornquist. Turismo, Pol\u00edtica, Sociedad, Deporte, Cultura y todo el contenido de inter\u00e9s general que la gente del pueblo y la regi\u00f3n debe conocer.\",\"breadcrumb\":{\"@id\":\"https:\/\/www.celttv.com.ar\/index.php\/2013\/08\/03\/referentes-y-candidatos-regionales-del-frente-progresista-visitaron-tornquist-video-y-notas\/#breadcrumb\"},\"inLanguage\":\"es\",\"potentialAction\":[{\"@type\":\"ReadAction\",\"target\":[\"https:\/\/www.celttv.com.ar\/index.php\/2013\/08\/03\/referentes-y-candidatos-regionales-del-frente-progresista-visitaron-tornquist-video-y-notas\/\"]}]},{\"@type\":\"BreadcrumbList\",\"@id\":\"https:\/\/www.celttv.com.ar\/index.php\/2013\/08\/03\/referentes-y-candidatos-regionales-del-frente-progresista-visitaron-tornquist-video-y-notas\/#breadcrumb\",\"itemListElement\":[{\"@type\":\"ListItem\",\"position\":1,\"name\":\"Inicio\",\"item\":\"https:\/\/www.celttv.com.ar\/\"},{\"@type\":\"ListItem\",\"position\":2,\"name\":\"REFERENTES Y CANDIDATOS REGIONALES DEL FRENTE PROGRESISTA VISITARON TORNQUIST (video y notas)\"}]},{\"@type\":\"WebSite\",\"@id\":\"https:\/\/www.celttv.com.ar\/#website\",\"url\":\"https:\/\/www.celttv.com.ar\/\",\"name\":\"CELTTV\",\"description\":\"Cooperativa El\u00e9ctrica de Tornquist\",\"publisher\":{\"@id\":\"https:\/\/www.celttv.com.ar\/#organization\"},\"potentialAction\":[{\"@type\":\"SearchAction\",\"target\":{\"@type\":\"EntryPoint\",\"urlTemplate\":\"https:\/\/www.celttv.com.ar\/?s={search_term_string}\"},\"query-input\":\"required name=search_term_string\"}],\"inLanguage\":\"es\"},{\"@type\":\"Organization\",\"@id\":\"https:\/\/www.celttv.com.ar\/#organization\",\"name\":\"CELTTV\",\"url\":\"https:\/\/www.celttv.com.ar\/\",\"sameAs\":[\"https:\/\/www.youtube.com\/channel\/UCz_oIt8Hig64Ub-EmcNPIhg\",\"https:\/\/www.facebook.com\/celtTV\/\"],\"logo\":{\"@type\":\"ImageObject\",\"inLanguage\":\"es\",\"@id\":\"https:\/\/www.celttv.com.ar\/#\/schema\/logo\/image\/\",\"url\":\"http:\/\/www.celttv.com.ar\/wp-content\/uploads\/2022\/08\/logo-1.png\",\"contentUrl\":\"http:\/\/www.celttv.com.ar\/wp-content\/uploads\/2022\/08\/logo-1.png\",\"width\":461,\"height\":159,\"caption\":\"CELTTV\"},\"image\":{\"@id\":\"https:\/\/www.celttv.com.ar\/#\/schema\/logo\/image\/\"}},{\"@type\":\"Person\",\"@id\":\"https:\/\/www.celttv.com.ar\/#\/schema\/person\/6d99c072dba59953809c81446e9d0ace\",\"name\":\"ulises\",\"image\":{\"@type\":\"ImageObject\",\"inLanguage\":\"es\",\"@id\":\"https:\/\/www.celttv.com.ar\/#\/schema\/person\/image\/\",\"url\":\"https:\/\/secure.gravatar.com\/avatar\/7f2c48bdc33b30088f941fb6082e555f2874c98e20cb159d7b92b50eadfce793?s=96&d=mm&r=g\",\"contentUrl\":\"https:\/\/secure.gravatar.com\/avatar\/7f2c48bdc33b30088f941fb6082e555f2874c98e20cb159d7b92b50eadfce793?s=96&d=mm&r=g\",\"caption\":\"ulises\"},\"sameAs\":[\"http:\/\/www.celttv.com.ar\"]}]}<\/script>\n<!-- \/ Yoast SEO plugin. -->","yoast_head_json":{"title":"REFERENTES Y CANDIDATOS REGIONALES DEL FRENTE PROGRESISTA VISITARON TORNQUIST (video y notas) - CELTTV","description":"Sitio web de noticias de la localidad de Tornquist, provincia de Buenos Aires, Rep\u00fablica Argentina. Contenido propio originado por periodistas de CELTTV, el canal de TV local de la Cooperativa El\u00e9ctrica de Tornquist. Turismo, Pol\u00edtica, Sociedad, Deporte, Cultura y todo el contenido de inter\u00e9s general que la gente del pueblo y la regi\u00f3n debe conocer.","robots":{"index":"index","follow":"follow","max-snippet":"max-snippet:-1","max-image-preview":"max-image-preview:large","max-video-preview":"max-video-preview:-1"},"canonical":"https:\/\/www.celttv.com.ar\/index.php\/2013\/08\/03\/referentes-y-candidatos-regionales-del-frente-progresista-visitaron-tornquist-video-y-notas\/","og_locale":"es_ES","og_type":"article","og_title":"REFERENTES Y CANDIDATOS REGIONALES DEL FRENTE PROGRESISTA VISITARON TORNQUIST (video y notas) - CELTTV","og_description":"Sitio web de noticias de la localidad de Tornquist, provincia de Buenos Aires, Rep\u00fablica Argentina. Contenido propio originado por periodistas de CELTTV, el canal de TV local de la Cooperativa El\u00e9ctrica de Tornquist. Turismo, Pol\u00edtica, Sociedad, Deporte, Cultura y todo el contenido de inter\u00e9s general que la gente del pueblo y la regi\u00f3n debe conocer.","og_url":"https:\/\/www.celttv.com.ar\/index.php\/2013\/08\/03\/referentes-y-candidatos-regionales-del-frente-progresista-visitaron-tornquist-video-y-notas\/","og_site_name":"CELTTV","article_publisher":"https:\/\/www.facebook.com\/celtTV\/","article_published_time":"2013-08-03T17:51:23+00:00","author":"ulises","twitter_card":"summary_large_image","twitter_misc":{"Escrito por":"ulises","Tiempo de lectura":"1 minuto"},"schema":{"@context":"https:\/\/schema.org","@graph":[{"@type":"NewsArticle","@id":"https:\/\/www.celttv.com.ar\/index.php\/2013\/08\/03\/referentes-y-candidatos-regionales-del-frente-progresista-visitaron-tornquist-video-y-notas\/#article","isPartOf":{"@id":"https:\/\/www.celttv.com.ar\/index.php\/2013\/08\/03\/referentes-y-candidatos-regionales-del-frente-progresista-visitaron-tornquist-video-y-notas\/"},"author":{"name":"ulises","@id":"https:\/\/www.celttv.com.ar\/#\/schema\/person\/6d99c072dba59953809c81446e9d0ace"},"headline":"REFERENTES Y CANDIDATOS REGIONALES DEL FRENTE PROGRESISTA VISITARON TORNQUIST (video y notas)","datePublished":"2013-08-03T17:51:23+00:00","dateModified":"2013-08-03T17:51:23+00:00","mainEntityOfPage":{"@id":"https:\/\/www.celttv.com.ar\/index.php\/2013\/08\/03\/referentes-y-candidatos-regionales-del-frente-progresista-visitaron-tornquist-video-y-notas\/"},"wordCount":185,"publisher":{"@id":"https:\/\/www.celttv.com.ar\/#organization"},"articleSection":["Comunidad","Destacadas","Pol\u00edtica","Videos Destacados"],"inLanguage":"es"},{"@type":"WebPage","@id":"https:\/\/www.celttv.com.ar\/index.php\/2013\/08\/03\/referentes-y-candidatos-regionales-del-frente-progresista-visitaron-tornquist-video-y-notas\/","url":"https:\/\/www.celttv.com.ar\/index.php\/2013\/08\/03\/referentes-y-candidatos-regionales-del-frente-progresista-visitaron-tornquist-video-y-notas\/","name":"REFERENTES Y CANDIDATOS REGIONALES DEL FRENTE PROGRESISTA VISITARON TORNQUIST (video y notas) - CELTTV","isPartOf":{"@id":"https:\/\/www.celttv.com.ar\/#website"},"datePublished":"2013-08-03T17:51:23+00:00","dateModified":"2013-08-03T17:51:23+00:00","description":"Sitio web de noticias de la localidad de Tornquist, provincia de Buenos Aires, Rep\u00fablica Argentina. Contenido propio originado por periodistas de CELTTV, el canal de TV local de la Cooperativa El\u00e9ctrica de Tornquist. Turismo, Pol\u00edtica, Sociedad, Deporte, Cultura y todo el contenido de inter\u00e9s general que la gente del pueblo y la regi\u00f3n debe conocer.","breadcrumb":{"@id":"https:\/\/www.celttv.com.ar\/index.php\/2013\/08\/03\/referentes-y-candidatos-regionales-del-frente-progresista-visitaron-tornquist-video-y-notas\/#breadcrumb"},"inLanguage":"es","potentialAction":[{"@type":"ReadAction","target":["https:\/\/www.celttv.com.ar\/index.php\/2013\/08\/03\/referentes-y-candidatos-regionales-del-frente-progresista-visitaron-tornquist-video-y-notas\/"]}]},{"@type":"BreadcrumbList","@id":"https:\/\/www.celttv.com.ar\/index.php\/2013\/08\/03\/referentes-y-candidatos-regionales-del-frente-progresista-visitaron-tornquist-video-y-notas\/#breadcrumb","itemListElement":[{"@type":"ListItem","position":1,"name":"Inicio","item":"https:\/\/www.celttv.com.ar\/"},{"@type":"ListItem","position":2,"name":"REFERENTES Y CANDIDATOS REGIONALES DEL FRENTE PROGRESISTA VISITARON TORNQUIST (video y notas)"}]},{"@type":"WebSite","@id":"https:\/\/www.celttv.com.ar\/#website","url":"https:\/\/www.celttv.com.ar\/","name":"CELTTV","description":"Cooperativa El\u00e9ctrica de Tornquist","publisher":{"@id":"https:\/\/www.celttv.com.ar\/#organization"},"potentialAction":[{"@type":"SearchAction","target":{"@type":"EntryPoint","urlTemplate":"https:\/\/www.celttv.com.ar\/?s={search_term_string}"},"query-input":"required name=search_term_string"}],"inLanguage":"es"},{"@type":"Organization","@id":"https:\/\/www.celttv.com.ar\/#organization","name":"CELTTV","url":"https:\/\/www.celttv.com.ar\/","sameAs":["https:\/\/www.youtube.com\/channel\/UCz_oIt8Hig64Ub-EmcNPIhg","https:\/\/www.facebook.com\/celtTV\/"],"logo":{"@type":"ImageObject","inLanguage":"es","@id":"https:\/\/www.celttv.com.ar\/#\/schema\/logo\/image\/","url":"http:\/\/www.celttv.com.ar\/wp-content\/uploads\/2022\/08\/logo-1.png","contentUrl":"http:\/\/www.celttv.com.ar\/wp-content\/uploads\/2022\/08\/logo-1.png","width":461,"height":159,"caption":"CELTTV"},"image":{"@id":"https:\/\/www.celttv.com.ar\/#\/schema\/logo\/image\/"}},{"@type":"Person","@id":"https:\/\/www.celttv.com.ar\/#\/schema\/person\/6d99c072dba59953809c81446e9d0ace","name":"ulises","image":{"@type":"ImageObject","inLanguage":"es","@id":"https:\/\/www.celttv.com.ar\/#\/schema\/person\/image\/","url":"https:\/\/secure.gravatar.com\/avatar\/7f2c48bdc33b30088f941fb6082e555f2874c98e20cb159d7b92b50eadfce793?s=96&d=mm&r=g","contentUrl":"https:\/\/secure.gravatar.com\/avatar\/7f2c48bdc33b30088f941fb6082e555f2874c98e20cb159d7b92b50eadfce793?s=96&d=mm&r=g","caption":"ulises"},"sameAs":["http:\/\/www.celttv.com.ar"]}]}},"_links":{"self":[{"href":"https:\/\/www.celttv.com.ar\/index.php\/wp-json\/wp\/v2\/posts\/12892","targetHints":{"allow":["GET"]}}],"collection":[{"href":"https:\/\/www.celttv.com.ar\/index.php\/wp-json\/wp\/v2\/posts"}],"about":[{"href":"https:\/\/www.celttv.com.ar\/index.php\/wp-json\/wp\/v2\/types\/post"}],"author":[{"embeddable":true,"href":"https:\/\/www.celttv.com.ar\/index.php\/wp-json\/wp\/v2\/users\/1"}],"replies":[{"embeddable":true,"href":"https:\/\/www.celttv.com.ar\/index.php\/wp-json\/wp\/v2\/comments?post=12892"}],"version-history":[{"count":0,"href":"https:\/\/www.celttv.com.ar\/index.php\/wp-json\/wp\/v2\/posts\/12892\/revisions"}],"wp:attachment":[{"href":"https:\/\/www.celttv.com.ar\/index.php\/wp-json\/wp\/v2\/media?parent=12892"}],"wp:term":[{"taxonomy":"category","embeddable":true,"href":"https:\/\/www.celttv.com.ar\/index.php\/wp-json\/wp\/v2\/categories?post=12892"},{"taxonomy":"post_tag","embeddable":true,"href":"https:\/\/www.celttv.com.ar\/index.php\/wp-json\/wp\/v2\/tags?post=12892"}],"curies":[{"name":"wp","href":"https:\/\/api.w.org\/{rel}","templated":true}]}}