{"id":12895,"date":"2013-08-03T17:57:30","date_gmt":"2013-08-03T17:57:30","guid":{"rendered":"http:\/\/www.tvcnoticias.com.ar\/?p=12895"},"modified":"2013-08-03T17:57:30","modified_gmt":"2013-08-03T17:57:30","slug":"produccion-la-forestacion-del-acceso-a-tornquist-sumo-una-nueva-etapa","status":"publish","type":"post","link":"https:\/\/www.celttv.com.ar\/index.php\/2013\/08\/03\/produccion-la-forestacion-del-acceso-a-tornquist-sumo-una-nueva-etapa\/","title":{"rendered":"PRODUCCION: LA FORESTACION DEL ACCESO A TORNQUIST SUMO UNA NUEVA ETAPA (video y notas)"},"content":{"rendered":"<p>El embellecimiento del acceso a la ciudad cabecera del distrito sum\u00f3 en la presente jornada un nuevo cap\u00edtulo, con la forestaci\u00f3n del sexto bosque de \u00e1rboles contemplados dentro de un ambicioso plan que se viene desarrollando desde hace algunos a\u00f1os desde la Secretar\u00eda de Producci\u00f3n y Medio Ambiente de la Municipalidad de Tornquist.\u00a0 \u00a0En esta oportunidad, el personal municipal plant\u00f3 96 ejemplares, entre pino radiata, eucaliptus, gualeguay, cipr\u00e9s, acacia negra y \u00e1lamo.\u00a0 \u00a0\u201cEsta iniciativa forma parte de un programa de espacios p\u00fablicos en diferentes localidades del distrito, que en muchos casos fueron recuperados y en otros puestos en valor. Este plan integral tiene diferentes etapas, que fueron dando sus frutos a\u00f1o a a\u00f1o y hoy nos encuentra cerca de la ruta nacional 33. En este caso es un monte de 96 plantas, elegidas todas por sus caracter\u00edsticas, que se adaptan bien al medio ambiente que tenemos en Tornquist\u201d, explic\u00f3 el intendente municipal, licenciado Gustavo Trankels, quien recorri\u00f3 el sector en cuesti\u00f3n.\u00a0 \u00a0 \u201cQuiero felicitar el empe\u00f1o del ingeniero Walter Taylor, la conducci\u00f3n de Ricardo Valentini y toda la gente de la Secretar\u00eda de Producci\u00f3n y Medio Ambiente municipal, y el trabajo cotidiano de los empleados municipales, debido a que este proyecto requiere de mucho cuidado y una tarea permanente\u201d, destac\u00f3.\u00a0 \u00a0Adem\u00e1s, el jefe comunal resalt\u00f3 la incre\u00edble vista que se aprecia desde el lugar.\u00a0 \u00a0\u201cEst\u00e1 muy bueno que la gente se apropie de este lugar, como ya sucedi\u00f3, pero que adem\u00e1s se involucre la comunidad para que lo cuidemos entre todos\u201d, consider\u00f3.\u00a0 \u00a0El secretario de Producci\u00f3n y Medio Ambiente municipal, Ricardo Valentini, mencion\u00f3 que el proyecto motiv\u00f3 el mejoramiento del acceso a la ciudad cabecera del distrito.\u00a0 \u00a0\u201cEste es un acceso que fue valorado y puesto como ejemplo de constancia y perseverancia. Se trata de un plan integral, para valorizar a la cabecera del partido, que trajo como consecuencia muchas acciones que se fueron concretando, como la pintura del ingreso, la recuperaci\u00f3n de la carteler\u00eda del ferrocarril y el mejoramiento del cuadro de estaci\u00f3n\u201d, explic\u00f3.\u00a0 \u00a0Uno de los responsables de desarrollar la iniciativa es el ingeniero forestal Walter Taylor.\u00a0 \u00a0\u201cEs un trabajo paulatino, pero permanente. La consigna es colocar lo que podemos cuidar, por eso vamos avanzando a\u00f1o a a\u00f1o. El personal sabe lo que tiene que hacer y est\u00e1 comprometido con ese trabajo. El esquema es modular, se repite en especie y disposici\u00f3n de las mismas. Si uno compara este monte con los anteriores notar\u00e1 que son las mismas plantas, dispuestas en los mismos lugares. Todo tiene que ver con una cuesti\u00f3n paisaj\u00edstica. Son \u00e1rboles grandes, que nos otorgar\u00e1n un bosque muy denso\u201d, describi\u00f3.<br \/>\n<a href=\"http:\/\/www.youtube.com\/watch?v=BTEtbzwjAYE\"><\/a><a href=\"http:\/\/www.youtube.com\/watch?v=BTEtbzwjAYE\">httpv:\/\/www.youtube.com\/watch?v=BTEtbzwjAYE<\/a><br \/>\n<a href=\"http:\/\/www.youtube.com\/watch?v=DqTak9sU4WQ\"><\/a><a href=\"http:\/\/www.youtube.com\/watch?v=DqTak9sU4WQ\">httpv:\/\/www.youtube.com\/watch?v=DqTak9sU4WQ<\/a><br \/>\n<a href=\"http:\/\/www.youtube.com\/watch?v=AGya_53rm_8\"><\/a><a href=\"http:\/\/www.youtube.com\/watch?v=AGya_53rm_8\">httpv:\/\/www.youtube.com\/watch?v=AGya_53rm_8<\/a><\/p>\n","protected":false},"excerpt":{"rendered":"<p>El embellecimiento del acceso a la ciudad cabecera del distrito sum\u00f3 en la presente jornada un nuevo cap\u00edtulo, con la forestaci\u00f3n del sexto bosque de \u00e1rboles contemplados dentro de un ambicioso plan que se viene desarrollando desde hace algunos a\u00f1os desde la Secretar\u00eda de Producci\u00f3n y Medio Ambiente de la Municipalidad de Tornquist.\u00a0 \u00a0En esta [&hellip;]<\/p>\n","protected":false},"author":1,"featured_media":0,"comment_status":"closed","ping_status":"open","sticky":false,"template":"","format":"standard","meta":{"footnotes":""},"categories":[51,52,53,64],"tags":[],"class_list":["post-12895","post","type-post","status-publish","format-standard","hentry","category-comunidad","category-destacadas","category-politica","category-videos-destacados"],"yoast_head":"<!-- This site is optimized with the Yoast SEO plugin v19.7.1 - https:\/\/yoast.com\/wordpress\/plugins\/seo\/ -->\n<title>PRODUCCION: LA FORESTACION DEL ACCESO A TORNQUIST SUMO UNA NUEVA ETAPA (video y notas) - CELTTV<\/title>\n<meta name=\"description\" content=\"Sitio web de noticias de la localidad de Tornquist, provincia de Buenos Aires, Rep\u00fablica Argentina. Contenido propio originado por periodistas de CELTTV, el canal de TV local de la Cooperativa El\u00e9ctrica de Tornquist. Turismo, Pol\u00edtica, Sociedad, Deporte, Cultura y todo el contenido de inter\u00e9s general que la gente del pueblo y la regi\u00f3n debe conocer.\" \/>\n<meta name=\"robots\" content=\"index, follow, max-snippet:-1, max-image-preview:large, max-video-preview:-1\" \/>\n<link rel=\"canonical\" href=\"https:\/\/www.celttv.com.ar\/index.php\/2013\/08\/03\/produccion-la-forestacion-del-acceso-a-tornquist-sumo-una-nueva-etapa\/\" \/>\n<meta property=\"og:locale\" content=\"es_ES\" \/>\n<meta property=\"og:type\" content=\"article\" \/>\n<meta property=\"og:title\" content=\"PRODUCCION: LA FORESTACION DEL ACCESO A TORNQUIST SUMO UNA NUEVA ETAPA (video y notas) - CELTTV\" \/>\n<meta property=\"og:description\" content=\"Sitio web de noticias de la localidad de Tornquist, provincia de Buenos Aires, Rep\u00fablica Argentina. Contenido propio originado por periodistas de CELTTV, el canal de TV local de la Cooperativa El\u00e9ctrica de Tornquist. Turismo, Pol\u00edtica, Sociedad, Deporte, Cultura y todo el contenido de inter\u00e9s general que la gente del pueblo y la regi\u00f3n debe conocer.\" \/>\n<meta property=\"og:url\" content=\"https:\/\/www.celttv.com.ar\/index.php\/2013\/08\/03\/produccion-la-forestacion-del-acceso-a-tornquist-sumo-una-nueva-etapa\/\" \/>\n<meta property=\"og:site_name\" content=\"CELTTV\" \/>\n<meta property=\"article:publisher\" content=\"https:\/\/www.facebook.com\/celtTV\/\" \/>\n<meta property=\"article:published_time\" content=\"2013-08-03T17:57:30+00:00\" \/>\n<meta name=\"author\" content=\"ulises\" \/>\n<meta name=\"twitter:card\" content=\"summary_large_image\" \/>\n<meta name=\"twitter:label1\" content=\"Escrito por\" \/>\n\t<meta name=\"twitter:data1\" content=\"ulises\" \/>\n\t<meta name=\"twitter:label2\" content=\"Tiempo de lectura\" \/>\n\t<meta name=\"twitter:data2\" content=\"2 minutos\" \/>\n<script type=\"application\/ld+json\" class=\"yoast-schema-graph\">{\"@context\":\"https:\/\/schema.org\",\"@graph\":[{\"@type\":\"NewsArticle\",\"@id\":\"https:\/\/www.celttv.com.ar\/index.php\/2013\/08\/03\/produccion-la-forestacion-del-acceso-a-tornquist-sumo-una-nueva-etapa\/#article\",\"isPartOf\":{\"@id\":\"https:\/\/www.celttv.com.ar\/index.php\/2013\/08\/03\/produccion-la-forestacion-del-acceso-a-tornquist-sumo-una-nueva-etapa\/\"},\"author\":{\"name\":\"ulises\",\"@id\":\"https:\/\/www.celttv.com.ar\/#\/schema\/person\/6d99c072dba59953809c81446e9d0ace\"},\"headline\":\"PRODUCCION: LA FORESTACION DEL ACCESO A TORNQUIST SUMO UNA NUEVA ETAPA (video y notas)\",\"datePublished\":\"2013-08-03T17:57:30+00:00\",\"dateModified\":\"2013-08-03T17:57:30+00:00\",\"mainEntityOfPage\":{\"@id\":\"https:\/\/www.celttv.com.ar\/index.php\/2013\/08\/03\/produccion-la-forestacion-del-acceso-a-tornquist-sumo-una-nueva-etapa\/\"},\"wordCount\":497,\"publisher\":{\"@id\":\"https:\/\/www.celttv.com.ar\/#organization\"},\"articleSection\":[\"Comunidad\",\"Destacadas\",\"Pol\u00edtica\",\"Videos Destacados\"],\"inLanguage\":\"es\"},{\"@type\":\"WebPage\",\"@id\":\"https:\/\/www.celttv.com.ar\/index.php\/2013\/08\/03\/produccion-la-forestacion-del-acceso-a-tornquist-sumo-una-nueva-etapa\/\",\"url\":\"https:\/\/www.celttv.com.ar\/index.php\/2013\/08\/03\/produccion-la-forestacion-del-acceso-a-tornquist-sumo-una-nueva-etapa\/\",\"name\":\"PRODUCCION: LA FORESTACION DEL ACCESO A TORNQUIST SUMO UNA NUEVA ETAPA (video y notas) - CELTTV\",\"isPartOf\":{\"@id\":\"https:\/\/www.celttv.com.ar\/#website\"},\"datePublished\":\"2013-08-03T17:57:30+00:00\",\"dateModified\":\"2013-08-03T17:57:30+00:00\",\"description\":\"Sitio web de noticias de la localidad de Tornquist, provincia de Buenos Aires, Rep\u00fablica Argentina. Contenido propio originado por periodistas de CELTTV, el canal de TV local de la Cooperativa El\u00e9ctrica de Tornquist. Turismo, Pol\u00edtica, Sociedad, Deporte, Cultura y todo el contenido de inter\u00e9s general que la gente del pueblo y la regi\u00f3n debe conocer.\",\"breadcrumb\":{\"@id\":\"https:\/\/www.celttv.com.ar\/index.php\/2013\/08\/03\/produccion-la-forestacion-del-acceso-a-tornquist-sumo-una-nueva-etapa\/#breadcrumb\"},\"inLanguage\":\"es\",\"potentialAction\":[{\"@type\":\"ReadAction\",\"target\":[\"https:\/\/www.celttv.com.ar\/index.php\/2013\/08\/03\/produccion-la-forestacion-del-acceso-a-tornquist-sumo-una-nueva-etapa\/\"]}]},{\"@type\":\"BreadcrumbList\",\"@id\":\"https:\/\/www.celttv.com.ar\/index.php\/2013\/08\/03\/produccion-la-forestacion-del-acceso-a-tornquist-sumo-una-nueva-etapa\/#breadcrumb\",\"itemListElement\":[{\"@type\":\"ListItem\",\"position\":1,\"name\":\"Inicio\",\"item\":\"https:\/\/www.celttv.com.ar\/\"},{\"@type\":\"ListItem\",\"position\":2,\"name\":\"PRODUCCION: LA FORESTACION DEL ACCESO A TORNQUIST SUMO UNA NUEVA ETAPA (video y notas)\"}]},{\"@type\":\"WebSite\",\"@id\":\"https:\/\/www.celttv.com.ar\/#website\",\"url\":\"https:\/\/www.celttv.com.ar\/\",\"name\":\"CELTTV\",\"description\":\"Cooperativa El\u00e9ctrica de Tornquist\",\"publisher\":{\"@id\":\"https:\/\/www.celttv.com.ar\/#organization\"},\"potentialAction\":[{\"@type\":\"SearchAction\",\"target\":{\"@type\":\"EntryPoint\",\"urlTemplate\":\"https:\/\/www.celttv.com.ar\/?s={search_term_string}\"},\"query-input\":\"required name=search_term_string\"}],\"inLanguage\":\"es\"},{\"@type\":\"Organization\",\"@id\":\"https:\/\/www.celttv.com.ar\/#organization\",\"name\":\"CELTTV\",\"url\":\"https:\/\/www.celttv.com.ar\/\",\"sameAs\":[\"https:\/\/www.youtube.com\/channel\/UCz_oIt8Hig64Ub-EmcNPIhg\",\"https:\/\/www.facebook.com\/celtTV\/\"],\"logo\":{\"@type\":\"ImageObject\",\"inLanguage\":\"es\",\"@id\":\"https:\/\/www.celttv.com.ar\/#\/schema\/logo\/image\/\",\"url\":\"http:\/\/www.celttv.com.ar\/wp-content\/uploads\/2022\/08\/logo-1.png\",\"contentUrl\":\"http:\/\/www.celttv.com.ar\/wp-content\/uploads\/2022\/08\/logo-1.png\",\"width\":461,\"height\":159,\"caption\":\"CELTTV\"},\"image\":{\"@id\":\"https:\/\/www.celttv.com.ar\/#\/schema\/logo\/image\/\"}},{\"@type\":\"Person\",\"@id\":\"https:\/\/www.celttv.com.ar\/#\/schema\/person\/6d99c072dba59953809c81446e9d0ace\",\"name\":\"ulises\",\"image\":{\"@type\":\"ImageObject\",\"inLanguage\":\"es\",\"@id\":\"https:\/\/www.celttv.com.ar\/#\/schema\/person\/image\/\",\"url\":\"https:\/\/secure.gravatar.com\/avatar\/7f2c48bdc33b30088f941fb6082e555f2874c98e20cb159d7b92b50eadfce793?s=96&d=mm&r=g\",\"contentUrl\":\"https:\/\/secure.gravatar.com\/avatar\/7f2c48bdc33b30088f941fb6082e555f2874c98e20cb159d7b92b50eadfce793?s=96&d=mm&r=g\",\"caption\":\"ulises\"},\"sameAs\":[\"http:\/\/www.celttv.com.ar\"]}]}<\/script>\n<!-- \/ Yoast SEO plugin. -->","yoast_head_json":{"title":"PRODUCCION: LA FORESTACION DEL ACCESO A TORNQUIST SUMO UNA NUEVA ETAPA (video y notas) - CELTTV","description":"Sitio web de noticias de la localidad de Tornquist, provincia de Buenos Aires, Rep\u00fablica Argentina. Contenido propio originado por periodistas de CELTTV, el canal de TV local de la Cooperativa El\u00e9ctrica de Tornquist. Turismo, Pol\u00edtica, Sociedad, Deporte, Cultura y todo el contenido de inter\u00e9s general que la gente del pueblo y la regi\u00f3n debe conocer.","robots":{"index":"index","follow":"follow","max-snippet":"max-snippet:-1","max-image-preview":"max-image-preview:large","max-video-preview":"max-video-preview:-1"},"canonical":"https:\/\/www.celttv.com.ar\/index.php\/2013\/08\/03\/produccion-la-forestacion-del-acceso-a-tornquist-sumo-una-nueva-etapa\/","og_locale":"es_ES","og_type":"article","og_title":"PRODUCCION: LA FORESTACION DEL ACCESO A TORNQUIST SUMO UNA NUEVA ETAPA (video y notas) - CELTTV","og_description":"Sitio web de noticias de la localidad de Tornquist, provincia de Buenos Aires, Rep\u00fablica Argentina. Contenido propio originado por periodistas de CELTTV, el canal de TV local de la Cooperativa El\u00e9ctrica de Tornquist. Turismo, Pol\u00edtica, Sociedad, Deporte, Cultura y todo el contenido de inter\u00e9s general que la gente del pueblo y la regi\u00f3n debe conocer.","og_url":"https:\/\/www.celttv.com.ar\/index.php\/2013\/08\/03\/produccion-la-forestacion-del-acceso-a-tornquist-sumo-una-nueva-etapa\/","og_site_name":"CELTTV","article_publisher":"https:\/\/www.facebook.com\/celtTV\/","article_published_time":"2013-08-03T17:57:30+00:00","author":"ulises","twitter_card":"summary_large_image","twitter_misc":{"Escrito por":"ulises","Tiempo de lectura":"2 minutos"},"schema":{"@context":"https:\/\/schema.org","@graph":[{"@type":"NewsArticle","@id":"https:\/\/www.celttv.com.ar\/index.php\/2013\/08\/03\/produccion-la-forestacion-del-acceso-a-tornquist-sumo-una-nueva-etapa\/#article","isPartOf":{"@id":"https:\/\/www.celttv.com.ar\/index.php\/2013\/08\/03\/produccion-la-forestacion-del-acceso-a-tornquist-sumo-una-nueva-etapa\/"},"author":{"name":"ulises","@id":"https:\/\/www.celttv.com.ar\/#\/schema\/person\/6d99c072dba59953809c81446e9d0ace"},"headline":"PRODUCCION: LA FORESTACION DEL ACCESO A TORNQUIST SUMO UNA NUEVA ETAPA (video y notas)","datePublished":"2013-08-03T17:57:30+00:00","dateModified":"2013-08-03T17:57:30+00:00","mainEntityOfPage":{"@id":"https:\/\/www.celttv.com.ar\/index.php\/2013\/08\/03\/produccion-la-forestacion-del-acceso-a-tornquist-sumo-una-nueva-etapa\/"},"wordCount":497,"publisher":{"@id":"https:\/\/www.celttv.com.ar\/#organization"},"articleSection":["Comunidad","Destacadas","Pol\u00edtica","Videos Destacados"],"inLanguage":"es"},{"@type":"WebPage","@id":"https:\/\/www.celttv.com.ar\/index.php\/2013\/08\/03\/produccion-la-forestacion-del-acceso-a-tornquist-sumo-una-nueva-etapa\/","url":"https:\/\/www.celttv.com.ar\/index.php\/2013\/08\/03\/produccion-la-forestacion-del-acceso-a-tornquist-sumo-una-nueva-etapa\/","name":"PRODUCCION: LA FORESTACION DEL ACCESO A TORNQUIST SUMO UNA NUEVA ETAPA (video y notas) - CELTTV","isPartOf":{"@id":"https:\/\/www.celttv.com.ar\/#website"},"datePublished":"2013-08-03T17:57:30+00:00","dateModified":"2013-08-03T17:57:30+00:00","description":"Sitio web de noticias de la localidad de Tornquist, provincia de Buenos Aires, Rep\u00fablica Argentina. Contenido propio originado por periodistas de CELTTV, el canal de TV local de la Cooperativa El\u00e9ctrica de Tornquist. Turismo, Pol\u00edtica, Sociedad, Deporte, Cultura y todo el contenido de inter\u00e9s general que la gente del pueblo y la regi\u00f3n debe conocer.","breadcrumb":{"@id":"https:\/\/www.celttv.com.ar\/index.php\/2013\/08\/03\/produccion-la-forestacion-del-acceso-a-tornquist-sumo-una-nueva-etapa\/#breadcrumb"},"inLanguage":"es","potentialAction":[{"@type":"ReadAction","target":["https:\/\/www.celttv.com.ar\/index.php\/2013\/08\/03\/produccion-la-forestacion-del-acceso-a-tornquist-sumo-una-nueva-etapa\/"]}]},{"@type":"BreadcrumbList","@id":"https:\/\/www.celttv.com.ar\/index.php\/2013\/08\/03\/produccion-la-forestacion-del-acceso-a-tornquist-sumo-una-nueva-etapa\/#breadcrumb","itemListElement":[{"@type":"ListItem","position":1,"name":"Inicio","item":"https:\/\/www.celttv.com.ar\/"},{"@type":"ListItem","position":2,"name":"PRODUCCION: LA FORESTACION DEL ACCESO A TORNQUIST SUMO UNA NUEVA ETAPA (video y notas)"}]},{"@type":"WebSite","@id":"https:\/\/www.celttv.com.ar\/#website","url":"https:\/\/www.celttv.com.ar\/","name":"CELTTV","description":"Cooperativa El\u00e9ctrica de Tornquist","publisher":{"@id":"https:\/\/www.celttv.com.ar\/#organization"},"potentialAction":[{"@type":"SearchAction","target":{"@type":"EntryPoint","urlTemplate":"https:\/\/www.celttv.com.ar\/?s={search_term_string}"},"query-input":"required name=search_term_string"}],"inLanguage":"es"},{"@type":"Organization","@id":"https:\/\/www.celttv.com.ar\/#organization","name":"CELTTV","url":"https:\/\/www.celttv.com.ar\/","sameAs":["https:\/\/www.youtube.com\/channel\/UCz_oIt8Hig64Ub-EmcNPIhg","https:\/\/www.facebook.com\/celtTV\/"],"logo":{"@type":"ImageObject","inLanguage":"es","@id":"https:\/\/www.celttv.com.ar\/#\/schema\/logo\/image\/","url":"http:\/\/www.celttv.com.ar\/wp-content\/uploads\/2022\/08\/logo-1.png","contentUrl":"http:\/\/www.celttv.com.ar\/wp-content\/uploads\/2022\/08\/logo-1.png","width":461,"height":159,"caption":"CELTTV"},"image":{"@id":"https:\/\/www.celttv.com.ar\/#\/schema\/logo\/image\/"}},{"@type":"Person","@id":"https:\/\/www.celttv.com.ar\/#\/schema\/person\/6d99c072dba59953809c81446e9d0ace","name":"ulises","image":{"@type":"ImageObject","inLanguage":"es","@id":"https:\/\/www.celttv.com.ar\/#\/schema\/person\/image\/","url":"https:\/\/secure.gravatar.com\/avatar\/7f2c48bdc33b30088f941fb6082e555f2874c98e20cb159d7b92b50eadfce793?s=96&d=mm&r=g","contentUrl":"https:\/\/secure.gravatar.com\/avatar\/7f2c48bdc33b30088f941fb6082e555f2874c98e20cb159d7b92b50eadfce793?s=96&d=mm&r=g","caption":"ulises"},"sameAs":["http:\/\/www.celttv.com.ar"]}]}},"_links":{"self":[{"href":"https:\/\/www.celttv.com.ar\/index.php\/wp-json\/wp\/v2\/posts\/12895","targetHints":{"allow":["GET"]}}],"collection":[{"href":"https:\/\/www.celttv.com.ar\/index.php\/wp-json\/wp\/v2\/posts"}],"about":[{"href":"https:\/\/www.celttv.com.ar\/index.php\/wp-json\/wp\/v2\/types\/post"}],"author":[{"embeddable":true,"href":"https:\/\/www.celttv.com.ar\/index.php\/wp-json\/wp\/v2\/users\/1"}],"replies":[{"embeddable":true,"href":"https:\/\/www.celttv.com.ar\/index.php\/wp-json\/wp\/v2\/comments?post=12895"}],"version-history":[{"count":0,"href":"https:\/\/www.celttv.com.ar\/index.php\/wp-json\/wp\/v2\/posts\/12895\/revisions"}],"wp:attachment":[{"href":"https:\/\/www.celttv.com.ar\/index.php\/wp-json\/wp\/v2\/media?parent=12895"}],"wp:term":[{"taxonomy":"category","embeddable":true,"href":"https:\/\/www.celttv.com.ar\/index.php\/wp-json\/wp\/v2\/categories?post=12895"},{"taxonomy":"post_tag","embeddable":true,"href":"https:\/\/www.celttv.com.ar\/index.php\/wp-json\/wp\/v2\/tags?post=12895"}],"curies":[{"name":"wp","href":"https:\/\/api.w.org\/{rel}","templated":true}]}}