{"id":12899,"date":"2013-08-03T18:05:48","date_gmt":"2013-08-03T18:05:48","guid":{"rendered":"http:\/\/www.tvcnoticias.com.ar\/?p=12899"},"modified":"2013-08-03T18:05:48","modified_gmt":"2013-08-03T18:05:48","slug":"antenas-apostando-a-conocer-mas-sobre-las-rni-radiaciones-no-ionizantes","status":"publish","type":"post","link":"https:\/\/www.celttv.com.ar\/index.php\/2013\/08\/03\/antenas-apostando-a-conocer-mas-sobre-las-rni-radiaciones-no-ionizantes\/","title":{"rendered":"ANTENAS: APOSTANDO A CONOCER MAS SOBRE LAS RNI (Radiaciones no Ionizantes)"},"content":{"rendered":"<p><br \/>\nUn taller de Control Ambiental de la Radiaciones No Ionizantes, tendiente a clarificar algunas cuestiones inherentes a las antenas ubicadas dentro de la planta urbana de las localidades, se desarroll\u00f3 ayer en la Sala de Situaciones de la  Municipalidad de Tornquist.<br \/>\nLa capacitaci\u00f3n fue dictada por el doctor Fernando Andreoli, experto en la materia, quien desarroll\u00f3 un interesante temario ante la presencian de funcionarios municipales, concejales e integrantes de instituciones del distrito.<br \/>\nLa apertura de la jornada estuvo a cargo del intendente municipal, licenciado Gustavo Trankels, quien estuvo acompa\u00f1ado por el director de Producci\u00f3n y Medio Ambiente de la comuna, V\u00edctor Ant\u00f3n. Tambi\u00e9n participaron el secretario del \u00e1rea, Ricardo Valentini; la secretaria de Salud y Bromatolog\u00eda, Mirta Avila; y la subsecretaria de ese organismo, Ver\u00f3nica Castro.<br \/>\nAdem\u00e1s, estuvieron presentes los concejales Mar\u00eda Ofelia Skolak, Adriana Nielsen y Patricia V\u00e1zquez, del Frente para la Victoria, y Gustavo Moroncini, de UDESO. A ellos se sumaron precandidatos a concejales del FpV y Frente Renovador, adem\u00e1s de integrantes del Consejo de Administraci\u00f3n de la Cooperativa El\u00e9ctrica Limitada de Tornquist y de la ONG Ambiente Comarca.<br \/>\n\u201cEste tema no s\u00f3lo nos preocupa sino que nos debe ocupar, y como son temas que trascienden los per\u00edodos de gobierno o electorales, es muy interesante que puedan estar presentes los funcionarios actuales y aquellos que tienen posibilidades de tomar la posta m\u00e1s adelante. Quiero agradecerle al doctor Andreoli, un especialista en el tema de radiaciones no ionizantes, quien nos brinda asesoramiento del tema\u201d, coment\u00f3 el intendente Trankels.<br \/>\n\u201cEsperemos que esta reuni\u00f3n de trabajo haya servido para poder volcarlo a las acciones de gobierno que debemos aplicar en el distrito\u201d, a\u00f1adi\u00f3.<br \/>\nV\u00edctor Ant\u00f3n realiz\u00f3 un an\u00e1lisis de la exposici\u00f3n del doctor Andreoli, quien entre otros temas abord\u00f3 las o<em>ndas electromagn\u00e9ticas, los tipos de radiaci\u00f3n, las radiaciones no ionizantes, la evoluci\u00f3n del control de las mismas a nivel internacional y nacional, los l\u00edmites de exposici\u00f3n y la competencia de las distintas autoridades nacionales, provinciales y municipales en la materia.<\/em><em> <\/em><br \/>\n\u201cEsta es una de las tem\u00e1ticas m\u00e1s importantes que tenemos en la Secretar\u00eda. El intendente nos pidi\u00f3 que tomemos contacto con gente especializada en el tema y llegamos al doctor Andreoli, quien en su oportunidad nos visit\u00f3 para medir las radiaciones en Sierra de la Ventana. Esta visita ech\u00f3 mucha luz a la cuesti\u00f3n\u201d, se\u00f1al\u00f3 Ant\u00f3n.<br \/>\n\u201cTuvimos una linda reuni\u00f3n, en la cual estuvieron representados la ONG Ambiente Comarca, el Concejo Deliberante, algunos de los precandidatos a concejales en las pr\u00f3ximas elecciones, gente del Ejecutivo municipal y la Cooperativa El\u00e9ctrica\u201d, coment\u00f3.<br \/>\n\u201cEl doctor recorri\u00f3 el tema desde sus inicios, para alguien que pod\u00eda ser la primera vez que estaba escuchando sobre el tema, hasta hablar de las mediciones que se hicieron \u00faltimamente en Sierra de la Ventana y c\u00f3mo avanzar en alg\u00fan tipo de normativa, para darle un marco legal al tema antenas en el distrito, por eso lamento que no hayan asistido todos los concejales que hab\u00edan sido invitados\u201d, explic\u00f3.<br \/>\nEl doctor Andreoli realiz\u00f3 un breve resumen de su exposici\u00f3n.<br \/>\n\u201cUna antena de radio FM es 100 veces m\u00e1s potente que una antena de telefon\u00eda celular en ciudad. Ahora, eso no significa que sea mala. El hecho de que retiren una antena, no significa que no haya ondas electromagn\u00e9ticas. Lo ideal es hacer un control y verificar que los niveles de radiaci\u00f3n de las localidades cumplan con los par\u00e1metros del Ministerio de Salud\u201d, afirm\u00f3.<br \/>\n\u201cLes aconsejar\u00eda que realicen un control de radiaciones con mediciones urbanas, donde se tomen varios puntos. En las mediciones que efectuamos en Sierra de la Ventana, estaba en el 3 por ciento del m\u00e1ximo permitido en Argentina, que es de 0,2 y m\u00e1s exigente de lo que est\u00e1 vigente en Europa, que es de 0,4\u201d, resalt\u00f3, quien recalc\u00f3 que la provincia de Buenos Aires tiene la legislaci\u00f3n m\u00e1s avanzada en la materia.<br \/>\n&nbsp;<br \/>\n&nbsp;<\/p>\n","protected":false},"excerpt":{"rendered":"<p>Un taller de Control Ambiental de la Radiaciones No Ionizantes, tendiente a clarificar algunas cuestiones inherentes a las antenas ubicadas dentro de la planta urbana de las localidades, se desarroll\u00f3 ayer en la Sala de Situaciones de la Municipalidad de Tornquist. La capacitaci\u00f3n fue dictada por el doctor Fernando Andreoli, experto en la materia, quien [&hellip;]<\/p>\n","protected":false},"author":1,"featured_media":0,"comment_status":"closed","ping_status":"open","sticky":false,"template":"","format":"standard","meta":{"footnotes":""},"categories":[51,52,53],"tags":[],"class_list":["post-12899","post","type-post","status-publish","format-standard","hentry","category-comunidad","category-destacadas","category-politica"],"yoast_head":"<!-- This site is optimized with the Yoast SEO plugin v19.7.1 - https:\/\/yoast.com\/wordpress\/plugins\/seo\/ -->\n<title>ANTENAS: APOSTANDO A CONOCER MAS SOBRE LAS RNI (Radiaciones no Ionizantes) - CELTTV<\/title>\n<meta name=\"description\" content=\"Sitio web de noticias de la localidad de Tornquist, provincia de Buenos Aires, Rep\u00fablica Argentina. Contenido propio originado por periodistas de CELTTV, el canal de TV local de la Cooperativa El\u00e9ctrica de Tornquist. Turismo, Pol\u00edtica, Sociedad, Deporte, Cultura y todo el contenido de inter\u00e9s general que la gente del pueblo y la regi\u00f3n debe conocer.\" \/>\n<meta name=\"robots\" content=\"index, follow, max-snippet:-1, max-image-preview:large, max-video-preview:-1\" \/>\n<link rel=\"canonical\" href=\"https:\/\/www.celttv.com.ar\/index.php\/2013\/08\/03\/antenas-apostando-a-conocer-mas-sobre-las-rni-radiaciones-no-ionizantes\/\" \/>\n<meta property=\"og:locale\" content=\"es_ES\" \/>\n<meta property=\"og:type\" content=\"article\" \/>\n<meta property=\"og:title\" content=\"ANTENAS: APOSTANDO A CONOCER MAS SOBRE LAS RNI (Radiaciones no Ionizantes) - CELTTV\" \/>\n<meta property=\"og:description\" content=\"Sitio web de noticias de la localidad de Tornquist, provincia de Buenos Aires, Rep\u00fablica Argentina. Contenido propio originado por periodistas de CELTTV, el canal de TV local de la Cooperativa El\u00e9ctrica de Tornquist. Turismo, Pol\u00edtica, Sociedad, Deporte, Cultura y todo el contenido de inter\u00e9s general que la gente del pueblo y la regi\u00f3n debe conocer.\" \/>\n<meta property=\"og:url\" content=\"https:\/\/www.celttv.com.ar\/index.php\/2013\/08\/03\/antenas-apostando-a-conocer-mas-sobre-las-rni-radiaciones-no-ionizantes\/\" \/>\n<meta property=\"og:site_name\" content=\"CELTTV\" \/>\n<meta property=\"article:publisher\" content=\"https:\/\/www.facebook.com\/celtTV\/\" \/>\n<meta property=\"article:published_time\" content=\"2013-08-03T18:05:48+00:00\" \/>\n<meta name=\"author\" content=\"ulises\" \/>\n<meta name=\"twitter:card\" content=\"summary_large_image\" \/>\n<meta name=\"twitter:label1\" content=\"Escrito por\" \/>\n\t<meta name=\"twitter:data1\" content=\"ulises\" \/>\n\t<meta name=\"twitter:label2\" content=\"Tiempo de lectura\" \/>\n\t<meta name=\"twitter:data2\" content=\"3 minutos\" \/>\n<script type=\"application\/ld+json\" class=\"yoast-schema-graph\">{\"@context\":\"https:\/\/schema.org\",\"@graph\":[{\"@type\":\"NewsArticle\",\"@id\":\"https:\/\/www.celttv.com.ar\/index.php\/2013\/08\/03\/antenas-apostando-a-conocer-mas-sobre-las-rni-radiaciones-no-ionizantes\/#article\",\"isPartOf\":{\"@id\":\"https:\/\/www.celttv.com.ar\/index.php\/2013\/08\/03\/antenas-apostando-a-conocer-mas-sobre-las-rni-radiaciones-no-ionizantes\/\"},\"author\":{\"name\":\"ulises\",\"@id\":\"https:\/\/www.celttv.com.ar\/#\/schema\/person\/6d99c072dba59953809c81446e9d0ace\"},\"headline\":\"ANTENAS: APOSTANDO A CONOCER MAS SOBRE LAS RNI (Radiaciones no Ionizantes)\",\"datePublished\":\"2013-08-03T18:05:48+00:00\",\"dateModified\":\"2013-08-03T18:05:48+00:00\",\"mainEntityOfPage\":{\"@id\":\"https:\/\/www.celttv.com.ar\/index.php\/2013\/08\/03\/antenas-apostando-a-conocer-mas-sobre-las-rni-radiaciones-no-ionizantes\/\"},\"wordCount\":701,\"publisher\":{\"@id\":\"https:\/\/www.celttv.com.ar\/#organization\"},\"articleSection\":[\"Comunidad\",\"Destacadas\",\"Pol\u00edtica\"],\"inLanguage\":\"es\"},{\"@type\":\"WebPage\",\"@id\":\"https:\/\/www.celttv.com.ar\/index.php\/2013\/08\/03\/antenas-apostando-a-conocer-mas-sobre-las-rni-radiaciones-no-ionizantes\/\",\"url\":\"https:\/\/www.celttv.com.ar\/index.php\/2013\/08\/03\/antenas-apostando-a-conocer-mas-sobre-las-rni-radiaciones-no-ionizantes\/\",\"name\":\"ANTENAS: APOSTANDO A CONOCER MAS SOBRE LAS RNI (Radiaciones no Ionizantes) - CELTTV\",\"isPartOf\":{\"@id\":\"https:\/\/www.celttv.com.ar\/#website\"},\"datePublished\":\"2013-08-03T18:05:48+00:00\",\"dateModified\":\"2013-08-03T18:05:48+00:00\",\"description\":\"Sitio web de noticias de la localidad de Tornquist, provincia de Buenos Aires, Rep\u00fablica Argentina. Contenido propio originado por periodistas de CELTTV, el canal de TV local de la Cooperativa El\u00e9ctrica de Tornquist. Turismo, Pol\u00edtica, Sociedad, Deporte, Cultura y todo el contenido de inter\u00e9s general que la gente del pueblo y la regi\u00f3n debe conocer.\",\"breadcrumb\":{\"@id\":\"https:\/\/www.celttv.com.ar\/index.php\/2013\/08\/03\/antenas-apostando-a-conocer-mas-sobre-las-rni-radiaciones-no-ionizantes\/#breadcrumb\"},\"inLanguage\":\"es\",\"potentialAction\":[{\"@type\":\"ReadAction\",\"target\":[\"https:\/\/www.celttv.com.ar\/index.php\/2013\/08\/03\/antenas-apostando-a-conocer-mas-sobre-las-rni-radiaciones-no-ionizantes\/\"]}]},{\"@type\":\"BreadcrumbList\",\"@id\":\"https:\/\/www.celttv.com.ar\/index.php\/2013\/08\/03\/antenas-apostando-a-conocer-mas-sobre-las-rni-radiaciones-no-ionizantes\/#breadcrumb\",\"itemListElement\":[{\"@type\":\"ListItem\",\"position\":1,\"name\":\"Inicio\",\"item\":\"https:\/\/www.celttv.com.ar\/\"},{\"@type\":\"ListItem\",\"position\":2,\"name\":\"ANTENAS: APOSTANDO A CONOCER MAS SOBRE LAS RNI (Radiaciones no Ionizantes)\"}]},{\"@type\":\"WebSite\",\"@id\":\"https:\/\/www.celttv.com.ar\/#website\",\"url\":\"https:\/\/www.celttv.com.ar\/\",\"name\":\"CELTTV\",\"description\":\"Cooperativa El\u00e9ctrica de Tornquist\",\"publisher\":{\"@id\":\"https:\/\/www.celttv.com.ar\/#organization\"},\"potentialAction\":[{\"@type\":\"SearchAction\",\"target\":{\"@type\":\"EntryPoint\",\"urlTemplate\":\"https:\/\/www.celttv.com.ar\/?s={search_term_string}\"},\"query-input\":\"required name=search_term_string\"}],\"inLanguage\":\"es\"},{\"@type\":\"Organization\",\"@id\":\"https:\/\/www.celttv.com.ar\/#organization\",\"name\":\"CELTTV\",\"url\":\"https:\/\/www.celttv.com.ar\/\",\"sameAs\":[\"https:\/\/www.youtube.com\/channel\/UCz_oIt8Hig64Ub-EmcNPIhg\",\"https:\/\/www.facebook.com\/celtTV\/\"],\"logo\":{\"@type\":\"ImageObject\",\"inLanguage\":\"es\",\"@id\":\"https:\/\/www.celttv.com.ar\/#\/schema\/logo\/image\/\",\"url\":\"http:\/\/www.celttv.com.ar\/wp-content\/uploads\/2022\/08\/logo-1.png\",\"contentUrl\":\"http:\/\/www.celttv.com.ar\/wp-content\/uploads\/2022\/08\/logo-1.png\",\"width\":461,\"height\":159,\"caption\":\"CELTTV\"},\"image\":{\"@id\":\"https:\/\/www.celttv.com.ar\/#\/schema\/logo\/image\/\"}},{\"@type\":\"Person\",\"@id\":\"https:\/\/www.celttv.com.ar\/#\/schema\/person\/6d99c072dba59953809c81446e9d0ace\",\"name\":\"ulises\",\"image\":{\"@type\":\"ImageObject\",\"inLanguage\":\"es\",\"@id\":\"https:\/\/www.celttv.com.ar\/#\/schema\/person\/image\/\",\"url\":\"https:\/\/secure.gravatar.com\/avatar\/7f2c48bdc33b30088f941fb6082e555f2874c98e20cb159d7b92b50eadfce793?s=96&d=mm&r=g\",\"contentUrl\":\"https:\/\/secure.gravatar.com\/avatar\/7f2c48bdc33b30088f941fb6082e555f2874c98e20cb159d7b92b50eadfce793?s=96&d=mm&r=g\",\"caption\":\"ulises\"},\"sameAs\":[\"http:\/\/www.celttv.com.ar\"]}]}<\/script>\n<!-- \/ Yoast SEO plugin. -->","yoast_head_json":{"title":"ANTENAS: APOSTANDO A CONOCER MAS SOBRE LAS RNI (Radiaciones no Ionizantes) - CELTTV","description":"Sitio web de noticias de la localidad de Tornquist, provincia de Buenos Aires, Rep\u00fablica Argentina. Contenido propio originado por periodistas de CELTTV, el canal de TV local de la Cooperativa El\u00e9ctrica de Tornquist. Turismo, Pol\u00edtica, Sociedad, Deporte, Cultura y todo el contenido de inter\u00e9s general que la gente del pueblo y la regi\u00f3n debe conocer.","robots":{"index":"index","follow":"follow","max-snippet":"max-snippet:-1","max-image-preview":"max-image-preview:large","max-video-preview":"max-video-preview:-1"},"canonical":"https:\/\/www.celttv.com.ar\/index.php\/2013\/08\/03\/antenas-apostando-a-conocer-mas-sobre-las-rni-radiaciones-no-ionizantes\/","og_locale":"es_ES","og_type":"article","og_title":"ANTENAS: APOSTANDO A CONOCER MAS SOBRE LAS RNI (Radiaciones no Ionizantes) - CELTTV","og_description":"Sitio web de noticias de la localidad de Tornquist, provincia de Buenos Aires, Rep\u00fablica Argentina. Contenido propio originado por periodistas de CELTTV, el canal de TV local de la Cooperativa El\u00e9ctrica de Tornquist. Turismo, Pol\u00edtica, Sociedad, Deporte, Cultura y todo el contenido de inter\u00e9s general que la gente del pueblo y la regi\u00f3n debe conocer.","og_url":"https:\/\/www.celttv.com.ar\/index.php\/2013\/08\/03\/antenas-apostando-a-conocer-mas-sobre-las-rni-radiaciones-no-ionizantes\/","og_site_name":"CELTTV","article_publisher":"https:\/\/www.facebook.com\/celtTV\/","article_published_time":"2013-08-03T18:05:48+00:00","author":"ulises","twitter_card":"summary_large_image","twitter_misc":{"Escrito por":"ulises","Tiempo de lectura":"3 minutos"},"schema":{"@context":"https:\/\/schema.org","@graph":[{"@type":"NewsArticle","@id":"https:\/\/www.celttv.com.ar\/index.php\/2013\/08\/03\/antenas-apostando-a-conocer-mas-sobre-las-rni-radiaciones-no-ionizantes\/#article","isPartOf":{"@id":"https:\/\/www.celttv.com.ar\/index.php\/2013\/08\/03\/antenas-apostando-a-conocer-mas-sobre-las-rni-radiaciones-no-ionizantes\/"},"author":{"name":"ulises","@id":"https:\/\/www.celttv.com.ar\/#\/schema\/person\/6d99c072dba59953809c81446e9d0ace"},"headline":"ANTENAS: APOSTANDO A CONOCER MAS SOBRE LAS RNI (Radiaciones no Ionizantes)","datePublished":"2013-08-03T18:05:48+00:00","dateModified":"2013-08-03T18:05:48+00:00","mainEntityOfPage":{"@id":"https:\/\/www.celttv.com.ar\/index.php\/2013\/08\/03\/antenas-apostando-a-conocer-mas-sobre-las-rni-radiaciones-no-ionizantes\/"},"wordCount":701,"publisher":{"@id":"https:\/\/www.celttv.com.ar\/#organization"},"articleSection":["Comunidad","Destacadas","Pol\u00edtica"],"inLanguage":"es"},{"@type":"WebPage","@id":"https:\/\/www.celttv.com.ar\/index.php\/2013\/08\/03\/antenas-apostando-a-conocer-mas-sobre-las-rni-radiaciones-no-ionizantes\/","url":"https:\/\/www.celttv.com.ar\/index.php\/2013\/08\/03\/antenas-apostando-a-conocer-mas-sobre-las-rni-radiaciones-no-ionizantes\/","name":"ANTENAS: APOSTANDO A CONOCER MAS SOBRE LAS RNI (Radiaciones no Ionizantes) - CELTTV","isPartOf":{"@id":"https:\/\/www.celttv.com.ar\/#website"},"datePublished":"2013-08-03T18:05:48+00:00","dateModified":"2013-08-03T18:05:48+00:00","description":"Sitio web de noticias de la localidad de Tornquist, provincia de Buenos Aires, Rep\u00fablica Argentina. Contenido propio originado por periodistas de CELTTV, el canal de TV local de la Cooperativa El\u00e9ctrica de Tornquist. Turismo, Pol\u00edtica, Sociedad, Deporte, Cultura y todo el contenido de inter\u00e9s general que la gente del pueblo y la regi\u00f3n debe conocer.","breadcrumb":{"@id":"https:\/\/www.celttv.com.ar\/index.php\/2013\/08\/03\/antenas-apostando-a-conocer-mas-sobre-las-rni-radiaciones-no-ionizantes\/#breadcrumb"},"inLanguage":"es","potentialAction":[{"@type":"ReadAction","target":["https:\/\/www.celttv.com.ar\/index.php\/2013\/08\/03\/antenas-apostando-a-conocer-mas-sobre-las-rni-radiaciones-no-ionizantes\/"]}]},{"@type":"BreadcrumbList","@id":"https:\/\/www.celttv.com.ar\/index.php\/2013\/08\/03\/antenas-apostando-a-conocer-mas-sobre-las-rni-radiaciones-no-ionizantes\/#breadcrumb","itemListElement":[{"@type":"ListItem","position":1,"name":"Inicio","item":"https:\/\/www.celttv.com.ar\/"},{"@type":"ListItem","position":2,"name":"ANTENAS: APOSTANDO A CONOCER MAS SOBRE LAS RNI (Radiaciones no Ionizantes)"}]},{"@type":"WebSite","@id":"https:\/\/www.celttv.com.ar\/#website","url":"https:\/\/www.celttv.com.ar\/","name":"CELTTV","description":"Cooperativa El\u00e9ctrica de Tornquist","publisher":{"@id":"https:\/\/www.celttv.com.ar\/#organization"},"potentialAction":[{"@type":"SearchAction","target":{"@type":"EntryPoint","urlTemplate":"https:\/\/www.celttv.com.ar\/?s={search_term_string}"},"query-input":"required name=search_term_string"}],"inLanguage":"es"},{"@type":"Organization","@id":"https:\/\/www.celttv.com.ar\/#organization","name":"CELTTV","url":"https:\/\/www.celttv.com.ar\/","sameAs":["https:\/\/www.youtube.com\/channel\/UCz_oIt8Hig64Ub-EmcNPIhg","https:\/\/www.facebook.com\/celtTV\/"],"logo":{"@type":"ImageObject","inLanguage":"es","@id":"https:\/\/www.celttv.com.ar\/#\/schema\/logo\/image\/","url":"http:\/\/www.celttv.com.ar\/wp-content\/uploads\/2022\/08\/logo-1.png","contentUrl":"http:\/\/www.celttv.com.ar\/wp-content\/uploads\/2022\/08\/logo-1.png","width":461,"height":159,"caption":"CELTTV"},"image":{"@id":"https:\/\/www.celttv.com.ar\/#\/schema\/logo\/image\/"}},{"@type":"Person","@id":"https:\/\/www.celttv.com.ar\/#\/schema\/person\/6d99c072dba59953809c81446e9d0ace","name":"ulises","image":{"@type":"ImageObject","inLanguage":"es","@id":"https:\/\/www.celttv.com.ar\/#\/schema\/person\/image\/","url":"https:\/\/secure.gravatar.com\/avatar\/7f2c48bdc33b30088f941fb6082e555f2874c98e20cb159d7b92b50eadfce793?s=96&d=mm&r=g","contentUrl":"https:\/\/secure.gravatar.com\/avatar\/7f2c48bdc33b30088f941fb6082e555f2874c98e20cb159d7b92b50eadfce793?s=96&d=mm&r=g","caption":"ulises"},"sameAs":["http:\/\/www.celttv.com.ar"]}]}},"_links":{"self":[{"href":"https:\/\/www.celttv.com.ar\/index.php\/wp-json\/wp\/v2\/posts\/12899","targetHints":{"allow":["GET"]}}],"collection":[{"href":"https:\/\/www.celttv.com.ar\/index.php\/wp-json\/wp\/v2\/posts"}],"about":[{"href":"https:\/\/www.celttv.com.ar\/index.php\/wp-json\/wp\/v2\/types\/post"}],"author":[{"embeddable":true,"href":"https:\/\/www.celttv.com.ar\/index.php\/wp-json\/wp\/v2\/users\/1"}],"replies":[{"embeddable":true,"href":"https:\/\/www.celttv.com.ar\/index.php\/wp-json\/wp\/v2\/comments?post=12899"}],"version-history":[{"count":0,"href":"https:\/\/www.celttv.com.ar\/index.php\/wp-json\/wp\/v2\/posts\/12899\/revisions"}],"wp:attachment":[{"href":"https:\/\/www.celttv.com.ar\/index.php\/wp-json\/wp\/v2\/media?parent=12899"}],"wp:term":[{"taxonomy":"category","embeddable":true,"href":"https:\/\/www.celttv.com.ar\/index.php\/wp-json\/wp\/v2\/categories?post=12899"},{"taxonomy":"post_tag","embeddable":true,"href":"https:\/\/www.celttv.com.ar\/index.php\/wp-json\/wp\/v2\/tags?post=12899"}],"curies":[{"name":"wp","href":"https:\/\/api.w.org\/{rel}","templated":true}]}}