{"id":12931,"date":"2013-08-06T14:58:09","date_gmt":"2013-08-06T14:58:09","guid":{"rendered":"http:\/\/www.tvcnoticias.com.ar\/?p=12931"},"modified":"2013-08-06T14:58:09","modified_gmt":"2013-08-06T14:58:09","slug":"analisis-sobre-situaciones-climaticas-criticas","status":"publish","type":"post","link":"https:\/\/www.celttv.com.ar\/index.php\/2013\/08\/06\/analisis-sobre-situaciones-climaticas-criticas\/","title":{"rendered":"ANALISIS SOBRE SITUACIONES CLIMATICAS CRITICAS"},"content":{"rendered":"<p><br \/>\nCon el objetivo de analizar los pormenores que se desprenden ante una situaci\u00f3n cr\u00edtica de nevada, inundaci\u00f3n o incendio, y\u00a0la concientizaci\u00f3n e informaci\u00f3n que debe tener no s\u00f3lo el ciudadano permanente sino tambi\u00e9n el turista, se desarroll\u00f3 una reuni\u00f3n en el CPT de Villa Ventana, con la participaci\u00f3n del secretario de Producci\u00f3n y Medio Ambiente comunal, Ricardo Valentini; el referente de Defensa Civil municipal, Rodrigo Fuhr; y el director de Operaciones de Defensa Civil de la Provincia de Buenos Aires, Leonardo Zaccagnini, y parte de su equipo.<br \/>\nLa iniciativa surgi\u00f3 merced a la solicitud que vecinos e integrantes del consejo de administraci\u00f3n de la entidad le realizaron al intendente municipal, licenciado Gustavo Trankels.<br \/>\nLa decisi\u00f3n de cortar la ruta ante sucesos clim\u00e1ticos fue uno de los temas abordados durante la reuni\u00f3n. Al respecto, Fuhr explic\u00f3 los motivos de determinadas decisiones tomadas en conjunto con la Secretaria de Seguridad y dej\u00f3 en claro que lo \u00fanico que se pretende es preservar la vida humana, dejando de lado otras necesidades propias del ciudadano.<br \/>\nAdem\u00e1s, coment\u00f3 con qu\u00e9 elementos cuentan los cuarteles del distrito, muchos de ellos de reciente incorporaci\u00f3n, como los camiones todoterreno de \u00faltima generaci\u00f3n provistos por el Gobierno Nacional\u00a0que poseen los cuarteles de Tornquist y Sierra de la Ventana, y que serian el complemento ante una emergencia en apoyo al Cuartel de Villa Ventana.<br \/>\nEl tema de la tala de \u00e1rboles en situaci\u00f3n de riesgo sanitario tambi\u00e9n fue un tema abordado en la jornada. Desde la Secretar\u00eda de Producci\u00f3n y Medio Ambiente se coment\u00f3 que con una importante inversi\u00f3n, y para evitar males mayores, se llevan extra\u00eddos m\u00e1s de 300 ejemplares con esas caracter\u00edsticas, en tanto que a partir del a\u00f1o pasado se inici\u00f3 su reposici\u00f3n con excelentes resultados de implantaci\u00f3n.<br \/>\nCerrando ya la jornada, y despu\u00e9s de una reuni\u00f3n de cerca de tres horas, el Director de Defensa Civil bonaerense, atento a lo expresado por los vecinos presentes, se refiri\u00f3 a los pasos a seguir en materia de concientizaci\u00f3n por medio de capacitaciones a nivel local y folleter\u00eda.<br \/>\nEntre otros aspectos, se mencion\u00f3 la importancia de transmitir la informaci\u00f3n exacta en medios de difusi\u00f3n en situaci\u00f3n de crisis, emitir con precisi\u00f3n a qui\u00e9n se debe acudir en casos de emergencia y la necesidad de distribuir carteler\u00eda fija en puntos estrat\u00e9gicos de Villa Ventana, con recomendaciones y tel\u00e9fonos, recalcando el permanente compromiso del gobierno para esta regi\u00f3n. Prueba de ello es la base de operaciones a\u00e9reas que en determinados \u00e9pocas del a\u00f1o se encuentra instalada en Tornquist.<br \/>\n&nbsp;<\/p>\n","protected":false},"excerpt":{"rendered":"<p>Con el objetivo de analizar los pormenores que se desprenden ante una situaci\u00f3n cr\u00edtica de nevada, inundaci\u00f3n o incendio, y\u00a0la concientizaci\u00f3n e informaci\u00f3n que debe tener no s\u00f3lo el ciudadano permanente sino tambi\u00e9n el turista, se desarroll\u00f3 una reuni\u00f3n en el CPT de Villa Ventana, con la participaci\u00f3n del secretario de Producci\u00f3n y Medio Ambiente [&hellip;]<\/p>\n","protected":false},"author":1,"featured_media":0,"comment_status":"closed","ping_status":"open","sticky":false,"template":"","format":"standard","meta":{"footnotes":""},"categories":[51,52,53],"tags":[],"class_list":["post-12931","post","type-post","status-publish","format-standard","hentry","category-comunidad","category-destacadas","category-politica"],"yoast_head":"<!-- This site is optimized with the Yoast SEO plugin v19.7.1 - https:\/\/yoast.com\/wordpress\/plugins\/seo\/ -->\n<title>ANALISIS SOBRE SITUACIONES CLIMATICAS CRITICAS - CELTTV<\/title>\n<meta name=\"description\" content=\"Sitio web de noticias de la localidad de Tornquist, provincia de Buenos Aires, Rep\u00fablica Argentina. Contenido propio originado por periodistas de CELTTV, el canal de TV local de la Cooperativa El\u00e9ctrica de Tornquist. Turismo, Pol\u00edtica, Sociedad, Deporte, Cultura y todo el contenido de inter\u00e9s general que la gente del pueblo y la regi\u00f3n debe conocer.\" \/>\n<meta name=\"robots\" content=\"index, follow, max-snippet:-1, max-image-preview:large, max-video-preview:-1\" \/>\n<link rel=\"canonical\" href=\"https:\/\/www.celttv.com.ar\/index.php\/2013\/08\/06\/analisis-sobre-situaciones-climaticas-criticas\/\" \/>\n<meta property=\"og:locale\" content=\"es_ES\" \/>\n<meta property=\"og:type\" content=\"article\" \/>\n<meta property=\"og:title\" content=\"ANALISIS SOBRE SITUACIONES CLIMATICAS CRITICAS - CELTTV\" \/>\n<meta property=\"og:description\" content=\"Sitio web de noticias de la localidad de Tornquist, provincia de Buenos Aires, Rep\u00fablica Argentina. Contenido propio originado por periodistas de CELTTV, el canal de TV local de la Cooperativa El\u00e9ctrica de Tornquist. Turismo, Pol\u00edtica, Sociedad, Deporte, Cultura y todo el contenido de inter\u00e9s general que la gente del pueblo y la regi\u00f3n debe conocer.\" \/>\n<meta property=\"og:url\" content=\"https:\/\/www.celttv.com.ar\/index.php\/2013\/08\/06\/analisis-sobre-situaciones-climaticas-criticas\/\" \/>\n<meta property=\"og:site_name\" content=\"CELTTV\" \/>\n<meta property=\"article:publisher\" content=\"https:\/\/www.facebook.com\/celtTV\/\" \/>\n<meta property=\"article:published_time\" content=\"2013-08-06T14:58:09+00:00\" \/>\n<meta name=\"author\" content=\"ulises\" \/>\n<meta name=\"twitter:card\" content=\"summary_large_image\" \/>\n<meta name=\"twitter:label1\" content=\"Escrito por\" \/>\n\t<meta name=\"twitter:data1\" content=\"ulises\" \/>\n\t<meta name=\"twitter:label2\" content=\"Tiempo de lectura\" \/>\n\t<meta name=\"twitter:data2\" content=\"2 minutos\" \/>\n<script type=\"application\/ld+json\" class=\"yoast-schema-graph\">{\"@context\":\"https:\/\/schema.org\",\"@graph\":[{\"@type\":\"NewsArticle\",\"@id\":\"https:\/\/www.celttv.com.ar\/index.php\/2013\/08\/06\/analisis-sobre-situaciones-climaticas-criticas\/#article\",\"isPartOf\":{\"@id\":\"https:\/\/www.celttv.com.ar\/index.php\/2013\/08\/06\/analisis-sobre-situaciones-climaticas-criticas\/\"},\"author\":{\"name\":\"ulises\",\"@id\":\"https:\/\/www.celttv.com.ar\/#\/schema\/person\/6d99c072dba59953809c81446e9d0ace\"},\"headline\":\"ANALISIS SOBRE SITUACIONES CLIMATICAS CRITICAS\",\"datePublished\":\"2013-08-06T14:58:09+00:00\",\"dateModified\":\"2013-08-06T14:58:09+00:00\",\"mainEntityOfPage\":{\"@id\":\"https:\/\/www.celttv.com.ar\/index.php\/2013\/08\/06\/analisis-sobre-situaciones-climaticas-criticas\/\"},\"wordCount\":471,\"publisher\":{\"@id\":\"https:\/\/www.celttv.com.ar\/#organization\"},\"articleSection\":[\"Comunidad\",\"Destacadas\",\"Pol\u00edtica\"],\"inLanguage\":\"es\"},{\"@type\":\"WebPage\",\"@id\":\"https:\/\/www.celttv.com.ar\/index.php\/2013\/08\/06\/analisis-sobre-situaciones-climaticas-criticas\/\",\"url\":\"https:\/\/www.celttv.com.ar\/index.php\/2013\/08\/06\/analisis-sobre-situaciones-climaticas-criticas\/\",\"name\":\"ANALISIS SOBRE SITUACIONES CLIMATICAS CRITICAS - CELTTV\",\"isPartOf\":{\"@id\":\"https:\/\/www.celttv.com.ar\/#website\"},\"datePublished\":\"2013-08-06T14:58:09+00:00\",\"dateModified\":\"2013-08-06T14:58:09+00:00\",\"description\":\"Sitio web de noticias de la localidad de Tornquist, provincia de Buenos Aires, Rep\u00fablica Argentina. Contenido propio originado por periodistas de CELTTV, el canal de TV local de la Cooperativa El\u00e9ctrica de Tornquist. Turismo, Pol\u00edtica, Sociedad, Deporte, Cultura y todo el contenido de inter\u00e9s general que la gente del pueblo y la regi\u00f3n debe conocer.\",\"breadcrumb\":{\"@id\":\"https:\/\/www.celttv.com.ar\/index.php\/2013\/08\/06\/analisis-sobre-situaciones-climaticas-criticas\/#breadcrumb\"},\"inLanguage\":\"es\",\"potentialAction\":[{\"@type\":\"ReadAction\",\"target\":[\"https:\/\/www.celttv.com.ar\/index.php\/2013\/08\/06\/analisis-sobre-situaciones-climaticas-criticas\/\"]}]},{\"@type\":\"BreadcrumbList\",\"@id\":\"https:\/\/www.celttv.com.ar\/index.php\/2013\/08\/06\/analisis-sobre-situaciones-climaticas-criticas\/#breadcrumb\",\"itemListElement\":[{\"@type\":\"ListItem\",\"position\":1,\"name\":\"Inicio\",\"item\":\"https:\/\/www.celttv.com.ar\/\"},{\"@type\":\"ListItem\",\"position\":2,\"name\":\"ANALISIS SOBRE SITUACIONES CLIMATICAS CRITICAS\"}]},{\"@type\":\"WebSite\",\"@id\":\"https:\/\/www.celttv.com.ar\/#website\",\"url\":\"https:\/\/www.celttv.com.ar\/\",\"name\":\"CELTTV\",\"description\":\"Cooperativa El\u00e9ctrica de Tornquist\",\"publisher\":{\"@id\":\"https:\/\/www.celttv.com.ar\/#organization\"},\"potentialAction\":[{\"@type\":\"SearchAction\",\"target\":{\"@type\":\"EntryPoint\",\"urlTemplate\":\"https:\/\/www.celttv.com.ar\/?s={search_term_string}\"},\"query-input\":\"required name=search_term_string\"}],\"inLanguage\":\"es\"},{\"@type\":\"Organization\",\"@id\":\"https:\/\/www.celttv.com.ar\/#organization\",\"name\":\"CELTTV\",\"url\":\"https:\/\/www.celttv.com.ar\/\",\"sameAs\":[\"https:\/\/www.youtube.com\/channel\/UCz_oIt8Hig64Ub-EmcNPIhg\",\"https:\/\/www.facebook.com\/celtTV\/\"],\"logo\":{\"@type\":\"ImageObject\",\"inLanguage\":\"es\",\"@id\":\"https:\/\/www.celttv.com.ar\/#\/schema\/logo\/image\/\",\"url\":\"http:\/\/www.celttv.com.ar\/wp-content\/uploads\/2022\/08\/logo-1.png\",\"contentUrl\":\"http:\/\/www.celttv.com.ar\/wp-content\/uploads\/2022\/08\/logo-1.png\",\"width\":461,\"height\":159,\"caption\":\"CELTTV\"},\"image\":{\"@id\":\"https:\/\/www.celttv.com.ar\/#\/schema\/logo\/image\/\"}},{\"@type\":\"Person\",\"@id\":\"https:\/\/www.celttv.com.ar\/#\/schema\/person\/6d99c072dba59953809c81446e9d0ace\",\"name\":\"ulises\",\"image\":{\"@type\":\"ImageObject\",\"inLanguage\":\"es\",\"@id\":\"https:\/\/www.celttv.com.ar\/#\/schema\/person\/image\/\",\"url\":\"https:\/\/secure.gravatar.com\/avatar\/7f2c48bdc33b30088f941fb6082e555f2874c98e20cb159d7b92b50eadfce793?s=96&d=mm&r=g\",\"contentUrl\":\"https:\/\/secure.gravatar.com\/avatar\/7f2c48bdc33b30088f941fb6082e555f2874c98e20cb159d7b92b50eadfce793?s=96&d=mm&r=g\",\"caption\":\"ulises\"},\"sameAs\":[\"http:\/\/www.celttv.com.ar\"]}]}<\/script>\n<!-- \/ Yoast SEO plugin. -->","yoast_head_json":{"title":"ANALISIS SOBRE SITUACIONES CLIMATICAS CRITICAS - CELTTV","description":"Sitio web de noticias de la localidad de Tornquist, provincia de Buenos Aires, Rep\u00fablica Argentina. Contenido propio originado por periodistas de CELTTV, el canal de TV local de la Cooperativa El\u00e9ctrica de Tornquist. Turismo, Pol\u00edtica, Sociedad, Deporte, Cultura y todo el contenido de inter\u00e9s general que la gente del pueblo y la regi\u00f3n debe conocer.","robots":{"index":"index","follow":"follow","max-snippet":"max-snippet:-1","max-image-preview":"max-image-preview:large","max-video-preview":"max-video-preview:-1"},"canonical":"https:\/\/www.celttv.com.ar\/index.php\/2013\/08\/06\/analisis-sobre-situaciones-climaticas-criticas\/","og_locale":"es_ES","og_type":"article","og_title":"ANALISIS SOBRE SITUACIONES CLIMATICAS CRITICAS - CELTTV","og_description":"Sitio web de noticias de la localidad de Tornquist, provincia de Buenos Aires, Rep\u00fablica Argentina. Contenido propio originado por periodistas de CELTTV, el canal de TV local de la Cooperativa El\u00e9ctrica de Tornquist. Turismo, Pol\u00edtica, Sociedad, Deporte, Cultura y todo el contenido de inter\u00e9s general que la gente del pueblo y la regi\u00f3n debe conocer.","og_url":"https:\/\/www.celttv.com.ar\/index.php\/2013\/08\/06\/analisis-sobre-situaciones-climaticas-criticas\/","og_site_name":"CELTTV","article_publisher":"https:\/\/www.facebook.com\/celtTV\/","article_published_time":"2013-08-06T14:58:09+00:00","author":"ulises","twitter_card":"summary_large_image","twitter_misc":{"Escrito por":"ulises","Tiempo de lectura":"2 minutos"},"schema":{"@context":"https:\/\/schema.org","@graph":[{"@type":"NewsArticle","@id":"https:\/\/www.celttv.com.ar\/index.php\/2013\/08\/06\/analisis-sobre-situaciones-climaticas-criticas\/#article","isPartOf":{"@id":"https:\/\/www.celttv.com.ar\/index.php\/2013\/08\/06\/analisis-sobre-situaciones-climaticas-criticas\/"},"author":{"name":"ulises","@id":"https:\/\/www.celttv.com.ar\/#\/schema\/person\/6d99c072dba59953809c81446e9d0ace"},"headline":"ANALISIS SOBRE SITUACIONES CLIMATICAS CRITICAS","datePublished":"2013-08-06T14:58:09+00:00","dateModified":"2013-08-06T14:58:09+00:00","mainEntityOfPage":{"@id":"https:\/\/www.celttv.com.ar\/index.php\/2013\/08\/06\/analisis-sobre-situaciones-climaticas-criticas\/"},"wordCount":471,"publisher":{"@id":"https:\/\/www.celttv.com.ar\/#organization"},"articleSection":["Comunidad","Destacadas","Pol\u00edtica"],"inLanguage":"es"},{"@type":"WebPage","@id":"https:\/\/www.celttv.com.ar\/index.php\/2013\/08\/06\/analisis-sobre-situaciones-climaticas-criticas\/","url":"https:\/\/www.celttv.com.ar\/index.php\/2013\/08\/06\/analisis-sobre-situaciones-climaticas-criticas\/","name":"ANALISIS SOBRE SITUACIONES CLIMATICAS CRITICAS - CELTTV","isPartOf":{"@id":"https:\/\/www.celttv.com.ar\/#website"},"datePublished":"2013-08-06T14:58:09+00:00","dateModified":"2013-08-06T14:58:09+00:00","description":"Sitio web de noticias de la localidad de Tornquist, provincia de Buenos Aires, Rep\u00fablica Argentina. Contenido propio originado por periodistas de CELTTV, el canal de TV local de la Cooperativa El\u00e9ctrica de Tornquist. Turismo, Pol\u00edtica, Sociedad, Deporte, Cultura y todo el contenido de inter\u00e9s general que la gente del pueblo y la regi\u00f3n debe conocer.","breadcrumb":{"@id":"https:\/\/www.celttv.com.ar\/index.php\/2013\/08\/06\/analisis-sobre-situaciones-climaticas-criticas\/#breadcrumb"},"inLanguage":"es","potentialAction":[{"@type":"ReadAction","target":["https:\/\/www.celttv.com.ar\/index.php\/2013\/08\/06\/analisis-sobre-situaciones-climaticas-criticas\/"]}]},{"@type":"BreadcrumbList","@id":"https:\/\/www.celttv.com.ar\/index.php\/2013\/08\/06\/analisis-sobre-situaciones-climaticas-criticas\/#breadcrumb","itemListElement":[{"@type":"ListItem","position":1,"name":"Inicio","item":"https:\/\/www.celttv.com.ar\/"},{"@type":"ListItem","position":2,"name":"ANALISIS SOBRE SITUACIONES CLIMATICAS CRITICAS"}]},{"@type":"WebSite","@id":"https:\/\/www.celttv.com.ar\/#website","url":"https:\/\/www.celttv.com.ar\/","name":"CELTTV","description":"Cooperativa El\u00e9ctrica de Tornquist","publisher":{"@id":"https:\/\/www.celttv.com.ar\/#organization"},"potentialAction":[{"@type":"SearchAction","target":{"@type":"EntryPoint","urlTemplate":"https:\/\/www.celttv.com.ar\/?s={search_term_string}"},"query-input":"required name=search_term_string"}],"inLanguage":"es"},{"@type":"Organization","@id":"https:\/\/www.celttv.com.ar\/#organization","name":"CELTTV","url":"https:\/\/www.celttv.com.ar\/","sameAs":["https:\/\/www.youtube.com\/channel\/UCz_oIt8Hig64Ub-EmcNPIhg","https:\/\/www.facebook.com\/celtTV\/"],"logo":{"@type":"ImageObject","inLanguage":"es","@id":"https:\/\/www.celttv.com.ar\/#\/schema\/logo\/image\/","url":"http:\/\/www.celttv.com.ar\/wp-content\/uploads\/2022\/08\/logo-1.png","contentUrl":"http:\/\/www.celttv.com.ar\/wp-content\/uploads\/2022\/08\/logo-1.png","width":461,"height":159,"caption":"CELTTV"},"image":{"@id":"https:\/\/www.celttv.com.ar\/#\/schema\/logo\/image\/"}},{"@type":"Person","@id":"https:\/\/www.celttv.com.ar\/#\/schema\/person\/6d99c072dba59953809c81446e9d0ace","name":"ulises","image":{"@type":"ImageObject","inLanguage":"es","@id":"https:\/\/www.celttv.com.ar\/#\/schema\/person\/image\/","url":"https:\/\/secure.gravatar.com\/avatar\/7f2c48bdc33b30088f941fb6082e555f2874c98e20cb159d7b92b50eadfce793?s=96&d=mm&r=g","contentUrl":"https:\/\/secure.gravatar.com\/avatar\/7f2c48bdc33b30088f941fb6082e555f2874c98e20cb159d7b92b50eadfce793?s=96&d=mm&r=g","caption":"ulises"},"sameAs":["http:\/\/www.celttv.com.ar"]}]}},"_links":{"self":[{"href":"https:\/\/www.celttv.com.ar\/index.php\/wp-json\/wp\/v2\/posts\/12931","targetHints":{"allow":["GET"]}}],"collection":[{"href":"https:\/\/www.celttv.com.ar\/index.php\/wp-json\/wp\/v2\/posts"}],"about":[{"href":"https:\/\/www.celttv.com.ar\/index.php\/wp-json\/wp\/v2\/types\/post"}],"author":[{"embeddable":true,"href":"https:\/\/www.celttv.com.ar\/index.php\/wp-json\/wp\/v2\/users\/1"}],"replies":[{"embeddable":true,"href":"https:\/\/www.celttv.com.ar\/index.php\/wp-json\/wp\/v2\/comments?post=12931"}],"version-history":[{"count":0,"href":"https:\/\/www.celttv.com.ar\/index.php\/wp-json\/wp\/v2\/posts\/12931\/revisions"}],"wp:attachment":[{"href":"https:\/\/www.celttv.com.ar\/index.php\/wp-json\/wp\/v2\/media?parent=12931"}],"wp:term":[{"taxonomy":"category","embeddable":true,"href":"https:\/\/www.celttv.com.ar\/index.php\/wp-json\/wp\/v2\/categories?post=12931"},{"taxonomy":"post_tag","embeddable":true,"href":"https:\/\/www.celttv.com.ar\/index.php\/wp-json\/wp\/v2\/tags?post=12931"}],"curies":[{"name":"wp","href":"https:\/\/api.w.org\/{rel}","templated":true}]}}