{"id":12941,"date":"2013-08-07T20:06:49","date_gmt":"2013-08-07T20:06:49","guid":{"rendered":"http:\/\/www.tvcnoticias.com.ar\/?p=12941"},"modified":"2013-08-07T20:06:49","modified_gmt":"2013-08-07T20:06:49","slug":"mas-propuestas-de-promocion-de-la-secretaria-de-salud","status":"publish","type":"post","link":"https:\/\/www.celttv.com.ar\/index.php\/2013\/08\/07\/mas-propuestas-de-promocion-de-la-secretaria-de-salud\/","title":{"rendered":"MAS PROPUESTAS DE PROMOCION DE LA SECRETARIA DE SALUD"},"content":{"rendered":"<p><br \/>\nEl ciclo de promoci\u00f3n que se impulsa desde la Secretar\u00eda de Salud de la Municipalidad de Tornquist sigue sumando propuestas. A la charla de lactancia que abri\u00f3 el plan diagramado, en los pr\u00f3ximos d\u00edas se sumar\u00e1 el programa de detecci\u00f3n precoz de c\u00e1nceres prevenibles.<br \/>\nRespecto de la primera alternativa, el sal\u00f3n de C\u00e1ritas Parroquial fue el espacio elegido para abordar diferentes tem\u00e1ticas respecto de la lactancia materna, sus alcances, beneficios y el v\u00ednculo que se genera entre la madres y el hijo.<br \/>\nLa iniciativa cont\u00f3 con una buena concurrencia y las disertaciones de la obst\u00e9trica Cristina Sch\u00e1mberger, la pediatra Virginia Loffredo y la nutricionista Marcela Rey, integrantes del equipo de trabajo del Hospital Municipal.<br \/>\nEl ciclo de promoci\u00f3n continuar\u00e1 con la detecci\u00f3n precoz de c\u00e1nceres prevenibles, de acuerdo con el siguiente proyecto elaborado por la organizaci\u00f3n.<br \/>\n<strong>Introducci\u00f3n<\/strong>:<br \/>\nSabemos que el\u00a0 c\u00e1ncer es una de las enfermedades de mayor impacto, tanto para el paciente como\u00a0 la familia, teniendo implicancias en lo emocional, afectivo y econ\u00f3mico del paciente. No obstante, los avances tecnol\u00f3gicos y farmacol\u00f3gicos, han transformado la enfermedad en una enfermedad cr\u00f3nica ; y como tal, pasible de prevenir ; controlar y prolongar en el tiempo las expectativas de vida de los pacientes.<br \/>\nPor tal raz\u00f3n, lo primordial en las enfermedades de origen oncol\u00f3gico es la educaci\u00f3n y la prevenci\u00f3n, ya que existen un n\u00famero m\u00e1s que interesante de tumores que, detectados a tiempo, se pueden curar. Para ello, estamos iniciando una campa\u00f1a de promoci\u00f3n y prevenci\u00f3n de salud en dicha \u00e1rea.<br \/>\nMundialmente, se considera que re\u00fanen los requisitos para ser detectados precozmente aquellos tumores para los cuales existe un examen de screening o tamizaje, internacionalmente definidos:<\/p>\n<ul>\n<li>C\u00e1ncer de mama.<\/li>\n<li>C\u00e1ncer de colon.<\/li>\n<li>C\u00e1ncer de pr\u00f3stata.<\/li>\n<li>Otros .<\/li>\n<\/ul>\n<p><strong>Acciones a realizar<\/strong>:<br \/>\na)\u00a0\u00a0\u00a0\u00a0\u00a0 Charlas a la comunidad.<br \/>\n&nbsp;<\/p>\n<ul>\n<li>En primer t\u00e9rmino se dar\u00e1n charlas informativas a la comunidades de los diferentes tipos de tumores que, con simples cuidados de los h\u00e1bitos higi\u00e9nicos y diet\u00e9ticos asociados a\u00a0 estudios de im\u00e1genes y de laboratorio, se pueden prevenir (agosto).<\/li>\n<\/ul>\n<p>&nbsp;<\/p>\n<ul>\n<li>Un segundo encuentro destinados a prevenci\u00f3n en la detecci\u00f3n temprana de enfermedad mamaria, a trav\u00e9s de mamograf\u00eda, autoexamen mamario, etc (septiembre).<\/li>\n<\/ul>\n<p>&nbsp;<\/p>\n<ul>\n<li>Un tercer encuentro de prevenci\u00f3n de enfermedades de origen digestivos en aquellas personas que tengan antecedentes de c\u00e1ncer de colon. Alcances de la colonosp\u00eda, test gen\u00e9ticos, etc. (octubre).<\/li>\n<\/ul>\n<p>&nbsp;<\/p>\n<ul>\n<li>Un cuarto encuentro en la prevenci\u00f3n de c\u00e1ncer pr\u00f3stata. Estudios de laboratorios a trav\u00e9s PSA, PSA libre, etc. (noviembre)<\/li>\n<\/ul>\n<p>&nbsp;<br \/>\nb)\u00a0\u00a0\u00a0\u00a0\u00a0 Registro municipal de tumores.<br \/>\n&nbsp;<br \/>\nA los fines de conocer las estad\u00edsticas locales, a modo de poder medir el impacto real que tiene este tipo de patolog\u00edas, independientemente del\u00a0 lugar de tratamiento de los pacientes , invitamos a la comunidad a concurrir a las charlas, cuyo cronograma exacto se dar\u00e1 a conocer en los pr\u00f3ximos d\u00edas.<br \/>\n&nbsp;<br \/>\n&nbsp;<\/p>\n","protected":false},"excerpt":{"rendered":"<p>El ciclo de promoci\u00f3n que se impulsa desde la Secretar\u00eda de Salud de la Municipalidad de Tornquist sigue sumando propuestas. A la charla de lactancia que abri\u00f3 el plan diagramado, en los pr\u00f3ximos d\u00edas se sumar\u00e1 el programa de detecci\u00f3n precoz de c\u00e1nceres prevenibles. Respecto de la primera alternativa, el sal\u00f3n de C\u00e1ritas Parroquial fue [&hellip;]<\/p>\n","protected":false},"author":1,"featured_media":0,"comment_status":"closed","ping_status":"open","sticky":false,"template":"","format":"standard","meta":{"footnotes":""},"categories":[51,52,53],"tags":[],"class_list":["post-12941","post","type-post","status-publish","format-standard","hentry","category-comunidad","category-destacadas","category-politica"],"yoast_head":"<!-- This site is optimized with the Yoast SEO plugin v19.7.1 - https:\/\/yoast.com\/wordpress\/plugins\/seo\/ -->\n<title>MAS PROPUESTAS DE PROMOCION DE LA SECRETARIA DE SALUD - CELTTV<\/title>\n<meta name=\"description\" content=\"Sitio web de noticias de la localidad de Tornquist, provincia de Buenos Aires, Rep\u00fablica Argentina. Contenido propio originado por periodistas de CELTTV, el canal de TV local de la Cooperativa El\u00e9ctrica de Tornquist. Turismo, Pol\u00edtica, Sociedad, Deporte, Cultura y todo el contenido de inter\u00e9s general que la gente del pueblo y la regi\u00f3n debe conocer.\" \/>\n<meta name=\"robots\" content=\"index, follow, max-snippet:-1, max-image-preview:large, max-video-preview:-1\" \/>\n<link rel=\"canonical\" href=\"https:\/\/www.celttv.com.ar\/index.php\/2013\/08\/07\/mas-propuestas-de-promocion-de-la-secretaria-de-salud\/\" \/>\n<meta property=\"og:locale\" content=\"es_ES\" \/>\n<meta property=\"og:type\" content=\"article\" \/>\n<meta property=\"og:title\" content=\"MAS PROPUESTAS DE PROMOCION DE LA SECRETARIA DE SALUD - CELTTV\" \/>\n<meta property=\"og:description\" content=\"Sitio web de noticias de la localidad de Tornquist, provincia de Buenos Aires, Rep\u00fablica Argentina. Contenido propio originado por periodistas de CELTTV, el canal de TV local de la Cooperativa El\u00e9ctrica de Tornquist. Turismo, Pol\u00edtica, Sociedad, Deporte, Cultura y todo el contenido de inter\u00e9s general que la gente del pueblo y la regi\u00f3n debe conocer.\" \/>\n<meta property=\"og:url\" content=\"https:\/\/www.celttv.com.ar\/index.php\/2013\/08\/07\/mas-propuestas-de-promocion-de-la-secretaria-de-salud\/\" \/>\n<meta property=\"og:site_name\" content=\"CELTTV\" \/>\n<meta property=\"article:publisher\" content=\"https:\/\/www.facebook.com\/celtTV\/\" \/>\n<meta property=\"article:published_time\" content=\"2013-08-07T20:06:49+00:00\" \/>\n<meta name=\"author\" content=\"ulises\" \/>\n<meta name=\"twitter:card\" content=\"summary_large_image\" \/>\n<meta name=\"twitter:label1\" content=\"Escrito por\" \/>\n\t<meta name=\"twitter:data1\" content=\"ulises\" \/>\n\t<meta name=\"twitter:label2\" content=\"Tiempo de lectura\" \/>\n\t<meta name=\"twitter:data2\" content=\"3 minutos\" \/>\n<script type=\"application\/ld+json\" class=\"yoast-schema-graph\">{\"@context\":\"https:\/\/schema.org\",\"@graph\":[{\"@type\":\"NewsArticle\",\"@id\":\"https:\/\/www.celttv.com.ar\/index.php\/2013\/08\/07\/mas-propuestas-de-promocion-de-la-secretaria-de-salud\/#article\",\"isPartOf\":{\"@id\":\"https:\/\/www.celttv.com.ar\/index.php\/2013\/08\/07\/mas-propuestas-de-promocion-de-la-secretaria-de-salud\/\"},\"author\":{\"name\":\"ulises\",\"@id\":\"https:\/\/www.celttv.com.ar\/#\/schema\/person\/6d99c072dba59953809c81446e9d0ace\"},\"headline\":\"MAS PROPUESTAS DE PROMOCION DE LA SECRETARIA DE SALUD\",\"datePublished\":\"2013-08-07T20:06:49+00:00\",\"dateModified\":\"2013-08-07T20:06:49+00:00\",\"mainEntityOfPage\":{\"@id\":\"https:\/\/www.celttv.com.ar\/index.php\/2013\/08\/07\/mas-propuestas-de-promocion-de-la-secretaria-de-salud\/\"},\"wordCount\":532,\"publisher\":{\"@id\":\"https:\/\/www.celttv.com.ar\/#organization\"},\"articleSection\":[\"Comunidad\",\"Destacadas\",\"Pol\u00edtica\"],\"inLanguage\":\"es\"},{\"@type\":\"WebPage\",\"@id\":\"https:\/\/www.celttv.com.ar\/index.php\/2013\/08\/07\/mas-propuestas-de-promocion-de-la-secretaria-de-salud\/\",\"url\":\"https:\/\/www.celttv.com.ar\/index.php\/2013\/08\/07\/mas-propuestas-de-promocion-de-la-secretaria-de-salud\/\",\"name\":\"MAS PROPUESTAS DE PROMOCION DE LA SECRETARIA DE SALUD - CELTTV\",\"isPartOf\":{\"@id\":\"https:\/\/www.celttv.com.ar\/#website\"},\"datePublished\":\"2013-08-07T20:06:49+00:00\",\"dateModified\":\"2013-08-07T20:06:49+00:00\",\"description\":\"Sitio web de noticias de la localidad de Tornquist, provincia de Buenos Aires, Rep\u00fablica Argentina. Contenido propio originado por periodistas de CELTTV, el canal de TV local de la Cooperativa El\u00e9ctrica de Tornquist. Turismo, Pol\u00edtica, Sociedad, Deporte, Cultura y todo el contenido de inter\u00e9s general que la gente del pueblo y la regi\u00f3n debe conocer.\",\"breadcrumb\":{\"@id\":\"https:\/\/www.celttv.com.ar\/index.php\/2013\/08\/07\/mas-propuestas-de-promocion-de-la-secretaria-de-salud\/#breadcrumb\"},\"inLanguage\":\"es\",\"potentialAction\":[{\"@type\":\"ReadAction\",\"target\":[\"https:\/\/www.celttv.com.ar\/index.php\/2013\/08\/07\/mas-propuestas-de-promocion-de-la-secretaria-de-salud\/\"]}]},{\"@type\":\"BreadcrumbList\",\"@id\":\"https:\/\/www.celttv.com.ar\/index.php\/2013\/08\/07\/mas-propuestas-de-promocion-de-la-secretaria-de-salud\/#breadcrumb\",\"itemListElement\":[{\"@type\":\"ListItem\",\"position\":1,\"name\":\"Inicio\",\"item\":\"https:\/\/www.celttv.com.ar\/\"},{\"@type\":\"ListItem\",\"position\":2,\"name\":\"MAS PROPUESTAS DE PROMOCION DE LA SECRETARIA DE SALUD\"}]},{\"@type\":\"WebSite\",\"@id\":\"https:\/\/www.celttv.com.ar\/#website\",\"url\":\"https:\/\/www.celttv.com.ar\/\",\"name\":\"CELTTV\",\"description\":\"Cooperativa El\u00e9ctrica de Tornquist\",\"publisher\":{\"@id\":\"https:\/\/www.celttv.com.ar\/#organization\"},\"potentialAction\":[{\"@type\":\"SearchAction\",\"target\":{\"@type\":\"EntryPoint\",\"urlTemplate\":\"https:\/\/www.celttv.com.ar\/?s={search_term_string}\"},\"query-input\":\"required name=search_term_string\"}],\"inLanguage\":\"es\"},{\"@type\":\"Organization\",\"@id\":\"https:\/\/www.celttv.com.ar\/#organization\",\"name\":\"CELTTV\",\"url\":\"https:\/\/www.celttv.com.ar\/\",\"sameAs\":[\"https:\/\/www.youtube.com\/channel\/UCz_oIt8Hig64Ub-EmcNPIhg\",\"https:\/\/www.facebook.com\/celtTV\/\"],\"logo\":{\"@type\":\"ImageObject\",\"inLanguage\":\"es\",\"@id\":\"https:\/\/www.celttv.com.ar\/#\/schema\/logo\/image\/\",\"url\":\"http:\/\/www.celttv.com.ar\/wp-content\/uploads\/2022\/08\/logo-1.png\",\"contentUrl\":\"http:\/\/www.celttv.com.ar\/wp-content\/uploads\/2022\/08\/logo-1.png\",\"width\":461,\"height\":159,\"caption\":\"CELTTV\"},\"image\":{\"@id\":\"https:\/\/www.celttv.com.ar\/#\/schema\/logo\/image\/\"}},{\"@type\":\"Person\",\"@id\":\"https:\/\/www.celttv.com.ar\/#\/schema\/person\/6d99c072dba59953809c81446e9d0ace\",\"name\":\"ulises\",\"image\":{\"@type\":\"ImageObject\",\"inLanguage\":\"es\",\"@id\":\"https:\/\/www.celttv.com.ar\/#\/schema\/person\/image\/\",\"url\":\"https:\/\/secure.gravatar.com\/avatar\/7f2c48bdc33b30088f941fb6082e555f2874c98e20cb159d7b92b50eadfce793?s=96&d=mm&r=g\",\"contentUrl\":\"https:\/\/secure.gravatar.com\/avatar\/7f2c48bdc33b30088f941fb6082e555f2874c98e20cb159d7b92b50eadfce793?s=96&d=mm&r=g\",\"caption\":\"ulises\"},\"sameAs\":[\"http:\/\/www.celttv.com.ar\"]}]}<\/script>\n<!-- \/ Yoast SEO plugin. -->","yoast_head_json":{"title":"MAS PROPUESTAS DE PROMOCION DE LA SECRETARIA DE SALUD - CELTTV","description":"Sitio web de noticias de la localidad de Tornquist, provincia de Buenos Aires, Rep\u00fablica Argentina. Contenido propio originado por periodistas de CELTTV, el canal de TV local de la Cooperativa El\u00e9ctrica de Tornquist. Turismo, Pol\u00edtica, Sociedad, Deporte, Cultura y todo el contenido de inter\u00e9s general que la gente del pueblo y la regi\u00f3n debe conocer.","robots":{"index":"index","follow":"follow","max-snippet":"max-snippet:-1","max-image-preview":"max-image-preview:large","max-video-preview":"max-video-preview:-1"},"canonical":"https:\/\/www.celttv.com.ar\/index.php\/2013\/08\/07\/mas-propuestas-de-promocion-de-la-secretaria-de-salud\/","og_locale":"es_ES","og_type":"article","og_title":"MAS PROPUESTAS DE PROMOCION DE LA SECRETARIA DE SALUD - CELTTV","og_description":"Sitio web de noticias de la localidad de Tornquist, provincia de Buenos Aires, Rep\u00fablica Argentina. Contenido propio originado por periodistas de CELTTV, el canal de TV local de la Cooperativa El\u00e9ctrica de Tornquist. Turismo, Pol\u00edtica, Sociedad, Deporte, Cultura y todo el contenido de inter\u00e9s general que la gente del pueblo y la regi\u00f3n debe conocer.","og_url":"https:\/\/www.celttv.com.ar\/index.php\/2013\/08\/07\/mas-propuestas-de-promocion-de-la-secretaria-de-salud\/","og_site_name":"CELTTV","article_publisher":"https:\/\/www.facebook.com\/celtTV\/","article_published_time":"2013-08-07T20:06:49+00:00","author":"ulises","twitter_card":"summary_large_image","twitter_misc":{"Escrito por":"ulises","Tiempo de lectura":"3 minutos"},"schema":{"@context":"https:\/\/schema.org","@graph":[{"@type":"NewsArticle","@id":"https:\/\/www.celttv.com.ar\/index.php\/2013\/08\/07\/mas-propuestas-de-promocion-de-la-secretaria-de-salud\/#article","isPartOf":{"@id":"https:\/\/www.celttv.com.ar\/index.php\/2013\/08\/07\/mas-propuestas-de-promocion-de-la-secretaria-de-salud\/"},"author":{"name":"ulises","@id":"https:\/\/www.celttv.com.ar\/#\/schema\/person\/6d99c072dba59953809c81446e9d0ace"},"headline":"MAS PROPUESTAS DE PROMOCION DE LA SECRETARIA DE SALUD","datePublished":"2013-08-07T20:06:49+00:00","dateModified":"2013-08-07T20:06:49+00:00","mainEntityOfPage":{"@id":"https:\/\/www.celttv.com.ar\/index.php\/2013\/08\/07\/mas-propuestas-de-promocion-de-la-secretaria-de-salud\/"},"wordCount":532,"publisher":{"@id":"https:\/\/www.celttv.com.ar\/#organization"},"articleSection":["Comunidad","Destacadas","Pol\u00edtica"],"inLanguage":"es"},{"@type":"WebPage","@id":"https:\/\/www.celttv.com.ar\/index.php\/2013\/08\/07\/mas-propuestas-de-promocion-de-la-secretaria-de-salud\/","url":"https:\/\/www.celttv.com.ar\/index.php\/2013\/08\/07\/mas-propuestas-de-promocion-de-la-secretaria-de-salud\/","name":"MAS PROPUESTAS DE PROMOCION DE LA SECRETARIA DE SALUD - CELTTV","isPartOf":{"@id":"https:\/\/www.celttv.com.ar\/#website"},"datePublished":"2013-08-07T20:06:49+00:00","dateModified":"2013-08-07T20:06:49+00:00","description":"Sitio web de noticias de la localidad de Tornquist, provincia de Buenos Aires, Rep\u00fablica Argentina. Contenido propio originado por periodistas de CELTTV, el canal de TV local de la Cooperativa El\u00e9ctrica de Tornquist. Turismo, Pol\u00edtica, Sociedad, Deporte, Cultura y todo el contenido de inter\u00e9s general que la gente del pueblo y la regi\u00f3n debe conocer.","breadcrumb":{"@id":"https:\/\/www.celttv.com.ar\/index.php\/2013\/08\/07\/mas-propuestas-de-promocion-de-la-secretaria-de-salud\/#breadcrumb"},"inLanguage":"es","potentialAction":[{"@type":"ReadAction","target":["https:\/\/www.celttv.com.ar\/index.php\/2013\/08\/07\/mas-propuestas-de-promocion-de-la-secretaria-de-salud\/"]}]},{"@type":"BreadcrumbList","@id":"https:\/\/www.celttv.com.ar\/index.php\/2013\/08\/07\/mas-propuestas-de-promocion-de-la-secretaria-de-salud\/#breadcrumb","itemListElement":[{"@type":"ListItem","position":1,"name":"Inicio","item":"https:\/\/www.celttv.com.ar\/"},{"@type":"ListItem","position":2,"name":"MAS PROPUESTAS DE PROMOCION DE LA SECRETARIA DE SALUD"}]},{"@type":"WebSite","@id":"https:\/\/www.celttv.com.ar\/#website","url":"https:\/\/www.celttv.com.ar\/","name":"CELTTV","description":"Cooperativa El\u00e9ctrica de Tornquist","publisher":{"@id":"https:\/\/www.celttv.com.ar\/#organization"},"potentialAction":[{"@type":"SearchAction","target":{"@type":"EntryPoint","urlTemplate":"https:\/\/www.celttv.com.ar\/?s={search_term_string}"},"query-input":"required name=search_term_string"}],"inLanguage":"es"},{"@type":"Organization","@id":"https:\/\/www.celttv.com.ar\/#organization","name":"CELTTV","url":"https:\/\/www.celttv.com.ar\/","sameAs":["https:\/\/www.youtube.com\/channel\/UCz_oIt8Hig64Ub-EmcNPIhg","https:\/\/www.facebook.com\/celtTV\/"],"logo":{"@type":"ImageObject","inLanguage":"es","@id":"https:\/\/www.celttv.com.ar\/#\/schema\/logo\/image\/","url":"http:\/\/www.celttv.com.ar\/wp-content\/uploads\/2022\/08\/logo-1.png","contentUrl":"http:\/\/www.celttv.com.ar\/wp-content\/uploads\/2022\/08\/logo-1.png","width":461,"height":159,"caption":"CELTTV"},"image":{"@id":"https:\/\/www.celttv.com.ar\/#\/schema\/logo\/image\/"}},{"@type":"Person","@id":"https:\/\/www.celttv.com.ar\/#\/schema\/person\/6d99c072dba59953809c81446e9d0ace","name":"ulises","image":{"@type":"ImageObject","inLanguage":"es","@id":"https:\/\/www.celttv.com.ar\/#\/schema\/person\/image\/","url":"https:\/\/secure.gravatar.com\/avatar\/7f2c48bdc33b30088f941fb6082e555f2874c98e20cb159d7b92b50eadfce793?s=96&d=mm&r=g","contentUrl":"https:\/\/secure.gravatar.com\/avatar\/7f2c48bdc33b30088f941fb6082e555f2874c98e20cb159d7b92b50eadfce793?s=96&d=mm&r=g","caption":"ulises"},"sameAs":["http:\/\/www.celttv.com.ar"]}]}},"_links":{"self":[{"href":"https:\/\/www.celttv.com.ar\/index.php\/wp-json\/wp\/v2\/posts\/12941","targetHints":{"allow":["GET"]}}],"collection":[{"href":"https:\/\/www.celttv.com.ar\/index.php\/wp-json\/wp\/v2\/posts"}],"about":[{"href":"https:\/\/www.celttv.com.ar\/index.php\/wp-json\/wp\/v2\/types\/post"}],"author":[{"embeddable":true,"href":"https:\/\/www.celttv.com.ar\/index.php\/wp-json\/wp\/v2\/users\/1"}],"replies":[{"embeddable":true,"href":"https:\/\/www.celttv.com.ar\/index.php\/wp-json\/wp\/v2\/comments?post=12941"}],"version-history":[{"count":0,"href":"https:\/\/www.celttv.com.ar\/index.php\/wp-json\/wp\/v2\/posts\/12941\/revisions"}],"wp:attachment":[{"href":"https:\/\/www.celttv.com.ar\/index.php\/wp-json\/wp\/v2\/media?parent=12941"}],"wp:term":[{"taxonomy":"category","embeddable":true,"href":"https:\/\/www.celttv.com.ar\/index.php\/wp-json\/wp\/v2\/categories?post=12941"},{"taxonomy":"post_tag","embeddable":true,"href":"https:\/\/www.celttv.com.ar\/index.php\/wp-json\/wp\/v2\/tags?post=12941"}],"curies":[{"name":"wp","href":"https:\/\/api.w.org\/{rel}","templated":true}]}}