{"id":13061,"date":"2013-08-14T15:38:51","date_gmt":"2013-08-14T15:38:51","guid":{"rendered":"http:\/\/www.tvcnoticias.com.ar\/?p=13061"},"modified":"2013-08-14T15:38:51","modified_gmt":"2013-08-14T15:38:51","slug":"reunion-para-avanzar-en-la-refuncionalizacion-del-maria-auxiliadora","status":"publish","type":"post","link":"https:\/\/www.celttv.com.ar\/index.php\/2013\/08\/14\/reunion-para-avanzar-en-la-refuncionalizacion-del-maria-auxiliadora\/","title":{"rendered":"Reuni\u00f3n para avanzar en la refuncionalizaci\u00f3n del Mar\u00eda Auxiliadora"},"content":{"rendered":"<p>Con el objetivo de avanzar en la refuncionalizaci\u00f3n de la Casa de Mar\u00eda Auxiliadora de Saldungaray, edificio hist\u00f3rico adquirido este a\u00f1o por la Municipalidad de Tornquist, el intendente municipal, licenciado Gustavo Trankels, mantuvo una reuni\u00f3n con vecinos interesados en conformar un grupo de trabajo.<br \/>\nEl encuentro se desarroll\u00f3 en la delegaci\u00f3n municipal de la citada localidad, con la presencia de los secretarios Anabella Madue\u00f1a (Obras y Servicios P\u00fablicos), Guillermo Beck (Recursos Humanos y Gabinete) y Rub\u00e9n Testa (Turismo, Cultura y Deportes), y el delegado Daniel Olgiati.<br \/>\nDurante el transcurso de la jornada, el jefe comunal describi\u00f3 los trabajos que se vienen realizando en el inmueble tan caro a los sentimientos de la comunidad y coment\u00f3 los planes diagramados para el futuro inmediato.<br \/>\nLos vecinos, en tanto, enumeraron las ideas generadas en las diferentes reuniones mantenidas y se comprometieron a colaborar con el municipio para definir de manera conjunta proyectos y acciones a desarrollar.<br \/>\n\u201cGracias al acompa\u00f1amiento de nuestra presidenta Cristina Fern\u00e1ndez, el gobernador Daniel Scioli y el ministro Norberto Yauhar (Agricultura, Ganader\u00eda y Pesca de la Naci\u00f3n), y el trabajo incansable de Haroldo Lebed, pudimos comprar este inmueble tan preciado por toda la comunidad, que nos permite preservar parte de su historia, pero tambi\u00e9n mirar hacia el futuro desarrollo del lugar\u201d, se\u00f1al\u00f3 el intendente Trankels.<br \/>\n\u201cEn todo este proceso fue fundamental el acompa\u00f1amiento de muchos vecinos de la localidad, que confiaron en nuestra gesti\u00f3n de gobierno. Ahora comienza una nueva etapa, en la cual debemos poner en valor y refuncionalizar el edificio, por lo tanto considero de gran utilidad que podamos dialogar y trabajar juntos con los propios vecinos hacia un objetivo com\u00fan\u201d, a\u00f1adi\u00f3.<br \/>\n&nbsp;<\/p>\n","protected":false},"excerpt":{"rendered":"<p>Con el objetivo de avanzar en la refuncionalizaci\u00f3n de la Casa de Mar\u00eda Auxiliadora de Saldungaray, edificio hist\u00f3rico adquirido este a\u00f1o por la Municipalidad de Tornquist, el intendente municipal, licenciado Gustavo Trankels, mantuvo una reuni\u00f3n con vecinos interesados en conformar un grupo de trabajo. El encuentro se desarroll\u00f3 en la delegaci\u00f3n municipal de la citada [&hellip;]<\/p>\n","protected":false},"author":1,"featured_media":0,"comment_status":"closed","ping_status":"open","sticky":false,"template":"","format":"standard","meta":{"footnotes":""},"categories":[51,52,53],"tags":[],"class_list":["post-13061","post","type-post","status-publish","format-standard","hentry","category-comunidad","category-destacadas","category-politica"],"yoast_head":"<!-- This site is optimized with the Yoast SEO plugin v19.7.1 - https:\/\/yoast.com\/wordpress\/plugins\/seo\/ -->\n<title>Reuni\u00f3n para avanzar en la refuncionalizaci\u00f3n del Mar\u00eda Auxiliadora - CELTTV<\/title>\n<meta name=\"description\" content=\"Sitio web de noticias de la localidad de Tornquist, provincia de Buenos Aires, Rep\u00fablica Argentina. Contenido propio originado por periodistas de CELTTV, el canal de TV local de la Cooperativa El\u00e9ctrica de Tornquist. Turismo, Pol\u00edtica, Sociedad, Deporte, Cultura y todo el contenido de inter\u00e9s general que la gente del pueblo y la regi\u00f3n debe conocer.\" \/>\n<meta name=\"robots\" content=\"index, follow, max-snippet:-1, max-image-preview:large, max-video-preview:-1\" \/>\n<link rel=\"canonical\" href=\"https:\/\/www.celttv.com.ar\/index.php\/2013\/08\/14\/reunion-para-avanzar-en-la-refuncionalizacion-del-maria-auxiliadora\/\" \/>\n<meta property=\"og:locale\" content=\"es_ES\" \/>\n<meta property=\"og:type\" content=\"article\" \/>\n<meta property=\"og:title\" content=\"Reuni\u00f3n para avanzar en la refuncionalizaci\u00f3n del Mar\u00eda Auxiliadora - CELTTV\" \/>\n<meta property=\"og:description\" content=\"Sitio web de noticias de la localidad de Tornquist, provincia de Buenos Aires, Rep\u00fablica Argentina. Contenido propio originado por periodistas de CELTTV, el canal de TV local de la Cooperativa El\u00e9ctrica de Tornquist. Turismo, Pol\u00edtica, Sociedad, Deporte, Cultura y todo el contenido de inter\u00e9s general que la gente del pueblo y la regi\u00f3n debe conocer.\" \/>\n<meta property=\"og:url\" content=\"https:\/\/www.celttv.com.ar\/index.php\/2013\/08\/14\/reunion-para-avanzar-en-la-refuncionalizacion-del-maria-auxiliadora\/\" \/>\n<meta property=\"og:site_name\" content=\"CELTTV\" \/>\n<meta property=\"article:publisher\" content=\"https:\/\/www.facebook.com\/celtTV\/\" \/>\n<meta property=\"article:published_time\" content=\"2013-08-14T15:38:51+00:00\" \/>\n<meta name=\"author\" content=\"ulises\" \/>\n<meta name=\"twitter:card\" content=\"summary_large_image\" \/>\n<meta name=\"twitter:label1\" content=\"Escrito por\" \/>\n\t<meta name=\"twitter:data1\" content=\"ulises\" \/>\n\t<meta name=\"twitter:label2\" content=\"Tiempo de lectura\" \/>\n\t<meta name=\"twitter:data2\" content=\"1 minuto\" \/>\n<script type=\"application\/ld+json\" class=\"yoast-schema-graph\">{\"@context\":\"https:\/\/schema.org\",\"@graph\":[{\"@type\":\"NewsArticle\",\"@id\":\"https:\/\/www.celttv.com.ar\/index.php\/2013\/08\/14\/reunion-para-avanzar-en-la-refuncionalizacion-del-maria-auxiliadora\/#article\",\"isPartOf\":{\"@id\":\"https:\/\/www.celttv.com.ar\/index.php\/2013\/08\/14\/reunion-para-avanzar-en-la-refuncionalizacion-del-maria-auxiliadora\/\"},\"author\":{\"name\":\"ulises\",\"@id\":\"https:\/\/www.celttv.com.ar\/#\/schema\/person\/6d99c072dba59953809c81446e9d0ace\"},\"headline\":\"Reuni\u00f3n para avanzar en la refuncionalizaci\u00f3n del Mar\u00eda Auxiliadora\",\"datePublished\":\"2013-08-14T15:38:51+00:00\",\"dateModified\":\"2013-08-14T15:38:51+00:00\",\"mainEntityOfPage\":{\"@id\":\"https:\/\/www.celttv.com.ar\/index.php\/2013\/08\/14\/reunion-para-avanzar-en-la-refuncionalizacion-del-maria-auxiliadora\/\"},\"wordCount\":306,\"publisher\":{\"@id\":\"https:\/\/www.celttv.com.ar\/#organization\"},\"articleSection\":[\"Comunidad\",\"Destacadas\",\"Pol\u00edtica\"],\"inLanguage\":\"es\"},{\"@type\":\"WebPage\",\"@id\":\"https:\/\/www.celttv.com.ar\/index.php\/2013\/08\/14\/reunion-para-avanzar-en-la-refuncionalizacion-del-maria-auxiliadora\/\",\"url\":\"https:\/\/www.celttv.com.ar\/index.php\/2013\/08\/14\/reunion-para-avanzar-en-la-refuncionalizacion-del-maria-auxiliadora\/\",\"name\":\"Reuni\u00f3n para avanzar en la refuncionalizaci\u00f3n del Mar\u00eda Auxiliadora - CELTTV\",\"isPartOf\":{\"@id\":\"https:\/\/www.celttv.com.ar\/#website\"},\"datePublished\":\"2013-08-14T15:38:51+00:00\",\"dateModified\":\"2013-08-14T15:38:51+00:00\",\"description\":\"Sitio web de noticias de la localidad de Tornquist, provincia de Buenos Aires, Rep\u00fablica Argentina. Contenido propio originado por periodistas de CELTTV, el canal de TV local de la Cooperativa El\u00e9ctrica de Tornquist. Turismo, Pol\u00edtica, Sociedad, Deporte, Cultura y todo el contenido de inter\u00e9s general que la gente del pueblo y la regi\u00f3n debe conocer.\",\"breadcrumb\":{\"@id\":\"https:\/\/www.celttv.com.ar\/index.php\/2013\/08\/14\/reunion-para-avanzar-en-la-refuncionalizacion-del-maria-auxiliadora\/#breadcrumb\"},\"inLanguage\":\"es\",\"potentialAction\":[{\"@type\":\"ReadAction\",\"target\":[\"https:\/\/www.celttv.com.ar\/index.php\/2013\/08\/14\/reunion-para-avanzar-en-la-refuncionalizacion-del-maria-auxiliadora\/\"]}]},{\"@type\":\"BreadcrumbList\",\"@id\":\"https:\/\/www.celttv.com.ar\/index.php\/2013\/08\/14\/reunion-para-avanzar-en-la-refuncionalizacion-del-maria-auxiliadora\/#breadcrumb\",\"itemListElement\":[{\"@type\":\"ListItem\",\"position\":1,\"name\":\"Inicio\",\"item\":\"https:\/\/www.celttv.com.ar\/\"},{\"@type\":\"ListItem\",\"position\":2,\"name\":\"Reuni\u00f3n para avanzar en la refuncionalizaci\u00f3n del Mar\u00eda Auxiliadora\"}]},{\"@type\":\"WebSite\",\"@id\":\"https:\/\/www.celttv.com.ar\/#website\",\"url\":\"https:\/\/www.celttv.com.ar\/\",\"name\":\"CELTTV\",\"description\":\"Cooperativa El\u00e9ctrica de Tornquist\",\"publisher\":{\"@id\":\"https:\/\/www.celttv.com.ar\/#organization\"},\"potentialAction\":[{\"@type\":\"SearchAction\",\"target\":{\"@type\":\"EntryPoint\",\"urlTemplate\":\"https:\/\/www.celttv.com.ar\/?s={search_term_string}\"},\"query-input\":\"required name=search_term_string\"}],\"inLanguage\":\"es\"},{\"@type\":\"Organization\",\"@id\":\"https:\/\/www.celttv.com.ar\/#organization\",\"name\":\"CELTTV\",\"url\":\"https:\/\/www.celttv.com.ar\/\",\"sameAs\":[\"https:\/\/www.youtube.com\/channel\/UCz_oIt8Hig64Ub-EmcNPIhg\",\"https:\/\/www.facebook.com\/celtTV\/\"],\"logo\":{\"@type\":\"ImageObject\",\"inLanguage\":\"es\",\"@id\":\"https:\/\/www.celttv.com.ar\/#\/schema\/logo\/image\/\",\"url\":\"http:\/\/www.celttv.com.ar\/wp-content\/uploads\/2022\/08\/logo-1.png\",\"contentUrl\":\"http:\/\/www.celttv.com.ar\/wp-content\/uploads\/2022\/08\/logo-1.png\",\"width\":461,\"height\":159,\"caption\":\"CELTTV\"},\"image\":{\"@id\":\"https:\/\/www.celttv.com.ar\/#\/schema\/logo\/image\/\"}},{\"@type\":\"Person\",\"@id\":\"https:\/\/www.celttv.com.ar\/#\/schema\/person\/6d99c072dba59953809c81446e9d0ace\",\"name\":\"ulises\",\"image\":{\"@type\":\"ImageObject\",\"inLanguage\":\"es\",\"@id\":\"https:\/\/www.celttv.com.ar\/#\/schema\/person\/image\/\",\"url\":\"https:\/\/secure.gravatar.com\/avatar\/7f2c48bdc33b30088f941fb6082e555f2874c98e20cb159d7b92b50eadfce793?s=96&d=mm&r=g\",\"contentUrl\":\"https:\/\/secure.gravatar.com\/avatar\/7f2c48bdc33b30088f941fb6082e555f2874c98e20cb159d7b92b50eadfce793?s=96&d=mm&r=g\",\"caption\":\"ulises\"},\"sameAs\":[\"http:\/\/www.celttv.com.ar\"]}]}<\/script>\n<!-- \/ Yoast SEO plugin. -->","yoast_head_json":{"title":"Reuni\u00f3n para avanzar en la refuncionalizaci\u00f3n del Mar\u00eda Auxiliadora - CELTTV","description":"Sitio web de noticias de la localidad de Tornquist, provincia de Buenos Aires, Rep\u00fablica Argentina. Contenido propio originado por periodistas de CELTTV, el canal de TV local de la Cooperativa El\u00e9ctrica de Tornquist. Turismo, Pol\u00edtica, Sociedad, Deporte, Cultura y todo el contenido de inter\u00e9s general que la gente del pueblo y la regi\u00f3n debe conocer.","robots":{"index":"index","follow":"follow","max-snippet":"max-snippet:-1","max-image-preview":"max-image-preview:large","max-video-preview":"max-video-preview:-1"},"canonical":"https:\/\/www.celttv.com.ar\/index.php\/2013\/08\/14\/reunion-para-avanzar-en-la-refuncionalizacion-del-maria-auxiliadora\/","og_locale":"es_ES","og_type":"article","og_title":"Reuni\u00f3n para avanzar en la refuncionalizaci\u00f3n del Mar\u00eda Auxiliadora - CELTTV","og_description":"Sitio web de noticias de la localidad de Tornquist, provincia de Buenos Aires, Rep\u00fablica Argentina. Contenido propio originado por periodistas de CELTTV, el canal de TV local de la Cooperativa El\u00e9ctrica de Tornquist. Turismo, Pol\u00edtica, Sociedad, Deporte, Cultura y todo el contenido de inter\u00e9s general que la gente del pueblo y la regi\u00f3n debe conocer.","og_url":"https:\/\/www.celttv.com.ar\/index.php\/2013\/08\/14\/reunion-para-avanzar-en-la-refuncionalizacion-del-maria-auxiliadora\/","og_site_name":"CELTTV","article_publisher":"https:\/\/www.facebook.com\/celtTV\/","article_published_time":"2013-08-14T15:38:51+00:00","author":"ulises","twitter_card":"summary_large_image","twitter_misc":{"Escrito por":"ulises","Tiempo de lectura":"1 minuto"},"schema":{"@context":"https:\/\/schema.org","@graph":[{"@type":"NewsArticle","@id":"https:\/\/www.celttv.com.ar\/index.php\/2013\/08\/14\/reunion-para-avanzar-en-la-refuncionalizacion-del-maria-auxiliadora\/#article","isPartOf":{"@id":"https:\/\/www.celttv.com.ar\/index.php\/2013\/08\/14\/reunion-para-avanzar-en-la-refuncionalizacion-del-maria-auxiliadora\/"},"author":{"name":"ulises","@id":"https:\/\/www.celttv.com.ar\/#\/schema\/person\/6d99c072dba59953809c81446e9d0ace"},"headline":"Reuni\u00f3n para avanzar en la refuncionalizaci\u00f3n del Mar\u00eda Auxiliadora","datePublished":"2013-08-14T15:38:51+00:00","dateModified":"2013-08-14T15:38:51+00:00","mainEntityOfPage":{"@id":"https:\/\/www.celttv.com.ar\/index.php\/2013\/08\/14\/reunion-para-avanzar-en-la-refuncionalizacion-del-maria-auxiliadora\/"},"wordCount":306,"publisher":{"@id":"https:\/\/www.celttv.com.ar\/#organization"},"articleSection":["Comunidad","Destacadas","Pol\u00edtica"],"inLanguage":"es"},{"@type":"WebPage","@id":"https:\/\/www.celttv.com.ar\/index.php\/2013\/08\/14\/reunion-para-avanzar-en-la-refuncionalizacion-del-maria-auxiliadora\/","url":"https:\/\/www.celttv.com.ar\/index.php\/2013\/08\/14\/reunion-para-avanzar-en-la-refuncionalizacion-del-maria-auxiliadora\/","name":"Reuni\u00f3n para avanzar en la refuncionalizaci\u00f3n del Mar\u00eda Auxiliadora - CELTTV","isPartOf":{"@id":"https:\/\/www.celttv.com.ar\/#website"},"datePublished":"2013-08-14T15:38:51+00:00","dateModified":"2013-08-14T15:38:51+00:00","description":"Sitio web de noticias de la localidad de Tornquist, provincia de Buenos Aires, Rep\u00fablica Argentina. Contenido propio originado por periodistas de CELTTV, el canal de TV local de la Cooperativa El\u00e9ctrica de Tornquist. Turismo, Pol\u00edtica, Sociedad, Deporte, Cultura y todo el contenido de inter\u00e9s general que la gente del pueblo y la regi\u00f3n debe conocer.","breadcrumb":{"@id":"https:\/\/www.celttv.com.ar\/index.php\/2013\/08\/14\/reunion-para-avanzar-en-la-refuncionalizacion-del-maria-auxiliadora\/#breadcrumb"},"inLanguage":"es","potentialAction":[{"@type":"ReadAction","target":["https:\/\/www.celttv.com.ar\/index.php\/2013\/08\/14\/reunion-para-avanzar-en-la-refuncionalizacion-del-maria-auxiliadora\/"]}]},{"@type":"BreadcrumbList","@id":"https:\/\/www.celttv.com.ar\/index.php\/2013\/08\/14\/reunion-para-avanzar-en-la-refuncionalizacion-del-maria-auxiliadora\/#breadcrumb","itemListElement":[{"@type":"ListItem","position":1,"name":"Inicio","item":"https:\/\/www.celttv.com.ar\/"},{"@type":"ListItem","position":2,"name":"Reuni\u00f3n para avanzar en la refuncionalizaci\u00f3n del Mar\u00eda Auxiliadora"}]},{"@type":"WebSite","@id":"https:\/\/www.celttv.com.ar\/#website","url":"https:\/\/www.celttv.com.ar\/","name":"CELTTV","description":"Cooperativa El\u00e9ctrica de Tornquist","publisher":{"@id":"https:\/\/www.celttv.com.ar\/#organization"},"potentialAction":[{"@type":"SearchAction","target":{"@type":"EntryPoint","urlTemplate":"https:\/\/www.celttv.com.ar\/?s={search_term_string}"},"query-input":"required name=search_term_string"}],"inLanguage":"es"},{"@type":"Organization","@id":"https:\/\/www.celttv.com.ar\/#organization","name":"CELTTV","url":"https:\/\/www.celttv.com.ar\/","sameAs":["https:\/\/www.youtube.com\/channel\/UCz_oIt8Hig64Ub-EmcNPIhg","https:\/\/www.facebook.com\/celtTV\/"],"logo":{"@type":"ImageObject","inLanguage":"es","@id":"https:\/\/www.celttv.com.ar\/#\/schema\/logo\/image\/","url":"http:\/\/www.celttv.com.ar\/wp-content\/uploads\/2022\/08\/logo-1.png","contentUrl":"http:\/\/www.celttv.com.ar\/wp-content\/uploads\/2022\/08\/logo-1.png","width":461,"height":159,"caption":"CELTTV"},"image":{"@id":"https:\/\/www.celttv.com.ar\/#\/schema\/logo\/image\/"}},{"@type":"Person","@id":"https:\/\/www.celttv.com.ar\/#\/schema\/person\/6d99c072dba59953809c81446e9d0ace","name":"ulises","image":{"@type":"ImageObject","inLanguage":"es","@id":"https:\/\/www.celttv.com.ar\/#\/schema\/person\/image\/","url":"https:\/\/secure.gravatar.com\/avatar\/7f2c48bdc33b30088f941fb6082e555f2874c98e20cb159d7b92b50eadfce793?s=96&d=mm&r=g","contentUrl":"https:\/\/secure.gravatar.com\/avatar\/7f2c48bdc33b30088f941fb6082e555f2874c98e20cb159d7b92b50eadfce793?s=96&d=mm&r=g","caption":"ulises"},"sameAs":["http:\/\/www.celttv.com.ar"]}]}},"_links":{"self":[{"href":"https:\/\/www.celttv.com.ar\/index.php\/wp-json\/wp\/v2\/posts\/13061","targetHints":{"allow":["GET"]}}],"collection":[{"href":"https:\/\/www.celttv.com.ar\/index.php\/wp-json\/wp\/v2\/posts"}],"about":[{"href":"https:\/\/www.celttv.com.ar\/index.php\/wp-json\/wp\/v2\/types\/post"}],"author":[{"embeddable":true,"href":"https:\/\/www.celttv.com.ar\/index.php\/wp-json\/wp\/v2\/users\/1"}],"replies":[{"embeddable":true,"href":"https:\/\/www.celttv.com.ar\/index.php\/wp-json\/wp\/v2\/comments?post=13061"}],"version-history":[{"count":0,"href":"https:\/\/www.celttv.com.ar\/index.php\/wp-json\/wp\/v2\/posts\/13061\/revisions"}],"wp:attachment":[{"href":"https:\/\/www.celttv.com.ar\/index.php\/wp-json\/wp\/v2\/media?parent=13061"}],"wp:term":[{"taxonomy":"category","embeddable":true,"href":"https:\/\/www.celttv.com.ar\/index.php\/wp-json\/wp\/v2\/categories?post=13061"},{"taxonomy":"post_tag","embeddable":true,"href":"https:\/\/www.celttv.com.ar\/index.php\/wp-json\/wp\/v2\/tags?post=13061"}],"curies":[{"name":"wp","href":"https:\/\/api.w.org\/{rel}","templated":true}]}}