{"id":13069,"date":"2013-08-15T20:45:03","date_gmt":"2013-08-15T20:45:03","guid":{"rendered":"http:\/\/www.tvcnoticias.com.ar\/?p=13069"},"modified":"2013-08-15T20:45:03","modified_gmt":"2013-08-15T20:45:03","slug":"comenzo-la-construccion-del-cordon-cuneta-en-el-sector-agroindustrial-planificado","status":"publish","type":"post","link":"https:\/\/www.celttv.com.ar\/index.php\/2013\/08\/15\/comenzo-la-construccion-del-cordon-cuneta-en-el-sector-agroindustrial-planificado\/","title":{"rendered":"COMENZO LA CONSTRUCCION DEL CORDON CUNETA EN EL SECTOR AGROINDUSTRIAL PLANIFICADO"},"content":{"rendered":"<p><br \/>\nEl Sector Agroindustrial Planificado contin\u00faa sumando obras de infraestructura. En la ma\u00f1ana de hoy comenz\u00f3 la construcci\u00f3n del cord\u00f3n cuneta emergente en el predio ubicado sobre la ruta provincial 76, a escasos metros de la ruta nacional 33.<br \/>\nEl intendente municipal, licenciado Gustavo Trankels, recorri\u00f3 el sector acompa\u00f1ado por la secretaria de Obras y Servicios P\u00fablicos, arquitecta Anabella Madue\u00f1a, y el director de Producci\u00f3n y Medio Ambiente, V\u00edctor Ant\u00f3n, para comprobar el avance de los trabajos, que permitir\u00e1n delinear el boulevard central y de distribuci\u00f3n vehicular del predio.<br \/>\n\u201cSe est\u00e1 ejecutando lo que estaba previsto en el proyecto elaborado oportunamente, que tiene que ver con los desag\u00fces pluviales y los proyectos ejecutivos del cord\u00f3n emergente, que a la vista nos permitir\u00e1 ir centrando la organizaci\u00f3n del tr\u00e1nsito y el escurrimiento del agua en la parte central\u201d, cont\u00f3 el jefe comunal.<br \/>\nEn total, se ejecutar\u00e1n m\u00e1s de 1.300 metros lineales de cord\u00f3n emergente, que conformar\u00e1n cinco bulevares.<br \/>\n\u201cEsta es otra etapa importante que se est\u00e1 ejecutando, que tiene que ver con el plan integral, que incluye adem\u00e1s la alcantarilla de acceso, que ya est\u00e1 dise\u00f1ada y aprobada por Vialidad de la Provincia de Buenos Aires, y se comenzar\u00e1 a ejecutar en el corto plazo\u201d, recalc\u00f3 Trankels.<br \/>\n\u201cLograr completar el Sector Agroindustrial Planificado es un proyecto muy grande y ambicioso que, en funci\u00f3n de los recursos que fuimos gestionando y consiguiendo, lo dividimos en etapas. Esta iniciativa nos llev\u00f3 mucho trabajo en papeles, proyectos, inversi\u00f3n en tiempo, recursos humanos y dinero. Lo bueno es que ese tiempo ahora se traducir\u00e1 en obras concretas y visibles\u201d, consider\u00f3.<br \/>\nLa construcci\u00f3n del cord\u00f3n es de suma importancia debido a que tambi\u00e9n permitir\u00e1 definir la primera etapa de la obra de desag\u00fces pluviales, de acuerdo con el proyecto integral elaborado por la municipalidad de Tornquist para la obtenci\u00f3n de la factibilidad hidr\u00e1ulica por parte de los organismos provinciales correspondientes.<br \/>\n\u201cContamos con el proyecto para dotar al lugar de energ\u00eda el\u00e9ctrica y en las conversaciones que mantuvimos con la Cooperativa El\u00e9ctrica, tenemos asegurado que, m\u00e1s all\u00e1 de la obra de fondo, estar\u00edamos en condiciones de proveerle energ\u00eda a los dos primeros emprendimientos. Eso nos otorga la tranquilidad de poder radicar inversores en el lugar mientras avanza la obra de energ\u00eda\u201d, mencion\u00f3.<br \/>\nEl intendente Trankels se mostr\u00f3 confiado de que en un futuro cercano el lugar se encuentre en condiciones de albergar emprendimientos.<br \/>\n\u201cIniciamos gestiones con una empresa de log\u00edstica que nos manifest\u00f3 la voluntad de radicarse en el lugar y ya firmamos un preacuerdo. Siendo cautelosos, podemos decir que estar\u00edamos bastante cerca de lograr la primera empresa\u201d, explic\u00f3.<br \/>\nEl Sector Agroindustrial Planificado cuenta con aproximadamente 13 hect\u00e1reas y est\u00e1 conformado por 35 lotes.<br \/>\n&nbsp;<\/p>\n","protected":false},"excerpt":{"rendered":"<p>El Sector Agroindustrial Planificado contin\u00faa sumando obras de infraestructura. En la ma\u00f1ana de hoy comenz\u00f3 la construcci\u00f3n del cord\u00f3n cuneta emergente en el predio ubicado sobre la ruta provincial 76, a escasos metros de la ruta nacional 33. El intendente municipal, licenciado Gustavo Trankels, recorri\u00f3 el sector acompa\u00f1ado por la secretaria de Obras y Servicios [&hellip;]<\/p>\n","protected":false},"author":1,"featured_media":0,"comment_status":"closed","ping_status":"open","sticky":false,"template":"","format":"standard","meta":{"footnotes":""},"categories":[51,52,53],"tags":[],"class_list":["post-13069","post","type-post","status-publish","format-standard","hentry","category-comunidad","category-destacadas","category-politica"],"yoast_head":"<!-- This site is optimized with the Yoast SEO plugin v19.7.1 - https:\/\/yoast.com\/wordpress\/plugins\/seo\/ -->\n<title>COMENZO LA CONSTRUCCION DEL CORDON CUNETA EN EL SECTOR AGROINDUSTRIAL PLANIFICADO - CELTTV<\/title>\n<meta name=\"description\" content=\"Sitio web de noticias de la localidad de Tornquist, provincia de Buenos Aires, Rep\u00fablica Argentina. Contenido propio originado por periodistas de CELTTV, el canal de TV local de la Cooperativa El\u00e9ctrica de Tornquist. Turismo, Pol\u00edtica, Sociedad, Deporte, Cultura y todo el contenido de inter\u00e9s general que la gente del pueblo y la regi\u00f3n debe conocer.\" \/>\n<meta name=\"robots\" content=\"index, follow, max-snippet:-1, max-image-preview:large, max-video-preview:-1\" \/>\n<link rel=\"canonical\" href=\"https:\/\/www.celttv.com.ar\/index.php\/2013\/08\/15\/comenzo-la-construccion-del-cordon-cuneta-en-el-sector-agroindustrial-planificado\/\" \/>\n<meta property=\"og:locale\" content=\"es_ES\" \/>\n<meta property=\"og:type\" content=\"article\" \/>\n<meta property=\"og:title\" content=\"COMENZO LA CONSTRUCCION DEL CORDON CUNETA EN EL SECTOR AGROINDUSTRIAL PLANIFICADO - CELTTV\" \/>\n<meta property=\"og:description\" content=\"Sitio web de noticias de la localidad de Tornquist, provincia de Buenos Aires, Rep\u00fablica Argentina. Contenido propio originado por periodistas de CELTTV, el canal de TV local de la Cooperativa El\u00e9ctrica de Tornquist. Turismo, Pol\u00edtica, Sociedad, Deporte, Cultura y todo el contenido de inter\u00e9s general que la gente del pueblo y la regi\u00f3n debe conocer.\" \/>\n<meta property=\"og:url\" content=\"https:\/\/www.celttv.com.ar\/index.php\/2013\/08\/15\/comenzo-la-construccion-del-cordon-cuneta-en-el-sector-agroindustrial-planificado\/\" \/>\n<meta property=\"og:site_name\" content=\"CELTTV\" \/>\n<meta property=\"article:publisher\" content=\"https:\/\/www.facebook.com\/celtTV\/\" \/>\n<meta property=\"article:published_time\" content=\"2013-08-15T20:45:03+00:00\" \/>\n<meta name=\"author\" content=\"ulises\" \/>\n<meta name=\"twitter:card\" content=\"summary_large_image\" \/>\n<meta name=\"twitter:label1\" content=\"Escrito por\" \/>\n\t<meta name=\"twitter:data1\" content=\"ulises\" \/>\n\t<meta name=\"twitter:label2\" content=\"Tiempo de lectura\" \/>\n\t<meta name=\"twitter:data2\" content=\"2 minutos\" \/>\n<script type=\"application\/ld+json\" class=\"yoast-schema-graph\">{\"@context\":\"https:\/\/schema.org\",\"@graph\":[{\"@type\":\"NewsArticle\",\"@id\":\"https:\/\/www.celttv.com.ar\/index.php\/2013\/08\/15\/comenzo-la-construccion-del-cordon-cuneta-en-el-sector-agroindustrial-planificado\/#article\",\"isPartOf\":{\"@id\":\"https:\/\/www.celttv.com.ar\/index.php\/2013\/08\/15\/comenzo-la-construccion-del-cordon-cuneta-en-el-sector-agroindustrial-planificado\/\"},\"author\":{\"name\":\"ulises\",\"@id\":\"https:\/\/www.celttv.com.ar\/#\/schema\/person\/6d99c072dba59953809c81446e9d0ace\"},\"headline\":\"COMENZO LA CONSTRUCCION DEL CORDON CUNETA EN EL SECTOR AGROINDUSTRIAL PLANIFICADO\",\"datePublished\":\"2013-08-15T20:45:03+00:00\",\"dateModified\":\"2013-08-15T20:45:03+00:00\",\"mainEntityOfPage\":{\"@id\":\"https:\/\/www.celttv.com.ar\/index.php\/2013\/08\/15\/comenzo-la-construccion-del-cordon-cuneta-en-el-sector-agroindustrial-planificado\/\"},\"wordCount\":497,\"publisher\":{\"@id\":\"https:\/\/www.celttv.com.ar\/#organization\"},\"articleSection\":[\"Comunidad\",\"Destacadas\",\"Pol\u00edtica\"],\"inLanguage\":\"es\"},{\"@type\":\"WebPage\",\"@id\":\"https:\/\/www.celttv.com.ar\/index.php\/2013\/08\/15\/comenzo-la-construccion-del-cordon-cuneta-en-el-sector-agroindustrial-planificado\/\",\"url\":\"https:\/\/www.celttv.com.ar\/index.php\/2013\/08\/15\/comenzo-la-construccion-del-cordon-cuneta-en-el-sector-agroindustrial-planificado\/\",\"name\":\"COMENZO LA CONSTRUCCION DEL CORDON CUNETA EN EL SECTOR AGROINDUSTRIAL PLANIFICADO - CELTTV\",\"isPartOf\":{\"@id\":\"https:\/\/www.celttv.com.ar\/#website\"},\"datePublished\":\"2013-08-15T20:45:03+00:00\",\"dateModified\":\"2013-08-15T20:45:03+00:00\",\"description\":\"Sitio web de noticias de la localidad de Tornquist, provincia de Buenos Aires, Rep\u00fablica Argentina. Contenido propio originado por periodistas de CELTTV, el canal de TV local de la Cooperativa El\u00e9ctrica de Tornquist. Turismo, Pol\u00edtica, Sociedad, Deporte, Cultura y todo el contenido de inter\u00e9s general que la gente del pueblo y la regi\u00f3n debe conocer.\",\"breadcrumb\":{\"@id\":\"https:\/\/www.celttv.com.ar\/index.php\/2013\/08\/15\/comenzo-la-construccion-del-cordon-cuneta-en-el-sector-agroindustrial-planificado\/#breadcrumb\"},\"inLanguage\":\"es\",\"potentialAction\":[{\"@type\":\"ReadAction\",\"target\":[\"https:\/\/www.celttv.com.ar\/index.php\/2013\/08\/15\/comenzo-la-construccion-del-cordon-cuneta-en-el-sector-agroindustrial-planificado\/\"]}]},{\"@type\":\"BreadcrumbList\",\"@id\":\"https:\/\/www.celttv.com.ar\/index.php\/2013\/08\/15\/comenzo-la-construccion-del-cordon-cuneta-en-el-sector-agroindustrial-planificado\/#breadcrumb\",\"itemListElement\":[{\"@type\":\"ListItem\",\"position\":1,\"name\":\"Inicio\",\"item\":\"https:\/\/www.celttv.com.ar\/\"},{\"@type\":\"ListItem\",\"position\":2,\"name\":\"COMENZO LA CONSTRUCCION DEL CORDON CUNETA EN EL SECTOR AGROINDUSTRIAL PLANIFICADO\"}]},{\"@type\":\"WebSite\",\"@id\":\"https:\/\/www.celttv.com.ar\/#website\",\"url\":\"https:\/\/www.celttv.com.ar\/\",\"name\":\"CELTTV\",\"description\":\"Cooperativa El\u00e9ctrica de Tornquist\",\"publisher\":{\"@id\":\"https:\/\/www.celttv.com.ar\/#organization\"},\"potentialAction\":[{\"@type\":\"SearchAction\",\"target\":{\"@type\":\"EntryPoint\",\"urlTemplate\":\"https:\/\/www.celttv.com.ar\/?s={search_term_string}\"},\"query-input\":\"required name=search_term_string\"}],\"inLanguage\":\"es\"},{\"@type\":\"Organization\",\"@id\":\"https:\/\/www.celttv.com.ar\/#organization\",\"name\":\"CELTTV\",\"url\":\"https:\/\/www.celttv.com.ar\/\",\"sameAs\":[\"https:\/\/www.youtube.com\/channel\/UCz_oIt8Hig64Ub-EmcNPIhg\",\"https:\/\/www.facebook.com\/celtTV\/\"],\"logo\":{\"@type\":\"ImageObject\",\"inLanguage\":\"es\",\"@id\":\"https:\/\/www.celttv.com.ar\/#\/schema\/logo\/image\/\",\"url\":\"http:\/\/www.celttv.com.ar\/wp-content\/uploads\/2022\/08\/logo-1.png\",\"contentUrl\":\"http:\/\/www.celttv.com.ar\/wp-content\/uploads\/2022\/08\/logo-1.png\",\"width\":461,\"height\":159,\"caption\":\"CELTTV\"},\"image\":{\"@id\":\"https:\/\/www.celttv.com.ar\/#\/schema\/logo\/image\/\"}},{\"@type\":\"Person\",\"@id\":\"https:\/\/www.celttv.com.ar\/#\/schema\/person\/6d99c072dba59953809c81446e9d0ace\",\"name\":\"ulises\",\"image\":{\"@type\":\"ImageObject\",\"inLanguage\":\"es\",\"@id\":\"https:\/\/www.celttv.com.ar\/#\/schema\/person\/image\/\",\"url\":\"https:\/\/secure.gravatar.com\/avatar\/7f2c48bdc33b30088f941fb6082e555f2874c98e20cb159d7b92b50eadfce793?s=96&d=mm&r=g\",\"contentUrl\":\"https:\/\/secure.gravatar.com\/avatar\/7f2c48bdc33b30088f941fb6082e555f2874c98e20cb159d7b92b50eadfce793?s=96&d=mm&r=g\",\"caption\":\"ulises\"},\"sameAs\":[\"http:\/\/www.celttv.com.ar\"]}]}<\/script>\n<!-- \/ Yoast SEO plugin. -->","yoast_head_json":{"title":"COMENZO LA CONSTRUCCION DEL CORDON CUNETA EN EL SECTOR AGROINDUSTRIAL PLANIFICADO - CELTTV","description":"Sitio web de noticias de la localidad de Tornquist, provincia de Buenos Aires, Rep\u00fablica Argentina. Contenido propio originado por periodistas de CELTTV, el canal de TV local de la Cooperativa El\u00e9ctrica de Tornquist. Turismo, Pol\u00edtica, Sociedad, Deporte, Cultura y todo el contenido de inter\u00e9s general que la gente del pueblo y la regi\u00f3n debe conocer.","robots":{"index":"index","follow":"follow","max-snippet":"max-snippet:-1","max-image-preview":"max-image-preview:large","max-video-preview":"max-video-preview:-1"},"canonical":"https:\/\/www.celttv.com.ar\/index.php\/2013\/08\/15\/comenzo-la-construccion-del-cordon-cuneta-en-el-sector-agroindustrial-planificado\/","og_locale":"es_ES","og_type":"article","og_title":"COMENZO LA CONSTRUCCION DEL CORDON CUNETA EN EL SECTOR AGROINDUSTRIAL PLANIFICADO - CELTTV","og_description":"Sitio web de noticias de la localidad de Tornquist, provincia de Buenos Aires, Rep\u00fablica Argentina. Contenido propio originado por periodistas de CELTTV, el canal de TV local de la Cooperativa El\u00e9ctrica de Tornquist. Turismo, Pol\u00edtica, Sociedad, Deporte, Cultura y todo el contenido de inter\u00e9s general que la gente del pueblo y la regi\u00f3n debe conocer.","og_url":"https:\/\/www.celttv.com.ar\/index.php\/2013\/08\/15\/comenzo-la-construccion-del-cordon-cuneta-en-el-sector-agroindustrial-planificado\/","og_site_name":"CELTTV","article_publisher":"https:\/\/www.facebook.com\/celtTV\/","article_published_time":"2013-08-15T20:45:03+00:00","author":"ulises","twitter_card":"summary_large_image","twitter_misc":{"Escrito por":"ulises","Tiempo de lectura":"2 minutos"},"schema":{"@context":"https:\/\/schema.org","@graph":[{"@type":"NewsArticle","@id":"https:\/\/www.celttv.com.ar\/index.php\/2013\/08\/15\/comenzo-la-construccion-del-cordon-cuneta-en-el-sector-agroindustrial-planificado\/#article","isPartOf":{"@id":"https:\/\/www.celttv.com.ar\/index.php\/2013\/08\/15\/comenzo-la-construccion-del-cordon-cuneta-en-el-sector-agroindustrial-planificado\/"},"author":{"name":"ulises","@id":"https:\/\/www.celttv.com.ar\/#\/schema\/person\/6d99c072dba59953809c81446e9d0ace"},"headline":"COMENZO LA CONSTRUCCION DEL CORDON CUNETA EN EL SECTOR AGROINDUSTRIAL PLANIFICADO","datePublished":"2013-08-15T20:45:03+00:00","dateModified":"2013-08-15T20:45:03+00:00","mainEntityOfPage":{"@id":"https:\/\/www.celttv.com.ar\/index.php\/2013\/08\/15\/comenzo-la-construccion-del-cordon-cuneta-en-el-sector-agroindustrial-planificado\/"},"wordCount":497,"publisher":{"@id":"https:\/\/www.celttv.com.ar\/#organization"},"articleSection":["Comunidad","Destacadas","Pol\u00edtica"],"inLanguage":"es"},{"@type":"WebPage","@id":"https:\/\/www.celttv.com.ar\/index.php\/2013\/08\/15\/comenzo-la-construccion-del-cordon-cuneta-en-el-sector-agroindustrial-planificado\/","url":"https:\/\/www.celttv.com.ar\/index.php\/2013\/08\/15\/comenzo-la-construccion-del-cordon-cuneta-en-el-sector-agroindustrial-planificado\/","name":"COMENZO LA CONSTRUCCION DEL CORDON CUNETA EN EL SECTOR AGROINDUSTRIAL PLANIFICADO - CELTTV","isPartOf":{"@id":"https:\/\/www.celttv.com.ar\/#website"},"datePublished":"2013-08-15T20:45:03+00:00","dateModified":"2013-08-15T20:45:03+00:00","description":"Sitio web de noticias de la localidad de Tornquist, provincia de Buenos Aires, Rep\u00fablica Argentina. Contenido propio originado por periodistas de CELTTV, el canal de TV local de la Cooperativa El\u00e9ctrica de Tornquist. Turismo, Pol\u00edtica, Sociedad, Deporte, Cultura y todo el contenido de inter\u00e9s general que la gente del pueblo y la regi\u00f3n debe conocer.","breadcrumb":{"@id":"https:\/\/www.celttv.com.ar\/index.php\/2013\/08\/15\/comenzo-la-construccion-del-cordon-cuneta-en-el-sector-agroindustrial-planificado\/#breadcrumb"},"inLanguage":"es","potentialAction":[{"@type":"ReadAction","target":["https:\/\/www.celttv.com.ar\/index.php\/2013\/08\/15\/comenzo-la-construccion-del-cordon-cuneta-en-el-sector-agroindustrial-planificado\/"]}]},{"@type":"BreadcrumbList","@id":"https:\/\/www.celttv.com.ar\/index.php\/2013\/08\/15\/comenzo-la-construccion-del-cordon-cuneta-en-el-sector-agroindustrial-planificado\/#breadcrumb","itemListElement":[{"@type":"ListItem","position":1,"name":"Inicio","item":"https:\/\/www.celttv.com.ar\/"},{"@type":"ListItem","position":2,"name":"COMENZO LA CONSTRUCCION DEL CORDON CUNETA EN EL SECTOR AGROINDUSTRIAL PLANIFICADO"}]},{"@type":"WebSite","@id":"https:\/\/www.celttv.com.ar\/#website","url":"https:\/\/www.celttv.com.ar\/","name":"CELTTV","description":"Cooperativa El\u00e9ctrica de Tornquist","publisher":{"@id":"https:\/\/www.celttv.com.ar\/#organization"},"potentialAction":[{"@type":"SearchAction","target":{"@type":"EntryPoint","urlTemplate":"https:\/\/www.celttv.com.ar\/?s={search_term_string}"},"query-input":"required name=search_term_string"}],"inLanguage":"es"},{"@type":"Organization","@id":"https:\/\/www.celttv.com.ar\/#organization","name":"CELTTV","url":"https:\/\/www.celttv.com.ar\/","sameAs":["https:\/\/www.youtube.com\/channel\/UCz_oIt8Hig64Ub-EmcNPIhg","https:\/\/www.facebook.com\/celtTV\/"],"logo":{"@type":"ImageObject","inLanguage":"es","@id":"https:\/\/www.celttv.com.ar\/#\/schema\/logo\/image\/","url":"http:\/\/www.celttv.com.ar\/wp-content\/uploads\/2022\/08\/logo-1.png","contentUrl":"http:\/\/www.celttv.com.ar\/wp-content\/uploads\/2022\/08\/logo-1.png","width":461,"height":159,"caption":"CELTTV"},"image":{"@id":"https:\/\/www.celttv.com.ar\/#\/schema\/logo\/image\/"}},{"@type":"Person","@id":"https:\/\/www.celttv.com.ar\/#\/schema\/person\/6d99c072dba59953809c81446e9d0ace","name":"ulises","image":{"@type":"ImageObject","inLanguage":"es","@id":"https:\/\/www.celttv.com.ar\/#\/schema\/person\/image\/","url":"https:\/\/secure.gravatar.com\/avatar\/7f2c48bdc33b30088f941fb6082e555f2874c98e20cb159d7b92b50eadfce793?s=96&d=mm&r=g","contentUrl":"https:\/\/secure.gravatar.com\/avatar\/7f2c48bdc33b30088f941fb6082e555f2874c98e20cb159d7b92b50eadfce793?s=96&d=mm&r=g","caption":"ulises"},"sameAs":["http:\/\/www.celttv.com.ar"]}]}},"_links":{"self":[{"href":"https:\/\/www.celttv.com.ar\/index.php\/wp-json\/wp\/v2\/posts\/13069","targetHints":{"allow":["GET"]}}],"collection":[{"href":"https:\/\/www.celttv.com.ar\/index.php\/wp-json\/wp\/v2\/posts"}],"about":[{"href":"https:\/\/www.celttv.com.ar\/index.php\/wp-json\/wp\/v2\/types\/post"}],"author":[{"embeddable":true,"href":"https:\/\/www.celttv.com.ar\/index.php\/wp-json\/wp\/v2\/users\/1"}],"replies":[{"embeddable":true,"href":"https:\/\/www.celttv.com.ar\/index.php\/wp-json\/wp\/v2\/comments?post=13069"}],"version-history":[{"count":0,"href":"https:\/\/www.celttv.com.ar\/index.php\/wp-json\/wp\/v2\/posts\/13069\/revisions"}],"wp:attachment":[{"href":"https:\/\/www.celttv.com.ar\/index.php\/wp-json\/wp\/v2\/media?parent=13069"}],"wp:term":[{"taxonomy":"category","embeddable":true,"href":"https:\/\/www.celttv.com.ar\/index.php\/wp-json\/wp\/v2\/categories?post=13069"},{"taxonomy":"post_tag","embeddable":true,"href":"https:\/\/www.celttv.com.ar\/index.php\/wp-json\/wp\/v2\/tags?post=13069"}],"curies":[{"name":"wp","href":"https:\/\/api.w.org\/{rel}","templated":true}]}}