{"id":13102,"date":"2013-08-21T18:17:52","date_gmt":"2013-08-21T18:17:52","guid":{"rendered":"http:\/\/www.tvcnoticias.com.ar\/?p=13102"},"modified":"2013-08-21T18:17:52","modified_gmt":"2013-08-21T18:17:52","slug":"en-tres-picos-forestacion-y-exaltacion-de-la-figura-en-el-homenaje-a-san-martin-videos-notas-y-fotos","status":"publish","type":"post","link":"https:\/\/www.celttv.com.ar\/index.php\/2013\/08\/21\/en-tres-picos-forestacion-y-exaltacion-de-la-figura-en-el-homenaje-a-san-martin-videos-notas-y-fotos\/","title":{"rendered":"EN TRES PICOS: FORESTACION Y EXALTACION DE LA FIGURA EN EL HOMENAJE A SAN MARTIN (Videos, notas y fotos)"},"content":{"rendered":"<p><a href=\"http:\/\/www.youtube.com\/watch?v=s2Rd3fr7fKo\"><a href=\"http:\/\/www.youtube.com\/watch?v=s2Rd3fr7fKo\">httpv:\/\/www.youtube.com\/watch?v=s2Rd3fr7fKo<\/a><\/a><br \/>\n<a href=\"http:\/\/www.youtube.com\/watch?v=D3GNd5Ll07g\"><a href=\"http:\/\/www.youtube.com\/watch?v=D3GNd5Ll07g\">httpv:\/\/www.youtube.com\/watch?v=D3GNd5Ll07g<\/a><\/a><br \/>\n<a href=\"http:\/\/www.youtube.com\/watch?v=0o5yKAtIXmI\"><a href=\"http:\/\/www.youtube.com\/watch?v=0o5yKAtIXmI\">httpv:\/\/www.youtube.com\/watch?v=0o5yKAtIXmI<\/a><\/a><br \/>\n<a href=\"http:\/\/www.youtube.com\/watch?v=SUSUgGnbDnI\"><a href=\"http:\/\/www.youtube.com\/watch?v=SUSUgGnbDnI\">httpv:\/\/www.youtube.com\/watch?v=SUSUgGnbDnI<\/a><\/a><br \/>\n<a href=\"http:\/\/www.youtube.com\/watch?v=bCfUiEyhrKA\"><a href=\"http:\/\/www.youtube.com\/watch?v=bCfUiEyhrKA\">httpv:\/\/www.youtube.com\/watch?v=bCfUiEyhrKA<\/a><\/a><br \/>\n<a href=\"http:\/\/www.youtube.com\/watch?v=ItXH-5JO1pE\"><a href=\"http:\/\/www.youtube.com\/watch?v=ItXH-5JO1pE\">httpv:\/\/www.youtube.com\/watch?v=ItXH-5JO1pE<\/a><\/a><br \/>\n<br \/>\nLa forestaci\u00f3n de 24 robles en un sector neur\u00e1lgico de la localidad, se sum\u00f3 al acto protocolar oficial desarrollado hoy en Tres Picos, en el marco de la conmemoraci\u00f3n del paso a la inmortalidad del General Jos\u00e9 de San Mart\u00edn.<br \/>\nLa iniciativa, llevada a cabo en el predio del ferrocarril, se encuadra dentro de un ambicioso proyecto denominado \u201cTrabajando junto a las instituciones\u201d, elaborado por la Municipalidad de Tornquist. Su disposici\u00f3n conforma un sol, cuyos ocho rayos representan a cada una de las entidades del lugar.<br \/>\nLa conmemoraci\u00f3n propiamente dicha, se llev\u00f3 a cabo en el sal\u00f3n de usos m\u00faltiples de la Escuela N\u00b0 3, con la presencia del intendente municipal, licenciado Gustavo Trankels, la delegada Graciela Berth, integrantes del Departamento Ejecutivo, concejales, concejeros escolares, autoridades educativas, representantes de instituciones del distrito y miembros de la comunidad.<br \/>\n\u201cCuando tengo que hablar de San Mart\u00edn me siento chiquito, porque junto con Belgrano est\u00e1 entre los m\u00e1s grandes patriotas que tuvo nuestra tierra. A veces, cuando uno habla de los h\u00e9roes de la Patria, trata de pensar que eran hombres comunes, de carne y hueso, pero que hicieron cosas muy grandes, que hoy valoramos\u201d, confi\u00f3 el jefe comunal.<br \/>\n\u201cEn cada una de las acciones que podemos realizar desde el rol que ocupamos, no s\u00f3lo podemos hacer un aporte a la construcci\u00f3n de la Patria que so\u00f1aba San Mart\u00edn, sino tambi\u00e9n rendirle homenaje. Por eso, quiero agradecerles el esfuerzo que hace cada uno de los presentes en el d\u00eda a d\u00eda\u201d, destac\u00f3 y resalt\u00f3 que la forestaci\u00f3n desarrollada en el predio del ferrocarril es simb\u00f3licamente muy importante, teniendo en cuenta que se encuentran representadas todas las entidades del lugar.<br \/>\nEl acto cont\u00f3 con la actuaci\u00f3n del Coro Municipal, dirigido por Gabriela Antivero, que enton\u00f3 las estofas del Himno Nacional Argentino y la marcha de San Lorenzo.<br \/>\n\u201cSan Mart\u00edn fue un ejemplo de hombre y ciudadano en cada uno de sus actos. Debemos plantearnos si realmente estamos preparados, dispuestos y abocados a hacer propios los ejemplos y ense\u00f1anzas de vida que este h\u00e9roe nos dej\u00f3. \u00bfPodemos hacer que nuestro pa\u00eds siga creciendo? Yo creo que s\u00ed, luchando por una educaci\u00f3n digna y sincera, siendo responsables en cada rol y tarea de nuestras vidas, cuidando cada pedazo de nuestro suelo, pero sobre todo, siendo due\u00f1os de los valores de verdad y libertad\u201d, resalt\u00f3 la docente Silvia Rossi, directora de la Escuela N\u00b0 3.<br \/>\nTambi\u00e9n se refiri\u00f3 a la fecha la Inspectora de Primaria, profesora Patricia Larrainzar.<br \/>\n\u201cEl General San Mart\u00edn fue uno de los grandes conductores de la historia universal. Su figura trasciende el \u00e1mbito militar para proyectarse como estratega y conductor pol\u00edtico. Con su visi\u00f3n estrat\u00e9gica perge\u00f1\u00f3 claramente cu\u00e1l era el camino que deb\u00edan transitar los pueblos americanos para constituirse en naciones libres y soberanas. Su obsesi\u00f3n fue la libertad de su Patria. Tambi\u00e9n nos ense\u00f1\u00f3 que no es posible encarar un proyecto com\u00fan de pa\u00eds sin unidad nacional, condici\u00f3n necesaria para superar cualquier desaf\u00edo y alcanzar los sue\u00f1os m\u00e1s anhelados\u201d, consider\u00f3.<br \/>\nLa delegada Graciela Berth, describi\u00f3 algunos aspectos del plan de forestaci\u00f3n, que cuenta con la participaci\u00f3n de las 8 entidades de la localidad, es decir, Club Sportman, Sala de Primeros Auxilios \u201cDr. Haroldo Muzi\u201d, Consejo de Apoyo Local, Biblioteca Popular \u201cJos\u00e9 Mar\u00eda Casti\u00f1eira de Dios\u201d, Capilla Mar\u00eda Auxiliadora, Escuela N\u00b0 3, Jard\u00edn de Infantes \u201cEl Hornerito\u201d y el anexo de la Escuela Agropecuaria. Cada una est\u00e1 representada con tres robles.<br \/>\n\u201cPara rendir homenaje es que se plasma este proyecto de forestaci\u00f3n, en un lugar central de la localidad, que tiene un alto grado de simbolismo. El mismo tiene la forma del sol, uno de los elementos presentes en nuestra ense\u00f1a patria. Cada uno de los rayos representa una instituci\u00f3n local, todas unidas en un sector central, que simboliza un Estado libre e independiente, por lo que luch\u00f3 el General San Mart\u00edn. El roble es conocido como s\u00edmbolo de dureza, resistencia y fiabilidad, caracter\u00edsticas con las cuales se puede asimilar a las que identifican a las instituciones, que perduran en el tiempo y hacen que la comunidad crezca\u201d, manifest\u00f3 Berth.<br \/>\nPosteriormente, la directora de la Escuela Agropecuaria, Ana Halter, entreg\u00f3 a cada instituci\u00f3n un cartel identificatorio, elaborado por los alumnos, que ser\u00e1n colocados en los robles plantados.<br \/>\nEl acto tambi\u00e9n cont\u00f3 con un ofrenda floral; la lectura de la poes\u00eda \u201cSan Mart\u00edn\u201d, de Pablo Neruda, por parte de las alumnas Luciana Di Franco y Daiana Mu\u00f1oz; y la proyecci\u00f3n de un video elaborado por alumnos del Jard\u00edn, la Escuela Primaria y el anexo de la Escuela Agropecuaria.<br \/>\n&nbsp;<br \/>\n&nbsp;<\/p>\n","protected":false},"excerpt":{"rendered":"<p>httpv:\/\/www.youtube.com\/watch?v=s2Rd3fr7fKo httpv:\/\/www.youtube.com\/watch?v=D3GNd5Ll07g httpv:\/\/www.youtube.com\/watch?v=0o5yKAtIXmI httpv:\/\/www.youtube.com\/watch?v=SUSUgGnbDnI httpv:\/\/www.youtube.com\/watch?v=bCfUiEyhrKA httpv:\/\/www.youtube.com\/watch?v=ItXH-5JO1pE La forestaci\u00f3n de 24 robles en un sector neur\u00e1lgico de la localidad, se sum\u00f3 al acto protocolar oficial desarrollado hoy en Tres Picos, en el marco de la conmemoraci\u00f3n del paso a la inmortalidad del General Jos\u00e9 de San Mart\u00edn. La iniciativa, llevada a cabo en el predio del [&hellip;]<\/p>\n","protected":false},"author":1,"featured_media":0,"comment_status":"closed","ping_status":"open","sticky":false,"template":"","format":"standard","meta":{"footnotes":""},"categories":[51,52,53,64],"tags":[],"class_list":["post-13102","post","type-post","status-publish","format-standard","hentry","category-comunidad","category-destacadas","category-politica","category-videos-destacados"],"yoast_head":"<!-- This site is optimized with the Yoast SEO plugin v19.7.1 - https:\/\/yoast.com\/wordpress\/plugins\/seo\/ -->\n<title>EN TRES PICOS: FORESTACION Y EXALTACION DE LA FIGURA EN EL HOMENAJE A SAN MARTIN (Videos, notas y fotos) - CELTTV<\/title>\n<meta name=\"description\" content=\"Sitio web de noticias de la localidad de Tornquist, provincia de Buenos Aires, Rep\u00fablica Argentina. Contenido propio originado por periodistas de CELTTV, el canal de TV local de la Cooperativa El\u00e9ctrica de Tornquist. Turismo, Pol\u00edtica, Sociedad, Deporte, Cultura y todo el contenido de inter\u00e9s general que la gente del pueblo y la regi\u00f3n debe conocer.\" \/>\n<meta name=\"robots\" content=\"index, follow, max-snippet:-1, max-image-preview:large, max-video-preview:-1\" \/>\n<link rel=\"canonical\" href=\"https:\/\/www.celttv.com.ar\/index.php\/2013\/08\/21\/en-tres-picos-forestacion-y-exaltacion-de-la-figura-en-el-homenaje-a-san-martin-videos-notas-y-fotos\/\" \/>\n<meta property=\"og:locale\" content=\"es_ES\" \/>\n<meta property=\"og:type\" content=\"article\" \/>\n<meta property=\"og:title\" content=\"EN TRES PICOS: FORESTACION Y EXALTACION DE LA FIGURA EN EL HOMENAJE A SAN MARTIN (Videos, notas y fotos) - CELTTV\" \/>\n<meta property=\"og:description\" content=\"Sitio web de noticias de la localidad de Tornquist, provincia de Buenos Aires, Rep\u00fablica Argentina. Contenido propio originado por periodistas de CELTTV, el canal de TV local de la Cooperativa El\u00e9ctrica de Tornquist. Turismo, Pol\u00edtica, Sociedad, Deporte, Cultura y todo el contenido de inter\u00e9s general que la gente del pueblo y la regi\u00f3n debe conocer.\" \/>\n<meta property=\"og:url\" content=\"https:\/\/www.celttv.com.ar\/index.php\/2013\/08\/21\/en-tres-picos-forestacion-y-exaltacion-de-la-figura-en-el-homenaje-a-san-martin-videos-notas-y-fotos\/\" \/>\n<meta property=\"og:site_name\" content=\"CELTTV\" \/>\n<meta property=\"article:publisher\" content=\"https:\/\/www.facebook.com\/celtTV\/\" \/>\n<meta property=\"article:published_time\" content=\"2013-08-21T18:17:52+00:00\" \/>\n<meta name=\"author\" content=\"ulises\" \/>\n<meta name=\"twitter:card\" content=\"summary_large_image\" \/>\n<meta name=\"twitter:label1\" content=\"Escrito por\" \/>\n\t<meta name=\"twitter:data1\" content=\"ulises\" \/>\n\t<meta name=\"twitter:label2\" content=\"Tiempo de lectura\" \/>\n\t<meta name=\"twitter:data2\" content=\"4 minutos\" \/>\n<script type=\"application\/ld+json\" class=\"yoast-schema-graph\">{\"@context\":\"https:\/\/schema.org\",\"@graph\":[{\"@type\":\"NewsArticle\",\"@id\":\"https:\/\/www.celttv.com.ar\/index.php\/2013\/08\/21\/en-tres-picos-forestacion-y-exaltacion-de-la-figura-en-el-homenaje-a-san-martin-videos-notas-y-fotos\/#article\",\"isPartOf\":{\"@id\":\"https:\/\/www.celttv.com.ar\/index.php\/2013\/08\/21\/en-tres-picos-forestacion-y-exaltacion-de-la-figura-en-el-homenaje-a-san-martin-videos-notas-y-fotos\/\"},\"author\":{\"name\":\"ulises\",\"@id\":\"https:\/\/www.celttv.com.ar\/#\/schema\/person\/6d99c072dba59953809c81446e9d0ace\"},\"headline\":\"EN TRES PICOS: FORESTACION Y EXALTACION DE LA FIGURA EN EL HOMENAJE A SAN MARTIN (Videos, notas y fotos)\",\"datePublished\":\"2013-08-21T18:17:52+00:00\",\"dateModified\":\"2013-08-21T18:17:52+00:00\",\"mainEntityOfPage\":{\"@id\":\"https:\/\/www.celttv.com.ar\/index.php\/2013\/08\/21\/en-tres-picos-forestacion-y-exaltacion-de-la-figura-en-el-homenaje-a-san-martin-videos-notas-y-fotos\/\"},\"wordCount\":887,\"publisher\":{\"@id\":\"https:\/\/www.celttv.com.ar\/#organization\"},\"articleSection\":[\"Comunidad\",\"Destacadas\",\"Pol\u00edtica\",\"Videos Destacados\"],\"inLanguage\":\"es\"},{\"@type\":\"WebPage\",\"@id\":\"https:\/\/www.celttv.com.ar\/index.php\/2013\/08\/21\/en-tres-picos-forestacion-y-exaltacion-de-la-figura-en-el-homenaje-a-san-martin-videos-notas-y-fotos\/\",\"url\":\"https:\/\/www.celttv.com.ar\/index.php\/2013\/08\/21\/en-tres-picos-forestacion-y-exaltacion-de-la-figura-en-el-homenaje-a-san-martin-videos-notas-y-fotos\/\",\"name\":\"EN TRES PICOS: FORESTACION Y EXALTACION DE LA FIGURA EN EL HOMENAJE A SAN MARTIN (Videos, notas y fotos) - CELTTV\",\"isPartOf\":{\"@id\":\"https:\/\/www.celttv.com.ar\/#website\"},\"datePublished\":\"2013-08-21T18:17:52+00:00\",\"dateModified\":\"2013-08-21T18:17:52+00:00\",\"description\":\"Sitio web de noticias de la localidad de Tornquist, provincia de Buenos Aires, Rep\u00fablica Argentina. Contenido propio originado por periodistas de CELTTV, el canal de TV local de la Cooperativa El\u00e9ctrica de Tornquist. Turismo, Pol\u00edtica, Sociedad, Deporte, Cultura y todo el contenido de inter\u00e9s general que la gente del pueblo y la regi\u00f3n debe conocer.\",\"breadcrumb\":{\"@id\":\"https:\/\/www.celttv.com.ar\/index.php\/2013\/08\/21\/en-tres-picos-forestacion-y-exaltacion-de-la-figura-en-el-homenaje-a-san-martin-videos-notas-y-fotos\/#breadcrumb\"},\"inLanguage\":\"es\",\"potentialAction\":[{\"@type\":\"ReadAction\",\"target\":[\"https:\/\/www.celttv.com.ar\/index.php\/2013\/08\/21\/en-tres-picos-forestacion-y-exaltacion-de-la-figura-en-el-homenaje-a-san-martin-videos-notas-y-fotos\/\"]}]},{\"@type\":\"BreadcrumbList\",\"@id\":\"https:\/\/www.celttv.com.ar\/index.php\/2013\/08\/21\/en-tres-picos-forestacion-y-exaltacion-de-la-figura-en-el-homenaje-a-san-martin-videos-notas-y-fotos\/#breadcrumb\",\"itemListElement\":[{\"@type\":\"ListItem\",\"position\":1,\"name\":\"Inicio\",\"item\":\"https:\/\/www.celttv.com.ar\/\"},{\"@type\":\"ListItem\",\"position\":2,\"name\":\"EN TRES PICOS: FORESTACION Y EXALTACION DE LA FIGURA EN EL HOMENAJE A SAN MARTIN (Videos, notas y fotos)\"}]},{\"@type\":\"WebSite\",\"@id\":\"https:\/\/www.celttv.com.ar\/#website\",\"url\":\"https:\/\/www.celttv.com.ar\/\",\"name\":\"CELTTV\",\"description\":\"Cooperativa El\u00e9ctrica de Tornquist\",\"publisher\":{\"@id\":\"https:\/\/www.celttv.com.ar\/#organization\"},\"potentialAction\":[{\"@type\":\"SearchAction\",\"target\":{\"@type\":\"EntryPoint\",\"urlTemplate\":\"https:\/\/www.celttv.com.ar\/?s={search_term_string}\"},\"query-input\":\"required name=search_term_string\"}],\"inLanguage\":\"es\"},{\"@type\":\"Organization\",\"@id\":\"https:\/\/www.celttv.com.ar\/#organization\",\"name\":\"CELTTV\",\"url\":\"https:\/\/www.celttv.com.ar\/\",\"sameAs\":[\"https:\/\/www.youtube.com\/channel\/UCz_oIt8Hig64Ub-EmcNPIhg\",\"https:\/\/www.facebook.com\/celtTV\/\"],\"logo\":{\"@type\":\"ImageObject\",\"inLanguage\":\"es\",\"@id\":\"https:\/\/www.celttv.com.ar\/#\/schema\/logo\/image\/\",\"url\":\"http:\/\/www.celttv.com.ar\/wp-content\/uploads\/2022\/08\/logo-1.png\",\"contentUrl\":\"http:\/\/www.celttv.com.ar\/wp-content\/uploads\/2022\/08\/logo-1.png\",\"width\":461,\"height\":159,\"caption\":\"CELTTV\"},\"image\":{\"@id\":\"https:\/\/www.celttv.com.ar\/#\/schema\/logo\/image\/\"}},{\"@type\":\"Person\",\"@id\":\"https:\/\/www.celttv.com.ar\/#\/schema\/person\/6d99c072dba59953809c81446e9d0ace\",\"name\":\"ulises\",\"image\":{\"@type\":\"ImageObject\",\"inLanguage\":\"es\",\"@id\":\"https:\/\/www.celttv.com.ar\/#\/schema\/person\/image\/\",\"url\":\"https:\/\/secure.gravatar.com\/avatar\/7f2c48bdc33b30088f941fb6082e555f2874c98e20cb159d7b92b50eadfce793?s=96&d=mm&r=g\",\"contentUrl\":\"https:\/\/secure.gravatar.com\/avatar\/7f2c48bdc33b30088f941fb6082e555f2874c98e20cb159d7b92b50eadfce793?s=96&d=mm&r=g\",\"caption\":\"ulises\"},\"sameAs\":[\"http:\/\/www.celttv.com.ar\"]}]}<\/script>\n<!-- \/ Yoast SEO plugin. -->","yoast_head_json":{"title":"EN TRES PICOS: FORESTACION Y EXALTACION DE LA FIGURA EN EL HOMENAJE A SAN MARTIN (Videos, notas y fotos) - CELTTV","description":"Sitio web de noticias de la localidad de Tornquist, provincia de Buenos Aires, Rep\u00fablica Argentina. Contenido propio originado por periodistas de CELTTV, el canal de TV local de la Cooperativa El\u00e9ctrica de Tornquist. Turismo, Pol\u00edtica, Sociedad, Deporte, Cultura y todo el contenido de inter\u00e9s general que la gente del pueblo y la regi\u00f3n debe conocer.","robots":{"index":"index","follow":"follow","max-snippet":"max-snippet:-1","max-image-preview":"max-image-preview:large","max-video-preview":"max-video-preview:-1"},"canonical":"https:\/\/www.celttv.com.ar\/index.php\/2013\/08\/21\/en-tres-picos-forestacion-y-exaltacion-de-la-figura-en-el-homenaje-a-san-martin-videos-notas-y-fotos\/","og_locale":"es_ES","og_type":"article","og_title":"EN TRES PICOS: FORESTACION Y EXALTACION DE LA FIGURA EN EL HOMENAJE A SAN MARTIN (Videos, notas y fotos) - CELTTV","og_description":"Sitio web de noticias de la localidad de Tornquist, provincia de Buenos Aires, Rep\u00fablica Argentina. Contenido propio originado por periodistas de CELTTV, el canal de TV local de la Cooperativa El\u00e9ctrica de Tornquist. Turismo, Pol\u00edtica, Sociedad, Deporte, Cultura y todo el contenido de inter\u00e9s general que la gente del pueblo y la regi\u00f3n debe conocer.","og_url":"https:\/\/www.celttv.com.ar\/index.php\/2013\/08\/21\/en-tres-picos-forestacion-y-exaltacion-de-la-figura-en-el-homenaje-a-san-martin-videos-notas-y-fotos\/","og_site_name":"CELTTV","article_publisher":"https:\/\/www.facebook.com\/celtTV\/","article_published_time":"2013-08-21T18:17:52+00:00","author":"ulises","twitter_card":"summary_large_image","twitter_misc":{"Escrito por":"ulises","Tiempo de lectura":"4 minutos"},"schema":{"@context":"https:\/\/schema.org","@graph":[{"@type":"NewsArticle","@id":"https:\/\/www.celttv.com.ar\/index.php\/2013\/08\/21\/en-tres-picos-forestacion-y-exaltacion-de-la-figura-en-el-homenaje-a-san-martin-videos-notas-y-fotos\/#article","isPartOf":{"@id":"https:\/\/www.celttv.com.ar\/index.php\/2013\/08\/21\/en-tres-picos-forestacion-y-exaltacion-de-la-figura-en-el-homenaje-a-san-martin-videos-notas-y-fotos\/"},"author":{"name":"ulises","@id":"https:\/\/www.celttv.com.ar\/#\/schema\/person\/6d99c072dba59953809c81446e9d0ace"},"headline":"EN TRES PICOS: FORESTACION Y EXALTACION DE LA FIGURA EN EL HOMENAJE A SAN MARTIN (Videos, notas y fotos)","datePublished":"2013-08-21T18:17:52+00:00","dateModified":"2013-08-21T18:17:52+00:00","mainEntityOfPage":{"@id":"https:\/\/www.celttv.com.ar\/index.php\/2013\/08\/21\/en-tres-picos-forestacion-y-exaltacion-de-la-figura-en-el-homenaje-a-san-martin-videos-notas-y-fotos\/"},"wordCount":887,"publisher":{"@id":"https:\/\/www.celttv.com.ar\/#organization"},"articleSection":["Comunidad","Destacadas","Pol\u00edtica","Videos Destacados"],"inLanguage":"es"},{"@type":"WebPage","@id":"https:\/\/www.celttv.com.ar\/index.php\/2013\/08\/21\/en-tres-picos-forestacion-y-exaltacion-de-la-figura-en-el-homenaje-a-san-martin-videos-notas-y-fotos\/","url":"https:\/\/www.celttv.com.ar\/index.php\/2013\/08\/21\/en-tres-picos-forestacion-y-exaltacion-de-la-figura-en-el-homenaje-a-san-martin-videos-notas-y-fotos\/","name":"EN TRES PICOS: FORESTACION Y EXALTACION DE LA FIGURA EN EL HOMENAJE A SAN MARTIN (Videos, notas y fotos) - CELTTV","isPartOf":{"@id":"https:\/\/www.celttv.com.ar\/#website"},"datePublished":"2013-08-21T18:17:52+00:00","dateModified":"2013-08-21T18:17:52+00:00","description":"Sitio web de noticias de la localidad de Tornquist, provincia de Buenos Aires, Rep\u00fablica Argentina. Contenido propio originado por periodistas de CELTTV, el canal de TV local de la Cooperativa El\u00e9ctrica de Tornquist. Turismo, Pol\u00edtica, Sociedad, Deporte, Cultura y todo el contenido de inter\u00e9s general que la gente del pueblo y la regi\u00f3n debe conocer.","breadcrumb":{"@id":"https:\/\/www.celttv.com.ar\/index.php\/2013\/08\/21\/en-tres-picos-forestacion-y-exaltacion-de-la-figura-en-el-homenaje-a-san-martin-videos-notas-y-fotos\/#breadcrumb"},"inLanguage":"es","potentialAction":[{"@type":"ReadAction","target":["https:\/\/www.celttv.com.ar\/index.php\/2013\/08\/21\/en-tres-picos-forestacion-y-exaltacion-de-la-figura-en-el-homenaje-a-san-martin-videos-notas-y-fotos\/"]}]},{"@type":"BreadcrumbList","@id":"https:\/\/www.celttv.com.ar\/index.php\/2013\/08\/21\/en-tres-picos-forestacion-y-exaltacion-de-la-figura-en-el-homenaje-a-san-martin-videos-notas-y-fotos\/#breadcrumb","itemListElement":[{"@type":"ListItem","position":1,"name":"Inicio","item":"https:\/\/www.celttv.com.ar\/"},{"@type":"ListItem","position":2,"name":"EN TRES PICOS: FORESTACION Y EXALTACION DE LA FIGURA EN EL HOMENAJE A SAN MARTIN (Videos, notas y fotos)"}]},{"@type":"WebSite","@id":"https:\/\/www.celttv.com.ar\/#website","url":"https:\/\/www.celttv.com.ar\/","name":"CELTTV","description":"Cooperativa El\u00e9ctrica de Tornquist","publisher":{"@id":"https:\/\/www.celttv.com.ar\/#organization"},"potentialAction":[{"@type":"SearchAction","target":{"@type":"EntryPoint","urlTemplate":"https:\/\/www.celttv.com.ar\/?s={search_term_string}"},"query-input":"required name=search_term_string"}],"inLanguage":"es"},{"@type":"Organization","@id":"https:\/\/www.celttv.com.ar\/#organization","name":"CELTTV","url":"https:\/\/www.celttv.com.ar\/","sameAs":["https:\/\/www.youtube.com\/channel\/UCz_oIt8Hig64Ub-EmcNPIhg","https:\/\/www.facebook.com\/celtTV\/"],"logo":{"@type":"ImageObject","inLanguage":"es","@id":"https:\/\/www.celttv.com.ar\/#\/schema\/logo\/image\/","url":"http:\/\/www.celttv.com.ar\/wp-content\/uploads\/2022\/08\/logo-1.png","contentUrl":"http:\/\/www.celttv.com.ar\/wp-content\/uploads\/2022\/08\/logo-1.png","width":461,"height":159,"caption":"CELTTV"},"image":{"@id":"https:\/\/www.celttv.com.ar\/#\/schema\/logo\/image\/"}},{"@type":"Person","@id":"https:\/\/www.celttv.com.ar\/#\/schema\/person\/6d99c072dba59953809c81446e9d0ace","name":"ulises","image":{"@type":"ImageObject","inLanguage":"es","@id":"https:\/\/www.celttv.com.ar\/#\/schema\/person\/image\/","url":"https:\/\/secure.gravatar.com\/avatar\/7f2c48bdc33b30088f941fb6082e555f2874c98e20cb159d7b92b50eadfce793?s=96&d=mm&r=g","contentUrl":"https:\/\/secure.gravatar.com\/avatar\/7f2c48bdc33b30088f941fb6082e555f2874c98e20cb159d7b92b50eadfce793?s=96&d=mm&r=g","caption":"ulises"},"sameAs":["http:\/\/www.celttv.com.ar"]}]}},"_links":{"self":[{"href":"https:\/\/www.celttv.com.ar\/index.php\/wp-json\/wp\/v2\/posts\/13102","targetHints":{"allow":["GET"]}}],"collection":[{"href":"https:\/\/www.celttv.com.ar\/index.php\/wp-json\/wp\/v2\/posts"}],"about":[{"href":"https:\/\/www.celttv.com.ar\/index.php\/wp-json\/wp\/v2\/types\/post"}],"author":[{"embeddable":true,"href":"https:\/\/www.celttv.com.ar\/index.php\/wp-json\/wp\/v2\/users\/1"}],"replies":[{"embeddable":true,"href":"https:\/\/www.celttv.com.ar\/index.php\/wp-json\/wp\/v2\/comments?post=13102"}],"version-history":[{"count":0,"href":"https:\/\/www.celttv.com.ar\/index.php\/wp-json\/wp\/v2\/posts\/13102\/revisions"}],"wp:attachment":[{"href":"https:\/\/www.celttv.com.ar\/index.php\/wp-json\/wp\/v2\/media?parent=13102"}],"wp:term":[{"taxonomy":"category","embeddable":true,"href":"https:\/\/www.celttv.com.ar\/index.php\/wp-json\/wp\/v2\/categories?post=13102"},{"taxonomy":"post_tag","embeddable":true,"href":"https:\/\/www.celttv.com.ar\/index.php\/wp-json\/wp\/v2\/tags?post=13102"}],"curies":[{"name":"wp","href":"https:\/\/api.w.org\/{rel}","templated":true}]}}