{"id":13148,"date":"2013-08-21T21:08:15","date_gmt":"2013-08-21T21:08:15","guid":{"rendered":"http:\/\/www.tvcnoticias.com.ar\/?p=13148"},"modified":"2013-08-21T21:08:15","modified_gmt":"2013-08-21T21:08:15","slug":"hcd-aprueban-la-creacion-de-un-centro-de-monitoreo-de-las-camaras-de-seguridad-fotos-videos-y-notas","status":"publish","type":"post","link":"https:\/\/www.celttv.com.ar\/index.php\/2013\/08\/21\/hcd-aprueban-la-creacion-de-un-centro-de-monitoreo-de-las-camaras-de-seguridad-fotos-videos-y-notas\/","title":{"rendered":"HCD.: APRUEBAN LA CREACION DE UN CENTRO DE MONITOREO DE LAS CAMARAS DE SEGURIDAD (Fotos, videos y notas)"},"content":{"rendered":"<p><strong><span style=\"text-decoration: underline;\"><a rel=\"attachment wp-att-13149\" href=\"http:\/\/www.tvcnoticias.com.ar\/?attachment_id=13149\"><img loading=\"lazy\" decoding=\"async\" class=\"aligncenter size-full wp-image-13149\" title=\"20-08-13 011arreg (Small)\" src=\"http:\/\/www.tvcnoticias.com.ar\/wp-content\/uploads\/2013\/08\/20-08-13-011arreg-Small.jpg\" alt=\"\" width=\"640\" height=\"480\" \/><\/a><br \/>\n<\/span><\/strong><br \/>\n<strong><span style=\"text-decoration: underline;\"><a href=\"http:\/\/www.youtube.com\/watch?v=DlHVfpRTQ14\"><a href=\"http:\/\/www.youtube.com\/watch?v=DlHVfpRTQ14\">httpv:\/\/www.youtube.com\/watch?v=DlHVfpRTQ14<\/a><\/a><\/span><\/strong><br \/>\n<strong><span style=\"text-decoration: underline;\"><a href=\"http:\/\/www.youtube.com\/watch?v=sTWCj8TVA_k\"><a href=\"http:\/\/www.youtube.com\/watch?v=sTWCj8TVA_k\">httpv:\/\/www.youtube.com\/watch?v=sTWCj8TVA_k<\/a><\/a><\/span><\/strong><br \/>\n<strong><span style=\"text-decoration: underline;\"><a href=\"http:\/\/www.youtube.com\/watch?v=DG1N5NE5Xw8\"><a href=\"http:\/\/www.youtube.com\/watch?v=DG1N5NE5Xw8\">httpv:\/\/www.youtube.com\/watch?v=DG1N5NE5Xw8<\/a><\/a><br \/>\n<\/span><\/strong><br \/>\n&nbsp;<br \/>\n<strong><span style=\"text-decoration: underline;\">INFORME DE LA  SESI\u00d3N ORDINARIA DE FECHA 16 DE AGOSTO<\/span><\/strong><br \/>\n&nbsp;<br \/>\n<strong> <\/strong><br \/>\n<strong><span style=\"text-decoration: underline;\">Dict\u00e1menes de las Comisiones<\/span><\/strong><br \/>\n&nbsp;<br \/>\n<strong><span style=\"text-decoration: underline;\">Expte. <\/span><\/strong><strong><span style=\"text-decoration: underline;\">N\u00ba 6181\/09:<\/span><\/strong> \u201cA.R.I. \u2013 Proyecto de Ordenanza: Solicita modificaci\u00f3n Art. 3\u00ba Ordenanza N\u00ba 971\/94, ref. prohibici\u00f3n estacionamiento de camiones en la planta urbana de la ciudad de Tornquist\u201d.<br \/>\nEste Expediente tiene dos dict\u00e1menes:<br \/>\nEl primero dice: La Comisi\u00f3n de Interpretaci\u00f3n y Reglamento (en mayor\u00eda) aconseja enviar el mismo al Archivo.<br \/>\nEl segundo dice:<br \/>\nLa Comisi\u00f3n de Interpretaci\u00f3n y Reglamento (en minor\u00eda) aconseja dejar el mismo en Comisi\u00f3n hasta tanto se convoque a reuni\u00f3n a la Cooperativa de Transporte, a las firmas Cerealeras y a entidades con vinculaci\u00f3n directa con el transporte de camiones, para seguir aunando criterios en pos de una soluci\u00f3n definitiva a \u00a0la problem\u00e1tica.<br \/>\nSe aprueba por mayor\u00eda el segundo dictamen.<br \/>\n&nbsp;<br \/>\n<strong><span style=\"text-decoration: underline;\">Expte. <\/span><\/strong><strong><span style=\"text-decoration: underline;\">N\u00ba 6468\/12:<\/span><\/strong> \u201cBloques U.C.R. y UDESO \u2013 Proyecto de Ordenanza: Creaci\u00f3n del Banco Municipal de Tierras del Distrito de Tornquist\u201d.<br \/>\nEste Expediente se retira del Orden del d\u00eda.<br \/>\n&nbsp;<br \/>\n<strong><span style=\"text-decoration: underline;\">Expte. <\/span><\/strong><strong><span style=\"text-decoration: underline;\">N\u00ba 6523\/13:<\/span><\/strong> \u201cN.P. \u2013 Vecinos de la calle Pringles al 300 de la localidad de Sierra de la Ventana: Presentan problem\u00e1tica con el rellenado de la calle y conducci\u00f3n de las aguas pluviales\u201d.<br \/>\nSe aprueba por unanimidad el dictamen de la Comisi\u00f3n de Obras P\u00fablicas, que aconseja \u00a0enviar el mismo al \u00e1rea de Obras P\u00fablicas para darle tratamiento en forma conjunta al expediente N\u00ba 6506\/13, referido a una nota presentada por la vecina de Sierra de la Ventana Sra. Liliana de la Barrera, ya que ambos son originados por el planteo de la misma problem\u00e1tica.-<br \/>\n&nbsp;<br \/>\n<strong><span style=\"text-decoration: underline;\">Expte. <\/span><\/strong><strong><span style=\"text-decoration: underline;\">N\u00ba 6532\/13:<\/span><\/strong> \u201cN.P. \u2013 Foro de la Ni\u00f1ez del Partido de Tornquist: Plantea la posibilidad de incorporar a aquella agrupaciones o personas que realicen trabajo vinculado a los ni\u00f1os, ni\u00f1as o adolescentes, en la formaci\u00f3n del Consejo Local de Promoci\u00f3n y Protecci\u00f3n de Derechos de Ni\u00f1os, Ni\u00f1as y Adolescentes\u201d.<br \/>\nSe aprueba por unanimidad el dictamen de las Comisiones de Interpretaci\u00f3n y Reglamento, y Asuntos Municipales que aconseja convocar por Secretar\u00eda al Secretario de Acci\u00f3n Social con el fin de aunar criterios para incorporar a personas o agrupaciones que quieran formar parte del Consejo Local de Promoci\u00f3n y Protecci\u00f3n de los Derechos del Ni\u00f1o, Ni\u00f1a y Adolescente. Hasta tanto el expediente continuar\u00e1 en Comisi\u00f3n.<br \/>\n&nbsp;<br \/>\n<strong>E<span style=\"text-decoration: underline;\">xpte. N<\/span><\/strong><strong><span style=\"text-decoration: underline;\">\u00ba 6535\/13:<\/span><\/strong> \u201cBloque U.C.R. y UDESO \u2013 Minuta de Comunicaci\u00f3n: Solicita al D.E. que se coloquen \u00e1rboles en las veredas sobre las calles Santiago Amarante y Brown, correspondientes a las inmediaciones del Geri\u00e1trico y al Hospital Municipal\u201d.<br \/>\nSe aprueba por unanimidad el dictamen de las Comisiones de Producci\u00f3n, Comercio e Industria, y Obras P\u00fablicas que aconseja enviar el mismo al Departamento Ejecutivo para que por el \u00a0\u00e1rea que corresponda se eval\u00fae lo solicitado en la minuta de comunicaci\u00f3n.<br \/>\n&nbsp;<br \/>\nE<strong><span style=\"text-decoration: underline;\">xpte. N<\/span><\/strong><strong><span style=\"text-decoration: underline;\">\u00ba 6538\/13:<\/span><\/strong> \u201cN.P. \u2013 Coopersive Sierra de la  Ventana: Ref. Predio Subestaci\u00f3n Transformadora Sierra de la Ventana\u201d.<br \/>\nSe aprueba por unanimidad el dictamen de las Comisiones de\u00a0 Obras P\u00fablicas y Asuntos Municipales que aconseja convocar al Secretario de Gobierno y Hacienda Sr. Guillermo L\u00f6ffler para que informe a los ediles sobre lo planteado en la nota.<br \/>\n<strong> <\/strong><br \/>\n<strong><span style=\"text-decoration: underline;\">Proyectos Presentados<\/span><\/strong><br \/>\n<strong><span style=\"text-decoration: underline;\">Bloque Coalici\u00f3n C\u00edvica, UDESO, Uni\u00f3n Pro Y U.C.R. \u2013 Proyecto de Ordenanza:<\/span><\/strong><strong> <\/strong>Creaci\u00f3n en el \u00e1mbito de la Municipalidad de Tornquist, de un Centro de Monitoreo y Control Permanente de las c\u00e1maras de seguridad, que funcione fuera del \u00e1mbito de la Polic\u00eda Comunal. <strong> <\/strong><br \/>\nSe solicita formaci\u00f3n de expediente y pase a comisi\u00f3n.<strong> <\/strong><br \/>\n<strong> <\/strong><br \/>\n<strong><span style=\"text-decoration: underline;\">Asuntos Particulares<\/span><\/strong><br \/>\n<strong> <\/strong><br \/>\n<strong><span style=\"text-decoration: underline;\">N.P. Sra. Marcelo Stancanelli y vecinos de Villa Ventana:<\/span><\/strong> Env\u00edan copia del Acta de la Asamblea realizada el d\u00eda 16 de agosto donde tratan la problem\u00e1tica de ausencia de personal m\u00e9dico de manera permanente en la localidad. Se solicita una reuni\u00f3n con el Intendente y el Secretario de Seguridad para tratar adem\u00e1s el tema de los reiterados hurtos en la villa. <span style=\"text-decoration: underline;\">Firmado:<\/span> Por la Sra. Marcelo Stancanelli y asamblea de 49 vecinos de Villa Ventana.<br \/>\n<strong><span style=\"text-decoration: underline;\"> <\/span><\/strong><br \/>\nSe solicita formaci\u00f3n de Expediente, pase a Comisi\u00f3n, y se aprueba la moci\u00f3n de solicitar una reuni\u00f3n con el Intendente Municipal, Lic. Gustavo Trankels, con el Secretario de Seguridad Dr. Carlos Carriquiry y la Secretaria de Salud y Bromatolog\u00eda Sra. Mirta \u00c1vila.<br \/>\n&nbsp;<br \/>\nHacen uso de la palabra los Sres. Concejales:<br \/>\n&nbsp;<br \/>\nConcejal Mar\u00eda Ofelia Skolak:<br \/>\n\u201cCon respecto al proyecto que fue presentado en referencia la monitoreo de las c\u00e1maras, ser\u00eda interesante invitar al Secretario de Seguridad, porque sabemos que est\u00e1n trabajando y lo han dado a conocer con un plan integral que consta en poner en marcha el funcionamiento de c\u00e1maras en distintas localidades y est\u00e1n analizando la posibilidad de monitorear las c\u00e1maras de nuestra localidad m\u00e1s horas de lo que se realiza. Justamente, estar\u00eda buena la posibilidad de poder tener esa reuni\u00f3n porque sabemos que a la hora de realizar y de tomar esa decisi\u00f3n tenemos que tener en cuenta el tema de los recursos humanos, capacitaciones que hay que realizar para poder concretar ese objetivo tan necesario para nuestro distrito. Por eso pongo a consideraci\u00f3n del Cuerpo Deliberativo la posibilidad de invitar al Sr. Carriquiry para que nos informe qu\u00e9 es lo que est\u00e1n trabajando y c\u00f3mo lo est\u00e1n haciendo y acompa\u00f1ar desde el Concejo esto que est\u00e1 trabajando el Poder Ejecutivo\u201d.<br \/>\n&nbsp;<br \/>\nPresidente del Concejo, Concejal Sergio Bordoni:<br \/>\n\u201cYa que tenemos pedida una reuni\u00f3n con el Secretario de Seguridad, lo incorporar\u00edamos cuando nos den la reuni\u00f3n, que va a ser lo mismo pregunt\u00e1rselo a \u00e9l cuando venga por el tema de Villa. Si les parece bien lo pongo a consideraci\u00f3n del Cuerpo. Aprobado por unanimidad\u201d.<br \/>\n&nbsp;<br \/>\nHONORABLE CONCEJO DELIBERANTE<br \/>\n&nbsp;<br \/>\n&nbsp;<\/p>\n","protected":false},"excerpt":{"rendered":"<p>httpv:\/\/www.youtube.com\/watch?v=DlHVfpRTQ14 httpv:\/\/www.youtube.com\/watch?v=sTWCj8TVA_k httpv:\/\/www.youtube.com\/watch?v=DG1N5NE5Xw8 &nbsp; INFORME DE LA SESI\u00d3N ORDINARIA DE FECHA 16 DE AGOSTO &nbsp; Dict\u00e1menes de las Comisiones &nbsp; Expte. N\u00ba 6181\/09: \u201cA.R.I. \u2013 Proyecto de Ordenanza: Solicita modificaci\u00f3n Art. 3\u00ba Ordenanza N\u00ba 971\/94, ref. prohibici\u00f3n estacionamiento de camiones en la planta urbana de la ciudad de Tornquist\u201d. Este Expediente tiene dos dict\u00e1menes: El [&hellip;]<\/p>\n","protected":false},"author":1,"featured_media":0,"comment_status":"closed","ping_status":"open","sticky":false,"template":"","format":"standard","meta":{"footnotes":""},"categories":[51,52,53,64],"tags":[],"class_list":["post-13148","post","type-post","status-publish","format-standard","hentry","category-comunidad","category-destacadas","category-politica","category-videos-destacados"],"yoast_head":"<!-- This site is optimized with the Yoast SEO plugin v19.7.1 - https:\/\/yoast.com\/wordpress\/plugins\/seo\/ -->\n<title>HCD.: APRUEBAN LA CREACION DE UN CENTRO DE MONITOREO DE LAS CAMARAS DE SEGURIDAD (Fotos, videos y notas) - CELTTV<\/title>\n<meta name=\"description\" content=\"Sitio web de noticias de la localidad de Tornquist, provincia de Buenos Aires, Rep\u00fablica Argentina. Contenido propio originado por periodistas de CELTTV, el canal de TV local de la Cooperativa El\u00e9ctrica de Tornquist. Turismo, Pol\u00edtica, Sociedad, Deporte, Cultura y todo el contenido de inter\u00e9s general que la gente del pueblo y la regi\u00f3n debe conocer.\" \/>\n<meta name=\"robots\" content=\"index, follow, max-snippet:-1, max-image-preview:large, max-video-preview:-1\" \/>\n<link rel=\"canonical\" href=\"https:\/\/www.celttv.com.ar\/index.php\/2013\/08\/21\/hcd-aprueban-la-creacion-de-un-centro-de-monitoreo-de-las-camaras-de-seguridad-fotos-videos-y-notas\/\" \/>\n<meta property=\"og:locale\" content=\"es_ES\" \/>\n<meta property=\"og:type\" content=\"article\" \/>\n<meta property=\"og:title\" content=\"HCD.: APRUEBAN LA CREACION DE UN CENTRO DE MONITOREO DE LAS CAMARAS DE SEGURIDAD (Fotos, videos y notas) - CELTTV\" \/>\n<meta property=\"og:description\" content=\"Sitio web de noticias de la localidad de Tornquist, provincia de Buenos Aires, Rep\u00fablica Argentina. Contenido propio originado por periodistas de CELTTV, el canal de TV local de la Cooperativa El\u00e9ctrica de Tornquist. Turismo, Pol\u00edtica, Sociedad, Deporte, Cultura y todo el contenido de inter\u00e9s general que la gente del pueblo y la regi\u00f3n debe conocer.\" \/>\n<meta property=\"og:url\" content=\"https:\/\/www.celttv.com.ar\/index.php\/2013\/08\/21\/hcd-aprueban-la-creacion-de-un-centro-de-monitoreo-de-las-camaras-de-seguridad-fotos-videos-y-notas\/\" \/>\n<meta property=\"og:site_name\" content=\"CELTTV\" \/>\n<meta property=\"article:publisher\" content=\"https:\/\/www.facebook.com\/celtTV\/\" \/>\n<meta property=\"article:published_time\" content=\"2013-08-21T21:08:15+00:00\" \/>\n<meta property=\"og:image\" content=\"http:\/\/www.tvcnoticias.com.ar\/wp-content\/uploads\/2013\/08\/20-08-13-011arreg-Small.jpg\" \/>\n<meta name=\"author\" content=\"ulises\" \/>\n<meta name=\"twitter:card\" content=\"summary_large_image\" \/>\n<meta name=\"twitter:label1\" content=\"Escrito por\" \/>\n\t<meta name=\"twitter:data1\" content=\"ulises\" \/>\n\t<meta name=\"twitter:label2\" content=\"Tiempo de lectura\" \/>\n\t<meta name=\"twitter:data2\" content=\"5 minutos\" \/>\n<script type=\"application\/ld+json\" class=\"yoast-schema-graph\">{\"@context\":\"https:\/\/schema.org\",\"@graph\":[{\"@type\":\"NewsArticle\",\"@id\":\"https:\/\/www.celttv.com.ar\/index.php\/2013\/08\/21\/hcd-aprueban-la-creacion-de-un-centro-de-monitoreo-de-las-camaras-de-seguridad-fotos-videos-y-notas\/#article\",\"isPartOf\":{\"@id\":\"https:\/\/www.celttv.com.ar\/index.php\/2013\/08\/21\/hcd-aprueban-la-creacion-de-un-centro-de-monitoreo-de-las-camaras-de-seguridad-fotos-videos-y-notas\/\"},\"author\":{\"name\":\"ulises\",\"@id\":\"https:\/\/www.celttv.com.ar\/#\/schema\/person\/6d99c072dba59953809c81446e9d0ace\"},\"headline\":\"HCD.: APRUEBAN LA CREACION DE UN CENTRO DE MONITOREO DE LAS CAMARAS DE SEGURIDAD (Fotos, videos y notas)\",\"datePublished\":\"2013-08-21T21:08:15+00:00\",\"dateModified\":\"2013-08-21T21:08:15+00:00\",\"mainEntityOfPage\":{\"@id\":\"https:\/\/www.celttv.com.ar\/index.php\/2013\/08\/21\/hcd-aprueban-la-creacion-de-un-centro-de-monitoreo-de-las-camaras-de-seguridad-fotos-videos-y-notas\/\"},\"wordCount\":1049,\"publisher\":{\"@id\":\"https:\/\/www.celttv.com.ar\/#organization\"},\"articleSection\":[\"Comunidad\",\"Destacadas\",\"Pol\u00edtica\",\"Videos Destacados\"],\"inLanguage\":\"es\"},{\"@type\":\"WebPage\",\"@id\":\"https:\/\/www.celttv.com.ar\/index.php\/2013\/08\/21\/hcd-aprueban-la-creacion-de-un-centro-de-monitoreo-de-las-camaras-de-seguridad-fotos-videos-y-notas\/\",\"url\":\"https:\/\/www.celttv.com.ar\/index.php\/2013\/08\/21\/hcd-aprueban-la-creacion-de-un-centro-de-monitoreo-de-las-camaras-de-seguridad-fotos-videos-y-notas\/\",\"name\":\"HCD.: APRUEBAN LA CREACION DE UN CENTRO DE MONITOREO DE LAS CAMARAS DE SEGURIDAD (Fotos, videos y notas) - CELTTV\",\"isPartOf\":{\"@id\":\"https:\/\/www.celttv.com.ar\/#website\"},\"datePublished\":\"2013-08-21T21:08:15+00:00\",\"dateModified\":\"2013-08-21T21:08:15+00:00\",\"description\":\"Sitio web de noticias de la localidad de Tornquist, provincia de Buenos Aires, Rep\u00fablica Argentina. Contenido propio originado por periodistas de CELTTV, el canal de TV local de la Cooperativa El\u00e9ctrica de Tornquist. Turismo, Pol\u00edtica, Sociedad, Deporte, Cultura y todo el contenido de inter\u00e9s general que la gente del pueblo y la regi\u00f3n debe conocer.\",\"breadcrumb\":{\"@id\":\"https:\/\/www.celttv.com.ar\/index.php\/2013\/08\/21\/hcd-aprueban-la-creacion-de-un-centro-de-monitoreo-de-las-camaras-de-seguridad-fotos-videos-y-notas\/#breadcrumb\"},\"inLanguage\":\"es\",\"potentialAction\":[{\"@type\":\"ReadAction\",\"target\":[\"https:\/\/www.celttv.com.ar\/index.php\/2013\/08\/21\/hcd-aprueban-la-creacion-de-un-centro-de-monitoreo-de-las-camaras-de-seguridad-fotos-videos-y-notas\/\"]}]},{\"@type\":\"BreadcrumbList\",\"@id\":\"https:\/\/www.celttv.com.ar\/index.php\/2013\/08\/21\/hcd-aprueban-la-creacion-de-un-centro-de-monitoreo-de-las-camaras-de-seguridad-fotos-videos-y-notas\/#breadcrumb\",\"itemListElement\":[{\"@type\":\"ListItem\",\"position\":1,\"name\":\"Inicio\",\"item\":\"https:\/\/www.celttv.com.ar\/\"},{\"@type\":\"ListItem\",\"position\":2,\"name\":\"HCD.: APRUEBAN LA CREACION DE UN CENTRO DE MONITOREO DE LAS CAMARAS DE SEGURIDAD (Fotos, videos y notas)\"}]},{\"@type\":\"WebSite\",\"@id\":\"https:\/\/www.celttv.com.ar\/#website\",\"url\":\"https:\/\/www.celttv.com.ar\/\",\"name\":\"CELTTV\",\"description\":\"Cooperativa El\u00e9ctrica de Tornquist\",\"publisher\":{\"@id\":\"https:\/\/www.celttv.com.ar\/#organization\"},\"potentialAction\":[{\"@type\":\"SearchAction\",\"target\":{\"@type\":\"EntryPoint\",\"urlTemplate\":\"https:\/\/www.celttv.com.ar\/?s={search_term_string}\"},\"query-input\":\"required name=search_term_string\"}],\"inLanguage\":\"es\"},{\"@type\":\"Organization\",\"@id\":\"https:\/\/www.celttv.com.ar\/#organization\",\"name\":\"CELTTV\",\"url\":\"https:\/\/www.celttv.com.ar\/\",\"sameAs\":[\"https:\/\/www.youtube.com\/channel\/UCz_oIt8Hig64Ub-EmcNPIhg\",\"https:\/\/www.facebook.com\/celtTV\/\"],\"logo\":{\"@type\":\"ImageObject\",\"inLanguage\":\"es\",\"@id\":\"https:\/\/www.celttv.com.ar\/#\/schema\/logo\/image\/\",\"url\":\"http:\/\/www.celttv.com.ar\/wp-content\/uploads\/2022\/08\/logo-1.png\",\"contentUrl\":\"http:\/\/www.celttv.com.ar\/wp-content\/uploads\/2022\/08\/logo-1.png\",\"width\":461,\"height\":159,\"caption\":\"CELTTV\"},\"image\":{\"@id\":\"https:\/\/www.celttv.com.ar\/#\/schema\/logo\/image\/\"}},{\"@type\":\"Person\",\"@id\":\"https:\/\/www.celttv.com.ar\/#\/schema\/person\/6d99c072dba59953809c81446e9d0ace\",\"name\":\"ulises\",\"image\":{\"@type\":\"ImageObject\",\"inLanguage\":\"es\",\"@id\":\"https:\/\/www.celttv.com.ar\/#\/schema\/person\/image\/\",\"url\":\"https:\/\/secure.gravatar.com\/avatar\/7f2c48bdc33b30088f941fb6082e555f2874c98e20cb159d7b92b50eadfce793?s=96&d=mm&r=g\",\"contentUrl\":\"https:\/\/secure.gravatar.com\/avatar\/7f2c48bdc33b30088f941fb6082e555f2874c98e20cb159d7b92b50eadfce793?s=96&d=mm&r=g\",\"caption\":\"ulises\"},\"sameAs\":[\"http:\/\/www.celttv.com.ar\"]}]}<\/script>\n<!-- \/ Yoast SEO plugin. -->","yoast_head_json":{"title":"HCD.: APRUEBAN LA CREACION DE UN CENTRO DE MONITOREO DE LAS CAMARAS DE SEGURIDAD (Fotos, videos y notas) - CELTTV","description":"Sitio web de noticias de la localidad de Tornquist, provincia de Buenos Aires, Rep\u00fablica Argentina. Contenido propio originado por periodistas de CELTTV, el canal de TV local de la Cooperativa El\u00e9ctrica de Tornquist. Turismo, Pol\u00edtica, Sociedad, Deporte, Cultura y todo el contenido de inter\u00e9s general que la gente del pueblo y la regi\u00f3n debe conocer.","robots":{"index":"index","follow":"follow","max-snippet":"max-snippet:-1","max-image-preview":"max-image-preview:large","max-video-preview":"max-video-preview:-1"},"canonical":"https:\/\/www.celttv.com.ar\/index.php\/2013\/08\/21\/hcd-aprueban-la-creacion-de-un-centro-de-monitoreo-de-las-camaras-de-seguridad-fotos-videos-y-notas\/","og_locale":"es_ES","og_type":"article","og_title":"HCD.: APRUEBAN LA CREACION DE UN CENTRO DE MONITOREO DE LAS CAMARAS DE SEGURIDAD (Fotos, videos y notas) - CELTTV","og_description":"Sitio web de noticias de la localidad de Tornquist, provincia de Buenos Aires, Rep\u00fablica Argentina. Contenido propio originado por periodistas de CELTTV, el canal de TV local de la Cooperativa El\u00e9ctrica de Tornquist. Turismo, Pol\u00edtica, Sociedad, Deporte, Cultura y todo el contenido de inter\u00e9s general que la gente del pueblo y la regi\u00f3n debe conocer.","og_url":"https:\/\/www.celttv.com.ar\/index.php\/2013\/08\/21\/hcd-aprueban-la-creacion-de-un-centro-de-monitoreo-de-las-camaras-de-seguridad-fotos-videos-y-notas\/","og_site_name":"CELTTV","article_publisher":"https:\/\/www.facebook.com\/celtTV\/","article_published_time":"2013-08-21T21:08:15+00:00","og_image":[{"url":"http:\/\/www.tvcnoticias.com.ar\/wp-content\/uploads\/2013\/08\/20-08-13-011arreg-Small.jpg"}],"author":"ulises","twitter_card":"summary_large_image","twitter_misc":{"Escrito por":"ulises","Tiempo de lectura":"5 minutos"},"schema":{"@context":"https:\/\/schema.org","@graph":[{"@type":"NewsArticle","@id":"https:\/\/www.celttv.com.ar\/index.php\/2013\/08\/21\/hcd-aprueban-la-creacion-de-un-centro-de-monitoreo-de-las-camaras-de-seguridad-fotos-videos-y-notas\/#article","isPartOf":{"@id":"https:\/\/www.celttv.com.ar\/index.php\/2013\/08\/21\/hcd-aprueban-la-creacion-de-un-centro-de-monitoreo-de-las-camaras-de-seguridad-fotos-videos-y-notas\/"},"author":{"name":"ulises","@id":"https:\/\/www.celttv.com.ar\/#\/schema\/person\/6d99c072dba59953809c81446e9d0ace"},"headline":"HCD.: APRUEBAN LA CREACION DE UN CENTRO DE MONITOREO DE LAS CAMARAS DE SEGURIDAD (Fotos, videos y notas)","datePublished":"2013-08-21T21:08:15+00:00","dateModified":"2013-08-21T21:08:15+00:00","mainEntityOfPage":{"@id":"https:\/\/www.celttv.com.ar\/index.php\/2013\/08\/21\/hcd-aprueban-la-creacion-de-un-centro-de-monitoreo-de-las-camaras-de-seguridad-fotos-videos-y-notas\/"},"wordCount":1049,"publisher":{"@id":"https:\/\/www.celttv.com.ar\/#organization"},"articleSection":["Comunidad","Destacadas","Pol\u00edtica","Videos Destacados"],"inLanguage":"es"},{"@type":"WebPage","@id":"https:\/\/www.celttv.com.ar\/index.php\/2013\/08\/21\/hcd-aprueban-la-creacion-de-un-centro-de-monitoreo-de-las-camaras-de-seguridad-fotos-videos-y-notas\/","url":"https:\/\/www.celttv.com.ar\/index.php\/2013\/08\/21\/hcd-aprueban-la-creacion-de-un-centro-de-monitoreo-de-las-camaras-de-seguridad-fotos-videos-y-notas\/","name":"HCD.: APRUEBAN LA CREACION DE UN CENTRO DE MONITOREO DE LAS CAMARAS DE SEGURIDAD (Fotos, videos y notas) - CELTTV","isPartOf":{"@id":"https:\/\/www.celttv.com.ar\/#website"},"datePublished":"2013-08-21T21:08:15+00:00","dateModified":"2013-08-21T21:08:15+00:00","description":"Sitio web de noticias de la localidad de Tornquist, provincia de Buenos Aires, Rep\u00fablica Argentina. Contenido propio originado por periodistas de CELTTV, el canal de TV local de la Cooperativa El\u00e9ctrica de Tornquist. Turismo, Pol\u00edtica, Sociedad, Deporte, Cultura y todo el contenido de inter\u00e9s general que la gente del pueblo y la regi\u00f3n debe conocer.","breadcrumb":{"@id":"https:\/\/www.celttv.com.ar\/index.php\/2013\/08\/21\/hcd-aprueban-la-creacion-de-un-centro-de-monitoreo-de-las-camaras-de-seguridad-fotos-videos-y-notas\/#breadcrumb"},"inLanguage":"es","potentialAction":[{"@type":"ReadAction","target":["https:\/\/www.celttv.com.ar\/index.php\/2013\/08\/21\/hcd-aprueban-la-creacion-de-un-centro-de-monitoreo-de-las-camaras-de-seguridad-fotos-videos-y-notas\/"]}]},{"@type":"BreadcrumbList","@id":"https:\/\/www.celttv.com.ar\/index.php\/2013\/08\/21\/hcd-aprueban-la-creacion-de-un-centro-de-monitoreo-de-las-camaras-de-seguridad-fotos-videos-y-notas\/#breadcrumb","itemListElement":[{"@type":"ListItem","position":1,"name":"Inicio","item":"https:\/\/www.celttv.com.ar\/"},{"@type":"ListItem","position":2,"name":"HCD.: APRUEBAN LA CREACION DE UN CENTRO DE MONITOREO DE LAS CAMARAS DE SEGURIDAD (Fotos, videos y notas)"}]},{"@type":"WebSite","@id":"https:\/\/www.celttv.com.ar\/#website","url":"https:\/\/www.celttv.com.ar\/","name":"CELTTV","description":"Cooperativa El\u00e9ctrica de Tornquist","publisher":{"@id":"https:\/\/www.celttv.com.ar\/#organization"},"potentialAction":[{"@type":"SearchAction","target":{"@type":"EntryPoint","urlTemplate":"https:\/\/www.celttv.com.ar\/?s={search_term_string}"},"query-input":"required name=search_term_string"}],"inLanguage":"es"},{"@type":"Organization","@id":"https:\/\/www.celttv.com.ar\/#organization","name":"CELTTV","url":"https:\/\/www.celttv.com.ar\/","sameAs":["https:\/\/www.youtube.com\/channel\/UCz_oIt8Hig64Ub-EmcNPIhg","https:\/\/www.facebook.com\/celtTV\/"],"logo":{"@type":"ImageObject","inLanguage":"es","@id":"https:\/\/www.celttv.com.ar\/#\/schema\/logo\/image\/","url":"http:\/\/www.celttv.com.ar\/wp-content\/uploads\/2022\/08\/logo-1.png","contentUrl":"http:\/\/www.celttv.com.ar\/wp-content\/uploads\/2022\/08\/logo-1.png","width":461,"height":159,"caption":"CELTTV"},"image":{"@id":"https:\/\/www.celttv.com.ar\/#\/schema\/logo\/image\/"}},{"@type":"Person","@id":"https:\/\/www.celttv.com.ar\/#\/schema\/person\/6d99c072dba59953809c81446e9d0ace","name":"ulises","image":{"@type":"ImageObject","inLanguage":"es","@id":"https:\/\/www.celttv.com.ar\/#\/schema\/person\/image\/","url":"https:\/\/secure.gravatar.com\/avatar\/7f2c48bdc33b30088f941fb6082e555f2874c98e20cb159d7b92b50eadfce793?s=96&d=mm&r=g","contentUrl":"https:\/\/secure.gravatar.com\/avatar\/7f2c48bdc33b30088f941fb6082e555f2874c98e20cb159d7b92b50eadfce793?s=96&d=mm&r=g","caption":"ulises"},"sameAs":["http:\/\/www.celttv.com.ar"]}]}},"_links":{"self":[{"href":"https:\/\/www.celttv.com.ar\/index.php\/wp-json\/wp\/v2\/posts\/13148","targetHints":{"allow":["GET"]}}],"collection":[{"href":"https:\/\/www.celttv.com.ar\/index.php\/wp-json\/wp\/v2\/posts"}],"about":[{"href":"https:\/\/www.celttv.com.ar\/index.php\/wp-json\/wp\/v2\/types\/post"}],"author":[{"embeddable":true,"href":"https:\/\/www.celttv.com.ar\/index.php\/wp-json\/wp\/v2\/users\/1"}],"replies":[{"embeddable":true,"href":"https:\/\/www.celttv.com.ar\/index.php\/wp-json\/wp\/v2\/comments?post=13148"}],"version-history":[{"count":0,"href":"https:\/\/www.celttv.com.ar\/index.php\/wp-json\/wp\/v2\/posts\/13148\/revisions"}],"wp:attachment":[{"href":"https:\/\/www.celttv.com.ar\/index.php\/wp-json\/wp\/v2\/media?parent=13148"}],"wp:term":[{"taxonomy":"category","embeddable":true,"href":"https:\/\/www.celttv.com.ar\/index.php\/wp-json\/wp\/v2\/categories?post=13148"},{"taxonomy":"post_tag","embeddable":true,"href":"https:\/\/www.celttv.com.ar\/index.php\/wp-json\/wp\/v2\/tags?post=13148"}],"curies":[{"name":"wp","href":"https:\/\/api.w.org\/{rel}","templated":true}]}}