{"id":13235,"date":"2013-08-23T15:15:23","date_gmt":"2013-08-23T15:15:23","guid":{"rendered":"http:\/\/www.tvcnoticias.com.ar\/?p=13235"},"modified":"2013-08-23T15:15:23","modified_gmt":"2013-08-23T15:15:23","slug":"manu-oberto-hara-realidad-su-sueno-de-viajar-a-europa-fotos-y-proximamente-videoentrevista","status":"publish","type":"post","link":"https:\/\/www.celttv.com.ar\/index.php\/2013\/08\/23\/manu-oberto-hara-realidad-su-sueno-de-viajar-a-europa-fotos-y-proximamente-videoentrevista\/","title":{"rendered":"&#8220;MANU&#8221; OBERTO HARA REALIDAD SU SUE\u00d1O DE VIAJAR A EUROPA (Fotos y pr\u00f3ximamente videoentrevista)"},"content":{"rendered":"<p><br \/>\n<a href=\"http:\/\/www.youtube.com\/watch?v=MnSxSU0xug8\"><a href=\"http:\/\/www.youtube.com\/watch?v=MnSxSU0xug8\">httpv:\/\/www.youtube.com\/watch?v=MnSxSU0xug8<\/a><\/a><br \/>\n<a href=\"http:\/\/www.youtube.com\/watch?v=Z2_P53zrWAA\"><a href=\"http:\/\/www.youtube.com\/watch?v=Z2_P53zrWAA\">httpv:\/\/www.youtube.com\/watch?v=Z2_P53zrWAA<\/a><\/a><br \/>\nLondres, Mosc\u00fa y varios lugares mas de Europa ser\u00e1n visitados por el tornquistense Manuel Oberto quien acept\u00f3 participar del desafio Halls y quedar seleccionado, previo presentar una foto que deb\u00eda mostrar \u201cLa mejor valija\u201d y resultar votado entre los cuatro que merec\u00edan viajar&#8230;Y el desaf\u00edo fue de todos&#8230; familiares, amigos, conocidos, conocidos de los amigos, amigos de los amigos de los conocidos, etc. etc&#8230; Muchos de Tornquist, Bah\u00eda Blanca, distintas provincias y hasta de varios pa\u00edses, sumaron su voto en la red social para que \u201cManu\u201d Haga realidad su sue\u00f1o&#8230; y \u201cManu\u201d viaja a Mosc\u00fa&#8230; Felicitaciones para Manu y todos los que acompa\u00f1aron con su voto..<\/p>\n","protected":false},"excerpt":{"rendered":"<p>httpv:\/\/www.youtube.com\/watch?v=MnSxSU0xug8 httpv:\/\/www.youtube.com\/watch?v=Z2_P53zrWAA Londres, Mosc\u00fa y varios lugares mas de Europa ser\u00e1n visitados por el tornquistense Manuel Oberto quien acept\u00f3 participar del desafio Halls y quedar seleccionado, previo presentar una foto que deb\u00eda mostrar \u201cLa mejor valija\u201d y resultar votado entre los cuatro que merec\u00edan viajar&#8230;Y el desaf\u00edo fue de todos&#8230; familiares, amigos, conocidos, conocidos de [&hellip;]<\/p>\n","protected":false},"author":1,"featured_media":0,"comment_status":"closed","ping_status":"open","sticky":false,"template":"","format":"standard","meta":{"footnotes":""},"categories":[51,52],"tags":[],"class_list":["post-13235","post","type-post","status-publish","format-standard","hentry","category-comunidad","category-destacadas"],"yoast_head":"<!-- This site is optimized with the Yoast SEO plugin v19.7.1 - https:\/\/yoast.com\/wordpress\/plugins\/seo\/ -->\n<title>&quot;MANU&quot; OBERTO HARA REALIDAD SU SUE\u00d1O DE VIAJAR A EUROPA (Fotos y pr\u00f3ximamente videoentrevista) - CELTTV<\/title>\n<meta name=\"description\" content=\"Sitio web de noticias de la localidad de Tornquist, provincia de Buenos Aires, Rep\u00fablica Argentina. Contenido propio originado por periodistas de CELTTV, el canal de TV local de la Cooperativa El\u00e9ctrica de Tornquist. Turismo, Pol\u00edtica, Sociedad, Deporte, Cultura y todo el contenido de inter\u00e9s general que la gente del pueblo y la regi\u00f3n debe conocer.\" \/>\n<meta name=\"robots\" content=\"index, follow, max-snippet:-1, max-image-preview:large, max-video-preview:-1\" \/>\n<link rel=\"canonical\" href=\"https:\/\/www.celttv.com.ar\/index.php\/2013\/08\/23\/manu-oberto-hara-realidad-su-sueno-de-viajar-a-europa-fotos-y-proximamente-videoentrevista\/\" \/>\n<meta property=\"og:locale\" content=\"es_ES\" \/>\n<meta property=\"og:type\" content=\"article\" \/>\n<meta property=\"og:title\" content=\"&quot;MANU&quot; OBERTO HARA REALIDAD SU SUE\u00d1O DE VIAJAR A EUROPA (Fotos y pr\u00f3ximamente videoentrevista) - CELTTV\" \/>\n<meta property=\"og:description\" content=\"Sitio web de noticias de la localidad de Tornquist, provincia de Buenos Aires, Rep\u00fablica Argentina. Contenido propio originado por periodistas de CELTTV, el canal de TV local de la Cooperativa El\u00e9ctrica de Tornquist. Turismo, Pol\u00edtica, Sociedad, Deporte, Cultura y todo el contenido de inter\u00e9s general que la gente del pueblo y la regi\u00f3n debe conocer.\" \/>\n<meta property=\"og:url\" content=\"https:\/\/www.celttv.com.ar\/index.php\/2013\/08\/23\/manu-oberto-hara-realidad-su-sueno-de-viajar-a-europa-fotos-y-proximamente-videoentrevista\/\" \/>\n<meta property=\"og:site_name\" content=\"CELTTV\" \/>\n<meta property=\"article:publisher\" content=\"https:\/\/www.facebook.com\/celtTV\/\" \/>\n<meta property=\"article:published_time\" content=\"2013-08-23T15:15:23+00:00\" \/>\n<meta name=\"author\" content=\"ulises\" \/>\n<meta name=\"twitter:card\" content=\"summary_large_image\" \/>\n<meta name=\"twitter:label1\" content=\"Escrito por\" \/>\n\t<meta name=\"twitter:data1\" content=\"ulises\" \/>\n\t<meta name=\"twitter:label2\" content=\"Tiempo de lectura\" \/>\n\t<meta name=\"twitter:data2\" content=\"1 minuto\" \/>\n<script type=\"application\/ld+json\" class=\"yoast-schema-graph\">{\"@context\":\"https:\/\/schema.org\",\"@graph\":[{\"@type\":\"NewsArticle\",\"@id\":\"https:\/\/www.celttv.com.ar\/index.php\/2013\/08\/23\/manu-oberto-hara-realidad-su-sueno-de-viajar-a-europa-fotos-y-proximamente-videoentrevista\/#article\",\"isPartOf\":{\"@id\":\"https:\/\/www.celttv.com.ar\/index.php\/2013\/08\/23\/manu-oberto-hara-realidad-su-sueno-de-viajar-a-europa-fotos-y-proximamente-videoentrevista\/\"},\"author\":{\"name\":\"ulises\",\"@id\":\"https:\/\/www.celttv.com.ar\/#\/schema\/person\/6d99c072dba59953809c81446e9d0ace\"},\"headline\":\"&#8220;MANU&#8221; OBERTO HARA REALIDAD SU SUE\u00d1O DE VIAJAR A EUROPA (Fotos y pr\u00f3ximamente videoentrevista)\",\"datePublished\":\"2013-08-23T15:15:23+00:00\",\"dateModified\":\"2013-08-23T15:15:23+00:00\",\"mainEntityOfPage\":{\"@id\":\"https:\/\/www.celttv.com.ar\/index.php\/2013\/08\/23\/manu-oberto-hara-realidad-su-sueno-de-viajar-a-europa-fotos-y-proximamente-videoentrevista\/\"},\"wordCount\":152,\"publisher\":{\"@id\":\"https:\/\/www.celttv.com.ar\/#organization\"},\"articleSection\":[\"Comunidad\",\"Destacadas\"],\"inLanguage\":\"es\"},{\"@type\":\"WebPage\",\"@id\":\"https:\/\/www.celttv.com.ar\/index.php\/2013\/08\/23\/manu-oberto-hara-realidad-su-sueno-de-viajar-a-europa-fotos-y-proximamente-videoentrevista\/\",\"url\":\"https:\/\/www.celttv.com.ar\/index.php\/2013\/08\/23\/manu-oberto-hara-realidad-su-sueno-de-viajar-a-europa-fotos-y-proximamente-videoentrevista\/\",\"name\":\"\\\"MANU\\\" OBERTO HARA REALIDAD SU SUE\u00d1O DE VIAJAR A EUROPA (Fotos y pr\u00f3ximamente videoentrevista) - CELTTV\",\"isPartOf\":{\"@id\":\"https:\/\/www.celttv.com.ar\/#website\"},\"datePublished\":\"2013-08-23T15:15:23+00:00\",\"dateModified\":\"2013-08-23T15:15:23+00:00\",\"description\":\"Sitio web de noticias de la localidad de Tornquist, provincia de Buenos Aires, Rep\u00fablica Argentina. Contenido propio originado por periodistas de CELTTV, el canal de TV local de la Cooperativa El\u00e9ctrica de Tornquist. Turismo, Pol\u00edtica, Sociedad, Deporte, Cultura y todo el contenido de inter\u00e9s general que la gente del pueblo y la regi\u00f3n debe conocer.\",\"breadcrumb\":{\"@id\":\"https:\/\/www.celttv.com.ar\/index.php\/2013\/08\/23\/manu-oberto-hara-realidad-su-sueno-de-viajar-a-europa-fotos-y-proximamente-videoentrevista\/#breadcrumb\"},\"inLanguage\":\"es\",\"potentialAction\":[{\"@type\":\"ReadAction\",\"target\":[\"https:\/\/www.celttv.com.ar\/index.php\/2013\/08\/23\/manu-oberto-hara-realidad-su-sueno-de-viajar-a-europa-fotos-y-proximamente-videoentrevista\/\"]}]},{\"@type\":\"BreadcrumbList\",\"@id\":\"https:\/\/www.celttv.com.ar\/index.php\/2013\/08\/23\/manu-oberto-hara-realidad-su-sueno-de-viajar-a-europa-fotos-y-proximamente-videoentrevista\/#breadcrumb\",\"itemListElement\":[{\"@type\":\"ListItem\",\"position\":1,\"name\":\"Inicio\",\"item\":\"https:\/\/www.celttv.com.ar\/\"},{\"@type\":\"ListItem\",\"position\":2,\"name\":\"&#8220;MANU&#8221; OBERTO HARA REALIDAD SU SUE\u00d1O DE VIAJAR A EUROPA (Fotos y pr\u00f3ximamente videoentrevista)\"}]},{\"@type\":\"WebSite\",\"@id\":\"https:\/\/www.celttv.com.ar\/#website\",\"url\":\"https:\/\/www.celttv.com.ar\/\",\"name\":\"CELTTV\",\"description\":\"Cooperativa El\u00e9ctrica de Tornquist\",\"publisher\":{\"@id\":\"https:\/\/www.celttv.com.ar\/#organization\"},\"potentialAction\":[{\"@type\":\"SearchAction\",\"target\":{\"@type\":\"EntryPoint\",\"urlTemplate\":\"https:\/\/www.celttv.com.ar\/?s={search_term_string}\"},\"query-input\":\"required name=search_term_string\"}],\"inLanguage\":\"es\"},{\"@type\":\"Organization\",\"@id\":\"https:\/\/www.celttv.com.ar\/#organization\",\"name\":\"CELTTV\",\"url\":\"https:\/\/www.celttv.com.ar\/\",\"sameAs\":[\"https:\/\/www.youtube.com\/channel\/UCz_oIt8Hig64Ub-EmcNPIhg\",\"https:\/\/www.facebook.com\/celtTV\/\"],\"logo\":{\"@type\":\"ImageObject\",\"inLanguage\":\"es\",\"@id\":\"https:\/\/www.celttv.com.ar\/#\/schema\/logo\/image\/\",\"url\":\"http:\/\/www.celttv.com.ar\/wp-content\/uploads\/2022\/08\/logo-1.png\",\"contentUrl\":\"http:\/\/www.celttv.com.ar\/wp-content\/uploads\/2022\/08\/logo-1.png\",\"width\":461,\"height\":159,\"caption\":\"CELTTV\"},\"image\":{\"@id\":\"https:\/\/www.celttv.com.ar\/#\/schema\/logo\/image\/\"}},{\"@type\":\"Person\",\"@id\":\"https:\/\/www.celttv.com.ar\/#\/schema\/person\/6d99c072dba59953809c81446e9d0ace\",\"name\":\"ulises\",\"image\":{\"@type\":\"ImageObject\",\"inLanguage\":\"es\",\"@id\":\"https:\/\/www.celttv.com.ar\/#\/schema\/person\/image\/\",\"url\":\"https:\/\/secure.gravatar.com\/avatar\/7f2c48bdc33b30088f941fb6082e555f2874c98e20cb159d7b92b50eadfce793?s=96&d=mm&r=g\",\"contentUrl\":\"https:\/\/secure.gravatar.com\/avatar\/7f2c48bdc33b30088f941fb6082e555f2874c98e20cb159d7b92b50eadfce793?s=96&d=mm&r=g\",\"caption\":\"ulises\"},\"sameAs\":[\"http:\/\/www.celttv.com.ar\"]}]}<\/script>\n<!-- \/ Yoast SEO plugin. -->","yoast_head_json":{"title":"\"MANU\" OBERTO HARA REALIDAD SU SUE\u00d1O DE VIAJAR A EUROPA (Fotos y pr\u00f3ximamente videoentrevista) - CELTTV","description":"Sitio web de noticias de la localidad de Tornquist, provincia de Buenos Aires, Rep\u00fablica Argentina. Contenido propio originado por periodistas de CELTTV, el canal de TV local de la Cooperativa El\u00e9ctrica de Tornquist. Turismo, Pol\u00edtica, Sociedad, Deporte, Cultura y todo el contenido de inter\u00e9s general que la gente del pueblo y la regi\u00f3n debe conocer.","robots":{"index":"index","follow":"follow","max-snippet":"max-snippet:-1","max-image-preview":"max-image-preview:large","max-video-preview":"max-video-preview:-1"},"canonical":"https:\/\/www.celttv.com.ar\/index.php\/2013\/08\/23\/manu-oberto-hara-realidad-su-sueno-de-viajar-a-europa-fotos-y-proximamente-videoentrevista\/","og_locale":"es_ES","og_type":"article","og_title":"\"MANU\" OBERTO HARA REALIDAD SU SUE\u00d1O DE VIAJAR A EUROPA (Fotos y pr\u00f3ximamente videoentrevista) - CELTTV","og_description":"Sitio web de noticias de la localidad de Tornquist, provincia de Buenos Aires, Rep\u00fablica Argentina. Contenido propio originado por periodistas de CELTTV, el canal de TV local de la Cooperativa El\u00e9ctrica de Tornquist. Turismo, Pol\u00edtica, Sociedad, Deporte, Cultura y todo el contenido de inter\u00e9s general que la gente del pueblo y la regi\u00f3n debe conocer.","og_url":"https:\/\/www.celttv.com.ar\/index.php\/2013\/08\/23\/manu-oberto-hara-realidad-su-sueno-de-viajar-a-europa-fotos-y-proximamente-videoentrevista\/","og_site_name":"CELTTV","article_publisher":"https:\/\/www.facebook.com\/celtTV\/","article_published_time":"2013-08-23T15:15:23+00:00","author":"ulises","twitter_card":"summary_large_image","twitter_misc":{"Escrito por":"ulises","Tiempo de lectura":"1 minuto"},"schema":{"@context":"https:\/\/schema.org","@graph":[{"@type":"NewsArticle","@id":"https:\/\/www.celttv.com.ar\/index.php\/2013\/08\/23\/manu-oberto-hara-realidad-su-sueno-de-viajar-a-europa-fotos-y-proximamente-videoentrevista\/#article","isPartOf":{"@id":"https:\/\/www.celttv.com.ar\/index.php\/2013\/08\/23\/manu-oberto-hara-realidad-su-sueno-de-viajar-a-europa-fotos-y-proximamente-videoentrevista\/"},"author":{"name":"ulises","@id":"https:\/\/www.celttv.com.ar\/#\/schema\/person\/6d99c072dba59953809c81446e9d0ace"},"headline":"&#8220;MANU&#8221; OBERTO HARA REALIDAD SU SUE\u00d1O DE VIAJAR A EUROPA (Fotos y pr\u00f3ximamente videoentrevista)","datePublished":"2013-08-23T15:15:23+00:00","dateModified":"2013-08-23T15:15:23+00:00","mainEntityOfPage":{"@id":"https:\/\/www.celttv.com.ar\/index.php\/2013\/08\/23\/manu-oberto-hara-realidad-su-sueno-de-viajar-a-europa-fotos-y-proximamente-videoentrevista\/"},"wordCount":152,"publisher":{"@id":"https:\/\/www.celttv.com.ar\/#organization"},"articleSection":["Comunidad","Destacadas"],"inLanguage":"es"},{"@type":"WebPage","@id":"https:\/\/www.celttv.com.ar\/index.php\/2013\/08\/23\/manu-oberto-hara-realidad-su-sueno-de-viajar-a-europa-fotos-y-proximamente-videoentrevista\/","url":"https:\/\/www.celttv.com.ar\/index.php\/2013\/08\/23\/manu-oberto-hara-realidad-su-sueno-de-viajar-a-europa-fotos-y-proximamente-videoentrevista\/","name":"\"MANU\" OBERTO HARA REALIDAD SU SUE\u00d1O DE VIAJAR A EUROPA (Fotos y pr\u00f3ximamente videoentrevista) - CELTTV","isPartOf":{"@id":"https:\/\/www.celttv.com.ar\/#website"},"datePublished":"2013-08-23T15:15:23+00:00","dateModified":"2013-08-23T15:15:23+00:00","description":"Sitio web de noticias de la localidad de Tornquist, provincia de Buenos Aires, Rep\u00fablica Argentina. Contenido propio originado por periodistas de CELTTV, el canal de TV local de la Cooperativa El\u00e9ctrica de Tornquist. Turismo, Pol\u00edtica, Sociedad, Deporte, Cultura y todo el contenido de inter\u00e9s general que la gente del pueblo y la regi\u00f3n debe conocer.","breadcrumb":{"@id":"https:\/\/www.celttv.com.ar\/index.php\/2013\/08\/23\/manu-oberto-hara-realidad-su-sueno-de-viajar-a-europa-fotos-y-proximamente-videoentrevista\/#breadcrumb"},"inLanguage":"es","potentialAction":[{"@type":"ReadAction","target":["https:\/\/www.celttv.com.ar\/index.php\/2013\/08\/23\/manu-oberto-hara-realidad-su-sueno-de-viajar-a-europa-fotos-y-proximamente-videoentrevista\/"]}]},{"@type":"BreadcrumbList","@id":"https:\/\/www.celttv.com.ar\/index.php\/2013\/08\/23\/manu-oberto-hara-realidad-su-sueno-de-viajar-a-europa-fotos-y-proximamente-videoentrevista\/#breadcrumb","itemListElement":[{"@type":"ListItem","position":1,"name":"Inicio","item":"https:\/\/www.celttv.com.ar\/"},{"@type":"ListItem","position":2,"name":"&#8220;MANU&#8221; OBERTO HARA REALIDAD SU SUE\u00d1O DE VIAJAR A EUROPA (Fotos y pr\u00f3ximamente videoentrevista)"}]},{"@type":"WebSite","@id":"https:\/\/www.celttv.com.ar\/#website","url":"https:\/\/www.celttv.com.ar\/","name":"CELTTV","description":"Cooperativa El\u00e9ctrica de Tornquist","publisher":{"@id":"https:\/\/www.celttv.com.ar\/#organization"},"potentialAction":[{"@type":"SearchAction","target":{"@type":"EntryPoint","urlTemplate":"https:\/\/www.celttv.com.ar\/?s={search_term_string}"},"query-input":"required name=search_term_string"}],"inLanguage":"es"},{"@type":"Organization","@id":"https:\/\/www.celttv.com.ar\/#organization","name":"CELTTV","url":"https:\/\/www.celttv.com.ar\/","sameAs":["https:\/\/www.youtube.com\/channel\/UCz_oIt8Hig64Ub-EmcNPIhg","https:\/\/www.facebook.com\/celtTV\/"],"logo":{"@type":"ImageObject","inLanguage":"es","@id":"https:\/\/www.celttv.com.ar\/#\/schema\/logo\/image\/","url":"http:\/\/www.celttv.com.ar\/wp-content\/uploads\/2022\/08\/logo-1.png","contentUrl":"http:\/\/www.celttv.com.ar\/wp-content\/uploads\/2022\/08\/logo-1.png","width":461,"height":159,"caption":"CELTTV"},"image":{"@id":"https:\/\/www.celttv.com.ar\/#\/schema\/logo\/image\/"}},{"@type":"Person","@id":"https:\/\/www.celttv.com.ar\/#\/schema\/person\/6d99c072dba59953809c81446e9d0ace","name":"ulises","image":{"@type":"ImageObject","inLanguage":"es","@id":"https:\/\/www.celttv.com.ar\/#\/schema\/person\/image\/","url":"https:\/\/secure.gravatar.com\/avatar\/7f2c48bdc33b30088f941fb6082e555f2874c98e20cb159d7b92b50eadfce793?s=96&d=mm&r=g","contentUrl":"https:\/\/secure.gravatar.com\/avatar\/7f2c48bdc33b30088f941fb6082e555f2874c98e20cb159d7b92b50eadfce793?s=96&d=mm&r=g","caption":"ulises"},"sameAs":["http:\/\/www.celttv.com.ar"]}]}},"_links":{"self":[{"href":"https:\/\/www.celttv.com.ar\/index.php\/wp-json\/wp\/v2\/posts\/13235","targetHints":{"allow":["GET"]}}],"collection":[{"href":"https:\/\/www.celttv.com.ar\/index.php\/wp-json\/wp\/v2\/posts"}],"about":[{"href":"https:\/\/www.celttv.com.ar\/index.php\/wp-json\/wp\/v2\/types\/post"}],"author":[{"embeddable":true,"href":"https:\/\/www.celttv.com.ar\/index.php\/wp-json\/wp\/v2\/users\/1"}],"replies":[{"embeddable":true,"href":"https:\/\/www.celttv.com.ar\/index.php\/wp-json\/wp\/v2\/comments?post=13235"}],"version-history":[{"count":0,"href":"https:\/\/www.celttv.com.ar\/index.php\/wp-json\/wp\/v2\/posts\/13235\/revisions"}],"wp:attachment":[{"href":"https:\/\/www.celttv.com.ar\/index.php\/wp-json\/wp\/v2\/media?parent=13235"}],"wp:term":[{"taxonomy":"category","embeddable":true,"href":"https:\/\/www.celttv.com.ar\/index.php\/wp-json\/wp\/v2\/categories?post=13235"},{"taxonomy":"post_tag","embeddable":true,"href":"https:\/\/www.celttv.com.ar\/index.php\/wp-json\/wp\/v2\/tags?post=13235"}],"curies":[{"name":"wp","href":"https:\/\/api.w.org\/{rel}","templated":true}]}}