{"id":13240,"date":"2013-08-23T15:25:10","date_gmt":"2013-08-23T15:25:10","guid":{"rendered":"http:\/\/www.tvcnoticias.com.ar\/?p=13240"},"modified":"2013-08-23T15:25:10","modified_gmt":"2013-08-23T15:25:10","slug":"xavier-inchausti-se-presentara-manana-gratis-en-tornquist","status":"publish","type":"post","link":"https:\/\/www.celttv.com.ar\/index.php\/2013\/08\/23\/xavier-inchausti-se-presentara-manana-gratis-en-tornquist\/","title":{"rendered":"XAVIER INCHAUSTI SE PRESENTARA MA\u00d1ANA GRATIS EN TORNQUIST"},"content":{"rendered":"<p><a rel=\"attachment wp-att-13241\" href=\"http:\/\/www.tvcnoticias.com.ar\/?attachment_id=13241\"><img loading=\"lazy\" decoding=\"async\" class=\"aligncenter size-full wp-image-13241\" title=\"1425 - AFICHE inchausti (Small)\" src=\"http:\/\/www.tvcnoticias.com.ar\/wp-content\/uploads\/2013\/08\/1425-AFICHE-inchausti-Small1.jpg\" alt=\"\" width=\"323\" height=\"480\" \/><\/a>En un a\u00f1o plagado de presentaciones y espect\u00e1culos de primer nivel, el Teatro Municipal \u201cRodolfo Funke\u201d recibir\u00e1 ma\u00f1ana a un artista de renombre internacional: el violinista bahiense Xavier Inchausti, de dilatada y reconocida trayectoria, se presentar\u00e1 ma\u00f1ana s\u00e1bado 24 en el principal escenario de nuestro distrito, <strong>con entrada libre y gratuita<\/strong>.<br \/>\nEsta presentaci\u00f3n, de enorme jerarqu\u00eda y excelencia, est\u00e1 prevista para las 21 horas. Durante la misma, Inchausti ejecutar\u00e1 un repertorio de primer nivel, que entre otros aspectos incluir\u00e1 los caprichos N\u00b0 1, 5, 11 y 24 de Niccol\u00f3 Paganini.<br \/>\n<strong> <\/strong><br \/>\n<strong>La trayectoria de Xavier<\/strong><br \/>\n&#8211;\u00a0\u00a0\u00a0\u00a0\u00a0\u00a0\u00a0\u00a0\u00a0 Estudia bajo la gu\u00eda de Ana Chumachenco en la Escuela Superior de M\u00fasica Reina Sof\u00eda de Madrid, donde recibi\u00f3 dos distinciones de Su Majestad la Reina Do\u00f1a Sof\u00eda de Espa\u00f1a. Fueron sus maestros Sergo Lazarev, Fernando Hasaj\u00a0 y Rafael Gintoli y en la Universidad de Viena Michael Frieschenschlager. En Tel-Aviv tom\u00f3 una Masterclass\u00a0 personal con Shlomo Mintz, de &#8220;Los 24 Caprichos de N. Paganini\u201d.<br \/>\n&#8211;\u00a0\u00a0\u00a0\u00a0\u00a0\u00a0\u00a0\u00a0\u00a0 A los 12 a\u00f1os hizo su debut en la sala principal del Teatro Col\u00f3n de Buenos Aires, con el concierto N\u00ba 5 de W.A. Mozart y la Partita en Re menor de Bach, para viol\u00edn solo.<br \/>\n&#8211;\u00a0\u00a0\u00a0\u00a0\u00a0\u00a0\u00a0\u00a0\u00a0 A los 15 a\u00f1os debut\u00f3 en Europa\u00a0 junto a la Filarm\u00f3nica de Sarajevo, interpretando el concierto de Tchaicovsky.<br \/>\n&#8211;\u00a0\u00a0\u00a0\u00a0\u00a0\u00a0\u00a0\u00a0\u00a0 Fue invitado como solista por el Mozarteum Argentino, Festivales Musicales de Buenos Aires, Festival Internacional de Ushuaia, Semana Musical Llao-llao, Semanas Musicales de Frutillar (Chile) Asociaci\u00f3n Filarm\u00f3nica de Zaragoza (Espa\u00f1a), etc.<br \/>\n&#8211;\u00a0\u00a0\u00a0\u00a0\u00a0\u00a0\u00a0\u00a0\u00a0 Fue dirigido por los maestros\u00a0 Eugene Sirotkine (Rusia), Pablo Boggiano (Viena), Reinaldo Zemba, Armando Sanchez M\u00e1laga (Per\u00fa), Mario Benzecry, Javier Logioia Orbe, Jorge Uliarte (Salzburgo), Sylvain Gasan\u00e7on (Francia), Pablo Herrero, Dante Anzolini, Piero Gamba (Italia), Michael Seal (Inglaterra), Plis Sterenberg, Carlos Vieu, David del Pino (Per\u00fa), Hadri\u00e1n Avila (Colombia), Michal Nesterowicz (Polonia), Pedro Ignacio Calder\u00f3n, Alejo P\u00e9rez, Ligia Amadio (Brasil), Enrique Diemecke (Mexico), Emir Saul, Marcello Panni (Italia), Roberto Tibiri\u00e7\u00e1 (Brasil),Victor Hugo Toro (Brasil),Nicol\u00e1s Rauss (Suiza), G\u00fcnter Pichler (Viena), etc.<br \/>\n&#8211;\u00a0\u00a0\u00a0\u00a0\u00a0\u00a0\u00a0\u00a0\u00a0 Fue solista junto a la Orquesta Sinf\u00f3nica Nacional, Orquesta Filarm\u00f3nica de Buenos Aires, Orquesta Estable del Teatro Argentino, Orquesta Sinf\u00f3nica Provincial de Bah\u00eda Blanca, etc.<br \/>\n&#8211;\u00a0\u00a0\u00a0\u00a0\u00a0\u00a0\u00a0\u00a0\u00a0 En el exterior fue solista de la Musikverein Pressbaum Orchester y Wiener Tonkunst\u00a0 Vereinigung\u00a0\u00a0 Orchester \u00a0(Viena), Filarm\u00f3nica de Sarajevo, Sinf\u00f3nica del SODRE, Sinf\u00f3nica de Chile, National Ukrainian Symphony (Kiev), Berliner Symphoniker Orchester , Moscow Symphony Orchestra, Orquesta de C\u00e1mara Reina Sof\u00eda de Madrid, etc.<br \/>\n&#8211;\u00a0\u00a0\u00a0\u00a0\u00a0\u00a0\u00a0\u00a0\u00a0 Su repertorio incluye los conciertos de Mozart, Beethoven, Mendelssohn, Brahms, Schumann,Tchaicovsky, Wieniawski, Paganini, Sibelius, Barber, Shostakovich, N\u00ba 2 de Bart\u00f2k, Alban Berg, Prokofiev, Stravinsky, Elgar,etc.<br \/>\n&#8211;\u00a0\u00a0\u00a0\u00a0\u00a0\u00a0\u00a0\u00a0\u00a0 Realiz\u00f3\u00a0 las Integrales para viol\u00edn s\u00f3lo de las \u201cSonatas y Partitas de J.S.Bach\u201d, y \u201cSonatas de Eug\u00e8ne Ysa\u00ffe\u201d,\u00a0 \u201cIntegral de los Caprichos de N. Paganini\u201d.<br \/>\n&#8211;\u00a0\u00a0\u00a0\u00a0\u00a0\u00a0\u00a0\u00a0\u00a0 Particip\u00f3 en un concierto junto al maestro Shomo Mintz . El diario \u201cLa Naci\u00f3n\u201d titul\u00f3 la cr\u00edtica:<br \/>\n<em>\u201cShlomo Mintz, deslumbrante, El violinista israel\u00ed brill\u00f3 junto a Torleif Torgersen y a Xavier Inchausti\u201d.<\/em><br \/>\n&#8211;\u00a0\u00a0\u00a0\u00a0\u00a0\u00a0\u00a0\u00a0\u00a0 Premiado como Mejor Solista Instrumental por la Asociaci\u00f3n de Cr\u00edticos Musicales de la Argentina.<br \/>\n&#8211;\u00a0\u00a0\u00a0\u00a0\u00a0\u00a0\u00a0\u00a0\u00a0 Semifinalista del International Violin Competition Sion Valais, Suiza.<br \/>\n&#8211;\u00a0\u00a0\u00a0\u00a0\u00a0\u00a0\u00a0\u00a0\u00a0 4\u00ba Premio y Premio Ginastera\u00a0 del \u201cConcurso Internacional de Viol\u00edn Buenos Aires\u201d.<br \/>\n&#8211;\u00a0\u00a0\u00a0\u00a0\u00a0\u00a0\u00a0\u00a0\u00a0 1\u00ba Premio y Premio del P\u00fablico del \u201cConcurso Internacional de viol\u00edn Dr. Luis Sigall\u201d de Vi\u00f1a del Mar (Chile).<br \/>\n&#8211;\u00a0\u00a0\u00a0\u00a0\u00a0\u00a0\u00a0\u00a0\u00a0 Integr\u00f3 la representaci\u00f3n argentina en el \u201cCiclo de Orquestas Sinf\u00f3nicas Latinoamericanas\u201d, celebrado en el Teatro Sol\u00eds de Montevideo, como solista del concierto de Tchaicovsky, junto a la Orquesta Sinf\u00f3nica Nacional, bajo la direcci\u00f3n del Mtro. Pedro Ignacio Calder\u00f3n.<br \/>\n&nbsp;<br \/>\n&nbsp;<\/p>\n","protected":false},"excerpt":{"rendered":"<p>En un a\u00f1o plagado de presentaciones y espect\u00e1culos de primer nivel, el Teatro Municipal \u201cRodolfo Funke\u201d recibir\u00e1 ma\u00f1ana a un artista de renombre internacional: el violinista bahiense Xavier Inchausti, de dilatada y reconocida trayectoria, se presentar\u00e1 ma\u00f1ana s\u00e1bado 24 en el principal escenario de nuestro distrito, con entrada libre y gratuita. Esta presentaci\u00f3n, de enorme [&hellip;]<\/p>\n","protected":false},"author":1,"featured_media":0,"comment_status":"closed","ping_status":"open","sticky":false,"template":"","format":"standard","meta":{"footnotes":""},"categories":[51,52,56],"tags":[],"class_list":["post-13240","post","type-post","status-publish","format-standard","hentry","category-comunidad","category-destacadas","category-espectaculos"],"yoast_head":"<!-- This site is optimized with the Yoast SEO plugin v19.7.1 - https:\/\/yoast.com\/wordpress\/plugins\/seo\/ -->\n<title>XAVIER INCHAUSTI SE PRESENTARA MA\u00d1ANA GRATIS EN TORNQUIST - CELTTV<\/title>\n<meta name=\"description\" content=\"Sitio web de noticias de la localidad de Tornquist, provincia de Buenos Aires, Rep\u00fablica Argentina. Contenido propio originado por periodistas de CELTTV, el canal de TV local de la Cooperativa El\u00e9ctrica de Tornquist. Turismo, Pol\u00edtica, Sociedad, Deporte, Cultura y todo el contenido de inter\u00e9s general que la gente del pueblo y la regi\u00f3n debe conocer.\" \/>\n<meta name=\"robots\" content=\"index, follow, max-snippet:-1, max-image-preview:large, max-video-preview:-1\" \/>\n<link rel=\"canonical\" href=\"https:\/\/www.celttv.com.ar\/index.php\/2013\/08\/23\/xavier-inchausti-se-presentara-manana-gratis-en-tornquist\/\" \/>\n<meta property=\"og:locale\" content=\"es_ES\" \/>\n<meta property=\"og:type\" content=\"article\" \/>\n<meta property=\"og:title\" content=\"XAVIER INCHAUSTI SE PRESENTARA MA\u00d1ANA GRATIS EN TORNQUIST - CELTTV\" \/>\n<meta property=\"og:description\" content=\"Sitio web de noticias de la localidad de Tornquist, provincia de Buenos Aires, Rep\u00fablica Argentina. Contenido propio originado por periodistas de CELTTV, el canal de TV local de la Cooperativa El\u00e9ctrica de Tornquist. Turismo, Pol\u00edtica, Sociedad, Deporte, Cultura y todo el contenido de inter\u00e9s general que la gente del pueblo y la regi\u00f3n debe conocer.\" \/>\n<meta property=\"og:url\" content=\"https:\/\/www.celttv.com.ar\/index.php\/2013\/08\/23\/xavier-inchausti-se-presentara-manana-gratis-en-tornquist\/\" \/>\n<meta property=\"og:site_name\" content=\"CELTTV\" \/>\n<meta property=\"article:publisher\" content=\"https:\/\/www.facebook.com\/celtTV\/\" \/>\n<meta property=\"article:published_time\" content=\"2013-08-23T15:25:10+00:00\" \/>\n<meta property=\"og:image\" content=\"http:\/\/www.tvcnoticias.com.ar\/wp-content\/uploads\/2013\/08\/1425-AFICHE-inchausti-Small1.jpg\" \/>\n<meta name=\"author\" content=\"ulises\" \/>\n<meta name=\"twitter:card\" content=\"summary_large_image\" \/>\n<meta name=\"twitter:label1\" content=\"Escrito por\" \/>\n\t<meta name=\"twitter:data1\" content=\"ulises\" \/>\n\t<meta name=\"twitter:label2\" content=\"Tiempo de lectura\" \/>\n\t<meta name=\"twitter:data2\" content=\"3 minutos\" \/>\n<script type=\"application\/ld+json\" class=\"yoast-schema-graph\">{\"@context\":\"https:\/\/schema.org\",\"@graph\":[{\"@type\":\"NewsArticle\",\"@id\":\"https:\/\/www.celttv.com.ar\/index.php\/2013\/08\/23\/xavier-inchausti-se-presentara-manana-gratis-en-tornquist\/#article\",\"isPartOf\":{\"@id\":\"https:\/\/www.celttv.com.ar\/index.php\/2013\/08\/23\/xavier-inchausti-se-presentara-manana-gratis-en-tornquist\/\"},\"author\":{\"name\":\"ulises\",\"@id\":\"https:\/\/www.celttv.com.ar\/#\/schema\/person\/6d99c072dba59953809c81446e9d0ace\"},\"headline\":\"XAVIER INCHAUSTI SE PRESENTARA MA\u00d1ANA GRATIS EN TORNQUIST\",\"datePublished\":\"2013-08-23T15:25:10+00:00\",\"dateModified\":\"2013-08-23T15:25:10+00:00\",\"mainEntityOfPage\":{\"@id\":\"https:\/\/www.celttv.com.ar\/index.php\/2013\/08\/23\/xavier-inchausti-se-presentara-manana-gratis-en-tornquist\/\"},\"wordCount\":639,\"publisher\":{\"@id\":\"https:\/\/www.celttv.com.ar\/#organization\"},\"articleSection\":[\"Comunidad\",\"Destacadas\",\"Espect\u00e1culos\"],\"inLanguage\":\"es\"},{\"@type\":\"WebPage\",\"@id\":\"https:\/\/www.celttv.com.ar\/index.php\/2013\/08\/23\/xavier-inchausti-se-presentara-manana-gratis-en-tornquist\/\",\"url\":\"https:\/\/www.celttv.com.ar\/index.php\/2013\/08\/23\/xavier-inchausti-se-presentara-manana-gratis-en-tornquist\/\",\"name\":\"XAVIER INCHAUSTI SE PRESENTARA MA\u00d1ANA GRATIS EN TORNQUIST - CELTTV\",\"isPartOf\":{\"@id\":\"https:\/\/www.celttv.com.ar\/#website\"},\"datePublished\":\"2013-08-23T15:25:10+00:00\",\"dateModified\":\"2013-08-23T15:25:10+00:00\",\"description\":\"Sitio web de noticias de la localidad de Tornquist, provincia de Buenos Aires, Rep\u00fablica Argentina. Contenido propio originado por periodistas de CELTTV, el canal de TV local de la Cooperativa El\u00e9ctrica de Tornquist. Turismo, Pol\u00edtica, Sociedad, Deporte, Cultura y todo el contenido de inter\u00e9s general que la gente del pueblo y la regi\u00f3n debe conocer.\",\"breadcrumb\":{\"@id\":\"https:\/\/www.celttv.com.ar\/index.php\/2013\/08\/23\/xavier-inchausti-se-presentara-manana-gratis-en-tornquist\/#breadcrumb\"},\"inLanguage\":\"es\",\"potentialAction\":[{\"@type\":\"ReadAction\",\"target\":[\"https:\/\/www.celttv.com.ar\/index.php\/2013\/08\/23\/xavier-inchausti-se-presentara-manana-gratis-en-tornquist\/\"]}]},{\"@type\":\"BreadcrumbList\",\"@id\":\"https:\/\/www.celttv.com.ar\/index.php\/2013\/08\/23\/xavier-inchausti-se-presentara-manana-gratis-en-tornquist\/#breadcrumb\",\"itemListElement\":[{\"@type\":\"ListItem\",\"position\":1,\"name\":\"Inicio\",\"item\":\"https:\/\/www.celttv.com.ar\/\"},{\"@type\":\"ListItem\",\"position\":2,\"name\":\"XAVIER INCHAUSTI SE PRESENTARA MA\u00d1ANA GRATIS EN TORNQUIST\"}]},{\"@type\":\"WebSite\",\"@id\":\"https:\/\/www.celttv.com.ar\/#website\",\"url\":\"https:\/\/www.celttv.com.ar\/\",\"name\":\"CELTTV\",\"description\":\"Cooperativa El\u00e9ctrica de Tornquist\",\"publisher\":{\"@id\":\"https:\/\/www.celttv.com.ar\/#organization\"},\"potentialAction\":[{\"@type\":\"SearchAction\",\"target\":{\"@type\":\"EntryPoint\",\"urlTemplate\":\"https:\/\/www.celttv.com.ar\/?s={search_term_string}\"},\"query-input\":\"required name=search_term_string\"}],\"inLanguage\":\"es\"},{\"@type\":\"Organization\",\"@id\":\"https:\/\/www.celttv.com.ar\/#organization\",\"name\":\"CELTTV\",\"url\":\"https:\/\/www.celttv.com.ar\/\",\"sameAs\":[\"https:\/\/www.youtube.com\/channel\/UCz_oIt8Hig64Ub-EmcNPIhg\",\"https:\/\/www.facebook.com\/celtTV\/\"],\"logo\":{\"@type\":\"ImageObject\",\"inLanguage\":\"es\",\"@id\":\"https:\/\/www.celttv.com.ar\/#\/schema\/logo\/image\/\",\"url\":\"http:\/\/www.celttv.com.ar\/wp-content\/uploads\/2022\/08\/logo-1.png\",\"contentUrl\":\"http:\/\/www.celttv.com.ar\/wp-content\/uploads\/2022\/08\/logo-1.png\",\"width\":461,\"height\":159,\"caption\":\"CELTTV\"},\"image\":{\"@id\":\"https:\/\/www.celttv.com.ar\/#\/schema\/logo\/image\/\"}},{\"@type\":\"Person\",\"@id\":\"https:\/\/www.celttv.com.ar\/#\/schema\/person\/6d99c072dba59953809c81446e9d0ace\",\"name\":\"ulises\",\"image\":{\"@type\":\"ImageObject\",\"inLanguage\":\"es\",\"@id\":\"https:\/\/www.celttv.com.ar\/#\/schema\/person\/image\/\",\"url\":\"https:\/\/secure.gravatar.com\/avatar\/7f2c48bdc33b30088f941fb6082e555f2874c98e20cb159d7b92b50eadfce793?s=96&d=mm&r=g\",\"contentUrl\":\"https:\/\/secure.gravatar.com\/avatar\/7f2c48bdc33b30088f941fb6082e555f2874c98e20cb159d7b92b50eadfce793?s=96&d=mm&r=g\",\"caption\":\"ulises\"},\"sameAs\":[\"http:\/\/www.celttv.com.ar\"]}]}<\/script>\n<!-- \/ Yoast SEO plugin. -->","yoast_head_json":{"title":"XAVIER INCHAUSTI SE PRESENTARA MA\u00d1ANA GRATIS EN TORNQUIST - CELTTV","description":"Sitio web de noticias de la localidad de Tornquist, provincia de Buenos Aires, Rep\u00fablica Argentina. Contenido propio originado por periodistas de CELTTV, el canal de TV local de la Cooperativa El\u00e9ctrica de Tornquist. Turismo, Pol\u00edtica, Sociedad, Deporte, Cultura y todo el contenido de inter\u00e9s general que la gente del pueblo y la regi\u00f3n debe conocer.","robots":{"index":"index","follow":"follow","max-snippet":"max-snippet:-1","max-image-preview":"max-image-preview:large","max-video-preview":"max-video-preview:-1"},"canonical":"https:\/\/www.celttv.com.ar\/index.php\/2013\/08\/23\/xavier-inchausti-se-presentara-manana-gratis-en-tornquist\/","og_locale":"es_ES","og_type":"article","og_title":"XAVIER INCHAUSTI SE PRESENTARA MA\u00d1ANA GRATIS EN TORNQUIST - CELTTV","og_description":"Sitio web de noticias de la localidad de Tornquist, provincia de Buenos Aires, Rep\u00fablica Argentina. Contenido propio originado por periodistas de CELTTV, el canal de TV local de la Cooperativa El\u00e9ctrica de Tornquist. Turismo, Pol\u00edtica, Sociedad, Deporte, Cultura y todo el contenido de inter\u00e9s general que la gente del pueblo y la regi\u00f3n debe conocer.","og_url":"https:\/\/www.celttv.com.ar\/index.php\/2013\/08\/23\/xavier-inchausti-se-presentara-manana-gratis-en-tornquist\/","og_site_name":"CELTTV","article_publisher":"https:\/\/www.facebook.com\/celtTV\/","article_published_time":"2013-08-23T15:25:10+00:00","og_image":[{"url":"http:\/\/www.tvcnoticias.com.ar\/wp-content\/uploads\/2013\/08\/1425-AFICHE-inchausti-Small1.jpg"}],"author":"ulises","twitter_card":"summary_large_image","twitter_misc":{"Escrito por":"ulises","Tiempo de lectura":"3 minutos"},"schema":{"@context":"https:\/\/schema.org","@graph":[{"@type":"NewsArticle","@id":"https:\/\/www.celttv.com.ar\/index.php\/2013\/08\/23\/xavier-inchausti-se-presentara-manana-gratis-en-tornquist\/#article","isPartOf":{"@id":"https:\/\/www.celttv.com.ar\/index.php\/2013\/08\/23\/xavier-inchausti-se-presentara-manana-gratis-en-tornquist\/"},"author":{"name":"ulises","@id":"https:\/\/www.celttv.com.ar\/#\/schema\/person\/6d99c072dba59953809c81446e9d0ace"},"headline":"XAVIER INCHAUSTI SE PRESENTARA MA\u00d1ANA GRATIS EN TORNQUIST","datePublished":"2013-08-23T15:25:10+00:00","dateModified":"2013-08-23T15:25:10+00:00","mainEntityOfPage":{"@id":"https:\/\/www.celttv.com.ar\/index.php\/2013\/08\/23\/xavier-inchausti-se-presentara-manana-gratis-en-tornquist\/"},"wordCount":639,"publisher":{"@id":"https:\/\/www.celttv.com.ar\/#organization"},"articleSection":["Comunidad","Destacadas","Espect\u00e1culos"],"inLanguage":"es"},{"@type":"WebPage","@id":"https:\/\/www.celttv.com.ar\/index.php\/2013\/08\/23\/xavier-inchausti-se-presentara-manana-gratis-en-tornquist\/","url":"https:\/\/www.celttv.com.ar\/index.php\/2013\/08\/23\/xavier-inchausti-se-presentara-manana-gratis-en-tornquist\/","name":"XAVIER INCHAUSTI SE PRESENTARA MA\u00d1ANA GRATIS EN TORNQUIST - CELTTV","isPartOf":{"@id":"https:\/\/www.celttv.com.ar\/#website"},"datePublished":"2013-08-23T15:25:10+00:00","dateModified":"2013-08-23T15:25:10+00:00","description":"Sitio web de noticias de la localidad de Tornquist, provincia de Buenos Aires, Rep\u00fablica Argentina. Contenido propio originado por periodistas de CELTTV, el canal de TV local de la Cooperativa El\u00e9ctrica de Tornquist. Turismo, Pol\u00edtica, Sociedad, Deporte, Cultura y todo el contenido de inter\u00e9s general que la gente del pueblo y la regi\u00f3n debe conocer.","breadcrumb":{"@id":"https:\/\/www.celttv.com.ar\/index.php\/2013\/08\/23\/xavier-inchausti-se-presentara-manana-gratis-en-tornquist\/#breadcrumb"},"inLanguage":"es","potentialAction":[{"@type":"ReadAction","target":["https:\/\/www.celttv.com.ar\/index.php\/2013\/08\/23\/xavier-inchausti-se-presentara-manana-gratis-en-tornquist\/"]}]},{"@type":"BreadcrumbList","@id":"https:\/\/www.celttv.com.ar\/index.php\/2013\/08\/23\/xavier-inchausti-se-presentara-manana-gratis-en-tornquist\/#breadcrumb","itemListElement":[{"@type":"ListItem","position":1,"name":"Inicio","item":"https:\/\/www.celttv.com.ar\/"},{"@type":"ListItem","position":2,"name":"XAVIER INCHAUSTI SE PRESENTARA MA\u00d1ANA GRATIS EN TORNQUIST"}]},{"@type":"WebSite","@id":"https:\/\/www.celttv.com.ar\/#website","url":"https:\/\/www.celttv.com.ar\/","name":"CELTTV","description":"Cooperativa El\u00e9ctrica de Tornquist","publisher":{"@id":"https:\/\/www.celttv.com.ar\/#organization"},"potentialAction":[{"@type":"SearchAction","target":{"@type":"EntryPoint","urlTemplate":"https:\/\/www.celttv.com.ar\/?s={search_term_string}"},"query-input":"required name=search_term_string"}],"inLanguage":"es"},{"@type":"Organization","@id":"https:\/\/www.celttv.com.ar\/#organization","name":"CELTTV","url":"https:\/\/www.celttv.com.ar\/","sameAs":["https:\/\/www.youtube.com\/channel\/UCz_oIt8Hig64Ub-EmcNPIhg","https:\/\/www.facebook.com\/celtTV\/"],"logo":{"@type":"ImageObject","inLanguage":"es","@id":"https:\/\/www.celttv.com.ar\/#\/schema\/logo\/image\/","url":"http:\/\/www.celttv.com.ar\/wp-content\/uploads\/2022\/08\/logo-1.png","contentUrl":"http:\/\/www.celttv.com.ar\/wp-content\/uploads\/2022\/08\/logo-1.png","width":461,"height":159,"caption":"CELTTV"},"image":{"@id":"https:\/\/www.celttv.com.ar\/#\/schema\/logo\/image\/"}},{"@type":"Person","@id":"https:\/\/www.celttv.com.ar\/#\/schema\/person\/6d99c072dba59953809c81446e9d0ace","name":"ulises","image":{"@type":"ImageObject","inLanguage":"es","@id":"https:\/\/www.celttv.com.ar\/#\/schema\/person\/image\/","url":"https:\/\/secure.gravatar.com\/avatar\/7f2c48bdc33b30088f941fb6082e555f2874c98e20cb159d7b92b50eadfce793?s=96&d=mm&r=g","contentUrl":"https:\/\/secure.gravatar.com\/avatar\/7f2c48bdc33b30088f941fb6082e555f2874c98e20cb159d7b92b50eadfce793?s=96&d=mm&r=g","caption":"ulises"},"sameAs":["http:\/\/www.celttv.com.ar"]}]}},"_links":{"self":[{"href":"https:\/\/www.celttv.com.ar\/index.php\/wp-json\/wp\/v2\/posts\/13240","targetHints":{"allow":["GET"]}}],"collection":[{"href":"https:\/\/www.celttv.com.ar\/index.php\/wp-json\/wp\/v2\/posts"}],"about":[{"href":"https:\/\/www.celttv.com.ar\/index.php\/wp-json\/wp\/v2\/types\/post"}],"author":[{"embeddable":true,"href":"https:\/\/www.celttv.com.ar\/index.php\/wp-json\/wp\/v2\/users\/1"}],"replies":[{"embeddable":true,"href":"https:\/\/www.celttv.com.ar\/index.php\/wp-json\/wp\/v2\/comments?post=13240"}],"version-history":[{"count":0,"href":"https:\/\/www.celttv.com.ar\/index.php\/wp-json\/wp\/v2\/posts\/13240\/revisions"}],"wp:attachment":[{"href":"https:\/\/www.celttv.com.ar\/index.php\/wp-json\/wp\/v2\/media?parent=13240"}],"wp:term":[{"taxonomy":"category","embeddable":true,"href":"https:\/\/www.celttv.com.ar\/index.php\/wp-json\/wp\/v2\/categories?post=13240"},{"taxonomy":"post_tag","embeddable":true,"href":"https:\/\/www.celttv.com.ar\/index.php\/wp-json\/wp\/v2\/tags?post=13240"}],"curies":[{"name":"wp","href":"https:\/\/api.w.org\/{rel}","templated":true}]}}