{"id":13249,"date":"2013-08-23T19:15:15","date_gmt":"2013-08-23T19:15:15","guid":{"rendered":"http:\/\/www.tvcnoticias.com.ar\/?p=13249"},"modified":"2013-08-23T19:15:15","modified_gmt":"2013-08-23T19:15:15","slug":"consejo-escolar-inscripcion-de-aspirantes-a-porteros-y-peones-de-cocina-listado-ano-2014","status":"publish","type":"post","link":"https:\/\/www.celttv.com.ar\/index.php\/2013\/08\/23\/consejo-escolar-inscripcion-de-aspirantes-a-porteros-y-peones-de-cocina-listado-ano-2014\/","title":{"rendered":"CONSEJO ESCOLAR: INSCRIPCION DE ASPIRANTES A PORTEROS Y PEONES DE COCINA  LISTADO A\u00d1O 2014"},"content":{"rendered":"<p>A partir del 2 de setiembre de 2013 y hasta el\u00a0 30 de setiembre de 2013 inclusive, en la sede del Consejo Escolar comenzar\u00e1 la inscripci\u00f3n al listado de porteros y peones de cocina para el a\u00f1o 2014 en el horario de 10:30 a 13:30 hs. Durante ese per\u00edodo se recepcionar\u00e1 la documentaci\u00f3n de nuevos aspirantes y de quienes se reinscriben al listado de personal auxiliar de la educaci\u00f3n, como as\u00ed tambi\u00e9n de los aspirantes al listado de personas con discapacidad y veteranos de Malvinas.<br \/>\n&nbsp;<br \/>\nDeber\u00e1n presentarse con la siguiente documentaci\u00f3n:<br \/>\n&nbsp;<br \/>\n&nbsp;<br \/>\n\u00fc\u00a0\u00a0Original y fotocopia de DNI\u00a0 1\u00ba, 2\u00ba hoja y domicilio actualizado.<br \/>\n\u00fc\u00a0\u00a0Certificado de estudios cursados (primario, secundario o polimodal) completos. (original y fotocopia)<br \/>\n\u00fc\u00a0\u00a0En caso de tener 1\u00ba \u00f3 2\u00ba a\u00f1o de polimodal completo presentar constancia emitida por el establecimiento educativo (original)<br \/>\n\u00fc\u00a0\u00a0Certificado de cursos relacionados con la funci\u00f3n, reconocidos por la DGCyE. (manipulaci\u00f3n de alimentos, cursos del Centro de formaci\u00f3n Profesional relacionados con la cocina, etc.) (original y fotocopia)<br \/>\n\u00fc\u00a0\u00a0Recibos de sueldo relacionados con la funci\u00f3n, con aportes jubilatorios. (original y fotocopia)<br \/>\n\u00fc\u00a0\u00a0Antecedentes laborales certificados por el director\u00a0<span style=\"text-decoration: underline;\">en original<\/span> (cuaderno de actuaci\u00f3n).<br \/>\n\u00fc\u00a0\u00a0En el caso de personas con capacidades diferentes, certificado de discapacidad emitido por la zona sanitaria. (original y fotocopia).<br \/>\n\u00fc\u00a0\u00a0En el caso de aspirantes Veteranos de MALVINAS, certificado que acredita \u00e9sa condici\u00f3n. (original y fotocopia)<br \/>\n&nbsp;<br \/>\n&nbsp;<br \/>\n&nbsp;<br \/>\nDirigirse al Consejo Escolar de Tornquist \u2013Sarmiento 98 (altos)-.<br \/>\nTelef\u00f3nicamente al 0291-4941140.\u00a0 \u2013\u00a00291-4940779<br \/>\ne-mail:\u00a0<a href=\"http:\/\/webmail.celt.com.ar\/horde\/services\/go.php?url=mailto%3Aconsejoescolartornquist%40hotmail.com\">consejoescolartornquist@hotmail.com<\/a><br \/>\n&nbsp;<\/p>\n","protected":false},"excerpt":{"rendered":"<p>A partir del 2 de setiembre de 2013 y hasta el\u00a0 30 de setiembre de 2013 inclusive, en la sede del Consejo Escolar comenzar\u00e1 la inscripci\u00f3n al listado de porteros y peones de cocina para el a\u00f1o 2014 en el horario de 10:30 a 13:30 hs. Durante ese per\u00edodo se recepcionar\u00e1 la documentaci\u00f3n de nuevos [&hellip;]<\/p>\n","protected":false},"author":1,"featured_media":0,"comment_status":"closed","ping_status":"open","sticky":false,"template":"","format":"standard","meta":{"footnotes":""},"categories":[51],"tags":[],"class_list":["post-13249","post","type-post","status-publish","format-standard","hentry","category-comunidad"],"yoast_head":"<!-- This site is optimized with the Yoast SEO plugin v19.7.1 - https:\/\/yoast.com\/wordpress\/plugins\/seo\/ -->\n<title>CONSEJO ESCOLAR: INSCRIPCION DE ASPIRANTES A PORTEROS Y PEONES DE COCINA LISTADO A\u00d1O 2014 - CELTTV<\/title>\n<meta name=\"description\" content=\"Sitio web de noticias de la localidad de Tornquist, provincia de Buenos Aires, Rep\u00fablica Argentina. Contenido propio originado por periodistas de CELTTV, el canal de TV local de la Cooperativa El\u00e9ctrica de Tornquist. Turismo, Pol\u00edtica, Sociedad, Deporte, Cultura y todo el contenido de inter\u00e9s general que la gente del pueblo y la regi\u00f3n debe conocer.\" \/>\n<meta name=\"robots\" content=\"index, follow, max-snippet:-1, max-image-preview:large, max-video-preview:-1\" \/>\n<link rel=\"canonical\" href=\"https:\/\/www.celttv.com.ar\/index.php\/2013\/08\/23\/consejo-escolar-inscripcion-de-aspirantes-a-porteros-y-peones-de-cocina-listado-ano-2014\/\" \/>\n<meta property=\"og:locale\" content=\"es_ES\" \/>\n<meta property=\"og:type\" content=\"article\" \/>\n<meta property=\"og:title\" content=\"CONSEJO ESCOLAR: INSCRIPCION DE ASPIRANTES A PORTEROS Y PEONES DE COCINA LISTADO A\u00d1O 2014 - CELTTV\" \/>\n<meta property=\"og:description\" content=\"Sitio web de noticias de la localidad de Tornquist, provincia de Buenos Aires, Rep\u00fablica Argentina. Contenido propio originado por periodistas de CELTTV, el canal de TV local de la Cooperativa El\u00e9ctrica de Tornquist. Turismo, Pol\u00edtica, Sociedad, Deporte, Cultura y todo el contenido de inter\u00e9s general que la gente del pueblo y la regi\u00f3n debe conocer.\" \/>\n<meta property=\"og:url\" content=\"https:\/\/www.celttv.com.ar\/index.php\/2013\/08\/23\/consejo-escolar-inscripcion-de-aspirantes-a-porteros-y-peones-de-cocina-listado-ano-2014\/\" \/>\n<meta property=\"og:site_name\" content=\"CELTTV\" \/>\n<meta property=\"article:publisher\" content=\"https:\/\/www.facebook.com\/celtTV\/\" \/>\n<meta property=\"article:published_time\" content=\"2013-08-23T19:15:15+00:00\" \/>\n<meta name=\"author\" content=\"ulises\" \/>\n<meta name=\"twitter:card\" content=\"summary_large_image\" \/>\n<meta name=\"twitter:label1\" content=\"Escrito por\" \/>\n\t<meta name=\"twitter:data1\" content=\"ulises\" \/>\n\t<meta name=\"twitter:label2\" content=\"Tiempo de lectura\" \/>\n\t<meta name=\"twitter:data2\" content=\"1 minuto\" \/>\n<script type=\"application\/ld+json\" class=\"yoast-schema-graph\">{\"@context\":\"https:\/\/schema.org\",\"@graph\":[{\"@type\":\"NewsArticle\",\"@id\":\"https:\/\/www.celttv.com.ar\/index.php\/2013\/08\/23\/consejo-escolar-inscripcion-de-aspirantes-a-porteros-y-peones-de-cocina-listado-ano-2014\/#article\",\"isPartOf\":{\"@id\":\"https:\/\/www.celttv.com.ar\/index.php\/2013\/08\/23\/consejo-escolar-inscripcion-de-aspirantes-a-porteros-y-peones-de-cocina-listado-ano-2014\/\"},\"author\":{\"name\":\"ulises\",\"@id\":\"https:\/\/www.celttv.com.ar\/#\/schema\/person\/6d99c072dba59953809c81446e9d0ace\"},\"headline\":\"CONSEJO ESCOLAR: INSCRIPCION DE ASPIRANTES A PORTEROS Y PEONES DE COCINA LISTADO A\u00d1O 2014\",\"datePublished\":\"2013-08-23T19:15:15+00:00\",\"dateModified\":\"2013-08-23T19:15:15+00:00\",\"mainEntityOfPage\":{\"@id\":\"https:\/\/www.celttv.com.ar\/index.php\/2013\/08\/23\/consejo-escolar-inscripcion-de-aspirantes-a-porteros-y-peones-de-cocina-listado-ano-2014\/\"},\"wordCount\":262,\"publisher\":{\"@id\":\"https:\/\/www.celttv.com.ar\/#organization\"},\"articleSection\":[\"Comunidad\"],\"inLanguage\":\"es\"},{\"@type\":\"WebPage\",\"@id\":\"https:\/\/www.celttv.com.ar\/index.php\/2013\/08\/23\/consejo-escolar-inscripcion-de-aspirantes-a-porteros-y-peones-de-cocina-listado-ano-2014\/\",\"url\":\"https:\/\/www.celttv.com.ar\/index.php\/2013\/08\/23\/consejo-escolar-inscripcion-de-aspirantes-a-porteros-y-peones-de-cocina-listado-ano-2014\/\",\"name\":\"CONSEJO ESCOLAR: INSCRIPCION DE ASPIRANTES A PORTEROS Y PEONES DE COCINA LISTADO A\u00d1O 2014 - CELTTV\",\"isPartOf\":{\"@id\":\"https:\/\/www.celttv.com.ar\/#website\"},\"datePublished\":\"2013-08-23T19:15:15+00:00\",\"dateModified\":\"2013-08-23T19:15:15+00:00\",\"description\":\"Sitio web de noticias de la localidad de Tornquist, provincia de Buenos Aires, Rep\u00fablica Argentina. Contenido propio originado por periodistas de CELTTV, el canal de TV local de la Cooperativa El\u00e9ctrica de Tornquist. Turismo, Pol\u00edtica, Sociedad, Deporte, Cultura y todo el contenido de inter\u00e9s general que la gente del pueblo y la regi\u00f3n debe conocer.\",\"breadcrumb\":{\"@id\":\"https:\/\/www.celttv.com.ar\/index.php\/2013\/08\/23\/consejo-escolar-inscripcion-de-aspirantes-a-porteros-y-peones-de-cocina-listado-ano-2014\/#breadcrumb\"},\"inLanguage\":\"es\",\"potentialAction\":[{\"@type\":\"ReadAction\",\"target\":[\"https:\/\/www.celttv.com.ar\/index.php\/2013\/08\/23\/consejo-escolar-inscripcion-de-aspirantes-a-porteros-y-peones-de-cocina-listado-ano-2014\/\"]}]},{\"@type\":\"BreadcrumbList\",\"@id\":\"https:\/\/www.celttv.com.ar\/index.php\/2013\/08\/23\/consejo-escolar-inscripcion-de-aspirantes-a-porteros-y-peones-de-cocina-listado-ano-2014\/#breadcrumb\",\"itemListElement\":[{\"@type\":\"ListItem\",\"position\":1,\"name\":\"Inicio\",\"item\":\"https:\/\/www.celttv.com.ar\/\"},{\"@type\":\"ListItem\",\"position\":2,\"name\":\"CONSEJO ESCOLAR: INSCRIPCION DE ASPIRANTES A PORTEROS Y PEONES DE COCINA LISTADO A\u00d1O 2014\"}]},{\"@type\":\"WebSite\",\"@id\":\"https:\/\/www.celttv.com.ar\/#website\",\"url\":\"https:\/\/www.celttv.com.ar\/\",\"name\":\"CELTTV\",\"description\":\"Cooperativa El\u00e9ctrica de Tornquist\",\"publisher\":{\"@id\":\"https:\/\/www.celttv.com.ar\/#organization\"},\"potentialAction\":[{\"@type\":\"SearchAction\",\"target\":{\"@type\":\"EntryPoint\",\"urlTemplate\":\"https:\/\/www.celttv.com.ar\/?s={search_term_string}\"},\"query-input\":\"required name=search_term_string\"}],\"inLanguage\":\"es\"},{\"@type\":\"Organization\",\"@id\":\"https:\/\/www.celttv.com.ar\/#organization\",\"name\":\"CELTTV\",\"url\":\"https:\/\/www.celttv.com.ar\/\",\"sameAs\":[\"https:\/\/www.youtube.com\/channel\/UCz_oIt8Hig64Ub-EmcNPIhg\",\"https:\/\/www.facebook.com\/celtTV\/\"],\"logo\":{\"@type\":\"ImageObject\",\"inLanguage\":\"es\",\"@id\":\"https:\/\/www.celttv.com.ar\/#\/schema\/logo\/image\/\",\"url\":\"http:\/\/www.celttv.com.ar\/wp-content\/uploads\/2022\/08\/logo-1.png\",\"contentUrl\":\"http:\/\/www.celttv.com.ar\/wp-content\/uploads\/2022\/08\/logo-1.png\",\"width\":461,\"height\":159,\"caption\":\"CELTTV\"},\"image\":{\"@id\":\"https:\/\/www.celttv.com.ar\/#\/schema\/logo\/image\/\"}},{\"@type\":\"Person\",\"@id\":\"https:\/\/www.celttv.com.ar\/#\/schema\/person\/6d99c072dba59953809c81446e9d0ace\",\"name\":\"ulises\",\"image\":{\"@type\":\"ImageObject\",\"inLanguage\":\"es\",\"@id\":\"https:\/\/www.celttv.com.ar\/#\/schema\/person\/image\/\",\"url\":\"https:\/\/secure.gravatar.com\/avatar\/7f2c48bdc33b30088f941fb6082e555f2874c98e20cb159d7b92b50eadfce793?s=96&d=mm&r=g\",\"contentUrl\":\"https:\/\/secure.gravatar.com\/avatar\/7f2c48bdc33b30088f941fb6082e555f2874c98e20cb159d7b92b50eadfce793?s=96&d=mm&r=g\",\"caption\":\"ulises\"},\"sameAs\":[\"http:\/\/www.celttv.com.ar\"]}]}<\/script>\n<!-- \/ Yoast SEO plugin. -->","yoast_head_json":{"title":"CONSEJO ESCOLAR: INSCRIPCION DE ASPIRANTES A PORTEROS Y PEONES DE COCINA LISTADO A\u00d1O 2014 - CELTTV","description":"Sitio web de noticias de la localidad de Tornquist, provincia de Buenos Aires, Rep\u00fablica Argentina. Contenido propio originado por periodistas de CELTTV, el canal de TV local de la Cooperativa El\u00e9ctrica de Tornquist. Turismo, Pol\u00edtica, Sociedad, Deporte, Cultura y todo el contenido de inter\u00e9s general que la gente del pueblo y la regi\u00f3n debe conocer.","robots":{"index":"index","follow":"follow","max-snippet":"max-snippet:-1","max-image-preview":"max-image-preview:large","max-video-preview":"max-video-preview:-1"},"canonical":"https:\/\/www.celttv.com.ar\/index.php\/2013\/08\/23\/consejo-escolar-inscripcion-de-aspirantes-a-porteros-y-peones-de-cocina-listado-ano-2014\/","og_locale":"es_ES","og_type":"article","og_title":"CONSEJO ESCOLAR: INSCRIPCION DE ASPIRANTES A PORTEROS Y PEONES DE COCINA LISTADO A\u00d1O 2014 - CELTTV","og_description":"Sitio web de noticias de la localidad de Tornquist, provincia de Buenos Aires, Rep\u00fablica Argentina. Contenido propio originado por periodistas de CELTTV, el canal de TV local de la Cooperativa El\u00e9ctrica de Tornquist. Turismo, Pol\u00edtica, Sociedad, Deporte, Cultura y todo el contenido de inter\u00e9s general que la gente del pueblo y la regi\u00f3n debe conocer.","og_url":"https:\/\/www.celttv.com.ar\/index.php\/2013\/08\/23\/consejo-escolar-inscripcion-de-aspirantes-a-porteros-y-peones-de-cocina-listado-ano-2014\/","og_site_name":"CELTTV","article_publisher":"https:\/\/www.facebook.com\/celtTV\/","article_published_time":"2013-08-23T19:15:15+00:00","author":"ulises","twitter_card":"summary_large_image","twitter_misc":{"Escrito por":"ulises","Tiempo de lectura":"1 minuto"},"schema":{"@context":"https:\/\/schema.org","@graph":[{"@type":"NewsArticle","@id":"https:\/\/www.celttv.com.ar\/index.php\/2013\/08\/23\/consejo-escolar-inscripcion-de-aspirantes-a-porteros-y-peones-de-cocina-listado-ano-2014\/#article","isPartOf":{"@id":"https:\/\/www.celttv.com.ar\/index.php\/2013\/08\/23\/consejo-escolar-inscripcion-de-aspirantes-a-porteros-y-peones-de-cocina-listado-ano-2014\/"},"author":{"name":"ulises","@id":"https:\/\/www.celttv.com.ar\/#\/schema\/person\/6d99c072dba59953809c81446e9d0ace"},"headline":"CONSEJO ESCOLAR: INSCRIPCION DE ASPIRANTES A PORTEROS Y PEONES DE COCINA LISTADO A\u00d1O 2014","datePublished":"2013-08-23T19:15:15+00:00","dateModified":"2013-08-23T19:15:15+00:00","mainEntityOfPage":{"@id":"https:\/\/www.celttv.com.ar\/index.php\/2013\/08\/23\/consejo-escolar-inscripcion-de-aspirantes-a-porteros-y-peones-de-cocina-listado-ano-2014\/"},"wordCount":262,"publisher":{"@id":"https:\/\/www.celttv.com.ar\/#organization"},"articleSection":["Comunidad"],"inLanguage":"es"},{"@type":"WebPage","@id":"https:\/\/www.celttv.com.ar\/index.php\/2013\/08\/23\/consejo-escolar-inscripcion-de-aspirantes-a-porteros-y-peones-de-cocina-listado-ano-2014\/","url":"https:\/\/www.celttv.com.ar\/index.php\/2013\/08\/23\/consejo-escolar-inscripcion-de-aspirantes-a-porteros-y-peones-de-cocina-listado-ano-2014\/","name":"CONSEJO ESCOLAR: INSCRIPCION DE ASPIRANTES A PORTEROS Y PEONES DE COCINA LISTADO A\u00d1O 2014 - CELTTV","isPartOf":{"@id":"https:\/\/www.celttv.com.ar\/#website"},"datePublished":"2013-08-23T19:15:15+00:00","dateModified":"2013-08-23T19:15:15+00:00","description":"Sitio web de noticias de la localidad de Tornquist, provincia de Buenos Aires, Rep\u00fablica Argentina. Contenido propio originado por periodistas de CELTTV, el canal de TV local de la Cooperativa El\u00e9ctrica de Tornquist. Turismo, Pol\u00edtica, Sociedad, Deporte, Cultura y todo el contenido de inter\u00e9s general que la gente del pueblo y la regi\u00f3n debe conocer.","breadcrumb":{"@id":"https:\/\/www.celttv.com.ar\/index.php\/2013\/08\/23\/consejo-escolar-inscripcion-de-aspirantes-a-porteros-y-peones-de-cocina-listado-ano-2014\/#breadcrumb"},"inLanguage":"es","potentialAction":[{"@type":"ReadAction","target":["https:\/\/www.celttv.com.ar\/index.php\/2013\/08\/23\/consejo-escolar-inscripcion-de-aspirantes-a-porteros-y-peones-de-cocina-listado-ano-2014\/"]}]},{"@type":"BreadcrumbList","@id":"https:\/\/www.celttv.com.ar\/index.php\/2013\/08\/23\/consejo-escolar-inscripcion-de-aspirantes-a-porteros-y-peones-de-cocina-listado-ano-2014\/#breadcrumb","itemListElement":[{"@type":"ListItem","position":1,"name":"Inicio","item":"https:\/\/www.celttv.com.ar\/"},{"@type":"ListItem","position":2,"name":"CONSEJO ESCOLAR: INSCRIPCION DE ASPIRANTES A PORTEROS Y PEONES DE COCINA LISTADO A\u00d1O 2014"}]},{"@type":"WebSite","@id":"https:\/\/www.celttv.com.ar\/#website","url":"https:\/\/www.celttv.com.ar\/","name":"CELTTV","description":"Cooperativa El\u00e9ctrica de Tornquist","publisher":{"@id":"https:\/\/www.celttv.com.ar\/#organization"},"potentialAction":[{"@type":"SearchAction","target":{"@type":"EntryPoint","urlTemplate":"https:\/\/www.celttv.com.ar\/?s={search_term_string}"},"query-input":"required name=search_term_string"}],"inLanguage":"es"},{"@type":"Organization","@id":"https:\/\/www.celttv.com.ar\/#organization","name":"CELTTV","url":"https:\/\/www.celttv.com.ar\/","sameAs":["https:\/\/www.youtube.com\/channel\/UCz_oIt8Hig64Ub-EmcNPIhg","https:\/\/www.facebook.com\/celtTV\/"],"logo":{"@type":"ImageObject","inLanguage":"es","@id":"https:\/\/www.celttv.com.ar\/#\/schema\/logo\/image\/","url":"http:\/\/www.celttv.com.ar\/wp-content\/uploads\/2022\/08\/logo-1.png","contentUrl":"http:\/\/www.celttv.com.ar\/wp-content\/uploads\/2022\/08\/logo-1.png","width":461,"height":159,"caption":"CELTTV"},"image":{"@id":"https:\/\/www.celttv.com.ar\/#\/schema\/logo\/image\/"}},{"@type":"Person","@id":"https:\/\/www.celttv.com.ar\/#\/schema\/person\/6d99c072dba59953809c81446e9d0ace","name":"ulises","image":{"@type":"ImageObject","inLanguage":"es","@id":"https:\/\/www.celttv.com.ar\/#\/schema\/person\/image\/","url":"https:\/\/secure.gravatar.com\/avatar\/7f2c48bdc33b30088f941fb6082e555f2874c98e20cb159d7b92b50eadfce793?s=96&d=mm&r=g","contentUrl":"https:\/\/secure.gravatar.com\/avatar\/7f2c48bdc33b30088f941fb6082e555f2874c98e20cb159d7b92b50eadfce793?s=96&d=mm&r=g","caption":"ulises"},"sameAs":["http:\/\/www.celttv.com.ar"]}]}},"_links":{"self":[{"href":"https:\/\/www.celttv.com.ar\/index.php\/wp-json\/wp\/v2\/posts\/13249","targetHints":{"allow":["GET"]}}],"collection":[{"href":"https:\/\/www.celttv.com.ar\/index.php\/wp-json\/wp\/v2\/posts"}],"about":[{"href":"https:\/\/www.celttv.com.ar\/index.php\/wp-json\/wp\/v2\/types\/post"}],"author":[{"embeddable":true,"href":"https:\/\/www.celttv.com.ar\/index.php\/wp-json\/wp\/v2\/users\/1"}],"replies":[{"embeddable":true,"href":"https:\/\/www.celttv.com.ar\/index.php\/wp-json\/wp\/v2\/comments?post=13249"}],"version-history":[{"count":0,"href":"https:\/\/www.celttv.com.ar\/index.php\/wp-json\/wp\/v2\/posts\/13249\/revisions"}],"wp:attachment":[{"href":"https:\/\/www.celttv.com.ar\/index.php\/wp-json\/wp\/v2\/media?parent=13249"}],"wp:term":[{"taxonomy":"category","embeddable":true,"href":"https:\/\/www.celttv.com.ar\/index.php\/wp-json\/wp\/v2\/categories?post=13249"},{"taxonomy":"post_tag","embeddable":true,"href":"https:\/\/www.celttv.com.ar\/index.php\/wp-json\/wp\/v2\/tags?post=13249"}],"curies":[{"name":"wp","href":"https:\/\/api.w.org\/{rel}","templated":true}]}}