{"id":13281,"date":"2013-08-23T20:26:12","date_gmt":"2013-08-23T20:26:12","guid":{"rendered":"http:\/\/www.tvcnoticias.com.ar\/?p=13281"},"modified":"2013-08-23T20:26:12","modified_gmt":"2013-08-23T20:26:12","slug":"allanamiento-y-detencion-en-tornquist-nota-con-el-comisario-guillermo-retamoso","status":"publish","type":"post","link":"https:\/\/www.celttv.com.ar\/index.php\/2013\/08\/23\/allanamiento-y-detencion-en-tornquist-nota-con-el-comisario-guillermo-retamoso\/","title":{"rendered":"ALLANAMIENTO Y DETENCI\u00d6N EN TORNQUIST (Nota con el comisario Guillermo Retamoso)"},"content":{"rendered":"<p><a href=\"http:\/\/www.youtube.com\/watch?v=YpU-fe4Ss64\"><a href=\"http:\/\/www.youtube.com\/watch?v=YpU-fe4Ss64\">httpv:\/\/www.youtube.com\/watch?v=YpU-fe4Ss64<\/a><\/a><br \/>\nCon fecha 22 de Agosto del corriente a\u00f1o, personal Policial de la Estaci\u00f3n de Polic\u00eda Comunal Tornquist, dando cumplimiento a orden de allanamiento emanada por el Juzgado de Paz Letrado de Tornquist, en el marco de actuaciones caratuladas \u201cROBO DOBLEMENTE AGRAVADO, PRIVACION ILGEAL DE LA LIBERTAD Y LESIONES\u201d, de las que resultara victima la familia Minujin, con intervenci\u00f3n de la Ayudant\u00eda Fiscal de Tornquist; se requis\u00f3 una vivienda ubicada en el interior del establecimiento rural La Sorpresa, sobre la ruta provincial n\u00b0 76, distante a unos 5 kil\u00f3metros al este del acceso a la ciudad.<br \/>\n&nbsp;<br \/>\nDentro del inmueble, la polic\u00eda logro DETENER a un peligroso sujeto quienque era intensamente por la justicia de Bah\u00eda Blanca, resultando ser el mismo RICARDO JOSE MIGUEL VIDAL RIOS, mayor de edad y oriundo de la ciudad de Bahia Blanca, cuya detenci\u00f3n era requerida en el marco de la IPP n\u00b0 5028-13, con injerencia de la UFIJ n\u00b0 12 y Juzgado de Garant\u00edas 3 Bah\u00eda Blanca; ello a ra\u00edz de un<br \/>\nasalto perpetrado el pasado 1 de abril, en perjuicio de Nicol\u00e1s Musi. En aquella oportunidad, dos malvivientes irrumpieron, armas en mano en el inmueble de la calle Horacio Quiroga al 200 y redujeron al due\u00f1o de casa y a sus familiares, para apoderarse de un bot\u00edn consistente en una fuerte suma de dinero y elementos diversos, siendo que el complice de Rios ya hab\u00eda sido detenido en el mes de Mayo pr\u00f3ximo pasado.<br \/>\n&nbsp;<br \/>\nQue en el marco del mismo allanamiento se logr\u00f3 la aprehensi\u00f3n del ciudadano\u00a0<strong>JUAN\u00a0 PABLO FERNANDEZ<\/strong>, mayor de edad, domiciliado en dicho establecimiento rural, en actuaciones caratuladas<strong>ENCUBRIMIENTO<\/strong>, con la intervenci\u00f3n de la UFIJ n\u00b0 15 de la ciudad de Bah\u00eda Blanca, acusado a prima facie de dar alojamiento a un pr\u00f3fugo y tener en su poder elementos mal habidos y que fueran incautados en el marco de la causa en perjuicio de la familia Minujin.<br \/>\n&nbsp;<br \/>\nQue tambi\u00e9n dentro de la misma vivienda, se detuvo en Averiguaci\u00f3n de Identidad, al ciudadano NEGRO N\u00e9stor Ariel, mayor de edad, oriundo de San Justo, partido de la Matanza, Pcia. de Buenos Aires, quien ya hab\u00eda sido aprehendido en un allanamiento realizado por esta polic\u00eda en la ciudad de Bah\u00eda Blanca, mas precisamente en el Barrio FONAVI, en actuaciones policiales en el marco del\u00a0<strong>ROBO CALIFICADO Y PRIVACION ILEGAL DE LA LIBERTAD<\/strong>, que sufriera la familia\u00a0<strong>MINUJIN, <\/strong>el que tras cumplimentar los recaudos legales vigentes recupero su libertad.<br \/>\n&nbsp;<br \/>\n&nbsp;<br \/>\nQue tambi\u00e9n, en la misma vivienda, se identificaron a otras personas, entre las cuales se encontraba la hermana de Ricardo Vidal R\u00edos, de nombre INGRID, sobre la cual no se tomaron medidas coercitivas dada la relaci\u00f3n de parentesco con el mentado Ricardo.<strong> <\/strong><br \/>\n<strong> <\/strong><br \/>\nM\u00e1s all\u00e1 de lo dicho, durante la sustanciaci\u00f3n del allanamiento en cuesti\u00f3n, se lograron secuestrar diversos efectos, entre los que se encontraban un LCD de 42\u201d, una Notebook, una play station 2, varios tel\u00e9fonos celulares, entre otras cosas, elementos relacionados con la causa de Minujin y al menos otras dos en las que a\u00fan se siguen las pesquisas.<br \/>\n&nbsp;<br \/>\n&nbsp;<\/p>\n","protected":false},"excerpt":{"rendered":"<p>httpv:\/\/www.youtube.com\/watch?v=YpU-fe4Ss64 Con fecha 22 de Agosto del corriente a\u00f1o, personal Policial de la Estaci\u00f3n de Polic\u00eda Comunal Tornquist, dando cumplimiento a orden de allanamiento emanada por el Juzgado de Paz Letrado de Tornquist, en el marco de actuaciones caratuladas \u201cROBO DOBLEMENTE AGRAVADO, PRIVACION ILGEAL DE LA LIBERTAD Y LESIONES\u201d, de las que resultara victima la [&hellip;]<\/p>\n","protected":false},"author":1,"featured_media":0,"comment_status":"closed","ping_status":"open","sticky":false,"template":"","format":"standard","meta":{"footnotes":""},"categories":[51,52,61],"tags":[],"class_list":["post-13281","post","type-post","status-publish","format-standard","hentry","category-comunidad","category-destacadas","category-policiales"],"yoast_head":"<!-- This site is optimized with the Yoast SEO plugin v19.7.1 - https:\/\/yoast.com\/wordpress\/plugins\/seo\/ -->\n<title>ALLANAMIENTO Y DETENCI\u00d6N EN TORNQUIST (Nota con el comisario Guillermo Retamoso) - CELTTV<\/title>\n<meta name=\"description\" content=\"Sitio web de noticias de la localidad de Tornquist, provincia de Buenos Aires, Rep\u00fablica Argentina. Contenido propio originado por periodistas de CELTTV, el canal de TV local de la Cooperativa El\u00e9ctrica de Tornquist. Turismo, Pol\u00edtica, Sociedad, Deporte, Cultura y todo el contenido de inter\u00e9s general que la gente del pueblo y la regi\u00f3n debe conocer.\" \/>\n<meta name=\"robots\" content=\"index, follow, max-snippet:-1, max-image-preview:large, max-video-preview:-1\" \/>\n<link rel=\"canonical\" href=\"https:\/\/www.celttv.com.ar\/index.php\/2013\/08\/23\/allanamiento-y-detencion-en-tornquist-nota-con-el-comisario-guillermo-retamoso\/\" \/>\n<meta property=\"og:locale\" content=\"es_ES\" \/>\n<meta property=\"og:type\" content=\"article\" \/>\n<meta property=\"og:title\" content=\"ALLANAMIENTO Y DETENCI\u00d6N EN TORNQUIST (Nota con el comisario Guillermo Retamoso) - CELTTV\" \/>\n<meta property=\"og:description\" content=\"Sitio web de noticias de la localidad de Tornquist, provincia de Buenos Aires, Rep\u00fablica Argentina. Contenido propio originado por periodistas de CELTTV, el canal de TV local de la Cooperativa El\u00e9ctrica de Tornquist. Turismo, Pol\u00edtica, Sociedad, Deporte, Cultura y todo el contenido de inter\u00e9s general que la gente del pueblo y la regi\u00f3n debe conocer.\" \/>\n<meta property=\"og:url\" content=\"https:\/\/www.celttv.com.ar\/index.php\/2013\/08\/23\/allanamiento-y-detencion-en-tornquist-nota-con-el-comisario-guillermo-retamoso\/\" \/>\n<meta property=\"og:site_name\" content=\"CELTTV\" \/>\n<meta property=\"article:publisher\" content=\"https:\/\/www.facebook.com\/celtTV\/\" \/>\n<meta property=\"article:published_time\" content=\"2013-08-23T20:26:12+00:00\" \/>\n<meta name=\"author\" content=\"ulises\" \/>\n<meta name=\"twitter:card\" content=\"summary_large_image\" \/>\n<meta name=\"twitter:label1\" content=\"Escrito por\" \/>\n\t<meta name=\"twitter:data1\" content=\"ulises\" \/>\n\t<meta name=\"twitter:label2\" content=\"Tiempo de lectura\" \/>\n\t<meta name=\"twitter:data2\" content=\"3 minutos\" \/>\n<script type=\"application\/ld+json\" class=\"yoast-schema-graph\">{\"@context\":\"https:\/\/schema.org\",\"@graph\":[{\"@type\":\"NewsArticle\",\"@id\":\"https:\/\/www.celttv.com.ar\/index.php\/2013\/08\/23\/allanamiento-y-detencion-en-tornquist-nota-con-el-comisario-guillermo-retamoso\/#article\",\"isPartOf\":{\"@id\":\"https:\/\/www.celttv.com.ar\/index.php\/2013\/08\/23\/allanamiento-y-detencion-en-tornquist-nota-con-el-comisario-guillermo-retamoso\/\"},\"author\":{\"name\":\"ulises\",\"@id\":\"https:\/\/www.celttv.com.ar\/#\/schema\/person\/6d99c072dba59953809c81446e9d0ace\"},\"headline\":\"ALLANAMIENTO Y DETENCI\u00d6N EN TORNQUIST (Nota con el comisario Guillermo Retamoso)\",\"datePublished\":\"2013-08-23T20:26:12+00:00\",\"dateModified\":\"2013-08-23T20:26:12+00:00\",\"mainEntityOfPage\":{\"@id\":\"https:\/\/www.celttv.com.ar\/index.php\/2013\/08\/23\/allanamiento-y-detencion-en-tornquist-nota-con-el-comisario-guillermo-retamoso\/\"},\"wordCount\":554,\"publisher\":{\"@id\":\"https:\/\/www.celttv.com.ar\/#organization\"},\"articleSection\":[\"Comunidad\",\"Destacadas\",\"Policiales\"],\"inLanguage\":\"es\"},{\"@type\":\"WebPage\",\"@id\":\"https:\/\/www.celttv.com.ar\/index.php\/2013\/08\/23\/allanamiento-y-detencion-en-tornquist-nota-con-el-comisario-guillermo-retamoso\/\",\"url\":\"https:\/\/www.celttv.com.ar\/index.php\/2013\/08\/23\/allanamiento-y-detencion-en-tornquist-nota-con-el-comisario-guillermo-retamoso\/\",\"name\":\"ALLANAMIENTO Y DETENCI\u00d6N EN TORNQUIST (Nota con el comisario Guillermo Retamoso) - CELTTV\",\"isPartOf\":{\"@id\":\"https:\/\/www.celttv.com.ar\/#website\"},\"datePublished\":\"2013-08-23T20:26:12+00:00\",\"dateModified\":\"2013-08-23T20:26:12+00:00\",\"description\":\"Sitio web de noticias de la localidad de Tornquist, provincia de Buenos Aires, Rep\u00fablica Argentina. Contenido propio originado por periodistas de CELTTV, el canal de TV local de la Cooperativa El\u00e9ctrica de Tornquist. Turismo, Pol\u00edtica, Sociedad, Deporte, Cultura y todo el contenido de inter\u00e9s general que la gente del pueblo y la regi\u00f3n debe conocer.\",\"breadcrumb\":{\"@id\":\"https:\/\/www.celttv.com.ar\/index.php\/2013\/08\/23\/allanamiento-y-detencion-en-tornquist-nota-con-el-comisario-guillermo-retamoso\/#breadcrumb\"},\"inLanguage\":\"es\",\"potentialAction\":[{\"@type\":\"ReadAction\",\"target\":[\"https:\/\/www.celttv.com.ar\/index.php\/2013\/08\/23\/allanamiento-y-detencion-en-tornquist-nota-con-el-comisario-guillermo-retamoso\/\"]}]},{\"@type\":\"BreadcrumbList\",\"@id\":\"https:\/\/www.celttv.com.ar\/index.php\/2013\/08\/23\/allanamiento-y-detencion-en-tornquist-nota-con-el-comisario-guillermo-retamoso\/#breadcrumb\",\"itemListElement\":[{\"@type\":\"ListItem\",\"position\":1,\"name\":\"Inicio\",\"item\":\"https:\/\/www.celttv.com.ar\/\"},{\"@type\":\"ListItem\",\"position\":2,\"name\":\"ALLANAMIENTO Y DETENCI\u00d6N EN TORNQUIST (Nota con el comisario Guillermo Retamoso)\"}]},{\"@type\":\"WebSite\",\"@id\":\"https:\/\/www.celttv.com.ar\/#website\",\"url\":\"https:\/\/www.celttv.com.ar\/\",\"name\":\"CELTTV\",\"description\":\"Cooperativa El\u00e9ctrica de Tornquist\",\"publisher\":{\"@id\":\"https:\/\/www.celttv.com.ar\/#organization\"},\"potentialAction\":[{\"@type\":\"SearchAction\",\"target\":{\"@type\":\"EntryPoint\",\"urlTemplate\":\"https:\/\/www.celttv.com.ar\/?s={search_term_string}\"},\"query-input\":\"required name=search_term_string\"}],\"inLanguage\":\"es\"},{\"@type\":\"Organization\",\"@id\":\"https:\/\/www.celttv.com.ar\/#organization\",\"name\":\"CELTTV\",\"url\":\"https:\/\/www.celttv.com.ar\/\",\"sameAs\":[\"https:\/\/www.youtube.com\/channel\/UCz_oIt8Hig64Ub-EmcNPIhg\",\"https:\/\/www.facebook.com\/celtTV\/\"],\"logo\":{\"@type\":\"ImageObject\",\"inLanguage\":\"es\",\"@id\":\"https:\/\/www.celttv.com.ar\/#\/schema\/logo\/image\/\",\"url\":\"http:\/\/www.celttv.com.ar\/wp-content\/uploads\/2022\/08\/logo-1.png\",\"contentUrl\":\"http:\/\/www.celttv.com.ar\/wp-content\/uploads\/2022\/08\/logo-1.png\",\"width\":461,\"height\":159,\"caption\":\"CELTTV\"},\"image\":{\"@id\":\"https:\/\/www.celttv.com.ar\/#\/schema\/logo\/image\/\"}},{\"@type\":\"Person\",\"@id\":\"https:\/\/www.celttv.com.ar\/#\/schema\/person\/6d99c072dba59953809c81446e9d0ace\",\"name\":\"ulises\",\"image\":{\"@type\":\"ImageObject\",\"inLanguage\":\"es\",\"@id\":\"https:\/\/www.celttv.com.ar\/#\/schema\/person\/image\/\",\"url\":\"https:\/\/secure.gravatar.com\/avatar\/7f2c48bdc33b30088f941fb6082e555f2874c98e20cb159d7b92b50eadfce793?s=96&d=mm&r=g\",\"contentUrl\":\"https:\/\/secure.gravatar.com\/avatar\/7f2c48bdc33b30088f941fb6082e555f2874c98e20cb159d7b92b50eadfce793?s=96&d=mm&r=g\",\"caption\":\"ulises\"},\"sameAs\":[\"http:\/\/www.celttv.com.ar\"]}]}<\/script>\n<!-- \/ Yoast SEO plugin. -->","yoast_head_json":{"title":"ALLANAMIENTO Y DETENCI\u00d6N EN TORNQUIST (Nota con el comisario Guillermo Retamoso) - CELTTV","description":"Sitio web de noticias de la localidad de Tornquist, provincia de Buenos Aires, Rep\u00fablica Argentina. Contenido propio originado por periodistas de CELTTV, el canal de TV local de la Cooperativa El\u00e9ctrica de Tornquist. Turismo, Pol\u00edtica, Sociedad, Deporte, Cultura y todo el contenido de inter\u00e9s general que la gente del pueblo y la regi\u00f3n debe conocer.","robots":{"index":"index","follow":"follow","max-snippet":"max-snippet:-1","max-image-preview":"max-image-preview:large","max-video-preview":"max-video-preview:-1"},"canonical":"https:\/\/www.celttv.com.ar\/index.php\/2013\/08\/23\/allanamiento-y-detencion-en-tornquist-nota-con-el-comisario-guillermo-retamoso\/","og_locale":"es_ES","og_type":"article","og_title":"ALLANAMIENTO Y DETENCI\u00d6N EN TORNQUIST (Nota con el comisario Guillermo Retamoso) - CELTTV","og_description":"Sitio web de noticias de la localidad de Tornquist, provincia de Buenos Aires, Rep\u00fablica Argentina. Contenido propio originado por periodistas de CELTTV, el canal de TV local de la Cooperativa El\u00e9ctrica de Tornquist. Turismo, Pol\u00edtica, Sociedad, Deporte, Cultura y todo el contenido de inter\u00e9s general que la gente del pueblo y la regi\u00f3n debe conocer.","og_url":"https:\/\/www.celttv.com.ar\/index.php\/2013\/08\/23\/allanamiento-y-detencion-en-tornquist-nota-con-el-comisario-guillermo-retamoso\/","og_site_name":"CELTTV","article_publisher":"https:\/\/www.facebook.com\/celtTV\/","article_published_time":"2013-08-23T20:26:12+00:00","author":"ulises","twitter_card":"summary_large_image","twitter_misc":{"Escrito por":"ulises","Tiempo de lectura":"3 minutos"},"schema":{"@context":"https:\/\/schema.org","@graph":[{"@type":"NewsArticle","@id":"https:\/\/www.celttv.com.ar\/index.php\/2013\/08\/23\/allanamiento-y-detencion-en-tornquist-nota-con-el-comisario-guillermo-retamoso\/#article","isPartOf":{"@id":"https:\/\/www.celttv.com.ar\/index.php\/2013\/08\/23\/allanamiento-y-detencion-en-tornquist-nota-con-el-comisario-guillermo-retamoso\/"},"author":{"name":"ulises","@id":"https:\/\/www.celttv.com.ar\/#\/schema\/person\/6d99c072dba59953809c81446e9d0ace"},"headline":"ALLANAMIENTO Y DETENCI\u00d6N EN TORNQUIST (Nota con el comisario Guillermo Retamoso)","datePublished":"2013-08-23T20:26:12+00:00","dateModified":"2013-08-23T20:26:12+00:00","mainEntityOfPage":{"@id":"https:\/\/www.celttv.com.ar\/index.php\/2013\/08\/23\/allanamiento-y-detencion-en-tornquist-nota-con-el-comisario-guillermo-retamoso\/"},"wordCount":554,"publisher":{"@id":"https:\/\/www.celttv.com.ar\/#organization"},"articleSection":["Comunidad","Destacadas","Policiales"],"inLanguage":"es"},{"@type":"WebPage","@id":"https:\/\/www.celttv.com.ar\/index.php\/2013\/08\/23\/allanamiento-y-detencion-en-tornquist-nota-con-el-comisario-guillermo-retamoso\/","url":"https:\/\/www.celttv.com.ar\/index.php\/2013\/08\/23\/allanamiento-y-detencion-en-tornquist-nota-con-el-comisario-guillermo-retamoso\/","name":"ALLANAMIENTO Y DETENCI\u00d6N EN TORNQUIST (Nota con el comisario Guillermo Retamoso) - CELTTV","isPartOf":{"@id":"https:\/\/www.celttv.com.ar\/#website"},"datePublished":"2013-08-23T20:26:12+00:00","dateModified":"2013-08-23T20:26:12+00:00","description":"Sitio web de noticias de la localidad de Tornquist, provincia de Buenos Aires, Rep\u00fablica Argentina. Contenido propio originado por periodistas de CELTTV, el canal de TV local de la Cooperativa El\u00e9ctrica de Tornquist. Turismo, Pol\u00edtica, Sociedad, Deporte, Cultura y todo el contenido de inter\u00e9s general que la gente del pueblo y la regi\u00f3n debe conocer.","breadcrumb":{"@id":"https:\/\/www.celttv.com.ar\/index.php\/2013\/08\/23\/allanamiento-y-detencion-en-tornquist-nota-con-el-comisario-guillermo-retamoso\/#breadcrumb"},"inLanguage":"es","potentialAction":[{"@type":"ReadAction","target":["https:\/\/www.celttv.com.ar\/index.php\/2013\/08\/23\/allanamiento-y-detencion-en-tornquist-nota-con-el-comisario-guillermo-retamoso\/"]}]},{"@type":"BreadcrumbList","@id":"https:\/\/www.celttv.com.ar\/index.php\/2013\/08\/23\/allanamiento-y-detencion-en-tornquist-nota-con-el-comisario-guillermo-retamoso\/#breadcrumb","itemListElement":[{"@type":"ListItem","position":1,"name":"Inicio","item":"https:\/\/www.celttv.com.ar\/"},{"@type":"ListItem","position":2,"name":"ALLANAMIENTO Y DETENCI\u00d6N EN TORNQUIST (Nota con el comisario Guillermo Retamoso)"}]},{"@type":"WebSite","@id":"https:\/\/www.celttv.com.ar\/#website","url":"https:\/\/www.celttv.com.ar\/","name":"CELTTV","description":"Cooperativa El\u00e9ctrica de Tornquist","publisher":{"@id":"https:\/\/www.celttv.com.ar\/#organization"},"potentialAction":[{"@type":"SearchAction","target":{"@type":"EntryPoint","urlTemplate":"https:\/\/www.celttv.com.ar\/?s={search_term_string}"},"query-input":"required name=search_term_string"}],"inLanguage":"es"},{"@type":"Organization","@id":"https:\/\/www.celttv.com.ar\/#organization","name":"CELTTV","url":"https:\/\/www.celttv.com.ar\/","sameAs":["https:\/\/www.youtube.com\/channel\/UCz_oIt8Hig64Ub-EmcNPIhg","https:\/\/www.facebook.com\/celtTV\/"],"logo":{"@type":"ImageObject","inLanguage":"es","@id":"https:\/\/www.celttv.com.ar\/#\/schema\/logo\/image\/","url":"http:\/\/www.celttv.com.ar\/wp-content\/uploads\/2022\/08\/logo-1.png","contentUrl":"http:\/\/www.celttv.com.ar\/wp-content\/uploads\/2022\/08\/logo-1.png","width":461,"height":159,"caption":"CELTTV"},"image":{"@id":"https:\/\/www.celttv.com.ar\/#\/schema\/logo\/image\/"}},{"@type":"Person","@id":"https:\/\/www.celttv.com.ar\/#\/schema\/person\/6d99c072dba59953809c81446e9d0ace","name":"ulises","image":{"@type":"ImageObject","inLanguage":"es","@id":"https:\/\/www.celttv.com.ar\/#\/schema\/person\/image\/","url":"https:\/\/secure.gravatar.com\/avatar\/7f2c48bdc33b30088f941fb6082e555f2874c98e20cb159d7b92b50eadfce793?s=96&d=mm&r=g","contentUrl":"https:\/\/secure.gravatar.com\/avatar\/7f2c48bdc33b30088f941fb6082e555f2874c98e20cb159d7b92b50eadfce793?s=96&d=mm&r=g","caption":"ulises"},"sameAs":["http:\/\/www.celttv.com.ar"]}]}},"_links":{"self":[{"href":"https:\/\/www.celttv.com.ar\/index.php\/wp-json\/wp\/v2\/posts\/13281","targetHints":{"allow":["GET"]}}],"collection":[{"href":"https:\/\/www.celttv.com.ar\/index.php\/wp-json\/wp\/v2\/posts"}],"about":[{"href":"https:\/\/www.celttv.com.ar\/index.php\/wp-json\/wp\/v2\/types\/post"}],"author":[{"embeddable":true,"href":"https:\/\/www.celttv.com.ar\/index.php\/wp-json\/wp\/v2\/users\/1"}],"replies":[{"embeddable":true,"href":"https:\/\/www.celttv.com.ar\/index.php\/wp-json\/wp\/v2\/comments?post=13281"}],"version-history":[{"count":0,"href":"https:\/\/www.celttv.com.ar\/index.php\/wp-json\/wp\/v2\/posts\/13281\/revisions"}],"wp:attachment":[{"href":"https:\/\/www.celttv.com.ar\/index.php\/wp-json\/wp\/v2\/media?parent=13281"}],"wp:term":[{"taxonomy":"category","embeddable":true,"href":"https:\/\/www.celttv.com.ar\/index.php\/wp-json\/wp\/v2\/categories?post=13281"},{"taxonomy":"post_tag","embeddable":true,"href":"https:\/\/www.celttv.com.ar\/index.php\/wp-json\/wp\/v2\/tags?post=13281"}],"curies":[{"name":"wp","href":"https:\/\/api.w.org\/{rel}","templated":true}]}}