{"id":13289,"date":"2013-08-23T20:58:02","date_gmt":"2013-08-23T20:58:02","guid":{"rendered":"http:\/\/www.tvcnoticias.com.ar\/?p=13289"},"modified":"2013-08-23T20:58:02","modified_gmt":"2013-08-23T20:58:02","slug":"un-llamado-a-la-reflexion","status":"publish","type":"post","link":"https:\/\/www.celttv.com.ar\/index.php\/2013\/08\/23\/un-llamado-a-la-reflexion\/","title":{"rendered":"Carta de Lectores: &#8220;UN LLAMADO A LA REFLEXION\u2026 &#8220;"},"content":{"rendered":"<div><em style=\"font-family: Calibri;\">Mi nombre es\u00a0\u00a0Valeria,\u00a0\u00a0soy habitante de la localidad de Tornquist. Me desempe\u00f1o como docente en una escuela secundaria de la localidad de Sierra de la Ventana. Desde hace tres a\u00f1os, viajo todos los d\u00edas para cumplir con mi trabajo.<\/em><\/div>\n<div><span style=\"font-family: 'Times New Roman'; font-size: small;\"> <\/span><\/div>\n<div><em><span style=\"font-family: Calibri;\">Tengo la posibilidad y el privilegio de poder apreciar de la naturaleza creada por Dios en este hermoso lugar, cada vez que viajo.<\/span><\/em><\/div>\n<div><span style=\"font-family: 'Times New Roman'; font-size: small;\"> <\/span><\/div>\n<div><em><span style=\"font-family: Calibri;\">Me siento parte de la comunidad, quiero al distrito en cual trabajo, y pertenezco desde que nac\u00ed. Me\u00a0\u00a0considero una ciudadana responsable, con obligaciones y derechos.<\/span><\/em><\/div>\n<div><span style=\"font-family: 'Times New Roman'; font-size: small;\"> <\/span><\/div>\n<div><em><span style=\"font-family: Calibri;\">Y\u00a0\u00a0por tal motivo es que me animo a escribir esta carta.<\/span><\/em><\/div>\n<div><span style=\"font-family: 'Times New Roman'; font-size: small;\"> <\/span><\/div>\n<div><em><span style=\"font-family: Calibri;\">El\u00a0\u00a0d\u00eda 23\/8\u00a0\u00a0siendo las 6.50 hs, como es mi horario habitual en el que salgo de mi hogar para trabajar, me dirijo junto a mi padre a buscar a una compa\u00f1era que es preceptora de la misma escuela en la que trabajo, y desde all\u00ed partir\u00a0\u00a0hacia la localidad de Sierra de la Ventana.<\/span><\/em><\/div>\n<div><span style=\"font-family: 'Times New Roman'; font-size: small;\"> <\/span><\/div>\n<div><em><span style=\"font-family: Calibri;\">Siendo las 7.10hs aproximadamente, al llegar al abra de la ventana nos encontramos con que hab\u00eda hielo o escarcha en el asfalto, aspecto que no es muy f\u00e1cil visualizar y menos a tan temprana hora. Sobre un costado del abra un auto volcado y un cami\u00f3n en la banquina. Al pasar por el lugar nuestro veh\u00edculo se desliz\u00f3 muy r\u00e1pido, haci\u00e9ndose muy dif\u00edcil mantener el control del mismo nuevamente. Afortunadamente, luego de lo sucedido pudimos reincorporarnos y seguir adelante. Dios estaba ah\u00ed, y no nos pas\u00f3 nada.<\/span><\/em><\/div>\n<div><span style=\"font-family: 'Times New Roman'; font-size: small;\"> <\/span><\/div>\n<div><span style=\"font-family: Calibri;\"><em>Luego del susto por la situaci\u00f3n vivida, intentamos desde nuestros tel\u00e9fonos celulares comunicarnos con la polic\u00eda de Tornquist, los bomberos de Villa Ventana ya que observ\u00e1bamos el paso de otros veh\u00edculos, camiones y un colectivo, aspecto que nos caus\u00f3 m\u00e1s preocupaci\u00f3n a\u00fan. <\/em>Logramos ser atendidos\u00a0\u00a0en el 4941-071 en donde nos hicieron diferentes preguntas acerca de la situaci\u00f3n, sin darnos una respuesta satisfactoria a nuestro pedido. El tel\u00e9fono de emergencia nunca nos atendi\u00f3.<\/span><\/div>\n<div><span style=\"font-family: 'Times New Roman'; font-size: small;\"> <\/span><\/div>\n<div><span style=\"font-family: Calibri;\">Quiero aclarar y destacar que, en el horario que nosotros viaj\u00e1bamos no hab\u00eda nadie que estuviera cuidando y advirtiendo del peligro de la ruta por el hielo. Tambi\u00e9n circulaban otros veh\u00edculos que, lo hacen diariamente por razones laborales. Todos quedamos presos de una situaci\u00f3n \u00a8poco cuidada\u00a8, debido a la falta del personal correspondiente que controle o prevenga la situaci\u00f3n por las condiciones clim\u00e1ticas, que sumadas al mal estado en que se encuentra la ruta, pusieron en riesgo la vida de las personas que est\u00e1bamos viajando.<\/span><\/div>\n<div><span style=\"font-family: 'Times New Roman'; font-size: small;\"> <\/span><\/div>\n<div><span style=\"font-family: Calibri;\">Al llegar a la escuela, le pido a mi compa\u00f1era que es de la localidad, que llame\u00a0\u00a0a los bomberos para advertir lo que estaba sucediendo, quien amablemente accede y se comunica con el cuartel\u00a0\u00a0y, en donde es atendida por un bombero que le expresa, que ya estaban en conocimiento de lo sucedido porque hab\u00eda volcado un auto y que el m\u00f3vil policial de\u00a0\u00a0la localidad de Villa Ventana\u00a0\u00a0se hallaba en el\u00a0\u00a0lugar para prevenir.<\/span><\/div>\n<div><span style=\"font-family: 'Times New Roman'; font-size: small;\"> <\/span><\/div>\n<div><span style=\"font-family: Calibri;\">Concluyendo con el relato, mi preocupaci\u00f3n\u00a0\u00a0y mis interrogantes giran en torno al valor y al respeto que tenemos hacia\u00a0\u00a0la vida del otro, a la celeridad con que deber\u00edan hacerse las cosas y no se hacen, a las decisiones tomadas responsablemente y a tiempo.<\/span><\/div>\n<div><span style=\"font-family: 'Times New Roman'; font-size: small;\"> <\/span><\/div>\n<div><span style=\"font-family: Calibri;\">No es la intenci\u00f3n de esta carta, ni\u00a0\u00a0la de una cr\u00edtica\u00a0\u00a0ni la de\u00a0\u00a0una queja,\u00a0\u00a0es simplemente un llamado a la reflexi\u00f3n , a la solidaridad y compromiso como habitantes de este querido lugar, al ejercicio de una ciudadan\u00eda responsable que nos ayude a crecer en comunidad, que respete y se juegue por el valor de la vida humana.<\/span><\/div>\n<div><span style=\"font-family: 'Times New Roman'; font-size: small;\"> <\/span><\/div>\n<div><span style=\"font-family: Calibri;\"> Valeria Paola Berjecio<\/span><\/div>\n<div><span style=\"font-family: 'Times New Roman'; font-size: small;\"> <\/span><\/div>\n<div><span style=\"font-family: Calibri;\"> DNI 29360335<\/span><\/div>\n","protected":false},"excerpt":{"rendered":"<p>Mi nombre es\u00a0\u00a0Valeria,\u00a0\u00a0soy habitante de la localidad de Tornquist. Me desempe\u00f1o como docente en una escuela secundaria de la localidad de Sierra de la Ventana. Desde hace tres a\u00f1os, viajo todos los d\u00edas para cumplir con mi trabajo. Tengo la posibilidad y el privilegio de poder apreciar de la naturaleza creada por Dios en este [&hellip;]<\/p>\n","protected":false},"author":1,"featured_media":0,"comment_status":"closed","ping_status":"open","sticky":false,"template":"","format":"standard","meta":{"footnotes":""},"categories":[52,95],"tags":[],"class_list":["post-13289","post","type-post","status-publish","format-standard","hentry","category-destacadas","category-opiniones"],"yoast_head":"<!-- This site is optimized with the Yoast SEO plugin v19.7.1 - https:\/\/yoast.com\/wordpress\/plugins\/seo\/ -->\n<title>Carta de Lectores: &quot;UN LLAMADO A LA REFLEXION\u2026 &quot; - CELTTV<\/title>\n<meta name=\"description\" content=\"Sitio web de noticias de la localidad de Tornquist, provincia de Buenos Aires, Rep\u00fablica Argentina. Contenido propio originado por periodistas de CELTTV, el canal de TV local de la Cooperativa El\u00e9ctrica de Tornquist. Turismo, Pol\u00edtica, Sociedad, Deporte, Cultura y todo el contenido de inter\u00e9s general que la gente del pueblo y la regi\u00f3n debe conocer.\" \/>\n<meta name=\"robots\" content=\"index, follow, max-snippet:-1, max-image-preview:large, max-video-preview:-1\" \/>\n<link rel=\"canonical\" href=\"https:\/\/www.celttv.com.ar\/index.php\/2013\/08\/23\/un-llamado-a-la-reflexion\/\" \/>\n<meta property=\"og:locale\" content=\"es_ES\" \/>\n<meta property=\"og:type\" content=\"article\" \/>\n<meta property=\"og:title\" content=\"Carta de Lectores: &quot;UN LLAMADO A LA REFLEXION\u2026 &quot; - CELTTV\" \/>\n<meta property=\"og:description\" content=\"Sitio web de noticias de la localidad de Tornquist, provincia de Buenos Aires, Rep\u00fablica Argentina. Contenido propio originado por periodistas de CELTTV, el canal de TV local de la Cooperativa El\u00e9ctrica de Tornquist. Turismo, Pol\u00edtica, Sociedad, Deporte, Cultura y todo el contenido de inter\u00e9s general que la gente del pueblo y la regi\u00f3n debe conocer.\" \/>\n<meta property=\"og:url\" content=\"https:\/\/www.celttv.com.ar\/index.php\/2013\/08\/23\/un-llamado-a-la-reflexion\/\" \/>\n<meta property=\"og:site_name\" content=\"CELTTV\" \/>\n<meta property=\"article:publisher\" content=\"https:\/\/www.facebook.com\/celtTV\/\" \/>\n<meta property=\"article:published_time\" content=\"2013-08-23T20:58:02+00:00\" \/>\n<meta name=\"author\" content=\"ulises\" \/>\n<meta name=\"twitter:card\" content=\"summary_large_image\" \/>\n<meta name=\"twitter:label1\" content=\"Escrito por\" \/>\n\t<meta name=\"twitter:data1\" content=\"ulises\" \/>\n\t<meta name=\"twitter:label2\" content=\"Tiempo de lectura\" \/>\n\t<meta name=\"twitter:data2\" content=\"3 minutos\" \/>\n<script type=\"application\/ld+json\" class=\"yoast-schema-graph\">{\"@context\":\"https:\/\/schema.org\",\"@graph\":[{\"@type\":\"NewsArticle\",\"@id\":\"https:\/\/www.celttv.com.ar\/index.php\/2013\/08\/23\/un-llamado-a-la-reflexion\/#article\",\"isPartOf\":{\"@id\":\"https:\/\/www.celttv.com.ar\/index.php\/2013\/08\/23\/un-llamado-a-la-reflexion\/\"},\"author\":{\"name\":\"ulises\",\"@id\":\"https:\/\/www.celttv.com.ar\/#\/schema\/person\/6d99c072dba59953809c81446e9d0ace\"},\"headline\":\"Carta de Lectores: &#8220;UN LLAMADO A LA REFLEXION\u2026 &#8220;\",\"datePublished\":\"2013-08-23T20:58:02+00:00\",\"dateModified\":\"2013-08-23T20:58:02+00:00\",\"mainEntityOfPage\":{\"@id\":\"https:\/\/www.celttv.com.ar\/index.php\/2013\/08\/23\/un-llamado-a-la-reflexion\/\"},\"wordCount\":632,\"publisher\":{\"@id\":\"https:\/\/www.celttv.com.ar\/#organization\"},\"articleSection\":[\"Destacadas\",\"Opiniones\"],\"inLanguage\":\"es\"},{\"@type\":\"WebPage\",\"@id\":\"https:\/\/www.celttv.com.ar\/index.php\/2013\/08\/23\/un-llamado-a-la-reflexion\/\",\"url\":\"https:\/\/www.celttv.com.ar\/index.php\/2013\/08\/23\/un-llamado-a-la-reflexion\/\",\"name\":\"Carta de Lectores: \\\"UN LLAMADO A LA REFLEXION\u2026 \\\" - CELTTV\",\"isPartOf\":{\"@id\":\"https:\/\/www.celttv.com.ar\/#website\"},\"datePublished\":\"2013-08-23T20:58:02+00:00\",\"dateModified\":\"2013-08-23T20:58:02+00:00\",\"description\":\"Sitio web de noticias de la localidad de Tornquist, provincia de Buenos Aires, Rep\u00fablica Argentina. Contenido propio originado por periodistas de CELTTV, el canal de TV local de la Cooperativa El\u00e9ctrica de Tornquist. Turismo, Pol\u00edtica, Sociedad, Deporte, Cultura y todo el contenido de inter\u00e9s general que la gente del pueblo y la regi\u00f3n debe conocer.\",\"breadcrumb\":{\"@id\":\"https:\/\/www.celttv.com.ar\/index.php\/2013\/08\/23\/un-llamado-a-la-reflexion\/#breadcrumb\"},\"inLanguage\":\"es\",\"potentialAction\":[{\"@type\":\"ReadAction\",\"target\":[\"https:\/\/www.celttv.com.ar\/index.php\/2013\/08\/23\/un-llamado-a-la-reflexion\/\"]}]},{\"@type\":\"BreadcrumbList\",\"@id\":\"https:\/\/www.celttv.com.ar\/index.php\/2013\/08\/23\/un-llamado-a-la-reflexion\/#breadcrumb\",\"itemListElement\":[{\"@type\":\"ListItem\",\"position\":1,\"name\":\"Inicio\",\"item\":\"https:\/\/www.celttv.com.ar\/\"},{\"@type\":\"ListItem\",\"position\":2,\"name\":\"Carta de Lectores: &#8220;UN LLAMADO A LA REFLEXION\u2026 &#8220;\"}]},{\"@type\":\"WebSite\",\"@id\":\"https:\/\/www.celttv.com.ar\/#website\",\"url\":\"https:\/\/www.celttv.com.ar\/\",\"name\":\"CELTTV\",\"description\":\"Cooperativa El\u00e9ctrica de Tornquist\",\"publisher\":{\"@id\":\"https:\/\/www.celttv.com.ar\/#organization\"},\"potentialAction\":[{\"@type\":\"SearchAction\",\"target\":{\"@type\":\"EntryPoint\",\"urlTemplate\":\"https:\/\/www.celttv.com.ar\/?s={search_term_string}\"},\"query-input\":\"required name=search_term_string\"}],\"inLanguage\":\"es\"},{\"@type\":\"Organization\",\"@id\":\"https:\/\/www.celttv.com.ar\/#organization\",\"name\":\"CELTTV\",\"url\":\"https:\/\/www.celttv.com.ar\/\",\"sameAs\":[\"https:\/\/www.youtube.com\/channel\/UCz_oIt8Hig64Ub-EmcNPIhg\",\"https:\/\/www.facebook.com\/celtTV\/\"],\"logo\":{\"@type\":\"ImageObject\",\"inLanguage\":\"es\",\"@id\":\"https:\/\/www.celttv.com.ar\/#\/schema\/logo\/image\/\",\"url\":\"http:\/\/www.celttv.com.ar\/wp-content\/uploads\/2022\/08\/logo-1.png\",\"contentUrl\":\"http:\/\/www.celttv.com.ar\/wp-content\/uploads\/2022\/08\/logo-1.png\",\"width\":461,\"height\":159,\"caption\":\"CELTTV\"},\"image\":{\"@id\":\"https:\/\/www.celttv.com.ar\/#\/schema\/logo\/image\/\"}},{\"@type\":\"Person\",\"@id\":\"https:\/\/www.celttv.com.ar\/#\/schema\/person\/6d99c072dba59953809c81446e9d0ace\",\"name\":\"ulises\",\"image\":{\"@type\":\"ImageObject\",\"inLanguage\":\"es\",\"@id\":\"https:\/\/www.celttv.com.ar\/#\/schema\/person\/image\/\",\"url\":\"https:\/\/secure.gravatar.com\/avatar\/7f2c48bdc33b30088f941fb6082e555f2874c98e20cb159d7b92b50eadfce793?s=96&d=mm&r=g\",\"contentUrl\":\"https:\/\/secure.gravatar.com\/avatar\/7f2c48bdc33b30088f941fb6082e555f2874c98e20cb159d7b92b50eadfce793?s=96&d=mm&r=g\",\"caption\":\"ulises\"},\"sameAs\":[\"http:\/\/www.celttv.com.ar\"]}]}<\/script>\n<!-- \/ Yoast SEO plugin. -->","yoast_head_json":{"title":"Carta de Lectores: \"UN LLAMADO A LA REFLEXION\u2026 \" - CELTTV","description":"Sitio web de noticias de la localidad de Tornquist, provincia de Buenos Aires, Rep\u00fablica Argentina. Contenido propio originado por periodistas de CELTTV, el canal de TV local de la Cooperativa El\u00e9ctrica de Tornquist. Turismo, Pol\u00edtica, Sociedad, Deporte, Cultura y todo el contenido de inter\u00e9s general que la gente del pueblo y la regi\u00f3n debe conocer.","robots":{"index":"index","follow":"follow","max-snippet":"max-snippet:-1","max-image-preview":"max-image-preview:large","max-video-preview":"max-video-preview:-1"},"canonical":"https:\/\/www.celttv.com.ar\/index.php\/2013\/08\/23\/un-llamado-a-la-reflexion\/","og_locale":"es_ES","og_type":"article","og_title":"Carta de Lectores: \"UN LLAMADO A LA REFLEXION\u2026 \" - CELTTV","og_description":"Sitio web de noticias de la localidad de Tornquist, provincia de Buenos Aires, Rep\u00fablica Argentina. Contenido propio originado por periodistas de CELTTV, el canal de TV local de la Cooperativa El\u00e9ctrica de Tornquist. Turismo, Pol\u00edtica, Sociedad, Deporte, Cultura y todo el contenido de inter\u00e9s general que la gente del pueblo y la regi\u00f3n debe conocer.","og_url":"https:\/\/www.celttv.com.ar\/index.php\/2013\/08\/23\/un-llamado-a-la-reflexion\/","og_site_name":"CELTTV","article_publisher":"https:\/\/www.facebook.com\/celtTV\/","article_published_time":"2013-08-23T20:58:02+00:00","author":"ulises","twitter_card":"summary_large_image","twitter_misc":{"Escrito por":"ulises","Tiempo de lectura":"3 minutos"},"schema":{"@context":"https:\/\/schema.org","@graph":[{"@type":"NewsArticle","@id":"https:\/\/www.celttv.com.ar\/index.php\/2013\/08\/23\/un-llamado-a-la-reflexion\/#article","isPartOf":{"@id":"https:\/\/www.celttv.com.ar\/index.php\/2013\/08\/23\/un-llamado-a-la-reflexion\/"},"author":{"name":"ulises","@id":"https:\/\/www.celttv.com.ar\/#\/schema\/person\/6d99c072dba59953809c81446e9d0ace"},"headline":"Carta de Lectores: &#8220;UN LLAMADO A LA REFLEXION\u2026 &#8220;","datePublished":"2013-08-23T20:58:02+00:00","dateModified":"2013-08-23T20:58:02+00:00","mainEntityOfPage":{"@id":"https:\/\/www.celttv.com.ar\/index.php\/2013\/08\/23\/un-llamado-a-la-reflexion\/"},"wordCount":632,"publisher":{"@id":"https:\/\/www.celttv.com.ar\/#organization"},"articleSection":["Destacadas","Opiniones"],"inLanguage":"es"},{"@type":"WebPage","@id":"https:\/\/www.celttv.com.ar\/index.php\/2013\/08\/23\/un-llamado-a-la-reflexion\/","url":"https:\/\/www.celttv.com.ar\/index.php\/2013\/08\/23\/un-llamado-a-la-reflexion\/","name":"Carta de Lectores: \"UN LLAMADO A LA REFLEXION\u2026 \" - CELTTV","isPartOf":{"@id":"https:\/\/www.celttv.com.ar\/#website"},"datePublished":"2013-08-23T20:58:02+00:00","dateModified":"2013-08-23T20:58:02+00:00","description":"Sitio web de noticias de la localidad de Tornquist, provincia de Buenos Aires, Rep\u00fablica Argentina. Contenido propio originado por periodistas de CELTTV, el canal de TV local de la Cooperativa El\u00e9ctrica de Tornquist. Turismo, Pol\u00edtica, Sociedad, Deporte, Cultura y todo el contenido de inter\u00e9s general que la gente del pueblo y la regi\u00f3n debe conocer.","breadcrumb":{"@id":"https:\/\/www.celttv.com.ar\/index.php\/2013\/08\/23\/un-llamado-a-la-reflexion\/#breadcrumb"},"inLanguage":"es","potentialAction":[{"@type":"ReadAction","target":["https:\/\/www.celttv.com.ar\/index.php\/2013\/08\/23\/un-llamado-a-la-reflexion\/"]}]},{"@type":"BreadcrumbList","@id":"https:\/\/www.celttv.com.ar\/index.php\/2013\/08\/23\/un-llamado-a-la-reflexion\/#breadcrumb","itemListElement":[{"@type":"ListItem","position":1,"name":"Inicio","item":"https:\/\/www.celttv.com.ar\/"},{"@type":"ListItem","position":2,"name":"Carta de Lectores: &#8220;UN LLAMADO A LA REFLEXION\u2026 &#8220;"}]},{"@type":"WebSite","@id":"https:\/\/www.celttv.com.ar\/#website","url":"https:\/\/www.celttv.com.ar\/","name":"CELTTV","description":"Cooperativa El\u00e9ctrica de Tornquist","publisher":{"@id":"https:\/\/www.celttv.com.ar\/#organization"},"potentialAction":[{"@type":"SearchAction","target":{"@type":"EntryPoint","urlTemplate":"https:\/\/www.celttv.com.ar\/?s={search_term_string}"},"query-input":"required name=search_term_string"}],"inLanguage":"es"},{"@type":"Organization","@id":"https:\/\/www.celttv.com.ar\/#organization","name":"CELTTV","url":"https:\/\/www.celttv.com.ar\/","sameAs":["https:\/\/www.youtube.com\/channel\/UCz_oIt8Hig64Ub-EmcNPIhg","https:\/\/www.facebook.com\/celtTV\/"],"logo":{"@type":"ImageObject","inLanguage":"es","@id":"https:\/\/www.celttv.com.ar\/#\/schema\/logo\/image\/","url":"http:\/\/www.celttv.com.ar\/wp-content\/uploads\/2022\/08\/logo-1.png","contentUrl":"http:\/\/www.celttv.com.ar\/wp-content\/uploads\/2022\/08\/logo-1.png","width":461,"height":159,"caption":"CELTTV"},"image":{"@id":"https:\/\/www.celttv.com.ar\/#\/schema\/logo\/image\/"}},{"@type":"Person","@id":"https:\/\/www.celttv.com.ar\/#\/schema\/person\/6d99c072dba59953809c81446e9d0ace","name":"ulises","image":{"@type":"ImageObject","inLanguage":"es","@id":"https:\/\/www.celttv.com.ar\/#\/schema\/person\/image\/","url":"https:\/\/secure.gravatar.com\/avatar\/7f2c48bdc33b30088f941fb6082e555f2874c98e20cb159d7b92b50eadfce793?s=96&d=mm&r=g","contentUrl":"https:\/\/secure.gravatar.com\/avatar\/7f2c48bdc33b30088f941fb6082e555f2874c98e20cb159d7b92b50eadfce793?s=96&d=mm&r=g","caption":"ulises"},"sameAs":["http:\/\/www.celttv.com.ar"]}]}},"_links":{"self":[{"href":"https:\/\/www.celttv.com.ar\/index.php\/wp-json\/wp\/v2\/posts\/13289","targetHints":{"allow":["GET"]}}],"collection":[{"href":"https:\/\/www.celttv.com.ar\/index.php\/wp-json\/wp\/v2\/posts"}],"about":[{"href":"https:\/\/www.celttv.com.ar\/index.php\/wp-json\/wp\/v2\/types\/post"}],"author":[{"embeddable":true,"href":"https:\/\/www.celttv.com.ar\/index.php\/wp-json\/wp\/v2\/users\/1"}],"replies":[{"embeddable":true,"href":"https:\/\/www.celttv.com.ar\/index.php\/wp-json\/wp\/v2\/comments?post=13289"}],"version-history":[{"count":0,"href":"https:\/\/www.celttv.com.ar\/index.php\/wp-json\/wp\/v2\/posts\/13289\/revisions"}],"wp:attachment":[{"href":"https:\/\/www.celttv.com.ar\/index.php\/wp-json\/wp\/v2\/media?parent=13289"}],"wp:term":[{"taxonomy":"category","embeddable":true,"href":"https:\/\/www.celttv.com.ar\/index.php\/wp-json\/wp\/v2\/categories?post=13289"},{"taxonomy":"post_tag","embeddable":true,"href":"https:\/\/www.celttv.com.ar\/index.php\/wp-json\/wp\/v2\/tags?post=13289"}],"curies":[{"name":"wp","href":"https:\/\/api.w.org\/{rel}","templated":true}]}}