{"id":13313,"date":"2013-08-25T14:30:24","date_gmt":"2013-08-25T14:30:24","guid":{"rendered":"http:\/\/www.tvcnoticias.com.ar\/?p=13313"},"modified":"2013-08-25T14:30:24","modified_gmt":"2013-08-25T14:30:24","slug":"fue-presentado-el-libro-lopez-lecube-mi-pueblo-de-la-escritora-maria-eva-larralde-de-gabella-ampliaremos-con-imagenes-y-entrevistas","status":"publish","type":"post","link":"https:\/\/www.celttv.com.ar\/index.php\/2013\/08\/25\/fue-presentado-el-libro-lopez-lecube-mi-pueblo-de-la-escritora-maria-eva-larralde-de-gabella-ampliaremos-con-imagenes-y-entrevistas\/","title":{"rendered":"FUE PRESENTADO EL LIBRO &#8220;LOPEZ LECUBE, MI PUEBLO&#8221; de la escritora Mar\u00eda Eva Larralde de Gabella (AUDIO: Nota con la escritora) (ampliaremos con im\u00e1genes y entrevistas)"},"content":{"rendered":"<p>En el marco de un nuevo Cafe Literario Musical realizado en la Biblioteca Popular Ernesto Tornquist, y celebrando el D\u00eda del Folklore, fue presentado el pasado viernes el libro LOPEZ LECUBE, MI PUEBLO de la escritora Mar\u00eda Eva Larralde de Gabella.<br \/>\nTambien se cont\u00f3 con la estupenda actuaci\u00f3n de EL CORAL DE LAS SIERRAS, integrado por coreutas de Sierra de la Ventana, Tornquist, Saldungaray y Villa Ventana. &#8220;Cachi&#8221; Conti y su nieto Agust\u00edn Milano (guitarra), sumado al aporte de Omar Araya y la Escuela Folkl\u00f3rica Municipal, redondearon un excelente espect\u00e1culo, que en sus primeros pasajes fue emitido en directo por Tornqust Video Cable, cuyas c\u00e1maras filmaron la totalidad del evento que ser\u00e1 emitido en sus distintos espacios.<br \/>\n[audio:http:\/\/www.tvcnoticias.com.ar\/wp-content\/uploads\/2013\/08\/ELVA-LARRALDE-DE-GABELLA.mp3|titles=ELVA LARRALDE DE GABELLA]<br \/>\n<\/p>\n","protected":false},"excerpt":{"rendered":"<p>En el marco de un nuevo Cafe Literario Musical realizado en la Biblioteca Popular Ernesto Tornquist, y celebrando el D\u00eda del Folklore, fue presentado el pasado viernes el libro LOPEZ LECUBE, MI PUEBLO de la escritora Mar\u00eda Eva Larralde de Gabella. Tambien se cont\u00f3 con la estupenda actuaci\u00f3n de EL CORAL DE LAS SIERRAS, integrado [&hellip;]<\/p>\n","protected":false},"author":1,"featured_media":0,"comment_status":"closed","ping_status":"open","sticky":false,"template":"","format":"standard","meta":{"footnotes":""},"categories":[51,52,56],"tags":[],"class_list":["post-13313","post","type-post","status-publish","format-standard","hentry","category-comunidad","category-destacadas","category-espectaculos"],"yoast_head":"<!-- This site is optimized with the Yoast SEO plugin v19.7.1 - https:\/\/yoast.com\/wordpress\/plugins\/seo\/ -->\n<title>FUE PRESENTADO EL LIBRO &quot;LOPEZ LECUBE, MI PUEBLO&quot; de la escritora Mar\u00eda Eva Larralde de Gabella (AUDIO: Nota con la escritora) (ampliaremos con im\u00e1genes y entrevistas) - CELTTV<\/title>\n<meta name=\"description\" content=\"Sitio web de noticias de la localidad de Tornquist, provincia de Buenos Aires, Rep\u00fablica Argentina. Contenido propio originado por periodistas de CELTTV, el canal de TV local de la Cooperativa El\u00e9ctrica de Tornquist. Turismo, Pol\u00edtica, Sociedad, Deporte, Cultura y todo el contenido de inter\u00e9s general que la gente del pueblo y la regi\u00f3n debe conocer.\" \/>\n<meta name=\"robots\" content=\"index, follow, max-snippet:-1, max-image-preview:large, max-video-preview:-1\" \/>\n<link rel=\"canonical\" href=\"https:\/\/www.celttv.com.ar\/index.php\/2013\/08\/25\/fue-presentado-el-libro-lopez-lecube-mi-pueblo-de-la-escritora-maria-eva-larralde-de-gabella-ampliaremos-con-imagenes-y-entrevistas\/\" \/>\n<meta property=\"og:locale\" content=\"es_ES\" \/>\n<meta property=\"og:type\" content=\"article\" \/>\n<meta property=\"og:title\" content=\"FUE PRESENTADO EL LIBRO &quot;LOPEZ LECUBE, MI PUEBLO&quot; de la escritora Mar\u00eda Eva Larralde de Gabella (AUDIO: Nota con la escritora) (ampliaremos con im\u00e1genes y entrevistas) - CELTTV\" \/>\n<meta property=\"og:description\" content=\"Sitio web de noticias de la localidad de Tornquist, provincia de Buenos Aires, Rep\u00fablica Argentina. Contenido propio originado por periodistas de CELTTV, el canal de TV local de la Cooperativa El\u00e9ctrica de Tornquist. Turismo, Pol\u00edtica, Sociedad, Deporte, Cultura y todo el contenido de inter\u00e9s general que la gente del pueblo y la regi\u00f3n debe conocer.\" \/>\n<meta property=\"og:url\" content=\"https:\/\/www.celttv.com.ar\/index.php\/2013\/08\/25\/fue-presentado-el-libro-lopez-lecube-mi-pueblo-de-la-escritora-maria-eva-larralde-de-gabella-ampliaremos-con-imagenes-y-entrevistas\/\" \/>\n<meta property=\"og:site_name\" content=\"CELTTV\" \/>\n<meta property=\"article:publisher\" content=\"https:\/\/www.facebook.com\/celtTV\/\" \/>\n<meta property=\"article:published_time\" content=\"2013-08-25T14:30:24+00:00\" \/>\n<meta name=\"author\" content=\"ulises\" \/>\n<meta name=\"twitter:card\" content=\"summary_large_image\" \/>\n<meta name=\"twitter:label1\" content=\"Escrito por\" \/>\n\t<meta name=\"twitter:data1\" content=\"ulises\" \/>\n\t<meta name=\"twitter:label2\" content=\"Tiempo de lectura\" \/>\n\t<meta name=\"twitter:data2\" content=\"1 minuto\" \/>\n<script type=\"application\/ld+json\" class=\"yoast-schema-graph\">{\"@context\":\"https:\/\/schema.org\",\"@graph\":[{\"@type\":\"NewsArticle\",\"@id\":\"https:\/\/www.celttv.com.ar\/index.php\/2013\/08\/25\/fue-presentado-el-libro-lopez-lecube-mi-pueblo-de-la-escritora-maria-eva-larralde-de-gabella-ampliaremos-con-imagenes-y-entrevistas\/#article\",\"isPartOf\":{\"@id\":\"https:\/\/www.celttv.com.ar\/index.php\/2013\/08\/25\/fue-presentado-el-libro-lopez-lecube-mi-pueblo-de-la-escritora-maria-eva-larralde-de-gabella-ampliaremos-con-imagenes-y-entrevistas\/\"},\"author\":{\"name\":\"ulises\",\"@id\":\"https:\/\/www.celttv.com.ar\/#\/schema\/person\/6d99c072dba59953809c81446e9d0ace\"},\"headline\":\"FUE PRESENTADO EL LIBRO &#8220;LOPEZ LECUBE, MI PUEBLO&#8221; de la escritora Mar\u00eda Eva Larralde de Gabella (AUDIO: Nota con la escritora) (ampliaremos con im\u00e1genes y entrevistas)\",\"datePublished\":\"2013-08-25T14:30:24+00:00\",\"dateModified\":\"2013-08-25T14:30:24+00:00\",\"mainEntityOfPage\":{\"@id\":\"https:\/\/www.celttv.com.ar\/index.php\/2013\/08\/25\/fue-presentado-el-libro-lopez-lecube-mi-pueblo-de-la-escritora-maria-eva-larralde-de-gabella-ampliaremos-con-imagenes-y-entrevistas\/\"},\"wordCount\":171,\"publisher\":{\"@id\":\"https:\/\/www.celttv.com.ar\/#organization\"},\"articleSection\":[\"Comunidad\",\"Destacadas\",\"Espect\u00e1culos\"],\"inLanguage\":\"es\"},{\"@type\":\"WebPage\",\"@id\":\"https:\/\/www.celttv.com.ar\/index.php\/2013\/08\/25\/fue-presentado-el-libro-lopez-lecube-mi-pueblo-de-la-escritora-maria-eva-larralde-de-gabella-ampliaremos-con-imagenes-y-entrevistas\/\",\"url\":\"https:\/\/www.celttv.com.ar\/index.php\/2013\/08\/25\/fue-presentado-el-libro-lopez-lecube-mi-pueblo-de-la-escritora-maria-eva-larralde-de-gabella-ampliaremos-con-imagenes-y-entrevistas\/\",\"name\":\"FUE PRESENTADO EL LIBRO \\\"LOPEZ LECUBE, MI PUEBLO\\\" de la escritora Mar\u00eda Eva Larralde de Gabella (AUDIO: Nota con la escritora) (ampliaremos con im\u00e1genes y entrevistas) - CELTTV\",\"isPartOf\":{\"@id\":\"https:\/\/www.celttv.com.ar\/#website\"},\"datePublished\":\"2013-08-25T14:30:24+00:00\",\"dateModified\":\"2013-08-25T14:30:24+00:00\",\"description\":\"Sitio web de noticias de la localidad de Tornquist, provincia de Buenos Aires, Rep\u00fablica Argentina. Contenido propio originado por periodistas de CELTTV, el canal de TV local de la Cooperativa El\u00e9ctrica de Tornquist. Turismo, Pol\u00edtica, Sociedad, Deporte, Cultura y todo el contenido de inter\u00e9s general que la gente del pueblo y la regi\u00f3n debe conocer.\",\"breadcrumb\":{\"@id\":\"https:\/\/www.celttv.com.ar\/index.php\/2013\/08\/25\/fue-presentado-el-libro-lopez-lecube-mi-pueblo-de-la-escritora-maria-eva-larralde-de-gabella-ampliaremos-con-imagenes-y-entrevistas\/#breadcrumb\"},\"inLanguage\":\"es\",\"potentialAction\":[{\"@type\":\"ReadAction\",\"target\":[\"https:\/\/www.celttv.com.ar\/index.php\/2013\/08\/25\/fue-presentado-el-libro-lopez-lecube-mi-pueblo-de-la-escritora-maria-eva-larralde-de-gabella-ampliaremos-con-imagenes-y-entrevistas\/\"]}]},{\"@type\":\"BreadcrumbList\",\"@id\":\"https:\/\/www.celttv.com.ar\/index.php\/2013\/08\/25\/fue-presentado-el-libro-lopez-lecube-mi-pueblo-de-la-escritora-maria-eva-larralde-de-gabella-ampliaremos-con-imagenes-y-entrevistas\/#breadcrumb\",\"itemListElement\":[{\"@type\":\"ListItem\",\"position\":1,\"name\":\"Inicio\",\"item\":\"https:\/\/www.celttv.com.ar\/\"},{\"@type\":\"ListItem\",\"position\":2,\"name\":\"FUE PRESENTADO EL LIBRO &#8220;LOPEZ LECUBE, MI PUEBLO&#8221; de la escritora Mar\u00eda Eva Larralde de Gabella (AUDIO: Nota con la escritora) (ampliaremos con im\u00e1genes y entrevistas)\"}]},{\"@type\":\"WebSite\",\"@id\":\"https:\/\/www.celttv.com.ar\/#website\",\"url\":\"https:\/\/www.celttv.com.ar\/\",\"name\":\"CELTTV\",\"description\":\"Cooperativa El\u00e9ctrica de Tornquist\",\"publisher\":{\"@id\":\"https:\/\/www.celttv.com.ar\/#organization\"},\"potentialAction\":[{\"@type\":\"SearchAction\",\"target\":{\"@type\":\"EntryPoint\",\"urlTemplate\":\"https:\/\/www.celttv.com.ar\/?s={search_term_string}\"},\"query-input\":\"required name=search_term_string\"}],\"inLanguage\":\"es\"},{\"@type\":\"Organization\",\"@id\":\"https:\/\/www.celttv.com.ar\/#organization\",\"name\":\"CELTTV\",\"url\":\"https:\/\/www.celttv.com.ar\/\",\"sameAs\":[\"https:\/\/www.youtube.com\/channel\/UCz_oIt8Hig64Ub-EmcNPIhg\",\"https:\/\/www.facebook.com\/celtTV\/\"],\"logo\":{\"@type\":\"ImageObject\",\"inLanguage\":\"es\",\"@id\":\"https:\/\/www.celttv.com.ar\/#\/schema\/logo\/image\/\",\"url\":\"http:\/\/www.celttv.com.ar\/wp-content\/uploads\/2022\/08\/logo-1.png\",\"contentUrl\":\"http:\/\/www.celttv.com.ar\/wp-content\/uploads\/2022\/08\/logo-1.png\",\"width\":461,\"height\":159,\"caption\":\"CELTTV\"},\"image\":{\"@id\":\"https:\/\/www.celttv.com.ar\/#\/schema\/logo\/image\/\"}},{\"@type\":\"Person\",\"@id\":\"https:\/\/www.celttv.com.ar\/#\/schema\/person\/6d99c072dba59953809c81446e9d0ace\",\"name\":\"ulises\",\"image\":{\"@type\":\"ImageObject\",\"inLanguage\":\"es\",\"@id\":\"https:\/\/www.celttv.com.ar\/#\/schema\/person\/image\/\",\"url\":\"https:\/\/secure.gravatar.com\/avatar\/7f2c48bdc33b30088f941fb6082e555f2874c98e20cb159d7b92b50eadfce793?s=96&d=mm&r=g\",\"contentUrl\":\"https:\/\/secure.gravatar.com\/avatar\/7f2c48bdc33b30088f941fb6082e555f2874c98e20cb159d7b92b50eadfce793?s=96&d=mm&r=g\",\"caption\":\"ulises\"},\"sameAs\":[\"http:\/\/www.celttv.com.ar\"]}]}<\/script>\n<!-- \/ Yoast SEO plugin. -->","yoast_head_json":{"title":"FUE PRESENTADO EL LIBRO \"LOPEZ LECUBE, MI PUEBLO\" de la escritora Mar\u00eda Eva Larralde de Gabella (AUDIO: Nota con la escritora) (ampliaremos con im\u00e1genes y entrevistas) - CELTTV","description":"Sitio web de noticias de la localidad de Tornquist, provincia de Buenos Aires, Rep\u00fablica Argentina. Contenido propio originado por periodistas de CELTTV, el canal de TV local de la Cooperativa El\u00e9ctrica de Tornquist. Turismo, Pol\u00edtica, Sociedad, Deporte, Cultura y todo el contenido de inter\u00e9s general que la gente del pueblo y la regi\u00f3n debe conocer.","robots":{"index":"index","follow":"follow","max-snippet":"max-snippet:-1","max-image-preview":"max-image-preview:large","max-video-preview":"max-video-preview:-1"},"canonical":"https:\/\/www.celttv.com.ar\/index.php\/2013\/08\/25\/fue-presentado-el-libro-lopez-lecube-mi-pueblo-de-la-escritora-maria-eva-larralde-de-gabella-ampliaremos-con-imagenes-y-entrevistas\/","og_locale":"es_ES","og_type":"article","og_title":"FUE PRESENTADO EL LIBRO \"LOPEZ LECUBE, MI PUEBLO\" de la escritora Mar\u00eda Eva Larralde de Gabella (AUDIO: Nota con la escritora) (ampliaremos con im\u00e1genes y entrevistas) - CELTTV","og_description":"Sitio web de noticias de la localidad de Tornquist, provincia de Buenos Aires, Rep\u00fablica Argentina. Contenido propio originado por periodistas de CELTTV, el canal de TV local de la Cooperativa El\u00e9ctrica de Tornquist. Turismo, Pol\u00edtica, Sociedad, Deporte, Cultura y todo el contenido de inter\u00e9s general que la gente del pueblo y la regi\u00f3n debe conocer.","og_url":"https:\/\/www.celttv.com.ar\/index.php\/2013\/08\/25\/fue-presentado-el-libro-lopez-lecube-mi-pueblo-de-la-escritora-maria-eva-larralde-de-gabella-ampliaremos-con-imagenes-y-entrevistas\/","og_site_name":"CELTTV","article_publisher":"https:\/\/www.facebook.com\/celtTV\/","article_published_time":"2013-08-25T14:30:24+00:00","author":"ulises","twitter_card":"summary_large_image","twitter_misc":{"Escrito por":"ulises","Tiempo de lectura":"1 minuto"},"schema":{"@context":"https:\/\/schema.org","@graph":[{"@type":"NewsArticle","@id":"https:\/\/www.celttv.com.ar\/index.php\/2013\/08\/25\/fue-presentado-el-libro-lopez-lecube-mi-pueblo-de-la-escritora-maria-eva-larralde-de-gabella-ampliaremos-con-imagenes-y-entrevistas\/#article","isPartOf":{"@id":"https:\/\/www.celttv.com.ar\/index.php\/2013\/08\/25\/fue-presentado-el-libro-lopez-lecube-mi-pueblo-de-la-escritora-maria-eva-larralde-de-gabella-ampliaremos-con-imagenes-y-entrevistas\/"},"author":{"name":"ulises","@id":"https:\/\/www.celttv.com.ar\/#\/schema\/person\/6d99c072dba59953809c81446e9d0ace"},"headline":"FUE PRESENTADO EL LIBRO &#8220;LOPEZ LECUBE, MI PUEBLO&#8221; de la escritora Mar\u00eda Eva Larralde de Gabella (AUDIO: Nota con la escritora) (ampliaremos con im\u00e1genes y entrevistas)","datePublished":"2013-08-25T14:30:24+00:00","dateModified":"2013-08-25T14:30:24+00:00","mainEntityOfPage":{"@id":"https:\/\/www.celttv.com.ar\/index.php\/2013\/08\/25\/fue-presentado-el-libro-lopez-lecube-mi-pueblo-de-la-escritora-maria-eva-larralde-de-gabella-ampliaremos-con-imagenes-y-entrevistas\/"},"wordCount":171,"publisher":{"@id":"https:\/\/www.celttv.com.ar\/#organization"},"articleSection":["Comunidad","Destacadas","Espect\u00e1culos"],"inLanguage":"es"},{"@type":"WebPage","@id":"https:\/\/www.celttv.com.ar\/index.php\/2013\/08\/25\/fue-presentado-el-libro-lopez-lecube-mi-pueblo-de-la-escritora-maria-eva-larralde-de-gabella-ampliaremos-con-imagenes-y-entrevistas\/","url":"https:\/\/www.celttv.com.ar\/index.php\/2013\/08\/25\/fue-presentado-el-libro-lopez-lecube-mi-pueblo-de-la-escritora-maria-eva-larralde-de-gabella-ampliaremos-con-imagenes-y-entrevistas\/","name":"FUE PRESENTADO EL LIBRO \"LOPEZ LECUBE, MI PUEBLO\" de la escritora Mar\u00eda Eva Larralde de Gabella (AUDIO: Nota con la escritora) (ampliaremos con im\u00e1genes y entrevistas) - CELTTV","isPartOf":{"@id":"https:\/\/www.celttv.com.ar\/#website"},"datePublished":"2013-08-25T14:30:24+00:00","dateModified":"2013-08-25T14:30:24+00:00","description":"Sitio web de noticias de la localidad de Tornquist, provincia de Buenos Aires, Rep\u00fablica Argentina. Contenido propio originado por periodistas de CELTTV, el canal de TV local de la Cooperativa El\u00e9ctrica de Tornquist. Turismo, Pol\u00edtica, Sociedad, Deporte, Cultura y todo el contenido de inter\u00e9s general que la gente del pueblo y la regi\u00f3n debe conocer.","breadcrumb":{"@id":"https:\/\/www.celttv.com.ar\/index.php\/2013\/08\/25\/fue-presentado-el-libro-lopez-lecube-mi-pueblo-de-la-escritora-maria-eva-larralde-de-gabella-ampliaremos-con-imagenes-y-entrevistas\/#breadcrumb"},"inLanguage":"es","potentialAction":[{"@type":"ReadAction","target":["https:\/\/www.celttv.com.ar\/index.php\/2013\/08\/25\/fue-presentado-el-libro-lopez-lecube-mi-pueblo-de-la-escritora-maria-eva-larralde-de-gabella-ampliaremos-con-imagenes-y-entrevistas\/"]}]},{"@type":"BreadcrumbList","@id":"https:\/\/www.celttv.com.ar\/index.php\/2013\/08\/25\/fue-presentado-el-libro-lopez-lecube-mi-pueblo-de-la-escritora-maria-eva-larralde-de-gabella-ampliaremos-con-imagenes-y-entrevistas\/#breadcrumb","itemListElement":[{"@type":"ListItem","position":1,"name":"Inicio","item":"https:\/\/www.celttv.com.ar\/"},{"@type":"ListItem","position":2,"name":"FUE PRESENTADO EL LIBRO &#8220;LOPEZ LECUBE, MI PUEBLO&#8221; de la escritora Mar\u00eda Eva Larralde de Gabella (AUDIO: Nota con la escritora) (ampliaremos con im\u00e1genes y entrevistas)"}]},{"@type":"WebSite","@id":"https:\/\/www.celttv.com.ar\/#website","url":"https:\/\/www.celttv.com.ar\/","name":"CELTTV","description":"Cooperativa El\u00e9ctrica de Tornquist","publisher":{"@id":"https:\/\/www.celttv.com.ar\/#organization"},"potentialAction":[{"@type":"SearchAction","target":{"@type":"EntryPoint","urlTemplate":"https:\/\/www.celttv.com.ar\/?s={search_term_string}"},"query-input":"required name=search_term_string"}],"inLanguage":"es"},{"@type":"Organization","@id":"https:\/\/www.celttv.com.ar\/#organization","name":"CELTTV","url":"https:\/\/www.celttv.com.ar\/","sameAs":["https:\/\/www.youtube.com\/channel\/UCz_oIt8Hig64Ub-EmcNPIhg","https:\/\/www.facebook.com\/celtTV\/"],"logo":{"@type":"ImageObject","inLanguage":"es","@id":"https:\/\/www.celttv.com.ar\/#\/schema\/logo\/image\/","url":"http:\/\/www.celttv.com.ar\/wp-content\/uploads\/2022\/08\/logo-1.png","contentUrl":"http:\/\/www.celttv.com.ar\/wp-content\/uploads\/2022\/08\/logo-1.png","width":461,"height":159,"caption":"CELTTV"},"image":{"@id":"https:\/\/www.celttv.com.ar\/#\/schema\/logo\/image\/"}},{"@type":"Person","@id":"https:\/\/www.celttv.com.ar\/#\/schema\/person\/6d99c072dba59953809c81446e9d0ace","name":"ulises","image":{"@type":"ImageObject","inLanguage":"es","@id":"https:\/\/www.celttv.com.ar\/#\/schema\/person\/image\/","url":"https:\/\/secure.gravatar.com\/avatar\/7f2c48bdc33b30088f941fb6082e555f2874c98e20cb159d7b92b50eadfce793?s=96&d=mm&r=g","contentUrl":"https:\/\/secure.gravatar.com\/avatar\/7f2c48bdc33b30088f941fb6082e555f2874c98e20cb159d7b92b50eadfce793?s=96&d=mm&r=g","caption":"ulises"},"sameAs":["http:\/\/www.celttv.com.ar"]}]}},"_links":{"self":[{"href":"https:\/\/www.celttv.com.ar\/index.php\/wp-json\/wp\/v2\/posts\/13313","targetHints":{"allow":["GET"]}}],"collection":[{"href":"https:\/\/www.celttv.com.ar\/index.php\/wp-json\/wp\/v2\/posts"}],"about":[{"href":"https:\/\/www.celttv.com.ar\/index.php\/wp-json\/wp\/v2\/types\/post"}],"author":[{"embeddable":true,"href":"https:\/\/www.celttv.com.ar\/index.php\/wp-json\/wp\/v2\/users\/1"}],"replies":[{"embeddable":true,"href":"https:\/\/www.celttv.com.ar\/index.php\/wp-json\/wp\/v2\/comments?post=13313"}],"version-history":[{"count":0,"href":"https:\/\/www.celttv.com.ar\/index.php\/wp-json\/wp\/v2\/posts\/13313\/revisions"}],"wp:attachment":[{"href":"https:\/\/www.celttv.com.ar\/index.php\/wp-json\/wp\/v2\/media?parent=13313"}],"wp:term":[{"taxonomy":"category","embeddable":true,"href":"https:\/\/www.celttv.com.ar\/index.php\/wp-json\/wp\/v2\/categories?post=13313"},{"taxonomy":"post_tag","embeddable":true,"href":"https:\/\/www.celttv.com.ar\/index.php\/wp-json\/wp\/v2\/tags?post=13313"}],"curies":[{"name":"wp","href":"https:\/\/api.w.org\/{rel}","templated":true}]}}