{"id":13353,"date":"2013-08-26T13:14:30","date_gmt":"2013-08-26T13:14:30","guid":{"rendered":"http:\/\/www.tvcnoticias.com.ar\/?p=13353"},"modified":"2013-08-26T13:14:30","modified_gmt":"2013-08-26T13:14:30","slug":"los-renovadores-aportamos-propuestas-para-el-distrito-sin-descalificar-a-nadie","status":"publish","type":"post","link":"https:\/\/www.celttv.com.ar\/index.php\/2013\/08\/26\/los-renovadores-aportamos-propuestas-para-el-distrito-sin-descalificar-a-nadie\/","title":{"rendered":"&#8220;LOS RENOVADORES APORTAMOS PROPUESTAS PARA EL DISTRITO, SIN DESCALIFICAR A NADIE&#8221;"},"content":{"rendered":"<div><span style=\"text-decoration: underline;\"><span style=\"font-size: small;\">Noel\u00ed de Kloster primer candidata a Concejal por el Frente Renovador Tornquist.<\/span><\/span><\/div>\n<div><strong><span style=\"text-decoration: underline;\"><br \/>\n<\/span><\/strong><\/div>\n<div>Los problemas que tiene el Distrito como los cientos de j\u00f3venes que no estudian ni trabajan, no los vamos a resolver descalificando a los adversarios pol\u00edticos, sino presentando propuestas superadoras en el orden local.<\/div>\n<div>Creemos en una nueva forma de hacer pol\u00edtica que es escuchar m\u00e1s a los vecinos y resolver los problemas que hoy tienen los ciudadanos del Distrito.<\/div>\n<div>La Lista 504 \u00a0que represento como primer candidata a concejal, dentro del espacio del Frente Renovador liderado por Sergio Massa present\u00f3 este fin de semana su proyecto de Ley para el empleo joven, con\u00a0el objetivo de dar soluciones al casi un mill\u00f3n de j\u00f3venes de 18 a 25 a\u00f1os que no logra insertarse en el mercado laboral.<\/div>\n<div>Debemos de dejar de mirar para atr\u00e1s y construir el futuro de los j\u00f3venes del Distrito que hoy no estudian ni trabajan; como Massa dice, &#8220;vinimos a la pol\u00edtica para crear\u00a0empleo para los j\u00f3venes y no empleo del Estado para los j\u00f3venes. Vinimos a instalar una nueva l\u00f3gica, una nueva forma de hacer pol\u00edtica&#8221; y eso es lo que queremos para Tornquist.<\/div>\n<div>El distrito necesita un cambio en su forma de construcci\u00f3n, nosotros desde las bancas del Concejo Deliberante vamos a apostar por ello, siempre apoyando los proyectos productivos y nunca mirando primero el color de camiseta del que lo presenta para ver si estamos a favor o en contra; venimos para elevar el nivel de representaci\u00f3n y de trabajo en el Concejo, que hoy est\u00e1 bastante quieto&#8221;.<\/div>\n<div>NOELI DE KLOSTER<\/div>\n<div>CANDIDATA A CONCEJAL<\/div>\n<div>FRENTE RENOVADOR TORNQUIST<\/div>\n\n","protected":false},"excerpt":{"rendered":"<p>Noel\u00ed de Kloster primer candidata a Concejal por el Frente Renovador Tornquist. Los problemas que tiene el Distrito como los cientos de j\u00f3venes que no estudian ni trabajan, no los vamos a resolver descalificando a los adversarios pol\u00edticos, sino presentando propuestas superadoras en el orden local. Creemos en una nueva forma de hacer pol\u00edtica que [&hellip;]<\/p>\n","protected":false},"author":1,"featured_media":0,"comment_status":"closed","ping_status":"open","sticky":false,"template":"","format":"standard","meta":{"footnotes":""},"categories":[51,52,53],"tags":[],"class_list":["post-13353","post","type-post","status-publish","format-standard","hentry","category-comunidad","category-destacadas","category-politica"],"yoast_head":"<!-- This site is optimized with the Yoast SEO plugin v19.7.1 - https:\/\/yoast.com\/wordpress\/plugins\/seo\/ -->\n<title>&quot;LOS RENOVADORES APORTAMOS PROPUESTAS PARA EL DISTRITO, SIN DESCALIFICAR A NADIE&quot; - CELTTV<\/title>\n<meta name=\"description\" content=\"Sitio web de noticias de la localidad de Tornquist, provincia de Buenos Aires, Rep\u00fablica Argentina. Contenido propio originado por periodistas de CELTTV, el canal de TV local de la Cooperativa El\u00e9ctrica de Tornquist. Turismo, Pol\u00edtica, Sociedad, Deporte, Cultura y todo el contenido de inter\u00e9s general que la gente del pueblo y la regi\u00f3n debe conocer.\" \/>\n<meta name=\"robots\" content=\"index, follow, max-snippet:-1, max-image-preview:large, max-video-preview:-1\" \/>\n<link rel=\"canonical\" href=\"https:\/\/www.celttv.com.ar\/index.php\/2013\/08\/26\/los-renovadores-aportamos-propuestas-para-el-distrito-sin-descalificar-a-nadie\/\" \/>\n<meta property=\"og:locale\" content=\"es_ES\" \/>\n<meta property=\"og:type\" content=\"article\" \/>\n<meta property=\"og:title\" content=\"&quot;LOS RENOVADORES APORTAMOS PROPUESTAS PARA EL DISTRITO, SIN DESCALIFICAR A NADIE&quot; - CELTTV\" \/>\n<meta property=\"og:description\" content=\"Sitio web de noticias de la localidad de Tornquist, provincia de Buenos Aires, Rep\u00fablica Argentina. Contenido propio originado por periodistas de CELTTV, el canal de TV local de la Cooperativa El\u00e9ctrica de Tornquist. Turismo, Pol\u00edtica, Sociedad, Deporte, Cultura y todo el contenido de inter\u00e9s general que la gente del pueblo y la regi\u00f3n debe conocer.\" \/>\n<meta property=\"og:url\" content=\"https:\/\/www.celttv.com.ar\/index.php\/2013\/08\/26\/los-renovadores-aportamos-propuestas-para-el-distrito-sin-descalificar-a-nadie\/\" \/>\n<meta property=\"og:site_name\" content=\"CELTTV\" \/>\n<meta property=\"article:publisher\" content=\"https:\/\/www.facebook.com\/celtTV\/\" \/>\n<meta property=\"article:published_time\" content=\"2013-08-26T13:14:30+00:00\" \/>\n<meta name=\"author\" content=\"ulises\" \/>\n<meta name=\"twitter:card\" content=\"summary_large_image\" \/>\n<meta name=\"twitter:label1\" content=\"Escrito por\" \/>\n\t<meta name=\"twitter:data1\" content=\"ulises\" \/>\n\t<meta name=\"twitter:label2\" content=\"Tiempo de lectura\" \/>\n\t<meta name=\"twitter:data2\" content=\"1 minuto\" \/>\n<script type=\"application\/ld+json\" class=\"yoast-schema-graph\">{\"@context\":\"https:\/\/schema.org\",\"@graph\":[{\"@type\":\"NewsArticle\",\"@id\":\"https:\/\/www.celttv.com.ar\/index.php\/2013\/08\/26\/los-renovadores-aportamos-propuestas-para-el-distrito-sin-descalificar-a-nadie\/#article\",\"isPartOf\":{\"@id\":\"https:\/\/www.celttv.com.ar\/index.php\/2013\/08\/26\/los-renovadores-aportamos-propuestas-para-el-distrito-sin-descalificar-a-nadie\/\"},\"author\":{\"name\":\"ulises\",\"@id\":\"https:\/\/www.celttv.com.ar\/#\/schema\/person\/6d99c072dba59953809c81446e9d0ace\"},\"headline\":\"&#8220;LOS RENOVADORES APORTAMOS PROPUESTAS PARA EL DISTRITO, SIN DESCALIFICAR A NADIE&#8221;\",\"datePublished\":\"2013-08-26T13:14:30+00:00\",\"dateModified\":\"2013-08-26T13:14:30+00:00\",\"mainEntityOfPage\":{\"@id\":\"https:\/\/www.celttv.com.ar\/index.php\/2013\/08\/26\/los-renovadores-aportamos-propuestas-para-el-distrito-sin-descalificar-a-nadie\/\"},\"wordCount\":296,\"publisher\":{\"@id\":\"https:\/\/www.celttv.com.ar\/#organization\"},\"articleSection\":[\"Comunidad\",\"Destacadas\",\"Pol\u00edtica\"],\"inLanguage\":\"es\"},{\"@type\":\"WebPage\",\"@id\":\"https:\/\/www.celttv.com.ar\/index.php\/2013\/08\/26\/los-renovadores-aportamos-propuestas-para-el-distrito-sin-descalificar-a-nadie\/\",\"url\":\"https:\/\/www.celttv.com.ar\/index.php\/2013\/08\/26\/los-renovadores-aportamos-propuestas-para-el-distrito-sin-descalificar-a-nadie\/\",\"name\":\"\\\"LOS RENOVADORES APORTAMOS PROPUESTAS PARA EL DISTRITO, SIN DESCALIFICAR A NADIE\\\" - CELTTV\",\"isPartOf\":{\"@id\":\"https:\/\/www.celttv.com.ar\/#website\"},\"datePublished\":\"2013-08-26T13:14:30+00:00\",\"dateModified\":\"2013-08-26T13:14:30+00:00\",\"description\":\"Sitio web de noticias de la localidad de Tornquist, provincia de Buenos Aires, Rep\u00fablica Argentina. Contenido propio originado por periodistas de CELTTV, el canal de TV local de la Cooperativa El\u00e9ctrica de Tornquist. Turismo, Pol\u00edtica, Sociedad, Deporte, Cultura y todo el contenido de inter\u00e9s general que la gente del pueblo y la regi\u00f3n debe conocer.\",\"breadcrumb\":{\"@id\":\"https:\/\/www.celttv.com.ar\/index.php\/2013\/08\/26\/los-renovadores-aportamos-propuestas-para-el-distrito-sin-descalificar-a-nadie\/#breadcrumb\"},\"inLanguage\":\"es\",\"potentialAction\":[{\"@type\":\"ReadAction\",\"target\":[\"https:\/\/www.celttv.com.ar\/index.php\/2013\/08\/26\/los-renovadores-aportamos-propuestas-para-el-distrito-sin-descalificar-a-nadie\/\"]}]},{\"@type\":\"BreadcrumbList\",\"@id\":\"https:\/\/www.celttv.com.ar\/index.php\/2013\/08\/26\/los-renovadores-aportamos-propuestas-para-el-distrito-sin-descalificar-a-nadie\/#breadcrumb\",\"itemListElement\":[{\"@type\":\"ListItem\",\"position\":1,\"name\":\"Inicio\",\"item\":\"https:\/\/www.celttv.com.ar\/\"},{\"@type\":\"ListItem\",\"position\":2,\"name\":\"&#8220;LOS RENOVADORES APORTAMOS PROPUESTAS PARA EL DISTRITO, SIN DESCALIFICAR A NADIE&#8221;\"}]},{\"@type\":\"WebSite\",\"@id\":\"https:\/\/www.celttv.com.ar\/#website\",\"url\":\"https:\/\/www.celttv.com.ar\/\",\"name\":\"CELTTV\",\"description\":\"Cooperativa El\u00e9ctrica de Tornquist\",\"publisher\":{\"@id\":\"https:\/\/www.celttv.com.ar\/#organization\"},\"potentialAction\":[{\"@type\":\"SearchAction\",\"target\":{\"@type\":\"EntryPoint\",\"urlTemplate\":\"https:\/\/www.celttv.com.ar\/?s={search_term_string}\"},\"query-input\":\"required name=search_term_string\"}],\"inLanguage\":\"es\"},{\"@type\":\"Organization\",\"@id\":\"https:\/\/www.celttv.com.ar\/#organization\",\"name\":\"CELTTV\",\"url\":\"https:\/\/www.celttv.com.ar\/\",\"sameAs\":[\"https:\/\/www.youtube.com\/channel\/UCz_oIt8Hig64Ub-EmcNPIhg\",\"https:\/\/www.facebook.com\/celtTV\/\"],\"logo\":{\"@type\":\"ImageObject\",\"inLanguage\":\"es\",\"@id\":\"https:\/\/www.celttv.com.ar\/#\/schema\/logo\/image\/\",\"url\":\"http:\/\/www.celttv.com.ar\/wp-content\/uploads\/2022\/08\/logo-1.png\",\"contentUrl\":\"http:\/\/www.celttv.com.ar\/wp-content\/uploads\/2022\/08\/logo-1.png\",\"width\":461,\"height\":159,\"caption\":\"CELTTV\"},\"image\":{\"@id\":\"https:\/\/www.celttv.com.ar\/#\/schema\/logo\/image\/\"}},{\"@type\":\"Person\",\"@id\":\"https:\/\/www.celttv.com.ar\/#\/schema\/person\/6d99c072dba59953809c81446e9d0ace\",\"name\":\"ulises\",\"image\":{\"@type\":\"ImageObject\",\"inLanguage\":\"es\",\"@id\":\"https:\/\/www.celttv.com.ar\/#\/schema\/person\/image\/\",\"url\":\"https:\/\/secure.gravatar.com\/avatar\/7f2c48bdc33b30088f941fb6082e555f2874c98e20cb159d7b92b50eadfce793?s=96&d=mm&r=g\",\"contentUrl\":\"https:\/\/secure.gravatar.com\/avatar\/7f2c48bdc33b30088f941fb6082e555f2874c98e20cb159d7b92b50eadfce793?s=96&d=mm&r=g\",\"caption\":\"ulises\"},\"sameAs\":[\"http:\/\/www.celttv.com.ar\"]}]}<\/script>\n<!-- \/ Yoast SEO plugin. -->","yoast_head_json":{"title":"\"LOS RENOVADORES APORTAMOS PROPUESTAS PARA EL DISTRITO, SIN DESCALIFICAR A NADIE\" - CELTTV","description":"Sitio web de noticias de la localidad de Tornquist, provincia de Buenos Aires, Rep\u00fablica Argentina. Contenido propio originado por periodistas de CELTTV, el canal de TV local de la Cooperativa El\u00e9ctrica de Tornquist. Turismo, Pol\u00edtica, Sociedad, Deporte, Cultura y todo el contenido de inter\u00e9s general que la gente del pueblo y la regi\u00f3n debe conocer.","robots":{"index":"index","follow":"follow","max-snippet":"max-snippet:-1","max-image-preview":"max-image-preview:large","max-video-preview":"max-video-preview:-1"},"canonical":"https:\/\/www.celttv.com.ar\/index.php\/2013\/08\/26\/los-renovadores-aportamos-propuestas-para-el-distrito-sin-descalificar-a-nadie\/","og_locale":"es_ES","og_type":"article","og_title":"\"LOS RENOVADORES APORTAMOS PROPUESTAS PARA EL DISTRITO, SIN DESCALIFICAR A NADIE\" - CELTTV","og_description":"Sitio web de noticias de la localidad de Tornquist, provincia de Buenos Aires, Rep\u00fablica Argentina. Contenido propio originado por periodistas de CELTTV, el canal de TV local de la Cooperativa El\u00e9ctrica de Tornquist. Turismo, Pol\u00edtica, Sociedad, Deporte, Cultura y todo el contenido de inter\u00e9s general que la gente del pueblo y la regi\u00f3n debe conocer.","og_url":"https:\/\/www.celttv.com.ar\/index.php\/2013\/08\/26\/los-renovadores-aportamos-propuestas-para-el-distrito-sin-descalificar-a-nadie\/","og_site_name":"CELTTV","article_publisher":"https:\/\/www.facebook.com\/celtTV\/","article_published_time":"2013-08-26T13:14:30+00:00","author":"ulises","twitter_card":"summary_large_image","twitter_misc":{"Escrito por":"ulises","Tiempo de lectura":"1 minuto"},"schema":{"@context":"https:\/\/schema.org","@graph":[{"@type":"NewsArticle","@id":"https:\/\/www.celttv.com.ar\/index.php\/2013\/08\/26\/los-renovadores-aportamos-propuestas-para-el-distrito-sin-descalificar-a-nadie\/#article","isPartOf":{"@id":"https:\/\/www.celttv.com.ar\/index.php\/2013\/08\/26\/los-renovadores-aportamos-propuestas-para-el-distrito-sin-descalificar-a-nadie\/"},"author":{"name":"ulises","@id":"https:\/\/www.celttv.com.ar\/#\/schema\/person\/6d99c072dba59953809c81446e9d0ace"},"headline":"&#8220;LOS RENOVADORES APORTAMOS PROPUESTAS PARA EL DISTRITO, SIN DESCALIFICAR A NADIE&#8221;","datePublished":"2013-08-26T13:14:30+00:00","dateModified":"2013-08-26T13:14:30+00:00","mainEntityOfPage":{"@id":"https:\/\/www.celttv.com.ar\/index.php\/2013\/08\/26\/los-renovadores-aportamos-propuestas-para-el-distrito-sin-descalificar-a-nadie\/"},"wordCount":296,"publisher":{"@id":"https:\/\/www.celttv.com.ar\/#organization"},"articleSection":["Comunidad","Destacadas","Pol\u00edtica"],"inLanguage":"es"},{"@type":"WebPage","@id":"https:\/\/www.celttv.com.ar\/index.php\/2013\/08\/26\/los-renovadores-aportamos-propuestas-para-el-distrito-sin-descalificar-a-nadie\/","url":"https:\/\/www.celttv.com.ar\/index.php\/2013\/08\/26\/los-renovadores-aportamos-propuestas-para-el-distrito-sin-descalificar-a-nadie\/","name":"\"LOS RENOVADORES APORTAMOS PROPUESTAS PARA EL DISTRITO, SIN DESCALIFICAR A NADIE\" - CELTTV","isPartOf":{"@id":"https:\/\/www.celttv.com.ar\/#website"},"datePublished":"2013-08-26T13:14:30+00:00","dateModified":"2013-08-26T13:14:30+00:00","description":"Sitio web de noticias de la localidad de Tornquist, provincia de Buenos Aires, Rep\u00fablica Argentina. Contenido propio originado por periodistas de CELTTV, el canal de TV local de la Cooperativa El\u00e9ctrica de Tornquist. Turismo, Pol\u00edtica, Sociedad, Deporte, Cultura y todo el contenido de inter\u00e9s general que la gente del pueblo y la regi\u00f3n debe conocer.","breadcrumb":{"@id":"https:\/\/www.celttv.com.ar\/index.php\/2013\/08\/26\/los-renovadores-aportamos-propuestas-para-el-distrito-sin-descalificar-a-nadie\/#breadcrumb"},"inLanguage":"es","potentialAction":[{"@type":"ReadAction","target":["https:\/\/www.celttv.com.ar\/index.php\/2013\/08\/26\/los-renovadores-aportamos-propuestas-para-el-distrito-sin-descalificar-a-nadie\/"]}]},{"@type":"BreadcrumbList","@id":"https:\/\/www.celttv.com.ar\/index.php\/2013\/08\/26\/los-renovadores-aportamos-propuestas-para-el-distrito-sin-descalificar-a-nadie\/#breadcrumb","itemListElement":[{"@type":"ListItem","position":1,"name":"Inicio","item":"https:\/\/www.celttv.com.ar\/"},{"@type":"ListItem","position":2,"name":"&#8220;LOS RENOVADORES APORTAMOS PROPUESTAS PARA EL DISTRITO, SIN DESCALIFICAR A NADIE&#8221;"}]},{"@type":"WebSite","@id":"https:\/\/www.celttv.com.ar\/#website","url":"https:\/\/www.celttv.com.ar\/","name":"CELTTV","description":"Cooperativa El\u00e9ctrica de Tornquist","publisher":{"@id":"https:\/\/www.celttv.com.ar\/#organization"},"potentialAction":[{"@type":"SearchAction","target":{"@type":"EntryPoint","urlTemplate":"https:\/\/www.celttv.com.ar\/?s={search_term_string}"},"query-input":"required name=search_term_string"}],"inLanguage":"es"},{"@type":"Organization","@id":"https:\/\/www.celttv.com.ar\/#organization","name":"CELTTV","url":"https:\/\/www.celttv.com.ar\/","sameAs":["https:\/\/www.youtube.com\/channel\/UCz_oIt8Hig64Ub-EmcNPIhg","https:\/\/www.facebook.com\/celtTV\/"],"logo":{"@type":"ImageObject","inLanguage":"es","@id":"https:\/\/www.celttv.com.ar\/#\/schema\/logo\/image\/","url":"http:\/\/www.celttv.com.ar\/wp-content\/uploads\/2022\/08\/logo-1.png","contentUrl":"http:\/\/www.celttv.com.ar\/wp-content\/uploads\/2022\/08\/logo-1.png","width":461,"height":159,"caption":"CELTTV"},"image":{"@id":"https:\/\/www.celttv.com.ar\/#\/schema\/logo\/image\/"}},{"@type":"Person","@id":"https:\/\/www.celttv.com.ar\/#\/schema\/person\/6d99c072dba59953809c81446e9d0ace","name":"ulises","image":{"@type":"ImageObject","inLanguage":"es","@id":"https:\/\/www.celttv.com.ar\/#\/schema\/person\/image\/","url":"https:\/\/secure.gravatar.com\/avatar\/7f2c48bdc33b30088f941fb6082e555f2874c98e20cb159d7b92b50eadfce793?s=96&d=mm&r=g","contentUrl":"https:\/\/secure.gravatar.com\/avatar\/7f2c48bdc33b30088f941fb6082e555f2874c98e20cb159d7b92b50eadfce793?s=96&d=mm&r=g","caption":"ulises"},"sameAs":["http:\/\/www.celttv.com.ar"]}]}},"_links":{"self":[{"href":"https:\/\/www.celttv.com.ar\/index.php\/wp-json\/wp\/v2\/posts\/13353","targetHints":{"allow":["GET"]}}],"collection":[{"href":"https:\/\/www.celttv.com.ar\/index.php\/wp-json\/wp\/v2\/posts"}],"about":[{"href":"https:\/\/www.celttv.com.ar\/index.php\/wp-json\/wp\/v2\/types\/post"}],"author":[{"embeddable":true,"href":"https:\/\/www.celttv.com.ar\/index.php\/wp-json\/wp\/v2\/users\/1"}],"replies":[{"embeddable":true,"href":"https:\/\/www.celttv.com.ar\/index.php\/wp-json\/wp\/v2\/comments?post=13353"}],"version-history":[{"count":0,"href":"https:\/\/www.celttv.com.ar\/index.php\/wp-json\/wp\/v2\/posts\/13353\/revisions"}],"wp:attachment":[{"href":"https:\/\/www.celttv.com.ar\/index.php\/wp-json\/wp\/v2\/media?parent=13353"}],"wp:term":[{"taxonomy":"category","embeddable":true,"href":"https:\/\/www.celttv.com.ar\/index.php\/wp-json\/wp\/v2\/categories?post=13353"},{"taxonomy":"post_tag","embeddable":true,"href":"https:\/\/www.celttv.com.ar\/index.php\/wp-json\/wp\/v2\/tags?post=13353"}],"curies":[{"name":"wp","href":"https:\/\/api.w.org\/{rel}","templated":true}]}}