{"id":13387,"date":"2013-08-26T23:30:32","date_gmt":"2013-08-26T23:30:32","guid":{"rendered":"http:\/\/www.tvcnoticias.com.ar\/?p=13387"},"modified":"2013-08-26T23:30:32","modified_gmt":"2013-08-26T23:30:32","slug":"aerolineas-vacaciones-una-gran-oportunidad-para-nuestro-destino","status":"publish","type":"post","link":"https:\/\/www.celttv.com.ar\/index.php\/2013\/08\/26\/aerolineas-vacaciones-una-gran-oportunidad-para-nuestro-destino\/","title":{"rendered":"&#8220;AEROLINEAS VACACIONES&#8221;, UNA GRAN OPORTUNIDAD PARA NUESTRO DESTINO"},"content":{"rendered":"<p><br \/>\nEl programa Aerol\u00edneas Vacaciones, una iniciativa que podr\u00eda potenciar a nuestra Comarca Serrana como destino tur\u00edstico, fue presentando hoy en la Sala de Situaciones de la Municipalidad de Tornquist, con la presencia del intendente municipal, licenciado Gustavo Trankels, y el secretario de Turismo de la Provincia de Buenos Aires, licenciado Ignacio Crotto.<br \/>\nEl profesor Adri\u00e1n Contreras, coordinador del Consejo Federal de Turismo, fue el encargado de exponer los alcances del plan a los presentes, entre quienes se encontraban el director provincial de Promoci\u00f3n Tur\u00edstica, Santiago Derqui; la directora de Turismo de la comuna, licenciada Yanina Torres, y sus pares de distritos vecinos; y prestadores tur\u00edsticos.<br \/>\nAerol\u00edneas Vacaciones es un programa de promoci\u00f3n de paquetes tur\u00edsticos que contiene, adem\u00e1s de pasajes a\u00e9reos, una variada oferta hotelera y de servicios terrestres. El mismo se ofrece a trav\u00e9s de los operadores m\u00e1s importantes y especializados a nivel nacional, que trabajan relacionados con los prestadores de servicios locales, en cada uno de los 35 mercados que opera la l\u00ednea a\u00e9rea de bandera en todo el pa\u00eds (en nuestro caso Bah\u00eda Blanca).<br \/>\n\u201cEsta es una gran oportunidad de que todo el esfuerzo y el trabajo que se realiza entre el gobierno nacional, provincial y municipal, tambi\u00e9n tome de la mano al prestador tur\u00edstico, para que en conjunto podamos potenciar la actividad. La intenci\u00f3n es trabajar con los prestadores en una propuesta muy interesante que dise\u00f1\u00f3 el Ministerio de Turismo nacional junto con el Consejo Federal para poner a disposici\u00f3n el armado de paquetes que potencien al distrito. Queremos que los prestadores aprovechen esta oportunidad\u201d, resalt\u00f3 el intendente Trankels.<br \/>\nEste programa incluye paquetes completos de un m\u00ednimo de 3 d\u00edas, a\u00e9reos, alojamiento con desayuno y alg\u00fan programa recreativo. El objetivo de estas acciones consiste en dinamizar el turismo entre ciudades de Argentina, adem\u00e1s de capacitar a la industria tur\u00edstica a trav\u00e9s de seminarios sobre los principales destinos tur\u00edsticos operados por Aerol\u00edneas Argentinas.<br \/>\n\u201cLos privados deben realizar un peque\u00f1o sacrificio para que se transforme en una excelente oportunidad y poder estar, en t\u00e9rminos futbol\u00edsticos, jugando en Primera. Aerol\u00edneas realiza un importante descuento en el valor del pasaje y se pretende que los prestadores acompa\u00f1en en el mismo sentido, para que la persona que contrate el paquete entero venga con todo incluido y a un precio interesante\u201d, resalt\u00f3 Crotto.<br \/>\n\u201cCon esta iniciativa se estar\u00e1 promocionando el destino en medios nacionales, provinciales y locales. Es una oportunidad para los privados, a quienes les pedimos compromiso, ya que ser\u00e1n los principales beneficiados\u201d, a\u00f1adi\u00f3.<br \/>\nContreras ampli\u00f3 la informaci\u00f3n respecto de los alcances del programa, que ya incluye a importantes destinos nacionales.<br \/>\n\u201cQuiero agradecer la invitaci\u00f3n del intendente Trankels e Ignacio Crotto. Este trabajo en conjunto entre Municipio, Provincia y Naci\u00f3n es una constante de esta gesti\u00f3n de gobierno. Este programa lleva un a\u00f1o en vigencia y es una oportunidad para ciudades que se encuentran en cercan\u00eda de los aeropuertos. Se busca ampliar la oferta tur\u00edstica\u201d, se\u00f1al\u00f3.<br \/>\n\u201cEs una acci\u00f3n de promoci\u00f3n, que busca desencadenar el inter\u00e9s de los ciudadanos que viajan por la Argentina. Aerol\u00edneas sum\u00f3 esta propuesta con una tarifa muy buena, atado a un paquete tur\u00edstico. Esta es la gran oportunidad de sumarse para los prestadores de los destinos emergentes. Como es una acci\u00f3n fuerte de promoci\u00f3n para posicionar el destino, buscamos que los privados acompa\u00f1en la decisi\u00f3n pol\u00edtica de la compa\u00f1\u00eda a\u00e9rea de estipular tarifas promocionales. Para eso necesitamos que la hoteler\u00eda, la gastronom\u00eda y las excursiones tengan un acompa\u00f1amiento\u201d, a\u00f1adi\u00f3.<br \/>\n&nbsp;<br \/>\n&nbsp;<\/p>\n","protected":false},"excerpt":{"rendered":"<p>El programa Aerol\u00edneas Vacaciones, una iniciativa que podr\u00eda potenciar a nuestra Comarca Serrana como destino tur\u00edstico, fue presentando hoy en la Sala de Situaciones de la Municipalidad de Tornquist, con la presencia del intendente municipal, licenciado Gustavo Trankels, y el secretario de Turismo de la Provincia de Buenos Aires, licenciado Ignacio Crotto. El profesor Adri\u00e1n [&hellip;]<\/p>\n","protected":false},"author":1,"featured_media":0,"comment_status":"closed","ping_status":"open","sticky":false,"template":"","format":"standard","meta":{"footnotes":""},"categories":[51,52,53],"tags":[],"class_list":["post-13387","post","type-post","status-publish","format-standard","hentry","category-comunidad","category-destacadas","category-politica"],"yoast_head":"<!-- This site is optimized with the Yoast SEO plugin v19.7.1 - https:\/\/yoast.com\/wordpress\/plugins\/seo\/ -->\n<title>&quot;AEROLINEAS VACACIONES&quot;, UNA GRAN OPORTUNIDAD PARA NUESTRO DESTINO - CELTTV<\/title>\n<meta name=\"description\" content=\"Sitio web de noticias de la localidad de Tornquist, provincia de Buenos Aires, Rep\u00fablica Argentina. Contenido propio originado por periodistas de CELTTV, el canal de TV local de la Cooperativa El\u00e9ctrica de Tornquist. Turismo, Pol\u00edtica, Sociedad, Deporte, Cultura y todo el contenido de inter\u00e9s general que la gente del pueblo y la regi\u00f3n debe conocer.\" \/>\n<meta name=\"robots\" content=\"index, follow, max-snippet:-1, max-image-preview:large, max-video-preview:-1\" \/>\n<link rel=\"canonical\" href=\"https:\/\/www.celttv.com.ar\/index.php\/2013\/08\/26\/aerolineas-vacaciones-una-gran-oportunidad-para-nuestro-destino\/\" \/>\n<meta property=\"og:locale\" content=\"es_ES\" \/>\n<meta property=\"og:type\" content=\"article\" \/>\n<meta property=\"og:title\" content=\"&quot;AEROLINEAS VACACIONES&quot;, UNA GRAN OPORTUNIDAD PARA NUESTRO DESTINO - CELTTV\" \/>\n<meta property=\"og:description\" content=\"Sitio web de noticias de la localidad de Tornquist, provincia de Buenos Aires, Rep\u00fablica Argentina. Contenido propio originado por periodistas de CELTTV, el canal de TV local de la Cooperativa El\u00e9ctrica de Tornquist. Turismo, Pol\u00edtica, Sociedad, Deporte, Cultura y todo el contenido de inter\u00e9s general que la gente del pueblo y la regi\u00f3n debe conocer.\" \/>\n<meta property=\"og:url\" content=\"https:\/\/www.celttv.com.ar\/index.php\/2013\/08\/26\/aerolineas-vacaciones-una-gran-oportunidad-para-nuestro-destino\/\" \/>\n<meta property=\"og:site_name\" content=\"CELTTV\" \/>\n<meta property=\"article:publisher\" content=\"https:\/\/www.facebook.com\/celtTV\/\" \/>\n<meta property=\"article:published_time\" content=\"2013-08-26T23:30:32+00:00\" \/>\n<meta name=\"author\" content=\"ulises\" \/>\n<meta name=\"twitter:card\" content=\"summary_large_image\" \/>\n<meta name=\"twitter:label1\" content=\"Escrito por\" \/>\n\t<meta name=\"twitter:data1\" content=\"ulises\" \/>\n\t<meta name=\"twitter:label2\" content=\"Tiempo de lectura\" \/>\n\t<meta name=\"twitter:data2\" content=\"3 minutos\" \/>\n<script type=\"application\/ld+json\" class=\"yoast-schema-graph\">{\"@context\":\"https:\/\/schema.org\",\"@graph\":[{\"@type\":\"NewsArticle\",\"@id\":\"https:\/\/www.celttv.com.ar\/index.php\/2013\/08\/26\/aerolineas-vacaciones-una-gran-oportunidad-para-nuestro-destino\/#article\",\"isPartOf\":{\"@id\":\"https:\/\/www.celttv.com.ar\/index.php\/2013\/08\/26\/aerolineas-vacaciones-una-gran-oportunidad-para-nuestro-destino\/\"},\"author\":{\"name\":\"ulises\",\"@id\":\"https:\/\/www.celttv.com.ar\/#\/schema\/person\/6d99c072dba59953809c81446e9d0ace\"},\"headline\":\"&#8220;AEROLINEAS VACACIONES&#8221;, UNA GRAN OPORTUNIDAD PARA NUESTRO DESTINO\",\"datePublished\":\"2013-08-26T23:30:32+00:00\",\"dateModified\":\"2013-08-26T23:30:32+00:00\",\"mainEntityOfPage\":{\"@id\":\"https:\/\/www.celttv.com.ar\/index.php\/2013\/08\/26\/aerolineas-vacaciones-una-gran-oportunidad-para-nuestro-destino\/\"},\"wordCount\":647,\"publisher\":{\"@id\":\"https:\/\/www.celttv.com.ar\/#organization\"},\"articleSection\":[\"Comunidad\",\"Destacadas\",\"Pol\u00edtica\"],\"inLanguage\":\"es\"},{\"@type\":\"WebPage\",\"@id\":\"https:\/\/www.celttv.com.ar\/index.php\/2013\/08\/26\/aerolineas-vacaciones-una-gran-oportunidad-para-nuestro-destino\/\",\"url\":\"https:\/\/www.celttv.com.ar\/index.php\/2013\/08\/26\/aerolineas-vacaciones-una-gran-oportunidad-para-nuestro-destino\/\",\"name\":\"\\\"AEROLINEAS VACACIONES\\\", UNA GRAN OPORTUNIDAD PARA NUESTRO DESTINO - CELTTV\",\"isPartOf\":{\"@id\":\"https:\/\/www.celttv.com.ar\/#website\"},\"datePublished\":\"2013-08-26T23:30:32+00:00\",\"dateModified\":\"2013-08-26T23:30:32+00:00\",\"description\":\"Sitio web de noticias de la localidad de Tornquist, provincia de Buenos Aires, Rep\u00fablica Argentina. Contenido propio originado por periodistas de CELTTV, el canal de TV local de la Cooperativa El\u00e9ctrica de Tornquist. Turismo, Pol\u00edtica, Sociedad, Deporte, Cultura y todo el contenido de inter\u00e9s general que la gente del pueblo y la regi\u00f3n debe conocer.\",\"breadcrumb\":{\"@id\":\"https:\/\/www.celttv.com.ar\/index.php\/2013\/08\/26\/aerolineas-vacaciones-una-gran-oportunidad-para-nuestro-destino\/#breadcrumb\"},\"inLanguage\":\"es\",\"potentialAction\":[{\"@type\":\"ReadAction\",\"target\":[\"https:\/\/www.celttv.com.ar\/index.php\/2013\/08\/26\/aerolineas-vacaciones-una-gran-oportunidad-para-nuestro-destino\/\"]}]},{\"@type\":\"BreadcrumbList\",\"@id\":\"https:\/\/www.celttv.com.ar\/index.php\/2013\/08\/26\/aerolineas-vacaciones-una-gran-oportunidad-para-nuestro-destino\/#breadcrumb\",\"itemListElement\":[{\"@type\":\"ListItem\",\"position\":1,\"name\":\"Inicio\",\"item\":\"https:\/\/www.celttv.com.ar\/\"},{\"@type\":\"ListItem\",\"position\":2,\"name\":\"&#8220;AEROLINEAS VACACIONES&#8221;, UNA GRAN OPORTUNIDAD PARA NUESTRO DESTINO\"}]},{\"@type\":\"WebSite\",\"@id\":\"https:\/\/www.celttv.com.ar\/#website\",\"url\":\"https:\/\/www.celttv.com.ar\/\",\"name\":\"CELTTV\",\"description\":\"Cooperativa El\u00e9ctrica de Tornquist\",\"publisher\":{\"@id\":\"https:\/\/www.celttv.com.ar\/#organization\"},\"potentialAction\":[{\"@type\":\"SearchAction\",\"target\":{\"@type\":\"EntryPoint\",\"urlTemplate\":\"https:\/\/www.celttv.com.ar\/?s={search_term_string}\"},\"query-input\":\"required name=search_term_string\"}],\"inLanguage\":\"es\"},{\"@type\":\"Organization\",\"@id\":\"https:\/\/www.celttv.com.ar\/#organization\",\"name\":\"CELTTV\",\"url\":\"https:\/\/www.celttv.com.ar\/\",\"sameAs\":[\"https:\/\/www.youtube.com\/channel\/UCz_oIt8Hig64Ub-EmcNPIhg\",\"https:\/\/www.facebook.com\/celtTV\/\"],\"logo\":{\"@type\":\"ImageObject\",\"inLanguage\":\"es\",\"@id\":\"https:\/\/www.celttv.com.ar\/#\/schema\/logo\/image\/\",\"url\":\"http:\/\/www.celttv.com.ar\/wp-content\/uploads\/2022\/08\/logo-1.png\",\"contentUrl\":\"http:\/\/www.celttv.com.ar\/wp-content\/uploads\/2022\/08\/logo-1.png\",\"width\":461,\"height\":159,\"caption\":\"CELTTV\"},\"image\":{\"@id\":\"https:\/\/www.celttv.com.ar\/#\/schema\/logo\/image\/\"}},{\"@type\":\"Person\",\"@id\":\"https:\/\/www.celttv.com.ar\/#\/schema\/person\/6d99c072dba59953809c81446e9d0ace\",\"name\":\"ulises\",\"image\":{\"@type\":\"ImageObject\",\"inLanguage\":\"es\",\"@id\":\"https:\/\/www.celttv.com.ar\/#\/schema\/person\/image\/\",\"url\":\"https:\/\/secure.gravatar.com\/avatar\/7f2c48bdc33b30088f941fb6082e555f2874c98e20cb159d7b92b50eadfce793?s=96&d=mm&r=g\",\"contentUrl\":\"https:\/\/secure.gravatar.com\/avatar\/7f2c48bdc33b30088f941fb6082e555f2874c98e20cb159d7b92b50eadfce793?s=96&d=mm&r=g\",\"caption\":\"ulises\"},\"sameAs\":[\"http:\/\/www.celttv.com.ar\"]}]}<\/script>\n<!-- \/ Yoast SEO plugin. -->","yoast_head_json":{"title":"\"AEROLINEAS VACACIONES\", UNA GRAN OPORTUNIDAD PARA NUESTRO DESTINO - CELTTV","description":"Sitio web de noticias de la localidad de Tornquist, provincia de Buenos Aires, Rep\u00fablica Argentina. Contenido propio originado por periodistas de CELTTV, el canal de TV local de la Cooperativa El\u00e9ctrica de Tornquist. Turismo, Pol\u00edtica, Sociedad, Deporte, Cultura y todo el contenido de inter\u00e9s general que la gente del pueblo y la regi\u00f3n debe conocer.","robots":{"index":"index","follow":"follow","max-snippet":"max-snippet:-1","max-image-preview":"max-image-preview:large","max-video-preview":"max-video-preview:-1"},"canonical":"https:\/\/www.celttv.com.ar\/index.php\/2013\/08\/26\/aerolineas-vacaciones-una-gran-oportunidad-para-nuestro-destino\/","og_locale":"es_ES","og_type":"article","og_title":"\"AEROLINEAS VACACIONES\", UNA GRAN OPORTUNIDAD PARA NUESTRO DESTINO - CELTTV","og_description":"Sitio web de noticias de la localidad de Tornquist, provincia de Buenos Aires, Rep\u00fablica Argentina. Contenido propio originado por periodistas de CELTTV, el canal de TV local de la Cooperativa El\u00e9ctrica de Tornquist. Turismo, Pol\u00edtica, Sociedad, Deporte, Cultura y todo el contenido de inter\u00e9s general que la gente del pueblo y la regi\u00f3n debe conocer.","og_url":"https:\/\/www.celttv.com.ar\/index.php\/2013\/08\/26\/aerolineas-vacaciones-una-gran-oportunidad-para-nuestro-destino\/","og_site_name":"CELTTV","article_publisher":"https:\/\/www.facebook.com\/celtTV\/","article_published_time":"2013-08-26T23:30:32+00:00","author":"ulises","twitter_card":"summary_large_image","twitter_misc":{"Escrito por":"ulises","Tiempo de lectura":"3 minutos"},"schema":{"@context":"https:\/\/schema.org","@graph":[{"@type":"NewsArticle","@id":"https:\/\/www.celttv.com.ar\/index.php\/2013\/08\/26\/aerolineas-vacaciones-una-gran-oportunidad-para-nuestro-destino\/#article","isPartOf":{"@id":"https:\/\/www.celttv.com.ar\/index.php\/2013\/08\/26\/aerolineas-vacaciones-una-gran-oportunidad-para-nuestro-destino\/"},"author":{"name":"ulises","@id":"https:\/\/www.celttv.com.ar\/#\/schema\/person\/6d99c072dba59953809c81446e9d0ace"},"headline":"&#8220;AEROLINEAS VACACIONES&#8221;, UNA GRAN OPORTUNIDAD PARA NUESTRO DESTINO","datePublished":"2013-08-26T23:30:32+00:00","dateModified":"2013-08-26T23:30:32+00:00","mainEntityOfPage":{"@id":"https:\/\/www.celttv.com.ar\/index.php\/2013\/08\/26\/aerolineas-vacaciones-una-gran-oportunidad-para-nuestro-destino\/"},"wordCount":647,"publisher":{"@id":"https:\/\/www.celttv.com.ar\/#organization"},"articleSection":["Comunidad","Destacadas","Pol\u00edtica"],"inLanguage":"es"},{"@type":"WebPage","@id":"https:\/\/www.celttv.com.ar\/index.php\/2013\/08\/26\/aerolineas-vacaciones-una-gran-oportunidad-para-nuestro-destino\/","url":"https:\/\/www.celttv.com.ar\/index.php\/2013\/08\/26\/aerolineas-vacaciones-una-gran-oportunidad-para-nuestro-destino\/","name":"\"AEROLINEAS VACACIONES\", UNA GRAN OPORTUNIDAD PARA NUESTRO DESTINO - CELTTV","isPartOf":{"@id":"https:\/\/www.celttv.com.ar\/#website"},"datePublished":"2013-08-26T23:30:32+00:00","dateModified":"2013-08-26T23:30:32+00:00","description":"Sitio web de noticias de la localidad de Tornquist, provincia de Buenos Aires, Rep\u00fablica Argentina. Contenido propio originado por periodistas de CELTTV, el canal de TV local de la Cooperativa El\u00e9ctrica de Tornquist. Turismo, Pol\u00edtica, Sociedad, Deporte, Cultura y todo el contenido de inter\u00e9s general que la gente del pueblo y la regi\u00f3n debe conocer.","breadcrumb":{"@id":"https:\/\/www.celttv.com.ar\/index.php\/2013\/08\/26\/aerolineas-vacaciones-una-gran-oportunidad-para-nuestro-destino\/#breadcrumb"},"inLanguage":"es","potentialAction":[{"@type":"ReadAction","target":["https:\/\/www.celttv.com.ar\/index.php\/2013\/08\/26\/aerolineas-vacaciones-una-gran-oportunidad-para-nuestro-destino\/"]}]},{"@type":"BreadcrumbList","@id":"https:\/\/www.celttv.com.ar\/index.php\/2013\/08\/26\/aerolineas-vacaciones-una-gran-oportunidad-para-nuestro-destino\/#breadcrumb","itemListElement":[{"@type":"ListItem","position":1,"name":"Inicio","item":"https:\/\/www.celttv.com.ar\/"},{"@type":"ListItem","position":2,"name":"&#8220;AEROLINEAS VACACIONES&#8221;, UNA GRAN OPORTUNIDAD PARA NUESTRO DESTINO"}]},{"@type":"WebSite","@id":"https:\/\/www.celttv.com.ar\/#website","url":"https:\/\/www.celttv.com.ar\/","name":"CELTTV","description":"Cooperativa El\u00e9ctrica de Tornquist","publisher":{"@id":"https:\/\/www.celttv.com.ar\/#organization"},"potentialAction":[{"@type":"SearchAction","target":{"@type":"EntryPoint","urlTemplate":"https:\/\/www.celttv.com.ar\/?s={search_term_string}"},"query-input":"required name=search_term_string"}],"inLanguage":"es"},{"@type":"Organization","@id":"https:\/\/www.celttv.com.ar\/#organization","name":"CELTTV","url":"https:\/\/www.celttv.com.ar\/","sameAs":["https:\/\/www.youtube.com\/channel\/UCz_oIt8Hig64Ub-EmcNPIhg","https:\/\/www.facebook.com\/celtTV\/"],"logo":{"@type":"ImageObject","inLanguage":"es","@id":"https:\/\/www.celttv.com.ar\/#\/schema\/logo\/image\/","url":"http:\/\/www.celttv.com.ar\/wp-content\/uploads\/2022\/08\/logo-1.png","contentUrl":"http:\/\/www.celttv.com.ar\/wp-content\/uploads\/2022\/08\/logo-1.png","width":461,"height":159,"caption":"CELTTV"},"image":{"@id":"https:\/\/www.celttv.com.ar\/#\/schema\/logo\/image\/"}},{"@type":"Person","@id":"https:\/\/www.celttv.com.ar\/#\/schema\/person\/6d99c072dba59953809c81446e9d0ace","name":"ulises","image":{"@type":"ImageObject","inLanguage":"es","@id":"https:\/\/www.celttv.com.ar\/#\/schema\/person\/image\/","url":"https:\/\/secure.gravatar.com\/avatar\/7f2c48bdc33b30088f941fb6082e555f2874c98e20cb159d7b92b50eadfce793?s=96&d=mm&r=g","contentUrl":"https:\/\/secure.gravatar.com\/avatar\/7f2c48bdc33b30088f941fb6082e555f2874c98e20cb159d7b92b50eadfce793?s=96&d=mm&r=g","caption":"ulises"},"sameAs":["http:\/\/www.celttv.com.ar"]}]}},"_links":{"self":[{"href":"https:\/\/www.celttv.com.ar\/index.php\/wp-json\/wp\/v2\/posts\/13387","targetHints":{"allow":["GET"]}}],"collection":[{"href":"https:\/\/www.celttv.com.ar\/index.php\/wp-json\/wp\/v2\/posts"}],"about":[{"href":"https:\/\/www.celttv.com.ar\/index.php\/wp-json\/wp\/v2\/types\/post"}],"author":[{"embeddable":true,"href":"https:\/\/www.celttv.com.ar\/index.php\/wp-json\/wp\/v2\/users\/1"}],"replies":[{"embeddable":true,"href":"https:\/\/www.celttv.com.ar\/index.php\/wp-json\/wp\/v2\/comments?post=13387"}],"version-history":[{"count":0,"href":"https:\/\/www.celttv.com.ar\/index.php\/wp-json\/wp\/v2\/posts\/13387\/revisions"}],"wp:attachment":[{"href":"https:\/\/www.celttv.com.ar\/index.php\/wp-json\/wp\/v2\/media?parent=13387"}],"wp:term":[{"taxonomy":"category","embeddable":true,"href":"https:\/\/www.celttv.com.ar\/index.php\/wp-json\/wp\/v2\/categories?post=13387"},{"taxonomy":"post_tag","embeddable":true,"href":"https:\/\/www.celttv.com.ar\/index.php\/wp-json\/wp\/v2\/tags?post=13387"}],"curies":[{"name":"wp","href":"https:\/\/api.w.org\/{rel}","templated":true}]}}