{"id":13426,"date":"2013-08-27T17:59:27","date_gmt":"2013-08-27T17:59:27","guid":{"rendered":"http:\/\/www.tvcnoticias.com.ar\/?p=13426"},"modified":"2013-08-27T17:59:27","modified_gmt":"2013-08-27T17:59:27","slug":"el-jueves-se-inaugurara-el-centro-de-interpretacion-de-la-obra-de-salamone","status":"publish","type":"post","link":"https:\/\/www.celttv.com.ar\/index.php\/2013\/08\/27\/el-jueves-se-inaugurara-el-centro-de-interpretacion-de-la-obra-de-salamone\/","title":{"rendered":"EL JUEVES SE INAUGURARA EL CENTRO DE INTERPRETACION DE LA OBRA DE SALAMONE"},"content":{"rendered":"<p><br \/>\nLos festejos por el\u00a0 113\u00b0 aniversario de Saldungaray contendr\u00e1n una situaci\u00f3n especial. El pr\u00f3ximo jueves, a las 11 hs, se inaugurar\u00e1 el Centro de Interpretaci\u00f3n de la Obra del arquitecto ingeniero Francisco Salamone, que permitir\u00e1 reforzar el perfil tur\u00edstico y cultural que se le viene imprimiendo a la localidad en los \u00faltimos a\u00f1os.<br \/>\nLa construcci\u00f3n fue financiada con recursos provenientes del gobierno provincial y se encuentra ubicada en avenida Corrales y Pav\u00f3n, donde tambi\u00e9n funciona la Oficina de Informes Tur\u00edsticos, un moderno edificio inaugurado el a\u00f1o pasado.<br \/>\nEl lugar se complementar\u00e1 con la puesta en funcionamiento de una senda de salud y una plaza con juegos de madera, que conformar\u00e1n un polo de atractivos situado en la avenida de acceso a la localidad.<br \/>\n<strong>La obra<\/strong><br \/>\nEl edificio, de unos 200 metros cuadrados de extensi\u00f3n, busca realzar el trabajo de uno de los arquitectos m\u00e1s importantes de la historia de la provincia de Buenos Aires, que en la d\u00e9cada del \u00b430 ejecut\u00f3 m\u00e1s de 60 obras en todo el territorio bonaerense.<br \/>\nEn nuestro distrito, Salamone dej\u00f3 su sello en el Palacio Municipal ubicado en Tornquist, la delegaci\u00f3n, el portal del cementerio, el matadero y el mercado municipal de Saldungaray; la delegaci\u00f3n de Tres Picos; y parte del mobiliario de las plazas centrales de la ciudad cabecera y Saldungaray.<br \/>\nLa construcci\u00f3n, de formas simples y puras, cuenta con su envolvente de hormig\u00f3n armado y paneles vidriados, conformando dos salones principales unidos por un p\u00f3rtico que constituye un semicubierto de acceso a ambos espacios culturales.<br \/>\nEn su interior, adem\u00e1s de los sectores para el desarrollo de actividades culturales, se encuentran los sectores de servicios, constituidos por un office y sanitarios con medidas aptas para personas con dificultades motrices. Ambos salones se conectan asimismo con patios interiores ajardinados.<br \/>\nEl exterior tambi\u00e9n tendr\u00e1 un tratamiento particularizado. Con la intenci\u00f3n de lograr un espacio recreativo y de esparcimiento, se incorpor\u00f3 equipamiento urbano: bancos de hormig\u00f3n, mesas y bancos de madera, iluminaci\u00f3n y vegetaci\u00f3n, ser\u00e1n parte del escenario que permitir\u00e1 ofrecer un sitio para disfrute de la comunidad y visitantes de la Comarca Serrana.<br \/>\nEn el nuevo edificio a inaugurar, no s\u00f3lo se repasar\u00e1 la obra del arquitecto sino que se exhibir\u00e1n producciones locales y trabajos de los artistas de la localidad. Esta iniciativa result\u00f3 como respuesta del intendente municipal, licenciado Gustavo Trankels, a la demanda planteada por la propia comunidad.<br \/>\nEn este marco, el jefe comunal agradeci\u00f3 a la presidenta Cristina Fern\u00e1ndez, al gobernador Daniel Scioli; al ministro de Infraestructura bonaerense, licenciado Alejandro Arl\u00eda; a la ministro de Gobierno, arquitecta Cristina Alvarez Rodr\u00edguez; y al secretario de Turismo, licenciado Ignacio Crotto, por hacer realidad este nuevo espacio cultural que estar\u00e1 a total disposici\u00f3n de la comunidad.<br \/>\n<strong>Los festejos<\/strong><br \/>\nEl aniversario de Saldungaray tendr\u00e1 el siguiente cronograma:<br \/>\n<strong>Jueves 29<\/strong><br \/>\n&#8211;\u00a0\u00a0\u00a0\u00a0\u00a0\u00a0\u00a0\u00a0\u00a0 9.15 hs: recepci\u00f3n de autoridades en la delegaci\u00f3n municipal.<br \/>\n&#8211;\u00a0\u00a0\u00a0\u00a0\u00a0\u00a0\u00a0\u00a0\u00a0 9.30 hs: traslado del Pabell\u00f3n Patrio a la Plaza Independencia por descendientes del fundador del pueblo, izamiento y acto protocolar.<br \/>\n&#8211;\u00a0\u00a0\u00a0\u00a0\u00a0\u00a0\u00a0\u00a0\u00a0 10 hs: misa en el templo parroquial. Homenaje al fundador en el cementerio, con ofrenda floral en el pante\u00f3n familiar.<br \/>\n&#8211;\u00a0\u00a0\u00a0\u00a0\u00a0\u00a0\u00a0\u00a0\u00a0 11 hs: inauguraci\u00f3n del Centro de Interpretaci\u00f3n de la Obra del arquitecto ingeniero Francisco Salamone, ubicada en avenida Corrales y Pav\u00f3n.<br \/>\nInauguraci\u00f3n de la pista de salud y la plaza con juegos de madera instalada en el mismo predio.<br \/>\nEn el marco del programa \u201cTrabajando junto a las instituciones\u201d, se forestar\u00e1n robles, aromos y gualeguay, uno por cada instituci\u00f3n de la localidad.<br \/>\n&#8211;\u00a0\u00a0\u00a0\u00a0\u00a0\u00a0\u00a0\u00a0\u00a0 Tambi\u00e9n se desarrollar\u00e1n las siguientes actividades:<br \/>\nExposici\u00f3n fotogr\u00e1fica \u201cNuestro Pueblo\u201d, de la profesora Alejandra Wolcan, en la Biblioteca Popular \u201cGeneral San Mart\u00edn\u201d.<br \/>\nExposici\u00f3n de cuadros del taller \u201cCompartiendo Pinceles\u201d, del artista pl\u00e1stico Carlos Giusti. En el sal\u00f3n de situaciones de la delegaci\u00f3n municipal, con la adhesi\u00f3n del Hogar Agr\u00edcola Santa In\u00e9s.<br \/>\nExposici\u00f3n de elementos antiguos en el SUM del Instituto Fort\u00edn Pav\u00f3n.<br \/>\nExposici\u00f3n de maquetas y dibujos en la Escuela N\u00b0 2 \u201cGeneral San Mart\u00edn\u201d.<br \/>\n&#8211;\u00a0\u00a0\u00a0\u00a0\u00a0\u00a0\u00a0\u00a0\u00a0 18.30 hs: arriado de bandera.<br \/>\n<strong>Domingo 1 de septiembre<\/strong><br \/>\n&#8211;\u00a0\u00a0\u00a0\u00a0\u00a0\u00a0\u00a0\u00a0\u00a0 9.15 hs: recepci\u00f3n de autoridades en la delegaci\u00f3n municipal.<br \/>\n&#8211;\u00a0\u00a0\u00a0\u00a0\u00a0\u00a0\u00a0\u00a0\u00a0 9.30 hs: traslado del Pabell\u00f3n Patrio a la Plaza Independencia, a cargo de descendientes e instituciones locales. Izamiento. Palabras alusivas. Actuaci\u00f3n del V Cuerpo de Ej\u00e9rcito. Actuaci\u00f3n del coro municipal de Tornquist y Saldungaray. Baile de pe\u00f1as locales. Espect\u00e1culo art\u00edstico callejero. Exposici\u00f3n y venta de art\u00edculos regionales.<br \/>\n&#8211;\u00a0\u00a0\u00a0\u00a0\u00a0\u00a0\u00a0\u00a0\u00a0 13.30 hs: almuerzo popular (llevar cubiertos y vajilla).<br \/>\n&#8211;\u00a0\u00a0\u00a0\u00a0\u00a0\u00a0\u00a0\u00a0\u00a0 15.30 hs: baile, con \u201cUnicornios Negros\u201d.<br \/>\n&nbsp;<\/p>\n","protected":false},"excerpt":{"rendered":"<p>Los festejos por el\u00a0 113\u00b0 aniversario de Saldungaray contendr\u00e1n una situaci\u00f3n especial. El pr\u00f3ximo jueves, a las 11 hs, se inaugurar\u00e1 el Centro de Interpretaci\u00f3n de la Obra del arquitecto ingeniero Francisco Salamone, que permitir\u00e1 reforzar el perfil tur\u00edstico y cultural que se le viene imprimiendo a la localidad en los \u00faltimos a\u00f1os. La construcci\u00f3n [&hellip;]<\/p>\n","protected":false},"author":1,"featured_media":0,"comment_status":"closed","ping_status":"open","sticky":false,"template":"","format":"standard","meta":{"footnotes":""},"categories":[51,52,53],"tags":[],"class_list":["post-13426","post","type-post","status-publish","format-standard","hentry","category-comunidad","category-destacadas","category-politica"],"yoast_head":"<!-- This site is optimized with the Yoast SEO plugin v19.7.1 - https:\/\/yoast.com\/wordpress\/plugins\/seo\/ -->\n<title>EL JUEVES SE INAUGURARA EL CENTRO DE INTERPRETACION DE LA OBRA DE SALAMONE - CELTTV<\/title>\n<meta name=\"description\" content=\"Sitio web de noticias de la localidad de Tornquist, provincia de Buenos Aires, Rep\u00fablica Argentina. Contenido propio originado por periodistas de CELTTV, el canal de TV local de la Cooperativa El\u00e9ctrica de Tornquist. Turismo, Pol\u00edtica, Sociedad, Deporte, Cultura y todo el contenido de inter\u00e9s general que la gente del pueblo y la regi\u00f3n debe conocer.\" \/>\n<meta name=\"robots\" content=\"index, follow, max-snippet:-1, max-image-preview:large, max-video-preview:-1\" \/>\n<link rel=\"canonical\" href=\"https:\/\/www.celttv.com.ar\/index.php\/2013\/08\/27\/el-jueves-se-inaugurara-el-centro-de-interpretacion-de-la-obra-de-salamone\/\" \/>\n<meta property=\"og:locale\" content=\"es_ES\" \/>\n<meta property=\"og:type\" content=\"article\" \/>\n<meta property=\"og:title\" content=\"EL JUEVES SE INAUGURARA EL CENTRO DE INTERPRETACION DE LA OBRA DE SALAMONE - CELTTV\" \/>\n<meta property=\"og:description\" content=\"Sitio web de noticias de la localidad de Tornquist, provincia de Buenos Aires, Rep\u00fablica Argentina. Contenido propio originado por periodistas de CELTTV, el canal de TV local de la Cooperativa El\u00e9ctrica de Tornquist. Turismo, Pol\u00edtica, Sociedad, Deporte, Cultura y todo el contenido de inter\u00e9s general que la gente del pueblo y la regi\u00f3n debe conocer.\" \/>\n<meta property=\"og:url\" content=\"https:\/\/www.celttv.com.ar\/index.php\/2013\/08\/27\/el-jueves-se-inaugurara-el-centro-de-interpretacion-de-la-obra-de-salamone\/\" \/>\n<meta property=\"og:site_name\" content=\"CELTTV\" \/>\n<meta property=\"article:publisher\" content=\"https:\/\/www.facebook.com\/celtTV\/\" \/>\n<meta property=\"article:published_time\" content=\"2013-08-27T17:59:27+00:00\" \/>\n<meta name=\"author\" content=\"ulises\" \/>\n<meta name=\"twitter:card\" content=\"summary_large_image\" \/>\n<meta name=\"twitter:label1\" content=\"Escrito por\" \/>\n\t<meta name=\"twitter:data1\" content=\"ulises\" \/>\n\t<meta name=\"twitter:label2\" content=\"Tiempo de lectura\" \/>\n\t<meta name=\"twitter:data2\" content=\"4 minutos\" \/>\n<script type=\"application\/ld+json\" class=\"yoast-schema-graph\">{\"@context\":\"https:\/\/schema.org\",\"@graph\":[{\"@type\":\"NewsArticle\",\"@id\":\"https:\/\/www.celttv.com.ar\/index.php\/2013\/08\/27\/el-jueves-se-inaugurara-el-centro-de-interpretacion-de-la-obra-de-salamone\/#article\",\"isPartOf\":{\"@id\":\"https:\/\/www.celttv.com.ar\/index.php\/2013\/08\/27\/el-jueves-se-inaugurara-el-centro-de-interpretacion-de-la-obra-de-salamone\/\"},\"author\":{\"name\":\"ulises\",\"@id\":\"https:\/\/www.celttv.com.ar\/#\/schema\/person\/6d99c072dba59953809c81446e9d0ace\"},\"headline\":\"EL JUEVES SE INAUGURARA EL CENTRO DE INTERPRETACION DE LA OBRA DE SALAMONE\",\"datePublished\":\"2013-08-27T17:59:27+00:00\",\"dateModified\":\"2013-08-27T17:59:27+00:00\",\"mainEntityOfPage\":{\"@id\":\"https:\/\/www.celttv.com.ar\/index.php\/2013\/08\/27\/el-jueves-se-inaugurara-el-centro-de-interpretacion-de-la-obra-de-salamone\/\"},\"wordCount\":810,\"publisher\":{\"@id\":\"https:\/\/www.celttv.com.ar\/#organization\"},\"articleSection\":[\"Comunidad\",\"Destacadas\",\"Pol\u00edtica\"],\"inLanguage\":\"es\"},{\"@type\":\"WebPage\",\"@id\":\"https:\/\/www.celttv.com.ar\/index.php\/2013\/08\/27\/el-jueves-se-inaugurara-el-centro-de-interpretacion-de-la-obra-de-salamone\/\",\"url\":\"https:\/\/www.celttv.com.ar\/index.php\/2013\/08\/27\/el-jueves-se-inaugurara-el-centro-de-interpretacion-de-la-obra-de-salamone\/\",\"name\":\"EL JUEVES SE INAUGURARA EL CENTRO DE INTERPRETACION DE LA OBRA DE SALAMONE - CELTTV\",\"isPartOf\":{\"@id\":\"https:\/\/www.celttv.com.ar\/#website\"},\"datePublished\":\"2013-08-27T17:59:27+00:00\",\"dateModified\":\"2013-08-27T17:59:27+00:00\",\"description\":\"Sitio web de noticias de la localidad de Tornquist, provincia de Buenos Aires, Rep\u00fablica Argentina. Contenido propio originado por periodistas de CELTTV, el canal de TV local de la Cooperativa El\u00e9ctrica de Tornquist. Turismo, Pol\u00edtica, Sociedad, Deporte, Cultura y todo el contenido de inter\u00e9s general que la gente del pueblo y la regi\u00f3n debe conocer.\",\"breadcrumb\":{\"@id\":\"https:\/\/www.celttv.com.ar\/index.php\/2013\/08\/27\/el-jueves-se-inaugurara-el-centro-de-interpretacion-de-la-obra-de-salamone\/#breadcrumb\"},\"inLanguage\":\"es\",\"potentialAction\":[{\"@type\":\"ReadAction\",\"target\":[\"https:\/\/www.celttv.com.ar\/index.php\/2013\/08\/27\/el-jueves-se-inaugurara-el-centro-de-interpretacion-de-la-obra-de-salamone\/\"]}]},{\"@type\":\"BreadcrumbList\",\"@id\":\"https:\/\/www.celttv.com.ar\/index.php\/2013\/08\/27\/el-jueves-se-inaugurara-el-centro-de-interpretacion-de-la-obra-de-salamone\/#breadcrumb\",\"itemListElement\":[{\"@type\":\"ListItem\",\"position\":1,\"name\":\"Inicio\",\"item\":\"https:\/\/www.celttv.com.ar\/\"},{\"@type\":\"ListItem\",\"position\":2,\"name\":\"EL JUEVES SE INAUGURARA EL CENTRO DE INTERPRETACION DE LA OBRA DE SALAMONE\"}]},{\"@type\":\"WebSite\",\"@id\":\"https:\/\/www.celttv.com.ar\/#website\",\"url\":\"https:\/\/www.celttv.com.ar\/\",\"name\":\"CELTTV\",\"description\":\"Cooperativa El\u00e9ctrica de Tornquist\",\"publisher\":{\"@id\":\"https:\/\/www.celttv.com.ar\/#organization\"},\"potentialAction\":[{\"@type\":\"SearchAction\",\"target\":{\"@type\":\"EntryPoint\",\"urlTemplate\":\"https:\/\/www.celttv.com.ar\/?s={search_term_string}\"},\"query-input\":\"required name=search_term_string\"}],\"inLanguage\":\"es\"},{\"@type\":\"Organization\",\"@id\":\"https:\/\/www.celttv.com.ar\/#organization\",\"name\":\"CELTTV\",\"url\":\"https:\/\/www.celttv.com.ar\/\",\"sameAs\":[\"https:\/\/www.youtube.com\/channel\/UCz_oIt8Hig64Ub-EmcNPIhg\",\"https:\/\/www.facebook.com\/celtTV\/\"],\"logo\":{\"@type\":\"ImageObject\",\"inLanguage\":\"es\",\"@id\":\"https:\/\/www.celttv.com.ar\/#\/schema\/logo\/image\/\",\"url\":\"http:\/\/www.celttv.com.ar\/wp-content\/uploads\/2022\/08\/logo-1.png\",\"contentUrl\":\"http:\/\/www.celttv.com.ar\/wp-content\/uploads\/2022\/08\/logo-1.png\",\"width\":461,\"height\":159,\"caption\":\"CELTTV\"},\"image\":{\"@id\":\"https:\/\/www.celttv.com.ar\/#\/schema\/logo\/image\/\"}},{\"@type\":\"Person\",\"@id\":\"https:\/\/www.celttv.com.ar\/#\/schema\/person\/6d99c072dba59953809c81446e9d0ace\",\"name\":\"ulises\",\"image\":{\"@type\":\"ImageObject\",\"inLanguage\":\"es\",\"@id\":\"https:\/\/www.celttv.com.ar\/#\/schema\/person\/image\/\",\"url\":\"https:\/\/secure.gravatar.com\/avatar\/7f2c48bdc33b30088f941fb6082e555f2874c98e20cb159d7b92b50eadfce793?s=96&d=mm&r=g\",\"contentUrl\":\"https:\/\/secure.gravatar.com\/avatar\/7f2c48bdc33b30088f941fb6082e555f2874c98e20cb159d7b92b50eadfce793?s=96&d=mm&r=g\",\"caption\":\"ulises\"},\"sameAs\":[\"http:\/\/www.celttv.com.ar\"]}]}<\/script>\n<!-- \/ Yoast SEO plugin. -->","yoast_head_json":{"title":"EL JUEVES SE INAUGURARA EL CENTRO DE INTERPRETACION DE LA OBRA DE SALAMONE - CELTTV","description":"Sitio web de noticias de la localidad de Tornquist, provincia de Buenos Aires, Rep\u00fablica Argentina. Contenido propio originado por periodistas de CELTTV, el canal de TV local de la Cooperativa El\u00e9ctrica de Tornquist. Turismo, Pol\u00edtica, Sociedad, Deporte, Cultura y todo el contenido de inter\u00e9s general que la gente del pueblo y la regi\u00f3n debe conocer.","robots":{"index":"index","follow":"follow","max-snippet":"max-snippet:-1","max-image-preview":"max-image-preview:large","max-video-preview":"max-video-preview:-1"},"canonical":"https:\/\/www.celttv.com.ar\/index.php\/2013\/08\/27\/el-jueves-se-inaugurara-el-centro-de-interpretacion-de-la-obra-de-salamone\/","og_locale":"es_ES","og_type":"article","og_title":"EL JUEVES SE INAUGURARA EL CENTRO DE INTERPRETACION DE LA OBRA DE SALAMONE - CELTTV","og_description":"Sitio web de noticias de la localidad de Tornquist, provincia de Buenos Aires, Rep\u00fablica Argentina. Contenido propio originado por periodistas de CELTTV, el canal de TV local de la Cooperativa El\u00e9ctrica de Tornquist. Turismo, Pol\u00edtica, Sociedad, Deporte, Cultura y todo el contenido de inter\u00e9s general que la gente del pueblo y la regi\u00f3n debe conocer.","og_url":"https:\/\/www.celttv.com.ar\/index.php\/2013\/08\/27\/el-jueves-se-inaugurara-el-centro-de-interpretacion-de-la-obra-de-salamone\/","og_site_name":"CELTTV","article_publisher":"https:\/\/www.facebook.com\/celtTV\/","article_published_time":"2013-08-27T17:59:27+00:00","author":"ulises","twitter_card":"summary_large_image","twitter_misc":{"Escrito por":"ulises","Tiempo de lectura":"4 minutos"},"schema":{"@context":"https:\/\/schema.org","@graph":[{"@type":"NewsArticle","@id":"https:\/\/www.celttv.com.ar\/index.php\/2013\/08\/27\/el-jueves-se-inaugurara-el-centro-de-interpretacion-de-la-obra-de-salamone\/#article","isPartOf":{"@id":"https:\/\/www.celttv.com.ar\/index.php\/2013\/08\/27\/el-jueves-se-inaugurara-el-centro-de-interpretacion-de-la-obra-de-salamone\/"},"author":{"name":"ulises","@id":"https:\/\/www.celttv.com.ar\/#\/schema\/person\/6d99c072dba59953809c81446e9d0ace"},"headline":"EL JUEVES SE INAUGURARA EL CENTRO DE INTERPRETACION DE LA OBRA DE SALAMONE","datePublished":"2013-08-27T17:59:27+00:00","dateModified":"2013-08-27T17:59:27+00:00","mainEntityOfPage":{"@id":"https:\/\/www.celttv.com.ar\/index.php\/2013\/08\/27\/el-jueves-se-inaugurara-el-centro-de-interpretacion-de-la-obra-de-salamone\/"},"wordCount":810,"publisher":{"@id":"https:\/\/www.celttv.com.ar\/#organization"},"articleSection":["Comunidad","Destacadas","Pol\u00edtica"],"inLanguage":"es"},{"@type":"WebPage","@id":"https:\/\/www.celttv.com.ar\/index.php\/2013\/08\/27\/el-jueves-se-inaugurara-el-centro-de-interpretacion-de-la-obra-de-salamone\/","url":"https:\/\/www.celttv.com.ar\/index.php\/2013\/08\/27\/el-jueves-se-inaugurara-el-centro-de-interpretacion-de-la-obra-de-salamone\/","name":"EL JUEVES SE INAUGURARA EL CENTRO DE INTERPRETACION DE LA OBRA DE SALAMONE - CELTTV","isPartOf":{"@id":"https:\/\/www.celttv.com.ar\/#website"},"datePublished":"2013-08-27T17:59:27+00:00","dateModified":"2013-08-27T17:59:27+00:00","description":"Sitio web de noticias de la localidad de Tornquist, provincia de Buenos Aires, Rep\u00fablica Argentina. Contenido propio originado por periodistas de CELTTV, el canal de TV local de la Cooperativa El\u00e9ctrica de Tornquist. Turismo, Pol\u00edtica, Sociedad, Deporte, Cultura y todo el contenido de inter\u00e9s general que la gente del pueblo y la regi\u00f3n debe conocer.","breadcrumb":{"@id":"https:\/\/www.celttv.com.ar\/index.php\/2013\/08\/27\/el-jueves-se-inaugurara-el-centro-de-interpretacion-de-la-obra-de-salamone\/#breadcrumb"},"inLanguage":"es","potentialAction":[{"@type":"ReadAction","target":["https:\/\/www.celttv.com.ar\/index.php\/2013\/08\/27\/el-jueves-se-inaugurara-el-centro-de-interpretacion-de-la-obra-de-salamone\/"]}]},{"@type":"BreadcrumbList","@id":"https:\/\/www.celttv.com.ar\/index.php\/2013\/08\/27\/el-jueves-se-inaugurara-el-centro-de-interpretacion-de-la-obra-de-salamone\/#breadcrumb","itemListElement":[{"@type":"ListItem","position":1,"name":"Inicio","item":"https:\/\/www.celttv.com.ar\/"},{"@type":"ListItem","position":2,"name":"EL JUEVES SE INAUGURARA EL CENTRO DE INTERPRETACION DE LA OBRA DE SALAMONE"}]},{"@type":"WebSite","@id":"https:\/\/www.celttv.com.ar\/#website","url":"https:\/\/www.celttv.com.ar\/","name":"CELTTV","description":"Cooperativa El\u00e9ctrica de Tornquist","publisher":{"@id":"https:\/\/www.celttv.com.ar\/#organization"},"potentialAction":[{"@type":"SearchAction","target":{"@type":"EntryPoint","urlTemplate":"https:\/\/www.celttv.com.ar\/?s={search_term_string}"},"query-input":"required name=search_term_string"}],"inLanguage":"es"},{"@type":"Organization","@id":"https:\/\/www.celttv.com.ar\/#organization","name":"CELTTV","url":"https:\/\/www.celttv.com.ar\/","sameAs":["https:\/\/www.youtube.com\/channel\/UCz_oIt8Hig64Ub-EmcNPIhg","https:\/\/www.facebook.com\/celtTV\/"],"logo":{"@type":"ImageObject","inLanguage":"es","@id":"https:\/\/www.celttv.com.ar\/#\/schema\/logo\/image\/","url":"http:\/\/www.celttv.com.ar\/wp-content\/uploads\/2022\/08\/logo-1.png","contentUrl":"http:\/\/www.celttv.com.ar\/wp-content\/uploads\/2022\/08\/logo-1.png","width":461,"height":159,"caption":"CELTTV"},"image":{"@id":"https:\/\/www.celttv.com.ar\/#\/schema\/logo\/image\/"}},{"@type":"Person","@id":"https:\/\/www.celttv.com.ar\/#\/schema\/person\/6d99c072dba59953809c81446e9d0ace","name":"ulises","image":{"@type":"ImageObject","inLanguage":"es","@id":"https:\/\/www.celttv.com.ar\/#\/schema\/person\/image\/","url":"https:\/\/secure.gravatar.com\/avatar\/7f2c48bdc33b30088f941fb6082e555f2874c98e20cb159d7b92b50eadfce793?s=96&d=mm&r=g","contentUrl":"https:\/\/secure.gravatar.com\/avatar\/7f2c48bdc33b30088f941fb6082e555f2874c98e20cb159d7b92b50eadfce793?s=96&d=mm&r=g","caption":"ulises"},"sameAs":["http:\/\/www.celttv.com.ar"]}]}},"_links":{"self":[{"href":"https:\/\/www.celttv.com.ar\/index.php\/wp-json\/wp\/v2\/posts\/13426","targetHints":{"allow":["GET"]}}],"collection":[{"href":"https:\/\/www.celttv.com.ar\/index.php\/wp-json\/wp\/v2\/posts"}],"about":[{"href":"https:\/\/www.celttv.com.ar\/index.php\/wp-json\/wp\/v2\/types\/post"}],"author":[{"embeddable":true,"href":"https:\/\/www.celttv.com.ar\/index.php\/wp-json\/wp\/v2\/users\/1"}],"replies":[{"embeddable":true,"href":"https:\/\/www.celttv.com.ar\/index.php\/wp-json\/wp\/v2\/comments?post=13426"}],"version-history":[{"count":0,"href":"https:\/\/www.celttv.com.ar\/index.php\/wp-json\/wp\/v2\/posts\/13426\/revisions"}],"wp:attachment":[{"href":"https:\/\/www.celttv.com.ar\/index.php\/wp-json\/wp\/v2\/media?parent=13426"}],"wp:term":[{"taxonomy":"category","embeddable":true,"href":"https:\/\/www.celttv.com.ar\/index.php\/wp-json\/wp\/v2\/categories?post=13426"},{"taxonomy":"post_tag","embeddable":true,"href":"https:\/\/www.celttv.com.ar\/index.php\/wp-json\/wp\/v2\/tags?post=13426"}],"curies":[{"name":"wp","href":"https:\/\/api.w.org\/{rel}","templated":true}]}}