{"id":13440,"date":"2013-08-27T18:45:12","date_gmt":"2013-08-27T18:45:12","guid":{"rendered":"http:\/\/www.tvcnoticias.com.ar\/?p=13440"},"modified":"2013-08-27T18:45:12","modified_gmt":"2013-08-27T18:45:12","slug":"el-coral-de-las-sierras-en-un-nuevo-cafe-literario-de-la-biblioteca-e-tornquist-video-y-nota-con-raul-quis","status":"publish","type":"post","link":"https:\/\/www.celttv.com.ar\/index.php\/2013\/08\/27\/el-coral-de-las-sierras-en-un-nuevo-cafe-literario-de-la-biblioteca-e-tornquist-video-y-nota-con-raul-quis\/","title":{"rendered":"&#8220;EL CORAL DE LAS SIERRAS&#8221; EN UN NUEVO CAFE LITERARIO DE LA BIBLIOTECA E. TORNQUIST (Video y nota con Ra\u00fal Quis)"},"content":{"rendered":"<p><a href=\"http:\/\/www.youtube.com\/watch?v=IRGiWrk68rI\"><\/a><a href=\"http:\/\/www.youtube.com\/watch?v=IRGiWrk68rI\">httpv:\/\/www.youtube.com\/watch?v=IRGiWrk68rI<\/a><br \/>\n<a href=\"http:\/\/www.youtube.com\/watch?v=ZLBrAtM_gW0\"><\/a><a href=\"http:\/\/www.youtube.com\/watch?v=ZLBrAtM_gW0\">httpv:\/\/www.youtube.com\/watch?v=ZLBrAtM_gW0<\/a><br \/>\nEL CORAL DE LAS SIERRAS, integrado por coreutas de Sierra de la Ventana, Tornquist, Saldungaray y Villa Ventana, bajo la direcci\u00f3n de Ra\u00fal Quis, realiz\u00f3 su valioso aporte en una nueva edici\u00f3n del &#8220;Cafe Literario Musical&#8221; de la Biblioteca Popular ernesto Tornquist, donde se festejaba el D\u00eda del Folklore y se presentaba el libro &#8220;LOPEZ LECUBE&#8221; MI PUEBLO de la escritora Mar\u00eda Eva Larralde de Gabella.<br \/>\nTambi\u00e9n hicieron su aporte musical \u201cCachi\u201d Conti y su nieto Agust\u00edn Milano (guitarra), sumado al aporte de Omar Araya y la Escuela Folkl\u00f3rica Municipal, redondearon un excelente espect\u00e1culo, que en sus primeros pasajes fue emitido en directo por Tornqust Video Cable, cuyas c\u00e1maras filmaron la totalidad del evento que ser\u00e1 emitido en sus distintos espacios.<br \/>\n&nbsp;<\/p>\n","protected":false},"excerpt":{"rendered":"<p>httpv:\/\/www.youtube.com\/watch?v=IRGiWrk68rI httpv:\/\/www.youtube.com\/watch?v=ZLBrAtM_gW0 EL CORAL DE LAS SIERRAS, integrado por coreutas de Sierra de la Ventana, Tornquist, Saldungaray y Villa Ventana, bajo la direcci\u00f3n de Ra\u00fal Quis, realiz\u00f3 su valioso aporte en una nueva edici\u00f3n del &#8220;Cafe Literario Musical&#8221; de la Biblioteca Popular ernesto Tornquist, donde se festejaba el D\u00eda del Folklore y se presentaba el [&hellip;]<\/p>\n","protected":false},"author":1,"featured_media":0,"comment_status":"closed","ping_status":"open","sticky":false,"template":"","format":"standard","meta":{"footnotes":""},"categories":[51,52,56,64],"tags":[],"class_list":["post-13440","post","type-post","status-publish","format-standard","hentry","category-comunidad","category-destacadas","category-espectaculos","category-videos-destacados"],"yoast_head":"<!-- This site is optimized with the Yoast SEO plugin v19.7.1 - https:\/\/yoast.com\/wordpress\/plugins\/seo\/ -->\n<title>&quot;EL CORAL DE LAS SIERRAS&quot; EN UN NUEVO CAFE LITERARIO DE LA BIBLIOTECA E. TORNQUIST (Video y nota con Ra\u00fal Quis) - CELTTV<\/title>\n<meta name=\"description\" content=\"Sitio web de noticias de la localidad de Tornquist, provincia de Buenos Aires, Rep\u00fablica Argentina. Contenido propio originado por periodistas de CELTTV, el canal de TV local de la Cooperativa El\u00e9ctrica de Tornquist. Turismo, Pol\u00edtica, Sociedad, Deporte, Cultura y todo el contenido de inter\u00e9s general que la gente del pueblo y la regi\u00f3n debe conocer.\" \/>\n<meta name=\"robots\" content=\"index, follow, max-snippet:-1, max-image-preview:large, max-video-preview:-1\" \/>\n<link rel=\"canonical\" href=\"https:\/\/www.celttv.com.ar\/index.php\/2013\/08\/27\/el-coral-de-las-sierras-en-un-nuevo-cafe-literario-de-la-biblioteca-e-tornquist-video-y-nota-con-raul-quis\/\" \/>\n<meta property=\"og:locale\" content=\"es_ES\" \/>\n<meta property=\"og:type\" content=\"article\" \/>\n<meta property=\"og:title\" content=\"&quot;EL CORAL DE LAS SIERRAS&quot; EN UN NUEVO CAFE LITERARIO DE LA BIBLIOTECA E. TORNQUIST (Video y nota con Ra\u00fal Quis) - CELTTV\" \/>\n<meta property=\"og:description\" content=\"Sitio web de noticias de la localidad de Tornquist, provincia de Buenos Aires, Rep\u00fablica Argentina. Contenido propio originado por periodistas de CELTTV, el canal de TV local de la Cooperativa El\u00e9ctrica de Tornquist. Turismo, Pol\u00edtica, Sociedad, Deporte, Cultura y todo el contenido de inter\u00e9s general que la gente del pueblo y la regi\u00f3n debe conocer.\" \/>\n<meta property=\"og:url\" content=\"https:\/\/www.celttv.com.ar\/index.php\/2013\/08\/27\/el-coral-de-las-sierras-en-un-nuevo-cafe-literario-de-la-biblioteca-e-tornquist-video-y-nota-con-raul-quis\/\" \/>\n<meta property=\"og:site_name\" content=\"CELTTV\" \/>\n<meta property=\"article:publisher\" content=\"https:\/\/www.facebook.com\/celtTV\/\" \/>\n<meta property=\"article:published_time\" content=\"2013-08-27T18:45:12+00:00\" \/>\n<meta name=\"author\" content=\"ulises\" \/>\n<meta name=\"twitter:card\" content=\"summary_large_image\" \/>\n<meta name=\"twitter:label1\" content=\"Escrito por\" \/>\n\t<meta name=\"twitter:data1\" content=\"ulises\" \/>\n\t<meta name=\"twitter:label2\" content=\"Tiempo de lectura\" \/>\n\t<meta name=\"twitter:data2\" content=\"1 minuto\" \/>\n<script type=\"application\/ld+json\" class=\"yoast-schema-graph\">{\"@context\":\"https:\/\/schema.org\",\"@graph\":[{\"@type\":\"NewsArticle\",\"@id\":\"https:\/\/www.celttv.com.ar\/index.php\/2013\/08\/27\/el-coral-de-las-sierras-en-un-nuevo-cafe-literario-de-la-biblioteca-e-tornquist-video-y-nota-con-raul-quis\/#article\",\"isPartOf\":{\"@id\":\"https:\/\/www.celttv.com.ar\/index.php\/2013\/08\/27\/el-coral-de-las-sierras-en-un-nuevo-cafe-literario-de-la-biblioteca-e-tornquist-video-y-nota-con-raul-quis\/\"},\"author\":{\"name\":\"ulises\",\"@id\":\"https:\/\/www.celttv.com.ar\/#\/schema\/person\/6d99c072dba59953809c81446e9d0ace\"},\"headline\":\"&#8220;EL CORAL DE LAS SIERRAS&#8221; EN UN NUEVO CAFE LITERARIO DE LA BIBLIOTECA E. TORNQUIST (Video y nota con Ra\u00fal Quis)\",\"datePublished\":\"2013-08-27T18:45:12+00:00\",\"dateModified\":\"2013-08-27T18:45:12+00:00\",\"mainEntityOfPage\":{\"@id\":\"https:\/\/www.celttv.com.ar\/index.php\/2013\/08\/27\/el-coral-de-las-sierras-en-un-nuevo-cafe-literario-de-la-biblioteca-e-tornquist-video-y-nota-con-raul-quis\/\"},\"wordCount\":170,\"publisher\":{\"@id\":\"https:\/\/www.celttv.com.ar\/#organization\"},\"articleSection\":[\"Comunidad\",\"Destacadas\",\"Espect\u00e1culos\",\"Videos Destacados\"],\"inLanguage\":\"es\"},{\"@type\":\"WebPage\",\"@id\":\"https:\/\/www.celttv.com.ar\/index.php\/2013\/08\/27\/el-coral-de-las-sierras-en-un-nuevo-cafe-literario-de-la-biblioteca-e-tornquist-video-y-nota-con-raul-quis\/\",\"url\":\"https:\/\/www.celttv.com.ar\/index.php\/2013\/08\/27\/el-coral-de-las-sierras-en-un-nuevo-cafe-literario-de-la-biblioteca-e-tornquist-video-y-nota-con-raul-quis\/\",\"name\":\"\\\"EL CORAL DE LAS SIERRAS\\\" EN UN NUEVO CAFE LITERARIO DE LA BIBLIOTECA E. TORNQUIST (Video y nota con Ra\u00fal Quis) - CELTTV\",\"isPartOf\":{\"@id\":\"https:\/\/www.celttv.com.ar\/#website\"},\"datePublished\":\"2013-08-27T18:45:12+00:00\",\"dateModified\":\"2013-08-27T18:45:12+00:00\",\"description\":\"Sitio web de noticias de la localidad de Tornquist, provincia de Buenos Aires, Rep\u00fablica Argentina. Contenido propio originado por periodistas de CELTTV, el canal de TV local de la Cooperativa El\u00e9ctrica de Tornquist. Turismo, Pol\u00edtica, Sociedad, Deporte, Cultura y todo el contenido de inter\u00e9s general que la gente del pueblo y la regi\u00f3n debe conocer.\",\"breadcrumb\":{\"@id\":\"https:\/\/www.celttv.com.ar\/index.php\/2013\/08\/27\/el-coral-de-las-sierras-en-un-nuevo-cafe-literario-de-la-biblioteca-e-tornquist-video-y-nota-con-raul-quis\/#breadcrumb\"},\"inLanguage\":\"es\",\"potentialAction\":[{\"@type\":\"ReadAction\",\"target\":[\"https:\/\/www.celttv.com.ar\/index.php\/2013\/08\/27\/el-coral-de-las-sierras-en-un-nuevo-cafe-literario-de-la-biblioteca-e-tornquist-video-y-nota-con-raul-quis\/\"]}]},{\"@type\":\"BreadcrumbList\",\"@id\":\"https:\/\/www.celttv.com.ar\/index.php\/2013\/08\/27\/el-coral-de-las-sierras-en-un-nuevo-cafe-literario-de-la-biblioteca-e-tornquist-video-y-nota-con-raul-quis\/#breadcrumb\",\"itemListElement\":[{\"@type\":\"ListItem\",\"position\":1,\"name\":\"Inicio\",\"item\":\"https:\/\/www.celttv.com.ar\/\"},{\"@type\":\"ListItem\",\"position\":2,\"name\":\"&#8220;EL CORAL DE LAS SIERRAS&#8221; EN UN NUEVO CAFE LITERARIO DE LA BIBLIOTECA E. TORNQUIST (Video y nota con Ra\u00fal Quis)\"}]},{\"@type\":\"WebSite\",\"@id\":\"https:\/\/www.celttv.com.ar\/#website\",\"url\":\"https:\/\/www.celttv.com.ar\/\",\"name\":\"CELTTV\",\"description\":\"Cooperativa El\u00e9ctrica de Tornquist\",\"publisher\":{\"@id\":\"https:\/\/www.celttv.com.ar\/#organization\"},\"potentialAction\":[{\"@type\":\"SearchAction\",\"target\":{\"@type\":\"EntryPoint\",\"urlTemplate\":\"https:\/\/www.celttv.com.ar\/?s={search_term_string}\"},\"query-input\":\"required name=search_term_string\"}],\"inLanguage\":\"es\"},{\"@type\":\"Organization\",\"@id\":\"https:\/\/www.celttv.com.ar\/#organization\",\"name\":\"CELTTV\",\"url\":\"https:\/\/www.celttv.com.ar\/\",\"sameAs\":[\"https:\/\/www.youtube.com\/channel\/UCz_oIt8Hig64Ub-EmcNPIhg\",\"https:\/\/www.facebook.com\/celtTV\/\"],\"logo\":{\"@type\":\"ImageObject\",\"inLanguage\":\"es\",\"@id\":\"https:\/\/www.celttv.com.ar\/#\/schema\/logo\/image\/\",\"url\":\"http:\/\/www.celttv.com.ar\/wp-content\/uploads\/2022\/08\/logo-1.png\",\"contentUrl\":\"http:\/\/www.celttv.com.ar\/wp-content\/uploads\/2022\/08\/logo-1.png\",\"width\":461,\"height\":159,\"caption\":\"CELTTV\"},\"image\":{\"@id\":\"https:\/\/www.celttv.com.ar\/#\/schema\/logo\/image\/\"}},{\"@type\":\"Person\",\"@id\":\"https:\/\/www.celttv.com.ar\/#\/schema\/person\/6d99c072dba59953809c81446e9d0ace\",\"name\":\"ulises\",\"image\":{\"@type\":\"ImageObject\",\"inLanguage\":\"es\",\"@id\":\"https:\/\/www.celttv.com.ar\/#\/schema\/person\/image\/\",\"url\":\"https:\/\/secure.gravatar.com\/avatar\/7f2c48bdc33b30088f941fb6082e555f2874c98e20cb159d7b92b50eadfce793?s=96&d=mm&r=g\",\"contentUrl\":\"https:\/\/secure.gravatar.com\/avatar\/7f2c48bdc33b30088f941fb6082e555f2874c98e20cb159d7b92b50eadfce793?s=96&d=mm&r=g\",\"caption\":\"ulises\"},\"sameAs\":[\"http:\/\/www.celttv.com.ar\"]}]}<\/script>\n<!-- \/ Yoast SEO plugin. -->","yoast_head_json":{"title":"\"EL CORAL DE LAS SIERRAS\" EN UN NUEVO CAFE LITERARIO DE LA BIBLIOTECA E. TORNQUIST (Video y nota con Ra\u00fal Quis) - CELTTV","description":"Sitio web de noticias de la localidad de Tornquist, provincia de Buenos Aires, Rep\u00fablica Argentina. Contenido propio originado por periodistas de CELTTV, el canal de TV local de la Cooperativa El\u00e9ctrica de Tornquist. Turismo, Pol\u00edtica, Sociedad, Deporte, Cultura y todo el contenido de inter\u00e9s general que la gente del pueblo y la regi\u00f3n debe conocer.","robots":{"index":"index","follow":"follow","max-snippet":"max-snippet:-1","max-image-preview":"max-image-preview:large","max-video-preview":"max-video-preview:-1"},"canonical":"https:\/\/www.celttv.com.ar\/index.php\/2013\/08\/27\/el-coral-de-las-sierras-en-un-nuevo-cafe-literario-de-la-biblioteca-e-tornquist-video-y-nota-con-raul-quis\/","og_locale":"es_ES","og_type":"article","og_title":"\"EL CORAL DE LAS SIERRAS\" EN UN NUEVO CAFE LITERARIO DE LA BIBLIOTECA E. TORNQUIST (Video y nota con Ra\u00fal Quis) - CELTTV","og_description":"Sitio web de noticias de la localidad de Tornquist, provincia de Buenos Aires, Rep\u00fablica Argentina. Contenido propio originado por periodistas de CELTTV, el canal de TV local de la Cooperativa El\u00e9ctrica de Tornquist. Turismo, Pol\u00edtica, Sociedad, Deporte, Cultura y todo el contenido de inter\u00e9s general que la gente del pueblo y la regi\u00f3n debe conocer.","og_url":"https:\/\/www.celttv.com.ar\/index.php\/2013\/08\/27\/el-coral-de-las-sierras-en-un-nuevo-cafe-literario-de-la-biblioteca-e-tornquist-video-y-nota-con-raul-quis\/","og_site_name":"CELTTV","article_publisher":"https:\/\/www.facebook.com\/celtTV\/","article_published_time":"2013-08-27T18:45:12+00:00","author":"ulises","twitter_card":"summary_large_image","twitter_misc":{"Escrito por":"ulises","Tiempo de lectura":"1 minuto"},"schema":{"@context":"https:\/\/schema.org","@graph":[{"@type":"NewsArticle","@id":"https:\/\/www.celttv.com.ar\/index.php\/2013\/08\/27\/el-coral-de-las-sierras-en-un-nuevo-cafe-literario-de-la-biblioteca-e-tornquist-video-y-nota-con-raul-quis\/#article","isPartOf":{"@id":"https:\/\/www.celttv.com.ar\/index.php\/2013\/08\/27\/el-coral-de-las-sierras-en-un-nuevo-cafe-literario-de-la-biblioteca-e-tornquist-video-y-nota-con-raul-quis\/"},"author":{"name":"ulises","@id":"https:\/\/www.celttv.com.ar\/#\/schema\/person\/6d99c072dba59953809c81446e9d0ace"},"headline":"&#8220;EL CORAL DE LAS SIERRAS&#8221; EN UN NUEVO CAFE LITERARIO DE LA BIBLIOTECA E. TORNQUIST (Video y nota con Ra\u00fal Quis)","datePublished":"2013-08-27T18:45:12+00:00","dateModified":"2013-08-27T18:45:12+00:00","mainEntityOfPage":{"@id":"https:\/\/www.celttv.com.ar\/index.php\/2013\/08\/27\/el-coral-de-las-sierras-en-un-nuevo-cafe-literario-de-la-biblioteca-e-tornquist-video-y-nota-con-raul-quis\/"},"wordCount":170,"publisher":{"@id":"https:\/\/www.celttv.com.ar\/#organization"},"articleSection":["Comunidad","Destacadas","Espect\u00e1culos","Videos Destacados"],"inLanguage":"es"},{"@type":"WebPage","@id":"https:\/\/www.celttv.com.ar\/index.php\/2013\/08\/27\/el-coral-de-las-sierras-en-un-nuevo-cafe-literario-de-la-biblioteca-e-tornquist-video-y-nota-con-raul-quis\/","url":"https:\/\/www.celttv.com.ar\/index.php\/2013\/08\/27\/el-coral-de-las-sierras-en-un-nuevo-cafe-literario-de-la-biblioteca-e-tornquist-video-y-nota-con-raul-quis\/","name":"\"EL CORAL DE LAS SIERRAS\" EN UN NUEVO CAFE LITERARIO DE LA BIBLIOTECA E. TORNQUIST (Video y nota con Ra\u00fal Quis) - CELTTV","isPartOf":{"@id":"https:\/\/www.celttv.com.ar\/#website"},"datePublished":"2013-08-27T18:45:12+00:00","dateModified":"2013-08-27T18:45:12+00:00","description":"Sitio web de noticias de la localidad de Tornquist, provincia de Buenos Aires, Rep\u00fablica Argentina. Contenido propio originado por periodistas de CELTTV, el canal de TV local de la Cooperativa El\u00e9ctrica de Tornquist. Turismo, Pol\u00edtica, Sociedad, Deporte, Cultura y todo el contenido de inter\u00e9s general que la gente del pueblo y la regi\u00f3n debe conocer.","breadcrumb":{"@id":"https:\/\/www.celttv.com.ar\/index.php\/2013\/08\/27\/el-coral-de-las-sierras-en-un-nuevo-cafe-literario-de-la-biblioteca-e-tornquist-video-y-nota-con-raul-quis\/#breadcrumb"},"inLanguage":"es","potentialAction":[{"@type":"ReadAction","target":["https:\/\/www.celttv.com.ar\/index.php\/2013\/08\/27\/el-coral-de-las-sierras-en-un-nuevo-cafe-literario-de-la-biblioteca-e-tornquist-video-y-nota-con-raul-quis\/"]}]},{"@type":"BreadcrumbList","@id":"https:\/\/www.celttv.com.ar\/index.php\/2013\/08\/27\/el-coral-de-las-sierras-en-un-nuevo-cafe-literario-de-la-biblioteca-e-tornquist-video-y-nota-con-raul-quis\/#breadcrumb","itemListElement":[{"@type":"ListItem","position":1,"name":"Inicio","item":"https:\/\/www.celttv.com.ar\/"},{"@type":"ListItem","position":2,"name":"&#8220;EL CORAL DE LAS SIERRAS&#8221; EN UN NUEVO CAFE LITERARIO DE LA BIBLIOTECA E. TORNQUIST (Video y nota con Ra\u00fal Quis)"}]},{"@type":"WebSite","@id":"https:\/\/www.celttv.com.ar\/#website","url":"https:\/\/www.celttv.com.ar\/","name":"CELTTV","description":"Cooperativa El\u00e9ctrica de Tornquist","publisher":{"@id":"https:\/\/www.celttv.com.ar\/#organization"},"potentialAction":[{"@type":"SearchAction","target":{"@type":"EntryPoint","urlTemplate":"https:\/\/www.celttv.com.ar\/?s={search_term_string}"},"query-input":"required name=search_term_string"}],"inLanguage":"es"},{"@type":"Organization","@id":"https:\/\/www.celttv.com.ar\/#organization","name":"CELTTV","url":"https:\/\/www.celttv.com.ar\/","sameAs":["https:\/\/www.youtube.com\/channel\/UCz_oIt8Hig64Ub-EmcNPIhg","https:\/\/www.facebook.com\/celtTV\/"],"logo":{"@type":"ImageObject","inLanguage":"es","@id":"https:\/\/www.celttv.com.ar\/#\/schema\/logo\/image\/","url":"http:\/\/www.celttv.com.ar\/wp-content\/uploads\/2022\/08\/logo-1.png","contentUrl":"http:\/\/www.celttv.com.ar\/wp-content\/uploads\/2022\/08\/logo-1.png","width":461,"height":159,"caption":"CELTTV"},"image":{"@id":"https:\/\/www.celttv.com.ar\/#\/schema\/logo\/image\/"}},{"@type":"Person","@id":"https:\/\/www.celttv.com.ar\/#\/schema\/person\/6d99c072dba59953809c81446e9d0ace","name":"ulises","image":{"@type":"ImageObject","inLanguage":"es","@id":"https:\/\/www.celttv.com.ar\/#\/schema\/person\/image\/","url":"https:\/\/secure.gravatar.com\/avatar\/7f2c48bdc33b30088f941fb6082e555f2874c98e20cb159d7b92b50eadfce793?s=96&d=mm&r=g","contentUrl":"https:\/\/secure.gravatar.com\/avatar\/7f2c48bdc33b30088f941fb6082e555f2874c98e20cb159d7b92b50eadfce793?s=96&d=mm&r=g","caption":"ulises"},"sameAs":["http:\/\/www.celttv.com.ar"]}]}},"_links":{"self":[{"href":"https:\/\/www.celttv.com.ar\/index.php\/wp-json\/wp\/v2\/posts\/13440","targetHints":{"allow":["GET"]}}],"collection":[{"href":"https:\/\/www.celttv.com.ar\/index.php\/wp-json\/wp\/v2\/posts"}],"about":[{"href":"https:\/\/www.celttv.com.ar\/index.php\/wp-json\/wp\/v2\/types\/post"}],"author":[{"embeddable":true,"href":"https:\/\/www.celttv.com.ar\/index.php\/wp-json\/wp\/v2\/users\/1"}],"replies":[{"embeddable":true,"href":"https:\/\/www.celttv.com.ar\/index.php\/wp-json\/wp\/v2\/comments?post=13440"}],"version-history":[{"count":0,"href":"https:\/\/www.celttv.com.ar\/index.php\/wp-json\/wp\/v2\/posts\/13440\/revisions"}],"wp:attachment":[{"href":"https:\/\/www.celttv.com.ar\/index.php\/wp-json\/wp\/v2\/media?parent=13440"}],"wp:term":[{"taxonomy":"category","embeddable":true,"href":"https:\/\/www.celttv.com.ar\/index.php\/wp-json\/wp\/v2\/categories?post=13440"},{"taxonomy":"post_tag","embeddable":true,"href":"https:\/\/www.celttv.com.ar\/index.php\/wp-json\/wp\/v2\/tags?post=13440"}],"curies":[{"name":"wp","href":"https:\/\/api.w.org\/{rel}","templated":true}]}}