{"id":13451,"date":"2013-08-27T19:21:45","date_gmt":"2013-08-27T19:21:45","guid":{"rendered":"http:\/\/www.tvcnoticias.com.ar\/?p=13451"},"modified":"2013-08-27T19:21:45","modified_gmt":"2013-08-27T19:21:45","slug":"parque-provincial-los-trabajadores-deciden-suspender-servicios-al-publico-en-el-ambito-de-tres-reservas-y-continuan-en-asamblea-peermanente","status":"publish","type":"post","link":"https:\/\/www.celttv.com.ar\/index.php\/2013\/08\/27\/parque-provincial-los-trabajadores-deciden-suspender-servicios-al-publico-en-el-ambito-de-tres-reservas-y-continuan-en-asamblea-peermanente\/","title":{"rendered":"PARQUE PROVINCIAL: LOS TRABAJADORES DECIDEN SUSPENDER SERVICIOS AL PUBLICO EN EL AMBITO DE TRES RESERVAS Y CONTINUAN EN ASAMBLEA PEERMANENTE"},"content":{"rendered":"<p>Los trabajadores del Sistema de \u00c1reas Naturales Protegidas del Parque Provincial Ernesto Tornquist, la Reserva Natural Pehuenco- Monte Hermoso y Laguna Chasico, informamos\u00a0 a la comunidad que hoy a partir de las 13:00 hs., se resolvi\u00f3 llevar adelante la medida de trabajar a puertas cerradas con asistencia laboral y reducci\u00f3n de tareas en cada una de las reservas mencionadas, en vista al incumplimiento al d\u00eda lunes 26 de agosto, del pago de los montos adeudados en los \u00faltimos siete meses del corriente a\u00f1o a los trabajadores\u00a0 contratados, que cumplen funciones de guardaparques y gu\u00edas, mediante contratos de locaci\u00f3n de obra.<br \/>\nEn tal sentido se informa que el acceso a senderos y servicios al p\u00fablico en general ser\u00e1n suspendidos en el \u00e1mbito de estas tres \u00e1reas naturales protegidas.<br \/>\nEl conjunto de los trabajadores de planta permanente presentes en la asamblea realizada en el Parque Provincial Ernesto Tornquist, solidarizados con la situaci\u00f3n por la que atraviesan los compa\u00f1eros contratados, por la falta de pago y la inestabilidad laboral que sufren, hemos decidido llevar adelante esta medida de fuerza a fin de que se de cumplimiento a lo demandado en el acta de reuni\u00f3n del personal del Parque Provincial realizada el pasado viernes 16 de agosto, presentada ante las autoridades pertinentes del Organismo para el Desarrollo Sostenible, donde se establec\u00eda el d\u00eda lunes 26 de agosto como fecha l\u00edmite para hacer efectivo el pago.<br \/>\nConsiderando que las instancias y los tiempos para las respuestas\u00a0 administrativas y de gesti\u00f3n fueron\u00a0 ampliamente agotadas, y que desde el d\u00eda 06 de agosto los trabajadores convocados en asamblea comenzamos a demandar el pago de lo adeudado en estado de \u201cAsamblea Permanente\u201d, y contemplando un tiempo mas que prudencial de 20 d\u00edas para la resoluci\u00f3n del conflicto, decidimos tomar esta medida ante la falta de respuesta positiva al que consideramos un leg\u00edtimo y justo reclamo.<br \/>\nA partir de la falta de respuesta \u00a0y ante otros reclamos que llevamos adelante que buscan fortalecer el Sistema de \u00c1reas Naturales Protegidas, los trabajadores en asamblea decidimos:<\/p>\n<ul>\n<li>Iniciar      medida de trabajo a puerta cerrada en las reservas Pehuen Co &#8211; Monte      Hermoso, Chasic\u00f3 y Parque Tornquist; desde las 13hs del d\u00eda 27 de agosto      de 2013 y por tiempo indeterminado hasta tanto se le pague lo adeudado a      dichos trabajadores.<\/li>\n<li>Solicitar      el pago de las remuneraciones posteriores de manera mensual y sin      interrupci\u00f3n.<\/li>\n<li>Mantener      el estado de asamblea permanente hasta lograr el pase a planta del      personal contratado.<\/li>\n<li>Continuar      con la b\u00fasqueda de estrategias de fortalecimiento del Sistema de \u00c1reas      Naturales Protegidas en las siguientes asambleas.<\/li>\n<li>Comunicar      y difundir a los compa\u00f1eros de todas las \u00e1reas protegidas de la provincia      las resoluciones adoptadas por esta asamblea.<\/li>\n<li>Dar a conocer p\u00fablicamente      la situaci\u00f3n actual, con el fin de concientizar a la sociedad del estado      de precarizaci\u00f3n laboral que sufren los compa\u00f1eros contratados y la      necesidad de fortalecer el Sistema de \u00c1reas Naturales Protegidas      Provincial y las medidas adoptadas<\/li>\n<li>Dar intervenci\u00f3n a las      entidades gremiales sobre las acciones resueltas hasta el momento.<\/li>\n<\/ul>\n<p>&nbsp;<br \/>\nPor \u00faltimo es deseo de todos los trabajadores que las autoridades pol\u00edticas logren comprender el reclamo y act\u00faen en consecuencia, dando cumplimiento a las demandas, que como puede observarse\u00a0 no persiguen otro objetivo que defender los derechos b\u00e1sicos de las personas que d\u00eda a d\u00eda trabajan por el cuidado y la conservaci\u00f3n de las \u00e1reas naturales protegidas bonaerenses.<br \/>\n&nbsp;<br \/>\nTrabajadores del Parque Provincial, Reserva Pehuen Co &#8211; Monte Hermoso, Reserva\u00a0 Chasico<br \/>\n&nbsp;<br \/>\n&nbsp;<\/p>\n","protected":false},"excerpt":{"rendered":"<p>Los trabajadores del Sistema de \u00c1reas Naturales Protegidas del Parque Provincial Ernesto Tornquist, la Reserva Natural Pehuenco- Monte Hermoso y Laguna Chasico, informamos\u00a0 a la comunidad que hoy a partir de las 13:00 hs., se resolvi\u00f3 llevar adelante la medida de trabajar a puertas cerradas con asistencia laboral y reducci\u00f3n de tareas en cada una [&hellip;]<\/p>\n","protected":false},"author":1,"featured_media":0,"comment_status":"closed","ping_status":"open","sticky":false,"template":"","format":"standard","meta":{"footnotes":""},"categories":[51,52,53],"tags":[],"class_list":["post-13451","post","type-post","status-publish","format-standard","hentry","category-comunidad","category-destacadas","category-politica"],"yoast_head":"<!-- This site is optimized with the Yoast SEO plugin v19.7.1 - https:\/\/yoast.com\/wordpress\/plugins\/seo\/ -->\n<title>PARQUE PROVINCIAL: LOS TRABAJADORES DECIDEN SUSPENDER SERVICIOS AL PUBLICO EN EL AMBITO DE TRES RESERVAS Y CONTINUAN EN ASAMBLEA PEERMANENTE - CELTTV<\/title>\n<meta name=\"description\" content=\"Sitio web de noticias de la localidad de Tornquist, provincia de Buenos Aires, Rep\u00fablica Argentina. Contenido propio originado por periodistas de CELTTV, el canal de TV local de la Cooperativa El\u00e9ctrica de Tornquist. Turismo, Pol\u00edtica, Sociedad, Deporte, Cultura y todo el contenido de inter\u00e9s general que la gente del pueblo y la regi\u00f3n debe conocer.\" \/>\n<meta name=\"robots\" content=\"index, follow, max-snippet:-1, max-image-preview:large, max-video-preview:-1\" \/>\n<link rel=\"canonical\" href=\"https:\/\/www.celttv.com.ar\/index.php\/2013\/08\/27\/parque-provincial-los-trabajadores-deciden-suspender-servicios-al-publico-en-el-ambito-de-tres-reservas-y-continuan-en-asamblea-peermanente\/\" \/>\n<meta property=\"og:locale\" content=\"es_ES\" \/>\n<meta property=\"og:type\" content=\"article\" \/>\n<meta property=\"og:title\" content=\"PARQUE PROVINCIAL: LOS TRABAJADORES DECIDEN SUSPENDER SERVICIOS AL PUBLICO EN EL AMBITO DE TRES RESERVAS Y CONTINUAN EN ASAMBLEA PEERMANENTE - CELTTV\" \/>\n<meta property=\"og:description\" content=\"Sitio web de noticias de la localidad de Tornquist, provincia de Buenos Aires, Rep\u00fablica Argentina. Contenido propio originado por periodistas de CELTTV, el canal de TV local de la Cooperativa El\u00e9ctrica de Tornquist. Turismo, Pol\u00edtica, Sociedad, Deporte, Cultura y todo el contenido de inter\u00e9s general que la gente del pueblo y la regi\u00f3n debe conocer.\" \/>\n<meta property=\"og:url\" content=\"https:\/\/www.celttv.com.ar\/index.php\/2013\/08\/27\/parque-provincial-los-trabajadores-deciden-suspender-servicios-al-publico-en-el-ambito-de-tres-reservas-y-continuan-en-asamblea-peermanente\/\" \/>\n<meta property=\"og:site_name\" content=\"CELTTV\" \/>\n<meta property=\"article:publisher\" content=\"https:\/\/www.facebook.com\/celtTV\/\" \/>\n<meta property=\"article:published_time\" content=\"2013-08-27T19:21:45+00:00\" \/>\n<meta name=\"author\" content=\"ulises\" \/>\n<meta name=\"twitter:card\" content=\"summary_large_image\" \/>\n<meta name=\"twitter:label1\" content=\"Escrito por\" \/>\n\t<meta name=\"twitter:data1\" content=\"ulises\" \/>\n\t<meta name=\"twitter:label2\" content=\"Tiempo de lectura\" \/>\n\t<meta name=\"twitter:data2\" content=\"3 minutos\" \/>\n<script type=\"application\/ld+json\" class=\"yoast-schema-graph\">{\"@context\":\"https:\/\/schema.org\",\"@graph\":[{\"@type\":\"NewsArticle\",\"@id\":\"https:\/\/www.celttv.com.ar\/index.php\/2013\/08\/27\/parque-provincial-los-trabajadores-deciden-suspender-servicios-al-publico-en-el-ambito-de-tres-reservas-y-continuan-en-asamblea-peermanente\/#article\",\"isPartOf\":{\"@id\":\"https:\/\/www.celttv.com.ar\/index.php\/2013\/08\/27\/parque-provincial-los-trabajadores-deciden-suspender-servicios-al-publico-en-el-ambito-de-tres-reservas-y-continuan-en-asamblea-peermanente\/\"},\"author\":{\"name\":\"ulises\",\"@id\":\"https:\/\/www.celttv.com.ar\/#\/schema\/person\/6d99c072dba59953809c81446e9d0ace\"},\"headline\":\"PARQUE PROVINCIAL: LOS TRABAJADORES DECIDEN SUSPENDER SERVICIOS AL PUBLICO EN EL AMBITO DE TRES RESERVAS Y CONTINUAN EN ASAMBLEA PEERMANENTE\",\"datePublished\":\"2013-08-27T19:21:45+00:00\",\"dateModified\":\"2013-08-27T19:21:45+00:00\",\"mainEntityOfPage\":{\"@id\":\"https:\/\/www.celttv.com.ar\/index.php\/2013\/08\/27\/parque-provincial-los-trabajadores-deciden-suspender-servicios-al-publico-en-el-ambito-de-tres-reservas-y-continuan-en-asamblea-peermanente\/\"},\"wordCount\":617,\"publisher\":{\"@id\":\"https:\/\/www.celttv.com.ar\/#organization\"},\"articleSection\":[\"Comunidad\",\"Destacadas\",\"Pol\u00edtica\"],\"inLanguage\":\"es\"},{\"@type\":\"WebPage\",\"@id\":\"https:\/\/www.celttv.com.ar\/index.php\/2013\/08\/27\/parque-provincial-los-trabajadores-deciden-suspender-servicios-al-publico-en-el-ambito-de-tres-reservas-y-continuan-en-asamblea-peermanente\/\",\"url\":\"https:\/\/www.celttv.com.ar\/index.php\/2013\/08\/27\/parque-provincial-los-trabajadores-deciden-suspender-servicios-al-publico-en-el-ambito-de-tres-reservas-y-continuan-en-asamblea-peermanente\/\",\"name\":\"PARQUE PROVINCIAL: LOS TRABAJADORES DECIDEN SUSPENDER SERVICIOS AL PUBLICO EN EL AMBITO DE TRES RESERVAS Y CONTINUAN EN ASAMBLEA PEERMANENTE - CELTTV\",\"isPartOf\":{\"@id\":\"https:\/\/www.celttv.com.ar\/#website\"},\"datePublished\":\"2013-08-27T19:21:45+00:00\",\"dateModified\":\"2013-08-27T19:21:45+00:00\",\"description\":\"Sitio web de noticias de la localidad de Tornquist, provincia de Buenos Aires, Rep\u00fablica Argentina. Contenido propio originado por periodistas de CELTTV, el canal de TV local de la Cooperativa El\u00e9ctrica de Tornquist. Turismo, Pol\u00edtica, Sociedad, Deporte, Cultura y todo el contenido de inter\u00e9s general que la gente del pueblo y la regi\u00f3n debe conocer.\",\"breadcrumb\":{\"@id\":\"https:\/\/www.celttv.com.ar\/index.php\/2013\/08\/27\/parque-provincial-los-trabajadores-deciden-suspender-servicios-al-publico-en-el-ambito-de-tres-reservas-y-continuan-en-asamblea-peermanente\/#breadcrumb\"},\"inLanguage\":\"es\",\"potentialAction\":[{\"@type\":\"ReadAction\",\"target\":[\"https:\/\/www.celttv.com.ar\/index.php\/2013\/08\/27\/parque-provincial-los-trabajadores-deciden-suspender-servicios-al-publico-en-el-ambito-de-tres-reservas-y-continuan-en-asamblea-peermanente\/\"]}]},{\"@type\":\"BreadcrumbList\",\"@id\":\"https:\/\/www.celttv.com.ar\/index.php\/2013\/08\/27\/parque-provincial-los-trabajadores-deciden-suspender-servicios-al-publico-en-el-ambito-de-tres-reservas-y-continuan-en-asamblea-peermanente\/#breadcrumb\",\"itemListElement\":[{\"@type\":\"ListItem\",\"position\":1,\"name\":\"Inicio\",\"item\":\"https:\/\/www.celttv.com.ar\/\"},{\"@type\":\"ListItem\",\"position\":2,\"name\":\"PARQUE PROVINCIAL: LOS TRABAJADORES DECIDEN SUSPENDER SERVICIOS AL PUBLICO EN EL AMBITO DE TRES RESERVAS Y CONTINUAN EN ASAMBLEA PEERMANENTE\"}]},{\"@type\":\"WebSite\",\"@id\":\"https:\/\/www.celttv.com.ar\/#website\",\"url\":\"https:\/\/www.celttv.com.ar\/\",\"name\":\"CELTTV\",\"description\":\"Cooperativa El\u00e9ctrica de Tornquist\",\"publisher\":{\"@id\":\"https:\/\/www.celttv.com.ar\/#organization\"},\"potentialAction\":[{\"@type\":\"SearchAction\",\"target\":{\"@type\":\"EntryPoint\",\"urlTemplate\":\"https:\/\/www.celttv.com.ar\/?s={search_term_string}\"},\"query-input\":\"required name=search_term_string\"}],\"inLanguage\":\"es\"},{\"@type\":\"Organization\",\"@id\":\"https:\/\/www.celttv.com.ar\/#organization\",\"name\":\"CELTTV\",\"url\":\"https:\/\/www.celttv.com.ar\/\",\"sameAs\":[\"https:\/\/www.youtube.com\/channel\/UCz_oIt8Hig64Ub-EmcNPIhg\",\"https:\/\/www.facebook.com\/celtTV\/\"],\"logo\":{\"@type\":\"ImageObject\",\"inLanguage\":\"es\",\"@id\":\"https:\/\/www.celttv.com.ar\/#\/schema\/logo\/image\/\",\"url\":\"http:\/\/www.celttv.com.ar\/wp-content\/uploads\/2022\/08\/logo-1.png\",\"contentUrl\":\"http:\/\/www.celttv.com.ar\/wp-content\/uploads\/2022\/08\/logo-1.png\",\"width\":461,\"height\":159,\"caption\":\"CELTTV\"},\"image\":{\"@id\":\"https:\/\/www.celttv.com.ar\/#\/schema\/logo\/image\/\"}},{\"@type\":\"Person\",\"@id\":\"https:\/\/www.celttv.com.ar\/#\/schema\/person\/6d99c072dba59953809c81446e9d0ace\",\"name\":\"ulises\",\"image\":{\"@type\":\"ImageObject\",\"inLanguage\":\"es\",\"@id\":\"https:\/\/www.celttv.com.ar\/#\/schema\/person\/image\/\",\"url\":\"https:\/\/secure.gravatar.com\/avatar\/7f2c48bdc33b30088f941fb6082e555f2874c98e20cb159d7b92b50eadfce793?s=96&d=mm&r=g\",\"contentUrl\":\"https:\/\/secure.gravatar.com\/avatar\/7f2c48bdc33b30088f941fb6082e555f2874c98e20cb159d7b92b50eadfce793?s=96&d=mm&r=g\",\"caption\":\"ulises\"},\"sameAs\":[\"http:\/\/www.celttv.com.ar\"]}]}<\/script>\n<!-- \/ Yoast SEO plugin. -->","yoast_head_json":{"title":"PARQUE PROVINCIAL: LOS TRABAJADORES DECIDEN SUSPENDER SERVICIOS AL PUBLICO EN EL AMBITO DE TRES RESERVAS Y CONTINUAN EN ASAMBLEA PEERMANENTE - CELTTV","description":"Sitio web de noticias de la localidad de Tornquist, provincia de Buenos Aires, Rep\u00fablica Argentina. Contenido propio originado por periodistas de CELTTV, el canal de TV local de la Cooperativa El\u00e9ctrica de Tornquist. Turismo, Pol\u00edtica, Sociedad, Deporte, Cultura y todo el contenido de inter\u00e9s general que la gente del pueblo y la regi\u00f3n debe conocer.","robots":{"index":"index","follow":"follow","max-snippet":"max-snippet:-1","max-image-preview":"max-image-preview:large","max-video-preview":"max-video-preview:-1"},"canonical":"https:\/\/www.celttv.com.ar\/index.php\/2013\/08\/27\/parque-provincial-los-trabajadores-deciden-suspender-servicios-al-publico-en-el-ambito-de-tres-reservas-y-continuan-en-asamblea-peermanente\/","og_locale":"es_ES","og_type":"article","og_title":"PARQUE PROVINCIAL: LOS TRABAJADORES DECIDEN SUSPENDER SERVICIOS AL PUBLICO EN EL AMBITO DE TRES RESERVAS Y CONTINUAN EN ASAMBLEA PEERMANENTE - CELTTV","og_description":"Sitio web de noticias de la localidad de Tornquist, provincia de Buenos Aires, Rep\u00fablica Argentina. Contenido propio originado por periodistas de CELTTV, el canal de TV local de la Cooperativa El\u00e9ctrica de Tornquist. Turismo, Pol\u00edtica, Sociedad, Deporte, Cultura y todo el contenido de inter\u00e9s general que la gente del pueblo y la regi\u00f3n debe conocer.","og_url":"https:\/\/www.celttv.com.ar\/index.php\/2013\/08\/27\/parque-provincial-los-trabajadores-deciden-suspender-servicios-al-publico-en-el-ambito-de-tres-reservas-y-continuan-en-asamblea-peermanente\/","og_site_name":"CELTTV","article_publisher":"https:\/\/www.facebook.com\/celtTV\/","article_published_time":"2013-08-27T19:21:45+00:00","author":"ulises","twitter_card":"summary_large_image","twitter_misc":{"Escrito por":"ulises","Tiempo de lectura":"3 minutos"},"schema":{"@context":"https:\/\/schema.org","@graph":[{"@type":"NewsArticle","@id":"https:\/\/www.celttv.com.ar\/index.php\/2013\/08\/27\/parque-provincial-los-trabajadores-deciden-suspender-servicios-al-publico-en-el-ambito-de-tres-reservas-y-continuan-en-asamblea-peermanente\/#article","isPartOf":{"@id":"https:\/\/www.celttv.com.ar\/index.php\/2013\/08\/27\/parque-provincial-los-trabajadores-deciden-suspender-servicios-al-publico-en-el-ambito-de-tres-reservas-y-continuan-en-asamblea-peermanente\/"},"author":{"name":"ulises","@id":"https:\/\/www.celttv.com.ar\/#\/schema\/person\/6d99c072dba59953809c81446e9d0ace"},"headline":"PARQUE PROVINCIAL: LOS TRABAJADORES DECIDEN SUSPENDER SERVICIOS AL PUBLICO EN EL AMBITO DE TRES RESERVAS Y CONTINUAN EN ASAMBLEA PEERMANENTE","datePublished":"2013-08-27T19:21:45+00:00","dateModified":"2013-08-27T19:21:45+00:00","mainEntityOfPage":{"@id":"https:\/\/www.celttv.com.ar\/index.php\/2013\/08\/27\/parque-provincial-los-trabajadores-deciden-suspender-servicios-al-publico-en-el-ambito-de-tres-reservas-y-continuan-en-asamblea-peermanente\/"},"wordCount":617,"publisher":{"@id":"https:\/\/www.celttv.com.ar\/#organization"},"articleSection":["Comunidad","Destacadas","Pol\u00edtica"],"inLanguage":"es"},{"@type":"WebPage","@id":"https:\/\/www.celttv.com.ar\/index.php\/2013\/08\/27\/parque-provincial-los-trabajadores-deciden-suspender-servicios-al-publico-en-el-ambito-de-tres-reservas-y-continuan-en-asamblea-peermanente\/","url":"https:\/\/www.celttv.com.ar\/index.php\/2013\/08\/27\/parque-provincial-los-trabajadores-deciden-suspender-servicios-al-publico-en-el-ambito-de-tres-reservas-y-continuan-en-asamblea-peermanente\/","name":"PARQUE PROVINCIAL: LOS TRABAJADORES DECIDEN SUSPENDER SERVICIOS AL PUBLICO EN EL AMBITO DE TRES RESERVAS Y CONTINUAN EN ASAMBLEA PEERMANENTE - CELTTV","isPartOf":{"@id":"https:\/\/www.celttv.com.ar\/#website"},"datePublished":"2013-08-27T19:21:45+00:00","dateModified":"2013-08-27T19:21:45+00:00","description":"Sitio web de noticias de la localidad de Tornquist, provincia de Buenos Aires, Rep\u00fablica Argentina. Contenido propio originado por periodistas de CELTTV, el canal de TV local de la Cooperativa El\u00e9ctrica de Tornquist. Turismo, Pol\u00edtica, Sociedad, Deporte, Cultura y todo el contenido de inter\u00e9s general que la gente del pueblo y la regi\u00f3n debe conocer.","breadcrumb":{"@id":"https:\/\/www.celttv.com.ar\/index.php\/2013\/08\/27\/parque-provincial-los-trabajadores-deciden-suspender-servicios-al-publico-en-el-ambito-de-tres-reservas-y-continuan-en-asamblea-peermanente\/#breadcrumb"},"inLanguage":"es","potentialAction":[{"@type":"ReadAction","target":["https:\/\/www.celttv.com.ar\/index.php\/2013\/08\/27\/parque-provincial-los-trabajadores-deciden-suspender-servicios-al-publico-en-el-ambito-de-tres-reservas-y-continuan-en-asamblea-peermanente\/"]}]},{"@type":"BreadcrumbList","@id":"https:\/\/www.celttv.com.ar\/index.php\/2013\/08\/27\/parque-provincial-los-trabajadores-deciden-suspender-servicios-al-publico-en-el-ambito-de-tres-reservas-y-continuan-en-asamblea-peermanente\/#breadcrumb","itemListElement":[{"@type":"ListItem","position":1,"name":"Inicio","item":"https:\/\/www.celttv.com.ar\/"},{"@type":"ListItem","position":2,"name":"PARQUE PROVINCIAL: LOS TRABAJADORES DECIDEN SUSPENDER SERVICIOS AL PUBLICO EN EL AMBITO DE TRES RESERVAS Y CONTINUAN EN ASAMBLEA PEERMANENTE"}]},{"@type":"WebSite","@id":"https:\/\/www.celttv.com.ar\/#website","url":"https:\/\/www.celttv.com.ar\/","name":"CELTTV","description":"Cooperativa El\u00e9ctrica de Tornquist","publisher":{"@id":"https:\/\/www.celttv.com.ar\/#organization"},"potentialAction":[{"@type":"SearchAction","target":{"@type":"EntryPoint","urlTemplate":"https:\/\/www.celttv.com.ar\/?s={search_term_string}"},"query-input":"required name=search_term_string"}],"inLanguage":"es"},{"@type":"Organization","@id":"https:\/\/www.celttv.com.ar\/#organization","name":"CELTTV","url":"https:\/\/www.celttv.com.ar\/","sameAs":["https:\/\/www.youtube.com\/channel\/UCz_oIt8Hig64Ub-EmcNPIhg","https:\/\/www.facebook.com\/celtTV\/"],"logo":{"@type":"ImageObject","inLanguage":"es","@id":"https:\/\/www.celttv.com.ar\/#\/schema\/logo\/image\/","url":"http:\/\/www.celttv.com.ar\/wp-content\/uploads\/2022\/08\/logo-1.png","contentUrl":"http:\/\/www.celttv.com.ar\/wp-content\/uploads\/2022\/08\/logo-1.png","width":461,"height":159,"caption":"CELTTV"},"image":{"@id":"https:\/\/www.celttv.com.ar\/#\/schema\/logo\/image\/"}},{"@type":"Person","@id":"https:\/\/www.celttv.com.ar\/#\/schema\/person\/6d99c072dba59953809c81446e9d0ace","name":"ulises","image":{"@type":"ImageObject","inLanguage":"es","@id":"https:\/\/www.celttv.com.ar\/#\/schema\/person\/image\/","url":"https:\/\/secure.gravatar.com\/avatar\/7f2c48bdc33b30088f941fb6082e555f2874c98e20cb159d7b92b50eadfce793?s=96&d=mm&r=g","contentUrl":"https:\/\/secure.gravatar.com\/avatar\/7f2c48bdc33b30088f941fb6082e555f2874c98e20cb159d7b92b50eadfce793?s=96&d=mm&r=g","caption":"ulises"},"sameAs":["http:\/\/www.celttv.com.ar"]}]}},"_links":{"self":[{"href":"https:\/\/www.celttv.com.ar\/index.php\/wp-json\/wp\/v2\/posts\/13451","targetHints":{"allow":["GET"]}}],"collection":[{"href":"https:\/\/www.celttv.com.ar\/index.php\/wp-json\/wp\/v2\/posts"}],"about":[{"href":"https:\/\/www.celttv.com.ar\/index.php\/wp-json\/wp\/v2\/types\/post"}],"author":[{"embeddable":true,"href":"https:\/\/www.celttv.com.ar\/index.php\/wp-json\/wp\/v2\/users\/1"}],"replies":[{"embeddable":true,"href":"https:\/\/www.celttv.com.ar\/index.php\/wp-json\/wp\/v2\/comments?post=13451"}],"version-history":[{"count":0,"href":"https:\/\/www.celttv.com.ar\/index.php\/wp-json\/wp\/v2\/posts\/13451\/revisions"}],"wp:attachment":[{"href":"https:\/\/www.celttv.com.ar\/index.php\/wp-json\/wp\/v2\/media?parent=13451"}],"wp:term":[{"taxonomy":"category","embeddable":true,"href":"https:\/\/www.celttv.com.ar\/index.php\/wp-json\/wp\/v2\/categories?post=13451"},{"taxonomy":"post_tag","embeddable":true,"href":"https:\/\/www.celttv.com.ar\/index.php\/wp-json\/wp\/v2\/tags?post=13451"}],"curies":[{"name":"wp","href":"https:\/\/api.w.org\/{rel}","templated":true}]}}