{"id":13459,"date":"2013-08-27T22:48:37","date_gmt":"2013-08-27T22:48:37","guid":{"rendered":"http:\/\/www.tvcnoticias.com.ar\/?p=13459"},"modified":"2013-08-27T22:48:37","modified_gmt":"2013-08-27T22:48:37","slug":"instalan-el-servicio-de-gas-al-barrio-de-30-viviendas-fotos-y-audio","status":"publish","type":"post","link":"https:\/\/www.celttv.com.ar\/index.php\/2013\/08\/27\/instalan-el-servicio-de-gas-al-barrio-de-30-viviendas-fotos-y-audio\/","title":{"rendered":"INSTALAN EL SERVICIO DE GAS AL BARRIO DE 30 VIVIENDAS (Fotos y audio)"},"content":{"rendered":"<p><br \/>\n[audio:http:\/\/www.tvcnoticias.com.ar\/wp-content\/uploads\/2013\/08\/Gas-barrio-Gustavo.mp3|titles=Gas barrio- Gustavo]<br \/>\nLa Municipalidad de Tornquist se encuentra ejecutando la red de distribuci\u00f3n que permitir\u00e1 dotar de gas natural al barrio de 30 viviendas del Programa Plurianual Reconvertido de Tornquist, con el objetivo de abastecer de este importante servicio al lugar.<br \/>\nEl intendente municipal, licenciado Gustavo Trankels, recorri\u00f3 el sector en cuesti\u00f3n, acompa\u00f1ado por el subsecretario de Obras y Servicios P\u00fablicos, Christian Trankels, y el subsecretario Legal y T\u00e9cnico, doctor Ignacio Bechthold.<br \/>\n\u201cEn este momento se est\u00e1 ejecutando, de acuerdo con el proyecto que ten\u00edamos, la provisi\u00f3n de gas natural para el barrio de viviendas. Ya est\u00e1 concluida la obra en las 20 que tenemos en Saldungaray y ahora se est\u00e1 realizando la misma tarea en las 30 de Tornquist. Adem\u00e1s de la red, estamos realizando los servicios integrales, para llegar con el gas a las viviendas\u201d, confi\u00f3 el jefe comunal.<br \/>\nLa obra comprende la instalaci\u00f3n de aproximadamente 120 metros de ca\u00f1er\u00eda de 90 mil\u00edmetros de di\u00e1metro y otros 340 metros de ca\u00f1er\u00eda de 50 mil\u00edmetros. Adem\u00e1s, se realizar\u00e1n los 30 servicios integrales en cada una de las viviendas, que dejar\u00e1n las instalaciones en las condiciones necesarias para solicitar la futura conexi\u00f3n.<br \/>\nEn la jornada del hoy se procedi\u00f3 al tendido de ca\u00f1os y la realizaci\u00f3n de las uniones, bajo la estricta supervisi\u00f3n del personal de Camuzzi Gas Pampeana.<br \/>\n\u201cEsta obra la ejecutamos por intermedio del gobierno nacional, a trav\u00e9s del Fondo Solidario Sojero, con una inversi\u00f3n del orden de los 300 mil pesos. Anteriormente ya hab\u00edamos realizado las cloacas, a trav\u00e9s del Ente Nacional de Obras H\u00eddricas y Saneamiento (Enohsa), mientras que luego estaremos comenzando tambi\u00e9n con la provisi\u00f3n de agua potable, porque queremos entregar las viviendas con todos los servicios disponibles\u201d, resalt\u00f3 Trankels.<br \/>\n\u201cNos abocamos a los servicios mientras se resuelve la situaci\u00f3n espec\u00edfica de poder ingresar a las viviendas para finalizar la ejecuci\u00f3n de las mismas. Nuestra intenci\u00f3n, como administraci\u00f3n municipal, es ir ganando tiempo en aquellas acciones y actividades que podamos ir desarrollando de manera independiente de lo que se resuelva la situaci\u00f3n legal con la empresa, la intervenci\u00f3n del Instituto de la Vivienda y las p\u00f3lizas que estamos ejecutando de las compa\u00f1\u00edas aseguradoras\u201d, a\u00f1adi\u00f3.<br \/>\nEsta obra se suma a una de id\u00e9nticas caracter\u00edsticas ejecutada hace un par de semanas en el barrio del mismo programa que se est\u00e1 construyendo en Saldungaray. En este \u00faltimo caso, se realiz\u00f3 el tendido de la red y se efectuaron 20 servicios integrales.<br \/>\n&nbsp;<\/p>\n","protected":false},"excerpt":{"rendered":"<p>[audio:http:\/\/www.tvcnoticias.com.ar\/wp-content\/uploads\/2013\/08\/Gas-barrio-Gustavo.mp3|titles=Gas barrio- Gustavo] La Municipalidad de Tornquist se encuentra ejecutando la red de distribuci\u00f3n que permitir\u00e1 dotar de gas natural al barrio de 30 viviendas del Programa Plurianual Reconvertido de Tornquist, con el objetivo de abastecer de este importante servicio al lugar. El intendente municipal, licenciado Gustavo Trankels, recorri\u00f3 el sector en cuesti\u00f3n, acompa\u00f1ado por [&hellip;]<\/p>\n","protected":false},"author":1,"featured_media":0,"comment_status":"closed","ping_status":"open","sticky":false,"template":"","format":"standard","meta":{"footnotes":""},"categories":[51,52,53],"tags":[],"class_list":["post-13459","post","type-post","status-publish","format-standard","hentry","category-comunidad","category-destacadas","category-politica"],"yoast_head":"<!-- This site is optimized with the Yoast SEO plugin v19.7.1 - https:\/\/yoast.com\/wordpress\/plugins\/seo\/ -->\n<title>INSTALAN EL SERVICIO DE GAS AL BARRIO DE 30 VIVIENDAS (Fotos y audio) - CELTTV<\/title>\n<meta name=\"description\" content=\"Sitio web de noticias de la localidad de Tornquist, provincia de Buenos Aires, Rep\u00fablica Argentina. Contenido propio originado por periodistas de CELTTV, el canal de TV local de la Cooperativa El\u00e9ctrica de Tornquist. Turismo, Pol\u00edtica, Sociedad, Deporte, Cultura y todo el contenido de inter\u00e9s general que la gente del pueblo y la regi\u00f3n debe conocer.\" \/>\n<meta name=\"robots\" content=\"index, follow, max-snippet:-1, max-image-preview:large, max-video-preview:-1\" \/>\n<link rel=\"canonical\" href=\"https:\/\/www.celttv.com.ar\/index.php\/2013\/08\/27\/instalan-el-servicio-de-gas-al-barrio-de-30-viviendas-fotos-y-audio\/\" \/>\n<meta property=\"og:locale\" content=\"es_ES\" \/>\n<meta property=\"og:type\" content=\"article\" \/>\n<meta property=\"og:title\" content=\"INSTALAN EL SERVICIO DE GAS AL BARRIO DE 30 VIVIENDAS (Fotos y audio) - CELTTV\" \/>\n<meta property=\"og:description\" content=\"Sitio web de noticias de la localidad de Tornquist, provincia de Buenos Aires, Rep\u00fablica Argentina. Contenido propio originado por periodistas de CELTTV, el canal de TV local de la Cooperativa El\u00e9ctrica de Tornquist. Turismo, Pol\u00edtica, Sociedad, Deporte, Cultura y todo el contenido de inter\u00e9s general que la gente del pueblo y la regi\u00f3n debe conocer.\" \/>\n<meta property=\"og:url\" content=\"https:\/\/www.celttv.com.ar\/index.php\/2013\/08\/27\/instalan-el-servicio-de-gas-al-barrio-de-30-viviendas-fotos-y-audio\/\" \/>\n<meta property=\"og:site_name\" content=\"CELTTV\" \/>\n<meta property=\"article:publisher\" content=\"https:\/\/www.facebook.com\/celtTV\/\" \/>\n<meta property=\"article:published_time\" content=\"2013-08-27T22:48:37+00:00\" \/>\n<meta name=\"author\" content=\"ulises\" \/>\n<meta name=\"twitter:card\" content=\"summary_large_image\" \/>\n<meta name=\"twitter:label1\" content=\"Escrito por\" \/>\n\t<meta name=\"twitter:data1\" content=\"ulises\" \/>\n\t<meta name=\"twitter:label2\" content=\"Tiempo de lectura\" \/>\n\t<meta name=\"twitter:data2\" content=\"2 minutos\" \/>\n<script type=\"application\/ld+json\" class=\"yoast-schema-graph\">{\"@context\":\"https:\/\/schema.org\",\"@graph\":[{\"@type\":\"NewsArticle\",\"@id\":\"https:\/\/www.celttv.com.ar\/index.php\/2013\/08\/27\/instalan-el-servicio-de-gas-al-barrio-de-30-viviendas-fotos-y-audio\/#article\",\"isPartOf\":{\"@id\":\"https:\/\/www.celttv.com.ar\/index.php\/2013\/08\/27\/instalan-el-servicio-de-gas-al-barrio-de-30-viviendas-fotos-y-audio\/\"},\"author\":{\"name\":\"ulises\",\"@id\":\"https:\/\/www.celttv.com.ar\/#\/schema\/person\/6d99c072dba59953809c81446e9d0ace\"},\"headline\":\"INSTALAN EL SERVICIO DE GAS AL BARRIO DE 30 VIVIENDAS (Fotos y audio)\",\"datePublished\":\"2013-08-27T22:48:37+00:00\",\"dateModified\":\"2013-08-27T22:48:37+00:00\",\"mainEntityOfPage\":{\"@id\":\"https:\/\/www.celttv.com.ar\/index.php\/2013\/08\/27\/instalan-el-servicio-de-gas-al-barrio-de-30-viviendas-fotos-y-audio\/\"},\"wordCount\":464,\"publisher\":{\"@id\":\"https:\/\/www.celttv.com.ar\/#organization\"},\"articleSection\":[\"Comunidad\",\"Destacadas\",\"Pol\u00edtica\"],\"inLanguage\":\"es\"},{\"@type\":\"WebPage\",\"@id\":\"https:\/\/www.celttv.com.ar\/index.php\/2013\/08\/27\/instalan-el-servicio-de-gas-al-barrio-de-30-viviendas-fotos-y-audio\/\",\"url\":\"https:\/\/www.celttv.com.ar\/index.php\/2013\/08\/27\/instalan-el-servicio-de-gas-al-barrio-de-30-viviendas-fotos-y-audio\/\",\"name\":\"INSTALAN EL SERVICIO DE GAS AL BARRIO DE 30 VIVIENDAS (Fotos y audio) - CELTTV\",\"isPartOf\":{\"@id\":\"https:\/\/www.celttv.com.ar\/#website\"},\"datePublished\":\"2013-08-27T22:48:37+00:00\",\"dateModified\":\"2013-08-27T22:48:37+00:00\",\"description\":\"Sitio web de noticias de la localidad de Tornquist, provincia de Buenos Aires, Rep\u00fablica Argentina. Contenido propio originado por periodistas de CELTTV, el canal de TV local de la Cooperativa El\u00e9ctrica de Tornquist. Turismo, Pol\u00edtica, Sociedad, Deporte, Cultura y todo el contenido de inter\u00e9s general que la gente del pueblo y la regi\u00f3n debe conocer.\",\"breadcrumb\":{\"@id\":\"https:\/\/www.celttv.com.ar\/index.php\/2013\/08\/27\/instalan-el-servicio-de-gas-al-barrio-de-30-viviendas-fotos-y-audio\/#breadcrumb\"},\"inLanguage\":\"es\",\"potentialAction\":[{\"@type\":\"ReadAction\",\"target\":[\"https:\/\/www.celttv.com.ar\/index.php\/2013\/08\/27\/instalan-el-servicio-de-gas-al-barrio-de-30-viviendas-fotos-y-audio\/\"]}]},{\"@type\":\"BreadcrumbList\",\"@id\":\"https:\/\/www.celttv.com.ar\/index.php\/2013\/08\/27\/instalan-el-servicio-de-gas-al-barrio-de-30-viviendas-fotos-y-audio\/#breadcrumb\",\"itemListElement\":[{\"@type\":\"ListItem\",\"position\":1,\"name\":\"Inicio\",\"item\":\"https:\/\/www.celttv.com.ar\/\"},{\"@type\":\"ListItem\",\"position\":2,\"name\":\"INSTALAN EL SERVICIO DE GAS AL BARRIO DE 30 VIVIENDAS (Fotos y audio)\"}]},{\"@type\":\"WebSite\",\"@id\":\"https:\/\/www.celttv.com.ar\/#website\",\"url\":\"https:\/\/www.celttv.com.ar\/\",\"name\":\"CELTTV\",\"description\":\"Cooperativa El\u00e9ctrica de Tornquist\",\"publisher\":{\"@id\":\"https:\/\/www.celttv.com.ar\/#organization\"},\"potentialAction\":[{\"@type\":\"SearchAction\",\"target\":{\"@type\":\"EntryPoint\",\"urlTemplate\":\"https:\/\/www.celttv.com.ar\/?s={search_term_string}\"},\"query-input\":\"required name=search_term_string\"}],\"inLanguage\":\"es\"},{\"@type\":\"Organization\",\"@id\":\"https:\/\/www.celttv.com.ar\/#organization\",\"name\":\"CELTTV\",\"url\":\"https:\/\/www.celttv.com.ar\/\",\"sameAs\":[\"https:\/\/www.youtube.com\/channel\/UCz_oIt8Hig64Ub-EmcNPIhg\",\"https:\/\/www.facebook.com\/celtTV\/\"],\"logo\":{\"@type\":\"ImageObject\",\"inLanguage\":\"es\",\"@id\":\"https:\/\/www.celttv.com.ar\/#\/schema\/logo\/image\/\",\"url\":\"http:\/\/www.celttv.com.ar\/wp-content\/uploads\/2022\/08\/logo-1.png\",\"contentUrl\":\"http:\/\/www.celttv.com.ar\/wp-content\/uploads\/2022\/08\/logo-1.png\",\"width\":461,\"height\":159,\"caption\":\"CELTTV\"},\"image\":{\"@id\":\"https:\/\/www.celttv.com.ar\/#\/schema\/logo\/image\/\"}},{\"@type\":\"Person\",\"@id\":\"https:\/\/www.celttv.com.ar\/#\/schema\/person\/6d99c072dba59953809c81446e9d0ace\",\"name\":\"ulises\",\"image\":{\"@type\":\"ImageObject\",\"inLanguage\":\"es\",\"@id\":\"https:\/\/www.celttv.com.ar\/#\/schema\/person\/image\/\",\"url\":\"https:\/\/secure.gravatar.com\/avatar\/7f2c48bdc33b30088f941fb6082e555f2874c98e20cb159d7b92b50eadfce793?s=96&d=mm&r=g\",\"contentUrl\":\"https:\/\/secure.gravatar.com\/avatar\/7f2c48bdc33b30088f941fb6082e555f2874c98e20cb159d7b92b50eadfce793?s=96&d=mm&r=g\",\"caption\":\"ulises\"},\"sameAs\":[\"http:\/\/www.celttv.com.ar\"]}]}<\/script>\n<!-- \/ Yoast SEO plugin. -->","yoast_head_json":{"title":"INSTALAN EL SERVICIO DE GAS AL BARRIO DE 30 VIVIENDAS (Fotos y audio) - CELTTV","description":"Sitio web de noticias de la localidad de Tornquist, provincia de Buenos Aires, Rep\u00fablica Argentina. Contenido propio originado por periodistas de CELTTV, el canal de TV local de la Cooperativa El\u00e9ctrica de Tornquist. Turismo, Pol\u00edtica, Sociedad, Deporte, Cultura y todo el contenido de inter\u00e9s general que la gente del pueblo y la regi\u00f3n debe conocer.","robots":{"index":"index","follow":"follow","max-snippet":"max-snippet:-1","max-image-preview":"max-image-preview:large","max-video-preview":"max-video-preview:-1"},"canonical":"https:\/\/www.celttv.com.ar\/index.php\/2013\/08\/27\/instalan-el-servicio-de-gas-al-barrio-de-30-viviendas-fotos-y-audio\/","og_locale":"es_ES","og_type":"article","og_title":"INSTALAN EL SERVICIO DE GAS AL BARRIO DE 30 VIVIENDAS (Fotos y audio) - CELTTV","og_description":"Sitio web de noticias de la localidad de Tornquist, provincia de Buenos Aires, Rep\u00fablica Argentina. Contenido propio originado por periodistas de CELTTV, el canal de TV local de la Cooperativa El\u00e9ctrica de Tornquist. Turismo, Pol\u00edtica, Sociedad, Deporte, Cultura y todo el contenido de inter\u00e9s general que la gente del pueblo y la regi\u00f3n debe conocer.","og_url":"https:\/\/www.celttv.com.ar\/index.php\/2013\/08\/27\/instalan-el-servicio-de-gas-al-barrio-de-30-viviendas-fotos-y-audio\/","og_site_name":"CELTTV","article_publisher":"https:\/\/www.facebook.com\/celtTV\/","article_published_time":"2013-08-27T22:48:37+00:00","author":"ulises","twitter_card":"summary_large_image","twitter_misc":{"Escrito por":"ulises","Tiempo de lectura":"2 minutos"},"schema":{"@context":"https:\/\/schema.org","@graph":[{"@type":"NewsArticle","@id":"https:\/\/www.celttv.com.ar\/index.php\/2013\/08\/27\/instalan-el-servicio-de-gas-al-barrio-de-30-viviendas-fotos-y-audio\/#article","isPartOf":{"@id":"https:\/\/www.celttv.com.ar\/index.php\/2013\/08\/27\/instalan-el-servicio-de-gas-al-barrio-de-30-viviendas-fotos-y-audio\/"},"author":{"name":"ulises","@id":"https:\/\/www.celttv.com.ar\/#\/schema\/person\/6d99c072dba59953809c81446e9d0ace"},"headline":"INSTALAN EL SERVICIO DE GAS AL BARRIO DE 30 VIVIENDAS (Fotos y audio)","datePublished":"2013-08-27T22:48:37+00:00","dateModified":"2013-08-27T22:48:37+00:00","mainEntityOfPage":{"@id":"https:\/\/www.celttv.com.ar\/index.php\/2013\/08\/27\/instalan-el-servicio-de-gas-al-barrio-de-30-viviendas-fotos-y-audio\/"},"wordCount":464,"publisher":{"@id":"https:\/\/www.celttv.com.ar\/#organization"},"articleSection":["Comunidad","Destacadas","Pol\u00edtica"],"inLanguage":"es"},{"@type":"WebPage","@id":"https:\/\/www.celttv.com.ar\/index.php\/2013\/08\/27\/instalan-el-servicio-de-gas-al-barrio-de-30-viviendas-fotos-y-audio\/","url":"https:\/\/www.celttv.com.ar\/index.php\/2013\/08\/27\/instalan-el-servicio-de-gas-al-barrio-de-30-viviendas-fotos-y-audio\/","name":"INSTALAN EL SERVICIO DE GAS AL BARRIO DE 30 VIVIENDAS (Fotos y audio) - CELTTV","isPartOf":{"@id":"https:\/\/www.celttv.com.ar\/#website"},"datePublished":"2013-08-27T22:48:37+00:00","dateModified":"2013-08-27T22:48:37+00:00","description":"Sitio web de noticias de la localidad de Tornquist, provincia de Buenos Aires, Rep\u00fablica Argentina. Contenido propio originado por periodistas de CELTTV, el canal de TV local de la Cooperativa El\u00e9ctrica de Tornquist. Turismo, Pol\u00edtica, Sociedad, Deporte, Cultura y todo el contenido de inter\u00e9s general que la gente del pueblo y la regi\u00f3n debe conocer.","breadcrumb":{"@id":"https:\/\/www.celttv.com.ar\/index.php\/2013\/08\/27\/instalan-el-servicio-de-gas-al-barrio-de-30-viviendas-fotos-y-audio\/#breadcrumb"},"inLanguage":"es","potentialAction":[{"@type":"ReadAction","target":["https:\/\/www.celttv.com.ar\/index.php\/2013\/08\/27\/instalan-el-servicio-de-gas-al-barrio-de-30-viviendas-fotos-y-audio\/"]}]},{"@type":"BreadcrumbList","@id":"https:\/\/www.celttv.com.ar\/index.php\/2013\/08\/27\/instalan-el-servicio-de-gas-al-barrio-de-30-viviendas-fotos-y-audio\/#breadcrumb","itemListElement":[{"@type":"ListItem","position":1,"name":"Inicio","item":"https:\/\/www.celttv.com.ar\/"},{"@type":"ListItem","position":2,"name":"INSTALAN EL SERVICIO DE GAS AL BARRIO DE 30 VIVIENDAS (Fotos y audio)"}]},{"@type":"WebSite","@id":"https:\/\/www.celttv.com.ar\/#website","url":"https:\/\/www.celttv.com.ar\/","name":"CELTTV","description":"Cooperativa El\u00e9ctrica de Tornquist","publisher":{"@id":"https:\/\/www.celttv.com.ar\/#organization"},"potentialAction":[{"@type":"SearchAction","target":{"@type":"EntryPoint","urlTemplate":"https:\/\/www.celttv.com.ar\/?s={search_term_string}"},"query-input":"required name=search_term_string"}],"inLanguage":"es"},{"@type":"Organization","@id":"https:\/\/www.celttv.com.ar\/#organization","name":"CELTTV","url":"https:\/\/www.celttv.com.ar\/","sameAs":["https:\/\/www.youtube.com\/channel\/UCz_oIt8Hig64Ub-EmcNPIhg","https:\/\/www.facebook.com\/celtTV\/"],"logo":{"@type":"ImageObject","inLanguage":"es","@id":"https:\/\/www.celttv.com.ar\/#\/schema\/logo\/image\/","url":"http:\/\/www.celttv.com.ar\/wp-content\/uploads\/2022\/08\/logo-1.png","contentUrl":"http:\/\/www.celttv.com.ar\/wp-content\/uploads\/2022\/08\/logo-1.png","width":461,"height":159,"caption":"CELTTV"},"image":{"@id":"https:\/\/www.celttv.com.ar\/#\/schema\/logo\/image\/"}},{"@type":"Person","@id":"https:\/\/www.celttv.com.ar\/#\/schema\/person\/6d99c072dba59953809c81446e9d0ace","name":"ulises","image":{"@type":"ImageObject","inLanguage":"es","@id":"https:\/\/www.celttv.com.ar\/#\/schema\/person\/image\/","url":"https:\/\/secure.gravatar.com\/avatar\/7f2c48bdc33b30088f941fb6082e555f2874c98e20cb159d7b92b50eadfce793?s=96&d=mm&r=g","contentUrl":"https:\/\/secure.gravatar.com\/avatar\/7f2c48bdc33b30088f941fb6082e555f2874c98e20cb159d7b92b50eadfce793?s=96&d=mm&r=g","caption":"ulises"},"sameAs":["http:\/\/www.celttv.com.ar"]}]}},"_links":{"self":[{"href":"https:\/\/www.celttv.com.ar\/index.php\/wp-json\/wp\/v2\/posts\/13459","targetHints":{"allow":["GET"]}}],"collection":[{"href":"https:\/\/www.celttv.com.ar\/index.php\/wp-json\/wp\/v2\/posts"}],"about":[{"href":"https:\/\/www.celttv.com.ar\/index.php\/wp-json\/wp\/v2\/types\/post"}],"author":[{"embeddable":true,"href":"https:\/\/www.celttv.com.ar\/index.php\/wp-json\/wp\/v2\/users\/1"}],"replies":[{"embeddable":true,"href":"https:\/\/www.celttv.com.ar\/index.php\/wp-json\/wp\/v2\/comments?post=13459"}],"version-history":[{"count":0,"href":"https:\/\/www.celttv.com.ar\/index.php\/wp-json\/wp\/v2\/posts\/13459\/revisions"}],"wp:attachment":[{"href":"https:\/\/www.celttv.com.ar\/index.php\/wp-json\/wp\/v2\/media?parent=13459"}],"wp:term":[{"taxonomy":"category","embeddable":true,"href":"https:\/\/www.celttv.com.ar\/index.php\/wp-json\/wp\/v2\/categories?post=13459"},{"taxonomy":"post_tag","embeddable":true,"href":"https:\/\/www.celttv.com.ar\/index.php\/wp-json\/wp\/v2\/tags?post=13459"}],"curies":[{"name":"wp","href":"https:\/\/api.w.org\/{rel}","templated":true}]}}