{"id":13472,"date":"2013-08-28T13:52:30","date_gmt":"2013-08-28T13:52:30","guid":{"rendered":"http:\/\/www.tvcnoticias.com.ar\/?p=13472"},"modified":"2013-08-28T13:52:30","modified_gmt":"2013-08-28T13:52:30","slug":"asi-sera-la-inauguracion-del-centro-de-salamone-y-el-aniversario-de-saldungaray","status":"publish","type":"post","link":"https:\/\/www.celttv.com.ar\/index.php\/2013\/08\/28\/asi-sera-la-inauguracion-del-centro-de-salamone-y-el-aniversario-de-saldungaray\/","title":{"rendered":"ASI SERA LA INAUGURACION DEL CENTRO DE SALAMONE Y EL ANIVERSARIO DE SALDUNGARAY"},"content":{"rendered":"<p><br \/>\nMa\u00f1ana jueves ser\u00e1 un d\u00eda especial en Saldungaray. La celebraci\u00f3n por el 113\u00b0<br \/>\naniversario de la localidad no s\u00f3lo contar\u00e1 con el acto protocolar, sino que tambi\u00e9n<br \/>\ncontendr\u00e1 la inauguraci\u00f3n de una anhelada obra: el Centro de Interpretaci\u00f3n de la Obra<br \/>\ndel arquitecto ingeniero Francisco Salamone.<br \/>\nEl aniversario de Saldungaray tendr\u00e1 el siguiente cronograma:<br \/>\nJueves<br \/>\n&#8211; 9.15 hs: recepci\u00f3n de autoridades en la delegaci\u00f3n municipal.<br \/>\n&#8211; 9.30 hs: traslado del Pabell\u00f3n Patrio a la Plaza Independencia por descendientes<br \/>\ndel fundador del pueblo, izamiento y acto protocolar.<br \/>\n&#8211; 10 hs: misa en el templo parroquial. Homenaje al fundador en el cementerio, con<br \/>\nofrenda floral en el pante\u00f3n familiar.<br \/>\n&#8211; 11 hs: inauguraci\u00f3n del Centro de Interpretaci\u00f3n de la Obra del arquitecto<br \/>\ningeniero Francisco Salamone, la pista de salud y la plaza con juegos de madera.<br \/>\nHimno Nacional.<br \/>\nBendiciones religiosas.<br \/>\nPalabras alusivas.<br \/>\nCorte de cintas.<br \/>\nEn el marco del programa \u201cTrabajando junto a las instituciones\u201d, forestaci\u00f3n de<br \/>\nrobles, aromos y gualeguay, uno por cada instituci\u00f3n de la localidad.<br \/>\nPresentaci\u00f3n de los vinos edici\u00f3n limitada Salamone, de Bodegas Saldungaray.<br \/>\nExposici\u00f3n de producciones y artistas locales.<br \/>\n&#8211; 13 hs: Charla de Alejandro Novacovsky: \u201cFrancisco Salamone en la Provincia de<br \/>\nBuenos Aires: su obra y reconocimiento\u201d.<br \/>\nProyecci\u00f3n de documental, a cargo de Arnaldo Botto.<br \/>\n&#8211; Tambi\u00e9n se desarrollar\u00e1n las siguientes actividades:<br \/>\nExposici\u00f3n fotogr\u00e1fica \u201cNuestro Pueblo\u201d, de la profesora Alejandra Wolcan, en la<br \/>\nBiblioteca Popular \u201cGeneral San Mart\u00edn\u201d.<br \/>\nExposici\u00f3n de cuadros del taller \u201cCompartiendo Pinceles\u201d, del artista pl\u00e1stico<br \/>\nCarlos Giusti. En el sal\u00f3n de situaciones de la delegaci\u00f3n municipal, con la adhesi\u00f3n<br \/>\ndel Hogar Agr\u00edcola Santa In\u00e9s.<br \/>\nExposici\u00f3n de elementos antiguos en el SUM del Instituto Fort\u00edn Pav\u00f3n.<br \/>\nExposici\u00f3n de maquetas y dibujos en la Escuela N\u00b0 2 \u201cGeneral San Mart\u00edn\u201d.<br \/>\n&#8211; 18.30 hs: arriado de bandera.<br \/>\nDomingo 1 de septiembre<br \/>\n&#8211; 9.15 hs: recepci\u00f3n de autoridades en la delegaci\u00f3n municipal.<br \/>\n&#8211; 9.30 hs: traslado del Pabell\u00f3n Patrio a la Plaza Independencia, a cargo de<br \/>\ndescendientes e instituciones locales. Izamiento. Palabras alusivas. Actuaci\u00f3n del V<br \/>\nCuerpo de Ej\u00e9rcito. Actuaci\u00f3n del coro municipal de Tornquist y Saldungaray. Baile<br \/>\nde pe\u00f1as locales. Espect\u00e1culo art\u00edstico callejero. Exposici\u00f3n y venta de art\u00edculos<br \/>\nregionales.<br \/>\n&#8211; 13.30 hs: almuerzo popular (llevar cubiertos y vajilla).<br \/>\n&#8211; 15.30 hs: baile, con \u201cUnicornios Negros\u201d.<br \/>\nPrensa Municipalidad de Tornquist (prensa@tornquist.gov.ar)<br \/>\nTwitter: @prensatornquist<br \/>\nwww.tornquist.gob.ar<\/p>\n","protected":false},"excerpt":{"rendered":"<p>Ma\u00f1ana jueves ser\u00e1 un d\u00eda especial en Saldungaray. La celebraci\u00f3n por el 113\u00b0 aniversario de la localidad no s\u00f3lo contar\u00e1 con el acto protocolar, sino que tambi\u00e9n contendr\u00e1 la inauguraci\u00f3n de una anhelada obra: el Centro de Interpretaci\u00f3n de la Obra del arquitecto ingeniero Francisco Salamone. El aniversario de Saldungaray tendr\u00e1 el siguiente cronograma: Jueves [&hellip;]<\/p>\n","protected":false},"author":1,"featured_media":0,"comment_status":"closed","ping_status":"open","sticky":false,"template":"","format":"standard","meta":{"footnotes":""},"categories":[51,52,53],"tags":[],"class_list":["post-13472","post","type-post","status-publish","format-standard","hentry","category-comunidad","category-destacadas","category-politica"],"yoast_head":"<!-- This site is optimized with the Yoast SEO plugin v19.7.1 - https:\/\/yoast.com\/wordpress\/plugins\/seo\/ -->\n<title>ASI SERA LA INAUGURACION DEL CENTRO DE SALAMONE Y EL ANIVERSARIO DE SALDUNGARAY - CELTTV<\/title>\n<meta name=\"description\" content=\"Sitio web de noticias de la localidad de Tornquist, provincia de Buenos Aires, Rep\u00fablica Argentina. Contenido propio originado por periodistas de CELTTV, el canal de TV local de la Cooperativa El\u00e9ctrica de Tornquist. Turismo, Pol\u00edtica, Sociedad, Deporte, Cultura y todo el contenido de inter\u00e9s general que la gente del pueblo y la regi\u00f3n debe conocer.\" \/>\n<meta name=\"robots\" content=\"index, follow, max-snippet:-1, max-image-preview:large, max-video-preview:-1\" \/>\n<link rel=\"canonical\" href=\"https:\/\/www.celttv.com.ar\/index.php\/2013\/08\/28\/asi-sera-la-inauguracion-del-centro-de-salamone-y-el-aniversario-de-saldungaray\/\" \/>\n<meta property=\"og:locale\" content=\"es_ES\" \/>\n<meta property=\"og:type\" content=\"article\" \/>\n<meta property=\"og:title\" content=\"ASI SERA LA INAUGURACION DEL CENTRO DE SALAMONE Y EL ANIVERSARIO DE SALDUNGARAY - CELTTV\" \/>\n<meta property=\"og:description\" content=\"Sitio web de noticias de la localidad de Tornquist, provincia de Buenos Aires, Rep\u00fablica Argentina. Contenido propio originado por periodistas de CELTTV, el canal de TV local de la Cooperativa El\u00e9ctrica de Tornquist. Turismo, Pol\u00edtica, Sociedad, Deporte, Cultura y todo el contenido de inter\u00e9s general que la gente del pueblo y la regi\u00f3n debe conocer.\" \/>\n<meta property=\"og:url\" content=\"https:\/\/www.celttv.com.ar\/index.php\/2013\/08\/28\/asi-sera-la-inauguracion-del-centro-de-salamone-y-el-aniversario-de-saldungaray\/\" \/>\n<meta property=\"og:site_name\" content=\"CELTTV\" \/>\n<meta property=\"article:publisher\" content=\"https:\/\/www.facebook.com\/celtTV\/\" \/>\n<meta property=\"article:published_time\" content=\"2013-08-28T13:52:30+00:00\" \/>\n<meta name=\"author\" content=\"ulises\" \/>\n<meta name=\"twitter:card\" content=\"summary_large_image\" \/>\n<meta name=\"twitter:label1\" content=\"Escrito por\" \/>\n\t<meta name=\"twitter:data1\" content=\"ulises\" \/>\n\t<meta name=\"twitter:label2\" content=\"Tiempo de lectura\" \/>\n\t<meta name=\"twitter:data2\" content=\"2 minutos\" \/>\n<script type=\"application\/ld+json\" class=\"yoast-schema-graph\">{\"@context\":\"https:\/\/schema.org\",\"@graph\":[{\"@type\":\"NewsArticle\",\"@id\":\"https:\/\/www.celttv.com.ar\/index.php\/2013\/08\/28\/asi-sera-la-inauguracion-del-centro-de-salamone-y-el-aniversario-de-saldungaray\/#article\",\"isPartOf\":{\"@id\":\"https:\/\/www.celttv.com.ar\/index.php\/2013\/08\/28\/asi-sera-la-inauguracion-del-centro-de-salamone-y-el-aniversario-de-saldungaray\/\"},\"author\":{\"name\":\"ulises\",\"@id\":\"https:\/\/www.celttv.com.ar\/#\/schema\/person\/6d99c072dba59953809c81446e9d0ace\"},\"headline\":\"ASI SERA LA INAUGURACION DEL CENTRO DE SALAMONE Y EL ANIVERSARIO DE SALDUNGARAY\",\"datePublished\":\"2013-08-28T13:52:30+00:00\",\"dateModified\":\"2013-08-28T13:52:30+00:00\",\"mainEntityOfPage\":{\"@id\":\"https:\/\/www.celttv.com.ar\/index.php\/2013\/08\/28\/asi-sera-la-inauguracion-del-centro-de-salamone-y-el-aniversario-de-saldungaray\/\"},\"wordCount\":434,\"publisher\":{\"@id\":\"https:\/\/www.celttv.com.ar\/#organization\"},\"articleSection\":[\"Comunidad\",\"Destacadas\",\"Pol\u00edtica\"],\"inLanguage\":\"es\"},{\"@type\":\"WebPage\",\"@id\":\"https:\/\/www.celttv.com.ar\/index.php\/2013\/08\/28\/asi-sera-la-inauguracion-del-centro-de-salamone-y-el-aniversario-de-saldungaray\/\",\"url\":\"https:\/\/www.celttv.com.ar\/index.php\/2013\/08\/28\/asi-sera-la-inauguracion-del-centro-de-salamone-y-el-aniversario-de-saldungaray\/\",\"name\":\"ASI SERA LA INAUGURACION DEL CENTRO DE SALAMONE Y EL ANIVERSARIO DE SALDUNGARAY - CELTTV\",\"isPartOf\":{\"@id\":\"https:\/\/www.celttv.com.ar\/#website\"},\"datePublished\":\"2013-08-28T13:52:30+00:00\",\"dateModified\":\"2013-08-28T13:52:30+00:00\",\"description\":\"Sitio web de noticias de la localidad de Tornquist, provincia de Buenos Aires, Rep\u00fablica Argentina. Contenido propio originado por periodistas de CELTTV, el canal de TV local de la Cooperativa El\u00e9ctrica de Tornquist. Turismo, Pol\u00edtica, Sociedad, Deporte, Cultura y todo el contenido de inter\u00e9s general que la gente del pueblo y la regi\u00f3n debe conocer.\",\"breadcrumb\":{\"@id\":\"https:\/\/www.celttv.com.ar\/index.php\/2013\/08\/28\/asi-sera-la-inauguracion-del-centro-de-salamone-y-el-aniversario-de-saldungaray\/#breadcrumb\"},\"inLanguage\":\"es\",\"potentialAction\":[{\"@type\":\"ReadAction\",\"target\":[\"https:\/\/www.celttv.com.ar\/index.php\/2013\/08\/28\/asi-sera-la-inauguracion-del-centro-de-salamone-y-el-aniversario-de-saldungaray\/\"]}]},{\"@type\":\"BreadcrumbList\",\"@id\":\"https:\/\/www.celttv.com.ar\/index.php\/2013\/08\/28\/asi-sera-la-inauguracion-del-centro-de-salamone-y-el-aniversario-de-saldungaray\/#breadcrumb\",\"itemListElement\":[{\"@type\":\"ListItem\",\"position\":1,\"name\":\"Inicio\",\"item\":\"https:\/\/www.celttv.com.ar\/\"},{\"@type\":\"ListItem\",\"position\":2,\"name\":\"ASI SERA LA INAUGURACION DEL CENTRO DE SALAMONE Y EL ANIVERSARIO DE SALDUNGARAY\"}]},{\"@type\":\"WebSite\",\"@id\":\"https:\/\/www.celttv.com.ar\/#website\",\"url\":\"https:\/\/www.celttv.com.ar\/\",\"name\":\"CELTTV\",\"description\":\"Cooperativa El\u00e9ctrica de Tornquist\",\"publisher\":{\"@id\":\"https:\/\/www.celttv.com.ar\/#organization\"},\"potentialAction\":[{\"@type\":\"SearchAction\",\"target\":{\"@type\":\"EntryPoint\",\"urlTemplate\":\"https:\/\/www.celttv.com.ar\/?s={search_term_string}\"},\"query-input\":\"required name=search_term_string\"}],\"inLanguage\":\"es\"},{\"@type\":\"Organization\",\"@id\":\"https:\/\/www.celttv.com.ar\/#organization\",\"name\":\"CELTTV\",\"url\":\"https:\/\/www.celttv.com.ar\/\",\"sameAs\":[\"https:\/\/www.youtube.com\/channel\/UCz_oIt8Hig64Ub-EmcNPIhg\",\"https:\/\/www.facebook.com\/celtTV\/\"],\"logo\":{\"@type\":\"ImageObject\",\"inLanguage\":\"es\",\"@id\":\"https:\/\/www.celttv.com.ar\/#\/schema\/logo\/image\/\",\"url\":\"http:\/\/www.celttv.com.ar\/wp-content\/uploads\/2022\/08\/logo-1.png\",\"contentUrl\":\"http:\/\/www.celttv.com.ar\/wp-content\/uploads\/2022\/08\/logo-1.png\",\"width\":461,\"height\":159,\"caption\":\"CELTTV\"},\"image\":{\"@id\":\"https:\/\/www.celttv.com.ar\/#\/schema\/logo\/image\/\"}},{\"@type\":\"Person\",\"@id\":\"https:\/\/www.celttv.com.ar\/#\/schema\/person\/6d99c072dba59953809c81446e9d0ace\",\"name\":\"ulises\",\"image\":{\"@type\":\"ImageObject\",\"inLanguage\":\"es\",\"@id\":\"https:\/\/www.celttv.com.ar\/#\/schema\/person\/image\/\",\"url\":\"https:\/\/secure.gravatar.com\/avatar\/7f2c48bdc33b30088f941fb6082e555f2874c98e20cb159d7b92b50eadfce793?s=96&d=mm&r=g\",\"contentUrl\":\"https:\/\/secure.gravatar.com\/avatar\/7f2c48bdc33b30088f941fb6082e555f2874c98e20cb159d7b92b50eadfce793?s=96&d=mm&r=g\",\"caption\":\"ulises\"},\"sameAs\":[\"http:\/\/www.celttv.com.ar\"]}]}<\/script>\n<!-- \/ Yoast SEO plugin. -->","yoast_head_json":{"title":"ASI SERA LA INAUGURACION DEL CENTRO DE SALAMONE Y EL ANIVERSARIO DE SALDUNGARAY - CELTTV","description":"Sitio web de noticias de la localidad de Tornquist, provincia de Buenos Aires, Rep\u00fablica Argentina. Contenido propio originado por periodistas de CELTTV, el canal de TV local de la Cooperativa El\u00e9ctrica de Tornquist. Turismo, Pol\u00edtica, Sociedad, Deporte, Cultura y todo el contenido de inter\u00e9s general que la gente del pueblo y la regi\u00f3n debe conocer.","robots":{"index":"index","follow":"follow","max-snippet":"max-snippet:-1","max-image-preview":"max-image-preview:large","max-video-preview":"max-video-preview:-1"},"canonical":"https:\/\/www.celttv.com.ar\/index.php\/2013\/08\/28\/asi-sera-la-inauguracion-del-centro-de-salamone-y-el-aniversario-de-saldungaray\/","og_locale":"es_ES","og_type":"article","og_title":"ASI SERA LA INAUGURACION DEL CENTRO DE SALAMONE Y EL ANIVERSARIO DE SALDUNGARAY - CELTTV","og_description":"Sitio web de noticias de la localidad de Tornquist, provincia de Buenos Aires, Rep\u00fablica Argentina. Contenido propio originado por periodistas de CELTTV, el canal de TV local de la Cooperativa El\u00e9ctrica de Tornquist. Turismo, Pol\u00edtica, Sociedad, Deporte, Cultura y todo el contenido de inter\u00e9s general que la gente del pueblo y la regi\u00f3n debe conocer.","og_url":"https:\/\/www.celttv.com.ar\/index.php\/2013\/08\/28\/asi-sera-la-inauguracion-del-centro-de-salamone-y-el-aniversario-de-saldungaray\/","og_site_name":"CELTTV","article_publisher":"https:\/\/www.facebook.com\/celtTV\/","article_published_time":"2013-08-28T13:52:30+00:00","author":"ulises","twitter_card":"summary_large_image","twitter_misc":{"Escrito por":"ulises","Tiempo de lectura":"2 minutos"},"schema":{"@context":"https:\/\/schema.org","@graph":[{"@type":"NewsArticle","@id":"https:\/\/www.celttv.com.ar\/index.php\/2013\/08\/28\/asi-sera-la-inauguracion-del-centro-de-salamone-y-el-aniversario-de-saldungaray\/#article","isPartOf":{"@id":"https:\/\/www.celttv.com.ar\/index.php\/2013\/08\/28\/asi-sera-la-inauguracion-del-centro-de-salamone-y-el-aniversario-de-saldungaray\/"},"author":{"name":"ulises","@id":"https:\/\/www.celttv.com.ar\/#\/schema\/person\/6d99c072dba59953809c81446e9d0ace"},"headline":"ASI SERA LA INAUGURACION DEL CENTRO DE SALAMONE Y EL ANIVERSARIO DE SALDUNGARAY","datePublished":"2013-08-28T13:52:30+00:00","dateModified":"2013-08-28T13:52:30+00:00","mainEntityOfPage":{"@id":"https:\/\/www.celttv.com.ar\/index.php\/2013\/08\/28\/asi-sera-la-inauguracion-del-centro-de-salamone-y-el-aniversario-de-saldungaray\/"},"wordCount":434,"publisher":{"@id":"https:\/\/www.celttv.com.ar\/#organization"},"articleSection":["Comunidad","Destacadas","Pol\u00edtica"],"inLanguage":"es"},{"@type":"WebPage","@id":"https:\/\/www.celttv.com.ar\/index.php\/2013\/08\/28\/asi-sera-la-inauguracion-del-centro-de-salamone-y-el-aniversario-de-saldungaray\/","url":"https:\/\/www.celttv.com.ar\/index.php\/2013\/08\/28\/asi-sera-la-inauguracion-del-centro-de-salamone-y-el-aniversario-de-saldungaray\/","name":"ASI SERA LA INAUGURACION DEL CENTRO DE SALAMONE Y EL ANIVERSARIO DE SALDUNGARAY - CELTTV","isPartOf":{"@id":"https:\/\/www.celttv.com.ar\/#website"},"datePublished":"2013-08-28T13:52:30+00:00","dateModified":"2013-08-28T13:52:30+00:00","description":"Sitio web de noticias de la localidad de Tornquist, provincia de Buenos Aires, Rep\u00fablica Argentina. Contenido propio originado por periodistas de CELTTV, el canal de TV local de la Cooperativa El\u00e9ctrica de Tornquist. Turismo, Pol\u00edtica, Sociedad, Deporte, Cultura y todo el contenido de inter\u00e9s general que la gente del pueblo y la regi\u00f3n debe conocer.","breadcrumb":{"@id":"https:\/\/www.celttv.com.ar\/index.php\/2013\/08\/28\/asi-sera-la-inauguracion-del-centro-de-salamone-y-el-aniversario-de-saldungaray\/#breadcrumb"},"inLanguage":"es","potentialAction":[{"@type":"ReadAction","target":["https:\/\/www.celttv.com.ar\/index.php\/2013\/08\/28\/asi-sera-la-inauguracion-del-centro-de-salamone-y-el-aniversario-de-saldungaray\/"]}]},{"@type":"BreadcrumbList","@id":"https:\/\/www.celttv.com.ar\/index.php\/2013\/08\/28\/asi-sera-la-inauguracion-del-centro-de-salamone-y-el-aniversario-de-saldungaray\/#breadcrumb","itemListElement":[{"@type":"ListItem","position":1,"name":"Inicio","item":"https:\/\/www.celttv.com.ar\/"},{"@type":"ListItem","position":2,"name":"ASI SERA LA INAUGURACION DEL CENTRO DE SALAMONE Y EL ANIVERSARIO DE SALDUNGARAY"}]},{"@type":"WebSite","@id":"https:\/\/www.celttv.com.ar\/#website","url":"https:\/\/www.celttv.com.ar\/","name":"CELTTV","description":"Cooperativa El\u00e9ctrica de Tornquist","publisher":{"@id":"https:\/\/www.celttv.com.ar\/#organization"},"potentialAction":[{"@type":"SearchAction","target":{"@type":"EntryPoint","urlTemplate":"https:\/\/www.celttv.com.ar\/?s={search_term_string}"},"query-input":"required name=search_term_string"}],"inLanguage":"es"},{"@type":"Organization","@id":"https:\/\/www.celttv.com.ar\/#organization","name":"CELTTV","url":"https:\/\/www.celttv.com.ar\/","sameAs":["https:\/\/www.youtube.com\/channel\/UCz_oIt8Hig64Ub-EmcNPIhg","https:\/\/www.facebook.com\/celtTV\/"],"logo":{"@type":"ImageObject","inLanguage":"es","@id":"https:\/\/www.celttv.com.ar\/#\/schema\/logo\/image\/","url":"http:\/\/www.celttv.com.ar\/wp-content\/uploads\/2022\/08\/logo-1.png","contentUrl":"http:\/\/www.celttv.com.ar\/wp-content\/uploads\/2022\/08\/logo-1.png","width":461,"height":159,"caption":"CELTTV"},"image":{"@id":"https:\/\/www.celttv.com.ar\/#\/schema\/logo\/image\/"}},{"@type":"Person","@id":"https:\/\/www.celttv.com.ar\/#\/schema\/person\/6d99c072dba59953809c81446e9d0ace","name":"ulises","image":{"@type":"ImageObject","inLanguage":"es","@id":"https:\/\/www.celttv.com.ar\/#\/schema\/person\/image\/","url":"https:\/\/secure.gravatar.com\/avatar\/7f2c48bdc33b30088f941fb6082e555f2874c98e20cb159d7b92b50eadfce793?s=96&d=mm&r=g","contentUrl":"https:\/\/secure.gravatar.com\/avatar\/7f2c48bdc33b30088f941fb6082e555f2874c98e20cb159d7b92b50eadfce793?s=96&d=mm&r=g","caption":"ulises"},"sameAs":["http:\/\/www.celttv.com.ar"]}]}},"_links":{"self":[{"href":"https:\/\/www.celttv.com.ar\/index.php\/wp-json\/wp\/v2\/posts\/13472","targetHints":{"allow":["GET"]}}],"collection":[{"href":"https:\/\/www.celttv.com.ar\/index.php\/wp-json\/wp\/v2\/posts"}],"about":[{"href":"https:\/\/www.celttv.com.ar\/index.php\/wp-json\/wp\/v2\/types\/post"}],"author":[{"embeddable":true,"href":"https:\/\/www.celttv.com.ar\/index.php\/wp-json\/wp\/v2\/users\/1"}],"replies":[{"embeddable":true,"href":"https:\/\/www.celttv.com.ar\/index.php\/wp-json\/wp\/v2\/comments?post=13472"}],"version-history":[{"count":0,"href":"https:\/\/www.celttv.com.ar\/index.php\/wp-json\/wp\/v2\/posts\/13472\/revisions"}],"wp:attachment":[{"href":"https:\/\/www.celttv.com.ar\/index.php\/wp-json\/wp\/v2\/media?parent=13472"}],"wp:term":[{"taxonomy":"category","embeddable":true,"href":"https:\/\/www.celttv.com.ar\/index.php\/wp-json\/wp\/v2\/categories?post=13472"},{"taxonomy":"post_tag","embeddable":true,"href":"https:\/\/www.celttv.com.ar\/index.php\/wp-json\/wp\/v2\/tags?post=13472"}],"curies":[{"name":"wp","href":"https:\/\/api.w.org\/{rel}","templated":true}]}}