{"id":13479,"date":"2013-08-28T14:45:15","date_gmt":"2013-08-28T14:45:15","guid":{"rendered":"http:\/\/www.tvcnoticias.com.ar\/?p=13479"},"modified":"2013-08-28T14:45:15","modified_gmt":"2013-08-28T14:45:15","slug":"los-rancheros-la-morocha-y-lo-que-salga-en-la-fiesta-de-la-primavera","status":"publish","type":"post","link":"https:\/\/www.celttv.com.ar\/index.php\/2013\/08\/28\/los-rancheros-la-morocha-y-lo-que-salga-en-la-fiesta-de-la-primavera\/","title":{"rendered":"&#8220;LOS RANCHEROS&#8221;, &#8220;LA MOROCHA&#8221; Y &#8220;LO QUE SALGA&#8221;, EN LA FIESTA DE LA PRIMAVERA"},"content":{"rendered":"<p><br \/>\nLa llegada de la primavera tendr\u00e1 su festejo familiar en la ciudad cabecera del distrito. El s\u00e1bado 21 de septiembre, a partir de las 18, el Parque Lineal se convertir\u00e1 en el escenario ideal para disfrutar de una jornada diferente, con buena m\u00fasica y varias alternativas.<br \/>\nSobre el escenario que se armar\u00e1 en el espacio recuperado el a\u00f1o pasado por la Municipalidad de Tornquist, se subir\u00e1n las bandas locales Lo que Salga y La Morocha, que introducir\u00e1n la actuaci\u00f3n de Los Rancheros.<br \/>\nTodo se complementar\u00e1 con un espacio destinado a puestos gastron\u00f3micos. Por ese motivo, se invita a las instituciones que deseen participar a inscribirse en la Direcci\u00f3n de Turismo de la Municipalidad de Tornquist, a partir del lunes 3 de septiembre, de 9 a 13 horas. El tel\u00e9fono del organismo es 494-0810.<br \/>\nEse d\u00eda, se pondr\u00e1 a disposici\u00f3n un colectivo para los interesados en participar del evento, que pasar\u00e1 por Saldungaray, Sierra de la Ventana y Villa Ventana. Pr\u00f3ximamente se dar\u00e1n a conocer los horarios.<br \/>\nLos Rancheros est\u00e1n celebrando sus 23 a\u00f1os de trayectoria. Y lo est\u00e1n haciendo con una gira en la cual est\u00e1n presentando su nuevo \u00e1lbum de estudio, que sali\u00f3 a la calle durante el presente mes.<br \/>\nLa producci\u00f3n, titulada &#8220;Tras tus pasos&#8221;, contiene 12 canciones, 10 de ellas in\u00e9ditas, de las cuales se destacan los cortes &#8220;Rubia&#8221;, &#8220;Lo que queda por vivir&#8221;, &#8220;Amor divino&#8221;, &#8220;Tras tus pasos&#8221; y &#8220;Bancarrota&#8221;. La obra contiene un tema llamado &#8220;Ni una muerte m\u00e1s&#8221;, con el cual se inici\u00f3 una cruzada solidaria contra la violencia de g\u00e9nero, con la participaci\u00f3n de Los Tekis y Rub\u00e9n Patagonia.<br \/>\n&nbsp;<br \/>\nPrensa Municipalidad de Tornquist (<a href=\"mailto:prensa@tornquist.gov.ar\">prensa@tornquist.gov.ar<\/a>)<br \/>\nTwitter: @prensatornquist<br \/>\n<span style=\"text-decoration: underline;\"><a href=\"http:\/\/www.tornquist.gob.ar\/\">www.tornquist.gob.ar<\/a><\/span><br \/>\n&nbsp;<\/p>\n","protected":false},"excerpt":{"rendered":"<p>La llegada de la primavera tendr\u00e1 su festejo familiar en la ciudad cabecera del distrito. El s\u00e1bado 21 de septiembre, a partir de las 18, el Parque Lineal se convertir\u00e1 en el escenario ideal para disfrutar de una jornada diferente, con buena m\u00fasica y varias alternativas. Sobre el escenario que se armar\u00e1 en el espacio [&hellip;]<\/p>\n","protected":false},"author":1,"featured_media":0,"comment_status":"closed","ping_status":"open","sticky":false,"template":"","format":"standard","meta":{"footnotes":""},"categories":[51,52,56,53],"tags":[],"class_list":["post-13479","post","type-post","status-publish","format-standard","hentry","category-comunidad","category-destacadas","category-espectaculos","category-politica"],"yoast_head":"<!-- This site is optimized with the Yoast SEO plugin v19.7.1 - https:\/\/yoast.com\/wordpress\/plugins\/seo\/ -->\n<title>&quot;LOS RANCHEROS&quot;, &quot;LA MOROCHA&quot; Y &quot;LO QUE SALGA&quot;, EN LA FIESTA DE LA PRIMAVERA - CELTTV<\/title>\n<meta name=\"description\" content=\"Sitio web de noticias de la localidad de Tornquist, provincia de Buenos Aires, Rep\u00fablica Argentina. Contenido propio originado por periodistas de CELTTV, el canal de TV local de la Cooperativa El\u00e9ctrica de Tornquist. Turismo, Pol\u00edtica, Sociedad, Deporte, Cultura y todo el contenido de inter\u00e9s general que la gente del pueblo y la regi\u00f3n debe conocer.\" \/>\n<meta name=\"robots\" content=\"index, follow, max-snippet:-1, max-image-preview:large, max-video-preview:-1\" \/>\n<link rel=\"canonical\" href=\"https:\/\/www.celttv.com.ar\/index.php\/2013\/08\/28\/los-rancheros-la-morocha-y-lo-que-salga-en-la-fiesta-de-la-primavera\/\" \/>\n<meta property=\"og:locale\" content=\"es_ES\" \/>\n<meta property=\"og:type\" content=\"article\" \/>\n<meta property=\"og:title\" content=\"&quot;LOS RANCHEROS&quot;, &quot;LA MOROCHA&quot; Y &quot;LO QUE SALGA&quot;, EN LA FIESTA DE LA PRIMAVERA - CELTTV\" \/>\n<meta property=\"og:description\" content=\"Sitio web de noticias de la localidad de Tornquist, provincia de Buenos Aires, Rep\u00fablica Argentina. Contenido propio originado por periodistas de CELTTV, el canal de TV local de la Cooperativa El\u00e9ctrica de Tornquist. Turismo, Pol\u00edtica, Sociedad, Deporte, Cultura y todo el contenido de inter\u00e9s general que la gente del pueblo y la regi\u00f3n debe conocer.\" \/>\n<meta property=\"og:url\" content=\"https:\/\/www.celttv.com.ar\/index.php\/2013\/08\/28\/los-rancheros-la-morocha-y-lo-que-salga-en-la-fiesta-de-la-primavera\/\" \/>\n<meta property=\"og:site_name\" content=\"CELTTV\" \/>\n<meta property=\"article:publisher\" content=\"https:\/\/www.facebook.com\/celtTV\/\" \/>\n<meta property=\"article:published_time\" content=\"2013-08-28T14:45:15+00:00\" \/>\n<meta name=\"author\" content=\"ulises\" \/>\n<meta name=\"twitter:card\" content=\"summary_large_image\" \/>\n<meta name=\"twitter:label1\" content=\"Escrito por\" \/>\n\t<meta name=\"twitter:data1\" content=\"ulises\" \/>\n\t<meta name=\"twitter:label2\" content=\"Tiempo de lectura\" \/>\n\t<meta name=\"twitter:data2\" content=\"2 minutos\" \/>\n<script type=\"application\/ld+json\" class=\"yoast-schema-graph\">{\"@context\":\"https:\/\/schema.org\",\"@graph\":[{\"@type\":\"NewsArticle\",\"@id\":\"https:\/\/www.celttv.com.ar\/index.php\/2013\/08\/28\/los-rancheros-la-morocha-y-lo-que-salga-en-la-fiesta-de-la-primavera\/#article\",\"isPartOf\":{\"@id\":\"https:\/\/www.celttv.com.ar\/index.php\/2013\/08\/28\/los-rancheros-la-morocha-y-lo-que-salga-en-la-fiesta-de-la-primavera\/\"},\"author\":{\"name\":\"ulises\",\"@id\":\"https:\/\/www.celttv.com.ar\/#\/schema\/person\/6d99c072dba59953809c81446e9d0ace\"},\"headline\":\"&#8220;LOS RANCHEROS&#8221;, &#8220;LA MOROCHA&#8221; Y &#8220;LO QUE SALGA&#8221;, EN LA FIESTA DE LA PRIMAVERA\",\"datePublished\":\"2013-08-28T14:45:15+00:00\",\"dateModified\":\"2013-08-28T14:45:15+00:00\",\"mainEntityOfPage\":{\"@id\":\"https:\/\/www.celttv.com.ar\/index.php\/2013\/08\/28\/los-rancheros-la-morocha-y-lo-que-salga-en-la-fiesta-de-la-primavera\/\"},\"wordCount\":315,\"publisher\":{\"@id\":\"https:\/\/www.celttv.com.ar\/#organization\"},\"articleSection\":[\"Comunidad\",\"Destacadas\",\"Espect\u00e1culos\",\"Pol\u00edtica\"],\"inLanguage\":\"es\"},{\"@type\":\"WebPage\",\"@id\":\"https:\/\/www.celttv.com.ar\/index.php\/2013\/08\/28\/los-rancheros-la-morocha-y-lo-que-salga-en-la-fiesta-de-la-primavera\/\",\"url\":\"https:\/\/www.celttv.com.ar\/index.php\/2013\/08\/28\/los-rancheros-la-morocha-y-lo-que-salga-en-la-fiesta-de-la-primavera\/\",\"name\":\"\\\"LOS RANCHEROS\\\", \\\"LA MOROCHA\\\" Y \\\"LO QUE SALGA\\\", EN LA FIESTA DE LA PRIMAVERA - CELTTV\",\"isPartOf\":{\"@id\":\"https:\/\/www.celttv.com.ar\/#website\"},\"datePublished\":\"2013-08-28T14:45:15+00:00\",\"dateModified\":\"2013-08-28T14:45:15+00:00\",\"description\":\"Sitio web de noticias de la localidad de Tornquist, provincia de Buenos Aires, Rep\u00fablica Argentina. Contenido propio originado por periodistas de CELTTV, el canal de TV local de la Cooperativa El\u00e9ctrica de Tornquist. Turismo, Pol\u00edtica, Sociedad, Deporte, Cultura y todo el contenido de inter\u00e9s general que la gente del pueblo y la regi\u00f3n debe conocer.\",\"breadcrumb\":{\"@id\":\"https:\/\/www.celttv.com.ar\/index.php\/2013\/08\/28\/los-rancheros-la-morocha-y-lo-que-salga-en-la-fiesta-de-la-primavera\/#breadcrumb\"},\"inLanguage\":\"es\",\"potentialAction\":[{\"@type\":\"ReadAction\",\"target\":[\"https:\/\/www.celttv.com.ar\/index.php\/2013\/08\/28\/los-rancheros-la-morocha-y-lo-que-salga-en-la-fiesta-de-la-primavera\/\"]}]},{\"@type\":\"BreadcrumbList\",\"@id\":\"https:\/\/www.celttv.com.ar\/index.php\/2013\/08\/28\/los-rancheros-la-morocha-y-lo-que-salga-en-la-fiesta-de-la-primavera\/#breadcrumb\",\"itemListElement\":[{\"@type\":\"ListItem\",\"position\":1,\"name\":\"Inicio\",\"item\":\"https:\/\/www.celttv.com.ar\/\"},{\"@type\":\"ListItem\",\"position\":2,\"name\":\"&#8220;LOS RANCHEROS&#8221;, &#8220;LA MOROCHA&#8221; Y &#8220;LO QUE SALGA&#8221;, EN LA FIESTA DE LA PRIMAVERA\"}]},{\"@type\":\"WebSite\",\"@id\":\"https:\/\/www.celttv.com.ar\/#website\",\"url\":\"https:\/\/www.celttv.com.ar\/\",\"name\":\"CELTTV\",\"description\":\"Cooperativa El\u00e9ctrica de Tornquist\",\"publisher\":{\"@id\":\"https:\/\/www.celttv.com.ar\/#organization\"},\"potentialAction\":[{\"@type\":\"SearchAction\",\"target\":{\"@type\":\"EntryPoint\",\"urlTemplate\":\"https:\/\/www.celttv.com.ar\/?s={search_term_string}\"},\"query-input\":\"required name=search_term_string\"}],\"inLanguage\":\"es\"},{\"@type\":\"Organization\",\"@id\":\"https:\/\/www.celttv.com.ar\/#organization\",\"name\":\"CELTTV\",\"url\":\"https:\/\/www.celttv.com.ar\/\",\"sameAs\":[\"https:\/\/www.youtube.com\/channel\/UCz_oIt8Hig64Ub-EmcNPIhg\",\"https:\/\/www.facebook.com\/celtTV\/\"],\"logo\":{\"@type\":\"ImageObject\",\"inLanguage\":\"es\",\"@id\":\"https:\/\/www.celttv.com.ar\/#\/schema\/logo\/image\/\",\"url\":\"http:\/\/www.celttv.com.ar\/wp-content\/uploads\/2022\/08\/logo-1.png\",\"contentUrl\":\"http:\/\/www.celttv.com.ar\/wp-content\/uploads\/2022\/08\/logo-1.png\",\"width\":461,\"height\":159,\"caption\":\"CELTTV\"},\"image\":{\"@id\":\"https:\/\/www.celttv.com.ar\/#\/schema\/logo\/image\/\"}},{\"@type\":\"Person\",\"@id\":\"https:\/\/www.celttv.com.ar\/#\/schema\/person\/6d99c072dba59953809c81446e9d0ace\",\"name\":\"ulises\",\"image\":{\"@type\":\"ImageObject\",\"inLanguage\":\"es\",\"@id\":\"https:\/\/www.celttv.com.ar\/#\/schema\/person\/image\/\",\"url\":\"https:\/\/secure.gravatar.com\/avatar\/7f2c48bdc33b30088f941fb6082e555f2874c98e20cb159d7b92b50eadfce793?s=96&d=mm&r=g\",\"contentUrl\":\"https:\/\/secure.gravatar.com\/avatar\/7f2c48bdc33b30088f941fb6082e555f2874c98e20cb159d7b92b50eadfce793?s=96&d=mm&r=g\",\"caption\":\"ulises\"},\"sameAs\":[\"http:\/\/www.celttv.com.ar\"]}]}<\/script>\n<!-- \/ Yoast SEO plugin. -->","yoast_head_json":{"title":"\"LOS RANCHEROS\", \"LA MOROCHA\" Y \"LO QUE SALGA\", EN LA FIESTA DE LA PRIMAVERA - CELTTV","description":"Sitio web de noticias de la localidad de Tornquist, provincia de Buenos Aires, Rep\u00fablica Argentina. Contenido propio originado por periodistas de CELTTV, el canal de TV local de la Cooperativa El\u00e9ctrica de Tornquist. Turismo, Pol\u00edtica, Sociedad, Deporte, Cultura y todo el contenido de inter\u00e9s general que la gente del pueblo y la regi\u00f3n debe conocer.","robots":{"index":"index","follow":"follow","max-snippet":"max-snippet:-1","max-image-preview":"max-image-preview:large","max-video-preview":"max-video-preview:-1"},"canonical":"https:\/\/www.celttv.com.ar\/index.php\/2013\/08\/28\/los-rancheros-la-morocha-y-lo-que-salga-en-la-fiesta-de-la-primavera\/","og_locale":"es_ES","og_type":"article","og_title":"\"LOS RANCHEROS\", \"LA MOROCHA\" Y \"LO QUE SALGA\", EN LA FIESTA DE LA PRIMAVERA - CELTTV","og_description":"Sitio web de noticias de la localidad de Tornquist, provincia de Buenos Aires, Rep\u00fablica Argentina. Contenido propio originado por periodistas de CELTTV, el canal de TV local de la Cooperativa El\u00e9ctrica de Tornquist. Turismo, Pol\u00edtica, Sociedad, Deporte, Cultura y todo el contenido de inter\u00e9s general que la gente del pueblo y la regi\u00f3n debe conocer.","og_url":"https:\/\/www.celttv.com.ar\/index.php\/2013\/08\/28\/los-rancheros-la-morocha-y-lo-que-salga-en-la-fiesta-de-la-primavera\/","og_site_name":"CELTTV","article_publisher":"https:\/\/www.facebook.com\/celtTV\/","article_published_time":"2013-08-28T14:45:15+00:00","author":"ulises","twitter_card":"summary_large_image","twitter_misc":{"Escrito por":"ulises","Tiempo de lectura":"2 minutos"},"schema":{"@context":"https:\/\/schema.org","@graph":[{"@type":"NewsArticle","@id":"https:\/\/www.celttv.com.ar\/index.php\/2013\/08\/28\/los-rancheros-la-morocha-y-lo-que-salga-en-la-fiesta-de-la-primavera\/#article","isPartOf":{"@id":"https:\/\/www.celttv.com.ar\/index.php\/2013\/08\/28\/los-rancheros-la-morocha-y-lo-que-salga-en-la-fiesta-de-la-primavera\/"},"author":{"name":"ulises","@id":"https:\/\/www.celttv.com.ar\/#\/schema\/person\/6d99c072dba59953809c81446e9d0ace"},"headline":"&#8220;LOS RANCHEROS&#8221;, &#8220;LA MOROCHA&#8221; Y &#8220;LO QUE SALGA&#8221;, EN LA FIESTA DE LA PRIMAVERA","datePublished":"2013-08-28T14:45:15+00:00","dateModified":"2013-08-28T14:45:15+00:00","mainEntityOfPage":{"@id":"https:\/\/www.celttv.com.ar\/index.php\/2013\/08\/28\/los-rancheros-la-morocha-y-lo-que-salga-en-la-fiesta-de-la-primavera\/"},"wordCount":315,"publisher":{"@id":"https:\/\/www.celttv.com.ar\/#organization"},"articleSection":["Comunidad","Destacadas","Espect\u00e1culos","Pol\u00edtica"],"inLanguage":"es"},{"@type":"WebPage","@id":"https:\/\/www.celttv.com.ar\/index.php\/2013\/08\/28\/los-rancheros-la-morocha-y-lo-que-salga-en-la-fiesta-de-la-primavera\/","url":"https:\/\/www.celttv.com.ar\/index.php\/2013\/08\/28\/los-rancheros-la-morocha-y-lo-que-salga-en-la-fiesta-de-la-primavera\/","name":"\"LOS RANCHEROS\", \"LA MOROCHA\" Y \"LO QUE SALGA\", EN LA FIESTA DE LA PRIMAVERA - CELTTV","isPartOf":{"@id":"https:\/\/www.celttv.com.ar\/#website"},"datePublished":"2013-08-28T14:45:15+00:00","dateModified":"2013-08-28T14:45:15+00:00","description":"Sitio web de noticias de la localidad de Tornquist, provincia de Buenos Aires, Rep\u00fablica Argentina. Contenido propio originado por periodistas de CELTTV, el canal de TV local de la Cooperativa El\u00e9ctrica de Tornquist. Turismo, Pol\u00edtica, Sociedad, Deporte, Cultura y todo el contenido de inter\u00e9s general que la gente del pueblo y la regi\u00f3n debe conocer.","breadcrumb":{"@id":"https:\/\/www.celttv.com.ar\/index.php\/2013\/08\/28\/los-rancheros-la-morocha-y-lo-que-salga-en-la-fiesta-de-la-primavera\/#breadcrumb"},"inLanguage":"es","potentialAction":[{"@type":"ReadAction","target":["https:\/\/www.celttv.com.ar\/index.php\/2013\/08\/28\/los-rancheros-la-morocha-y-lo-que-salga-en-la-fiesta-de-la-primavera\/"]}]},{"@type":"BreadcrumbList","@id":"https:\/\/www.celttv.com.ar\/index.php\/2013\/08\/28\/los-rancheros-la-morocha-y-lo-que-salga-en-la-fiesta-de-la-primavera\/#breadcrumb","itemListElement":[{"@type":"ListItem","position":1,"name":"Inicio","item":"https:\/\/www.celttv.com.ar\/"},{"@type":"ListItem","position":2,"name":"&#8220;LOS RANCHEROS&#8221;, &#8220;LA MOROCHA&#8221; Y &#8220;LO QUE SALGA&#8221;, EN LA FIESTA DE LA PRIMAVERA"}]},{"@type":"WebSite","@id":"https:\/\/www.celttv.com.ar\/#website","url":"https:\/\/www.celttv.com.ar\/","name":"CELTTV","description":"Cooperativa El\u00e9ctrica de Tornquist","publisher":{"@id":"https:\/\/www.celttv.com.ar\/#organization"},"potentialAction":[{"@type":"SearchAction","target":{"@type":"EntryPoint","urlTemplate":"https:\/\/www.celttv.com.ar\/?s={search_term_string}"},"query-input":"required name=search_term_string"}],"inLanguage":"es"},{"@type":"Organization","@id":"https:\/\/www.celttv.com.ar\/#organization","name":"CELTTV","url":"https:\/\/www.celttv.com.ar\/","sameAs":["https:\/\/www.youtube.com\/channel\/UCz_oIt8Hig64Ub-EmcNPIhg","https:\/\/www.facebook.com\/celtTV\/"],"logo":{"@type":"ImageObject","inLanguage":"es","@id":"https:\/\/www.celttv.com.ar\/#\/schema\/logo\/image\/","url":"http:\/\/www.celttv.com.ar\/wp-content\/uploads\/2022\/08\/logo-1.png","contentUrl":"http:\/\/www.celttv.com.ar\/wp-content\/uploads\/2022\/08\/logo-1.png","width":461,"height":159,"caption":"CELTTV"},"image":{"@id":"https:\/\/www.celttv.com.ar\/#\/schema\/logo\/image\/"}},{"@type":"Person","@id":"https:\/\/www.celttv.com.ar\/#\/schema\/person\/6d99c072dba59953809c81446e9d0ace","name":"ulises","image":{"@type":"ImageObject","inLanguage":"es","@id":"https:\/\/www.celttv.com.ar\/#\/schema\/person\/image\/","url":"https:\/\/secure.gravatar.com\/avatar\/7f2c48bdc33b30088f941fb6082e555f2874c98e20cb159d7b92b50eadfce793?s=96&d=mm&r=g","contentUrl":"https:\/\/secure.gravatar.com\/avatar\/7f2c48bdc33b30088f941fb6082e555f2874c98e20cb159d7b92b50eadfce793?s=96&d=mm&r=g","caption":"ulises"},"sameAs":["http:\/\/www.celttv.com.ar"]}]}},"_links":{"self":[{"href":"https:\/\/www.celttv.com.ar\/index.php\/wp-json\/wp\/v2\/posts\/13479","targetHints":{"allow":["GET"]}}],"collection":[{"href":"https:\/\/www.celttv.com.ar\/index.php\/wp-json\/wp\/v2\/posts"}],"about":[{"href":"https:\/\/www.celttv.com.ar\/index.php\/wp-json\/wp\/v2\/types\/post"}],"author":[{"embeddable":true,"href":"https:\/\/www.celttv.com.ar\/index.php\/wp-json\/wp\/v2\/users\/1"}],"replies":[{"embeddable":true,"href":"https:\/\/www.celttv.com.ar\/index.php\/wp-json\/wp\/v2\/comments?post=13479"}],"version-history":[{"count":0,"href":"https:\/\/www.celttv.com.ar\/index.php\/wp-json\/wp\/v2\/posts\/13479\/revisions"}],"wp:attachment":[{"href":"https:\/\/www.celttv.com.ar\/index.php\/wp-json\/wp\/v2\/media?parent=13479"}],"wp:term":[{"taxonomy":"category","embeddable":true,"href":"https:\/\/www.celttv.com.ar\/index.php\/wp-json\/wp\/v2\/categories?post=13479"},{"taxonomy":"post_tag","embeddable":true,"href":"https:\/\/www.celttv.com.ar\/index.php\/wp-json\/wp\/v2\/tags?post=13479"}],"curies":[{"name":"wp","href":"https:\/\/api.w.org\/{rel}","templated":true}]}}