{"id":13485,"date":"2013-08-28T19:22:45","date_gmt":"2013-08-28T19:22:45","guid":{"rendered":"http:\/\/www.tvcnoticias.com.ar\/?p=13485"},"modified":"2013-08-28T19:22:45","modified_gmt":"2013-08-28T19:22:45","slug":"audiencia-ley-de-medios-las-cooperativas-van-por-la-constitucionalidad-plena-de-la-norma","status":"publish","type":"post","link":"https:\/\/www.celttv.com.ar\/index.php\/2013\/08\/28\/audiencia-ley-de-medios-las-cooperativas-van-por-la-constitucionalidad-plena-de-la-norma\/","title":{"rendered":"AUDIENCIA-LEY DE MEDIOS: LAS COOPERATIVAS VAN POR LA CONSTITUCIONALIDAD PLENA DE LA NORMA"},"content":{"rendered":"<p><em><br \/>\nAs\u00ed lo sentenci\u00f3 Miguel Rodr\u00edguez Villafa\u00f1e, abogado constitucionalista y presidente de la Asociaci\u00f3n Iberoamericana de Derecho a la Informaci\u00f3n y Comunicaci\u00f3n, quien represent\u00f3 a la Confederaci\u00f3n Cooperativa de la Rep\u00fablica Argentina (Cooperar) como amicus curiae por la parte del Estado.<\/em><br \/>\n<strong>(Ansol).- <\/strong>&#8220;No permitan concentraciones que excluyan. Trabajen por el bien del pa\u00eds, como me consta que van a hacer, y declaren integralmente constitucional a la Ley de Servicios de Comunicaci\u00f3n Audiovisual&#8221;, requiri\u00f3 el letrado a los jueces de la Corte Suprema de Justicia, durante la audiencia p\u00fablica que se celebra en el Palacio de Tribunales.<br \/>\nEn representaci\u00f3n de Cooperar, que encarna a 3 mil estructuras cooperativas del pa\u00eds que llegan a m\u00e1s de 10 millones de personas, acentu\u00f3 que &#8220;el pluralismo informativo es una necesidad de la democracia y no del mercado, por el contrario, si el mercado no es controlado con seguridad tender\u00e1 a la concentraci\u00f3n&#8221;.<br \/>\nEn ese sentido, subray\u00f3 que &#8220;por 29 a\u00f1os se margin\u00f3 la palabra al sector cooperativo y de la econom\u00eda solidaria, que perdi\u00f3 espacios, tal como fue el caso de Zapala, que ten\u00eda su propia antena comunitaria para la gente de Neuqu\u00e9n hasta que fue intimada por el Estado a que dejara de prestar ese servicio porque s\u00f3lo pod\u00edan hacerlo las entidades comerciales&#8221;.<br \/>\n&#8220;El tener exceso de licencias les permite eliminar a la competencia que luego dicen que hay que preservar. La concentraci\u00f3n sanciona al interior, no permite que crezca la democracia local, ni la provincial, porque tampoco dan participaci\u00f3n&#8221;, indic\u00f3 Rodr\u00edguez Villafa\u00f1e sobre el Grupo Clar\u00edn.<br \/>\nEl abogado constitucionalista y presidente de la Asociaci\u00f3n Iberoamericana de Derecho a la Informaci\u00f3n y Comunicaci\u00f3n remarc\u00f3 la relevancia de la norma en el sector solidario, al exponer en nombre de la Confederaci\u00f3n Cooperativa de la Rep\u00fablica Argentina (Cooperar).<br \/>\n&#8220;El cooperativismo est\u00e1 vinculado a la necesidad de garantizar la libertad de expresi\u00f3n en donde cada uno tiene voto y palabra, en donde todos son iguales, y casualmente con este sector se ensa\u00f1o la ley que felizmente derog\u00f3 la norma N\u00ba 26.522&#8221;, destac\u00f3.<br \/>\nRodr\u00edguez Villafa\u00f1e fue el cuarto\u00a0<em>amigo del Tribunal<\/em> por parte del Gobierno nacional que argument\u00f3 ante la Corte sobre la validez constitucional del art\u00edculo 45, apartado 2, incisos c y d, y p\u00e1rrafo final, y apartado 3.<br \/>\nPor \u00faltimo, el letrado mencion\u00f3 que uno de los bancos involucrados en la deuda externa argentina, Goldman Sacks, fue propietario de acciones del Grupo Clar\u00edn y concluy\u00f3: &#8220;No permitan una concentraci\u00f3n que nos arrodille&#8221;, mientras despert\u00f3 los primeros aplausos del auditorio.<\/p>\n","protected":false},"excerpt":{"rendered":"<p>As\u00ed lo sentenci\u00f3 Miguel Rodr\u00edguez Villafa\u00f1e, abogado constitucionalista y presidente de la Asociaci\u00f3n Iberoamericana de Derecho a la Informaci\u00f3n y Comunicaci\u00f3n, quien represent\u00f3 a la Confederaci\u00f3n Cooperativa de la Rep\u00fablica Argentina (Cooperar) como amicus curiae por la parte del Estado. (Ansol).- &#8220;No permitan concentraciones que excluyan. Trabajen por el bien del pa\u00eds, como me consta [&hellip;]<\/p>\n","protected":false},"author":1,"featured_media":0,"comment_status":"closed","ping_status":"open","sticky":false,"template":"","format":"standard","meta":{"footnotes":""},"categories":[51,52,53],"tags":[],"class_list":["post-13485","post","type-post","status-publish","format-standard","hentry","category-comunidad","category-destacadas","category-politica"],"yoast_head":"<!-- This site is optimized with the Yoast SEO plugin v19.7.1 - https:\/\/yoast.com\/wordpress\/plugins\/seo\/ -->\n<title>AUDIENCIA-LEY DE MEDIOS: LAS COOPERATIVAS VAN POR LA CONSTITUCIONALIDAD PLENA DE LA NORMA - CELTTV<\/title>\n<meta name=\"description\" content=\"Sitio web de noticias de la localidad de Tornquist, provincia de Buenos Aires, Rep\u00fablica Argentina. Contenido propio originado por periodistas de CELTTV, el canal de TV local de la Cooperativa El\u00e9ctrica de Tornquist. Turismo, Pol\u00edtica, Sociedad, Deporte, Cultura y todo el contenido de inter\u00e9s general que la gente del pueblo y la regi\u00f3n debe conocer.\" \/>\n<meta name=\"robots\" content=\"index, follow, max-snippet:-1, max-image-preview:large, max-video-preview:-1\" \/>\n<link rel=\"canonical\" href=\"https:\/\/www.celttv.com.ar\/index.php\/2013\/08\/28\/audiencia-ley-de-medios-las-cooperativas-van-por-la-constitucionalidad-plena-de-la-norma\/\" \/>\n<meta property=\"og:locale\" content=\"es_ES\" \/>\n<meta property=\"og:type\" content=\"article\" \/>\n<meta property=\"og:title\" content=\"AUDIENCIA-LEY DE MEDIOS: LAS COOPERATIVAS VAN POR LA CONSTITUCIONALIDAD PLENA DE LA NORMA - CELTTV\" \/>\n<meta property=\"og:description\" content=\"Sitio web de noticias de la localidad de Tornquist, provincia de Buenos Aires, Rep\u00fablica Argentina. Contenido propio originado por periodistas de CELTTV, el canal de TV local de la Cooperativa El\u00e9ctrica de Tornquist. Turismo, Pol\u00edtica, Sociedad, Deporte, Cultura y todo el contenido de inter\u00e9s general que la gente del pueblo y la regi\u00f3n debe conocer.\" \/>\n<meta property=\"og:url\" content=\"https:\/\/www.celttv.com.ar\/index.php\/2013\/08\/28\/audiencia-ley-de-medios-las-cooperativas-van-por-la-constitucionalidad-plena-de-la-norma\/\" \/>\n<meta property=\"og:site_name\" content=\"CELTTV\" \/>\n<meta property=\"article:publisher\" content=\"https:\/\/www.facebook.com\/celtTV\/\" \/>\n<meta property=\"article:published_time\" content=\"2013-08-28T19:22:45+00:00\" \/>\n<meta name=\"author\" content=\"ulises\" \/>\n<meta name=\"twitter:card\" content=\"summary_large_image\" \/>\n<meta name=\"twitter:label1\" content=\"Escrito por\" \/>\n\t<meta name=\"twitter:data1\" content=\"ulises\" \/>\n\t<meta name=\"twitter:label2\" content=\"Tiempo de lectura\" \/>\n\t<meta name=\"twitter:data2\" content=\"2 minutos\" \/>\n<script type=\"application\/ld+json\" class=\"yoast-schema-graph\">{\"@context\":\"https:\/\/schema.org\",\"@graph\":[{\"@type\":\"NewsArticle\",\"@id\":\"https:\/\/www.celttv.com.ar\/index.php\/2013\/08\/28\/audiencia-ley-de-medios-las-cooperativas-van-por-la-constitucionalidad-plena-de-la-norma\/#article\",\"isPartOf\":{\"@id\":\"https:\/\/www.celttv.com.ar\/index.php\/2013\/08\/28\/audiencia-ley-de-medios-las-cooperativas-van-por-la-constitucionalidad-plena-de-la-norma\/\"},\"author\":{\"name\":\"ulises\",\"@id\":\"https:\/\/www.celttv.com.ar\/#\/schema\/person\/6d99c072dba59953809c81446e9d0ace\"},\"headline\":\"AUDIENCIA-LEY DE MEDIOS: LAS COOPERATIVAS VAN POR LA CONSTITUCIONALIDAD PLENA DE LA NORMA\",\"datePublished\":\"2013-08-28T19:22:45+00:00\",\"dateModified\":\"2013-08-28T19:22:45+00:00\",\"mainEntityOfPage\":{\"@id\":\"https:\/\/www.celttv.com.ar\/index.php\/2013\/08\/28\/audiencia-ley-de-medios-las-cooperativas-van-por-la-constitucionalidad-plena-de-la-norma\/\"},\"wordCount\":462,\"publisher\":{\"@id\":\"https:\/\/www.celttv.com.ar\/#organization\"},\"articleSection\":[\"Comunidad\",\"Destacadas\",\"Pol\u00edtica\"],\"inLanguage\":\"es\"},{\"@type\":\"WebPage\",\"@id\":\"https:\/\/www.celttv.com.ar\/index.php\/2013\/08\/28\/audiencia-ley-de-medios-las-cooperativas-van-por-la-constitucionalidad-plena-de-la-norma\/\",\"url\":\"https:\/\/www.celttv.com.ar\/index.php\/2013\/08\/28\/audiencia-ley-de-medios-las-cooperativas-van-por-la-constitucionalidad-plena-de-la-norma\/\",\"name\":\"AUDIENCIA-LEY DE MEDIOS: LAS COOPERATIVAS VAN POR LA CONSTITUCIONALIDAD PLENA DE LA NORMA - CELTTV\",\"isPartOf\":{\"@id\":\"https:\/\/www.celttv.com.ar\/#website\"},\"datePublished\":\"2013-08-28T19:22:45+00:00\",\"dateModified\":\"2013-08-28T19:22:45+00:00\",\"description\":\"Sitio web de noticias de la localidad de Tornquist, provincia de Buenos Aires, Rep\u00fablica Argentina. Contenido propio originado por periodistas de CELTTV, el canal de TV local de la Cooperativa El\u00e9ctrica de Tornquist. Turismo, Pol\u00edtica, Sociedad, Deporte, Cultura y todo el contenido de inter\u00e9s general que la gente del pueblo y la regi\u00f3n debe conocer.\",\"breadcrumb\":{\"@id\":\"https:\/\/www.celttv.com.ar\/index.php\/2013\/08\/28\/audiencia-ley-de-medios-las-cooperativas-van-por-la-constitucionalidad-plena-de-la-norma\/#breadcrumb\"},\"inLanguage\":\"es\",\"potentialAction\":[{\"@type\":\"ReadAction\",\"target\":[\"https:\/\/www.celttv.com.ar\/index.php\/2013\/08\/28\/audiencia-ley-de-medios-las-cooperativas-van-por-la-constitucionalidad-plena-de-la-norma\/\"]}]},{\"@type\":\"BreadcrumbList\",\"@id\":\"https:\/\/www.celttv.com.ar\/index.php\/2013\/08\/28\/audiencia-ley-de-medios-las-cooperativas-van-por-la-constitucionalidad-plena-de-la-norma\/#breadcrumb\",\"itemListElement\":[{\"@type\":\"ListItem\",\"position\":1,\"name\":\"Inicio\",\"item\":\"https:\/\/www.celttv.com.ar\/\"},{\"@type\":\"ListItem\",\"position\":2,\"name\":\"AUDIENCIA-LEY DE MEDIOS: LAS COOPERATIVAS VAN POR LA CONSTITUCIONALIDAD PLENA DE LA NORMA\"}]},{\"@type\":\"WebSite\",\"@id\":\"https:\/\/www.celttv.com.ar\/#website\",\"url\":\"https:\/\/www.celttv.com.ar\/\",\"name\":\"CELTTV\",\"description\":\"Cooperativa El\u00e9ctrica de Tornquist\",\"publisher\":{\"@id\":\"https:\/\/www.celttv.com.ar\/#organization\"},\"potentialAction\":[{\"@type\":\"SearchAction\",\"target\":{\"@type\":\"EntryPoint\",\"urlTemplate\":\"https:\/\/www.celttv.com.ar\/?s={search_term_string}\"},\"query-input\":\"required name=search_term_string\"}],\"inLanguage\":\"es\"},{\"@type\":\"Organization\",\"@id\":\"https:\/\/www.celttv.com.ar\/#organization\",\"name\":\"CELTTV\",\"url\":\"https:\/\/www.celttv.com.ar\/\",\"sameAs\":[\"https:\/\/www.youtube.com\/channel\/UCz_oIt8Hig64Ub-EmcNPIhg\",\"https:\/\/www.facebook.com\/celtTV\/\"],\"logo\":{\"@type\":\"ImageObject\",\"inLanguage\":\"es\",\"@id\":\"https:\/\/www.celttv.com.ar\/#\/schema\/logo\/image\/\",\"url\":\"http:\/\/www.celttv.com.ar\/wp-content\/uploads\/2022\/08\/logo-1.png\",\"contentUrl\":\"http:\/\/www.celttv.com.ar\/wp-content\/uploads\/2022\/08\/logo-1.png\",\"width\":461,\"height\":159,\"caption\":\"CELTTV\"},\"image\":{\"@id\":\"https:\/\/www.celttv.com.ar\/#\/schema\/logo\/image\/\"}},{\"@type\":\"Person\",\"@id\":\"https:\/\/www.celttv.com.ar\/#\/schema\/person\/6d99c072dba59953809c81446e9d0ace\",\"name\":\"ulises\",\"image\":{\"@type\":\"ImageObject\",\"inLanguage\":\"es\",\"@id\":\"https:\/\/www.celttv.com.ar\/#\/schema\/person\/image\/\",\"url\":\"https:\/\/secure.gravatar.com\/avatar\/7f2c48bdc33b30088f941fb6082e555f2874c98e20cb159d7b92b50eadfce793?s=96&d=mm&r=g\",\"contentUrl\":\"https:\/\/secure.gravatar.com\/avatar\/7f2c48bdc33b30088f941fb6082e555f2874c98e20cb159d7b92b50eadfce793?s=96&d=mm&r=g\",\"caption\":\"ulises\"},\"sameAs\":[\"http:\/\/www.celttv.com.ar\"]}]}<\/script>\n<!-- \/ Yoast SEO plugin. -->","yoast_head_json":{"title":"AUDIENCIA-LEY DE MEDIOS: LAS COOPERATIVAS VAN POR LA CONSTITUCIONALIDAD PLENA DE LA NORMA - CELTTV","description":"Sitio web de noticias de la localidad de Tornquist, provincia de Buenos Aires, Rep\u00fablica Argentina. Contenido propio originado por periodistas de CELTTV, el canal de TV local de la Cooperativa El\u00e9ctrica de Tornquist. Turismo, Pol\u00edtica, Sociedad, Deporte, Cultura y todo el contenido de inter\u00e9s general que la gente del pueblo y la regi\u00f3n debe conocer.","robots":{"index":"index","follow":"follow","max-snippet":"max-snippet:-1","max-image-preview":"max-image-preview:large","max-video-preview":"max-video-preview:-1"},"canonical":"https:\/\/www.celttv.com.ar\/index.php\/2013\/08\/28\/audiencia-ley-de-medios-las-cooperativas-van-por-la-constitucionalidad-plena-de-la-norma\/","og_locale":"es_ES","og_type":"article","og_title":"AUDIENCIA-LEY DE MEDIOS: LAS COOPERATIVAS VAN POR LA CONSTITUCIONALIDAD PLENA DE LA NORMA - CELTTV","og_description":"Sitio web de noticias de la localidad de Tornquist, provincia de Buenos Aires, Rep\u00fablica Argentina. Contenido propio originado por periodistas de CELTTV, el canal de TV local de la Cooperativa El\u00e9ctrica de Tornquist. Turismo, Pol\u00edtica, Sociedad, Deporte, Cultura y todo el contenido de inter\u00e9s general que la gente del pueblo y la regi\u00f3n debe conocer.","og_url":"https:\/\/www.celttv.com.ar\/index.php\/2013\/08\/28\/audiencia-ley-de-medios-las-cooperativas-van-por-la-constitucionalidad-plena-de-la-norma\/","og_site_name":"CELTTV","article_publisher":"https:\/\/www.facebook.com\/celtTV\/","article_published_time":"2013-08-28T19:22:45+00:00","author":"ulises","twitter_card":"summary_large_image","twitter_misc":{"Escrito por":"ulises","Tiempo de lectura":"2 minutos"},"schema":{"@context":"https:\/\/schema.org","@graph":[{"@type":"NewsArticle","@id":"https:\/\/www.celttv.com.ar\/index.php\/2013\/08\/28\/audiencia-ley-de-medios-las-cooperativas-van-por-la-constitucionalidad-plena-de-la-norma\/#article","isPartOf":{"@id":"https:\/\/www.celttv.com.ar\/index.php\/2013\/08\/28\/audiencia-ley-de-medios-las-cooperativas-van-por-la-constitucionalidad-plena-de-la-norma\/"},"author":{"name":"ulises","@id":"https:\/\/www.celttv.com.ar\/#\/schema\/person\/6d99c072dba59953809c81446e9d0ace"},"headline":"AUDIENCIA-LEY DE MEDIOS: LAS COOPERATIVAS VAN POR LA CONSTITUCIONALIDAD PLENA DE LA NORMA","datePublished":"2013-08-28T19:22:45+00:00","dateModified":"2013-08-28T19:22:45+00:00","mainEntityOfPage":{"@id":"https:\/\/www.celttv.com.ar\/index.php\/2013\/08\/28\/audiencia-ley-de-medios-las-cooperativas-van-por-la-constitucionalidad-plena-de-la-norma\/"},"wordCount":462,"publisher":{"@id":"https:\/\/www.celttv.com.ar\/#organization"},"articleSection":["Comunidad","Destacadas","Pol\u00edtica"],"inLanguage":"es"},{"@type":"WebPage","@id":"https:\/\/www.celttv.com.ar\/index.php\/2013\/08\/28\/audiencia-ley-de-medios-las-cooperativas-van-por-la-constitucionalidad-plena-de-la-norma\/","url":"https:\/\/www.celttv.com.ar\/index.php\/2013\/08\/28\/audiencia-ley-de-medios-las-cooperativas-van-por-la-constitucionalidad-plena-de-la-norma\/","name":"AUDIENCIA-LEY DE MEDIOS: LAS COOPERATIVAS VAN POR LA CONSTITUCIONALIDAD PLENA DE LA NORMA - CELTTV","isPartOf":{"@id":"https:\/\/www.celttv.com.ar\/#website"},"datePublished":"2013-08-28T19:22:45+00:00","dateModified":"2013-08-28T19:22:45+00:00","description":"Sitio web de noticias de la localidad de Tornquist, provincia de Buenos Aires, Rep\u00fablica Argentina. Contenido propio originado por periodistas de CELTTV, el canal de TV local de la Cooperativa El\u00e9ctrica de Tornquist. Turismo, Pol\u00edtica, Sociedad, Deporte, Cultura y todo el contenido de inter\u00e9s general que la gente del pueblo y la regi\u00f3n debe conocer.","breadcrumb":{"@id":"https:\/\/www.celttv.com.ar\/index.php\/2013\/08\/28\/audiencia-ley-de-medios-las-cooperativas-van-por-la-constitucionalidad-plena-de-la-norma\/#breadcrumb"},"inLanguage":"es","potentialAction":[{"@type":"ReadAction","target":["https:\/\/www.celttv.com.ar\/index.php\/2013\/08\/28\/audiencia-ley-de-medios-las-cooperativas-van-por-la-constitucionalidad-plena-de-la-norma\/"]}]},{"@type":"BreadcrumbList","@id":"https:\/\/www.celttv.com.ar\/index.php\/2013\/08\/28\/audiencia-ley-de-medios-las-cooperativas-van-por-la-constitucionalidad-plena-de-la-norma\/#breadcrumb","itemListElement":[{"@type":"ListItem","position":1,"name":"Inicio","item":"https:\/\/www.celttv.com.ar\/"},{"@type":"ListItem","position":2,"name":"AUDIENCIA-LEY DE MEDIOS: LAS COOPERATIVAS VAN POR LA CONSTITUCIONALIDAD PLENA DE LA NORMA"}]},{"@type":"WebSite","@id":"https:\/\/www.celttv.com.ar\/#website","url":"https:\/\/www.celttv.com.ar\/","name":"CELTTV","description":"Cooperativa El\u00e9ctrica de Tornquist","publisher":{"@id":"https:\/\/www.celttv.com.ar\/#organization"},"potentialAction":[{"@type":"SearchAction","target":{"@type":"EntryPoint","urlTemplate":"https:\/\/www.celttv.com.ar\/?s={search_term_string}"},"query-input":"required name=search_term_string"}],"inLanguage":"es"},{"@type":"Organization","@id":"https:\/\/www.celttv.com.ar\/#organization","name":"CELTTV","url":"https:\/\/www.celttv.com.ar\/","sameAs":["https:\/\/www.youtube.com\/channel\/UCz_oIt8Hig64Ub-EmcNPIhg","https:\/\/www.facebook.com\/celtTV\/"],"logo":{"@type":"ImageObject","inLanguage":"es","@id":"https:\/\/www.celttv.com.ar\/#\/schema\/logo\/image\/","url":"http:\/\/www.celttv.com.ar\/wp-content\/uploads\/2022\/08\/logo-1.png","contentUrl":"http:\/\/www.celttv.com.ar\/wp-content\/uploads\/2022\/08\/logo-1.png","width":461,"height":159,"caption":"CELTTV"},"image":{"@id":"https:\/\/www.celttv.com.ar\/#\/schema\/logo\/image\/"}},{"@type":"Person","@id":"https:\/\/www.celttv.com.ar\/#\/schema\/person\/6d99c072dba59953809c81446e9d0ace","name":"ulises","image":{"@type":"ImageObject","inLanguage":"es","@id":"https:\/\/www.celttv.com.ar\/#\/schema\/person\/image\/","url":"https:\/\/secure.gravatar.com\/avatar\/7f2c48bdc33b30088f941fb6082e555f2874c98e20cb159d7b92b50eadfce793?s=96&d=mm&r=g","contentUrl":"https:\/\/secure.gravatar.com\/avatar\/7f2c48bdc33b30088f941fb6082e555f2874c98e20cb159d7b92b50eadfce793?s=96&d=mm&r=g","caption":"ulises"},"sameAs":["http:\/\/www.celttv.com.ar"]}]}},"_links":{"self":[{"href":"https:\/\/www.celttv.com.ar\/index.php\/wp-json\/wp\/v2\/posts\/13485","targetHints":{"allow":["GET"]}}],"collection":[{"href":"https:\/\/www.celttv.com.ar\/index.php\/wp-json\/wp\/v2\/posts"}],"about":[{"href":"https:\/\/www.celttv.com.ar\/index.php\/wp-json\/wp\/v2\/types\/post"}],"author":[{"embeddable":true,"href":"https:\/\/www.celttv.com.ar\/index.php\/wp-json\/wp\/v2\/users\/1"}],"replies":[{"embeddable":true,"href":"https:\/\/www.celttv.com.ar\/index.php\/wp-json\/wp\/v2\/comments?post=13485"}],"version-history":[{"count":0,"href":"https:\/\/www.celttv.com.ar\/index.php\/wp-json\/wp\/v2\/posts\/13485\/revisions"}],"wp:attachment":[{"href":"https:\/\/www.celttv.com.ar\/index.php\/wp-json\/wp\/v2\/media?parent=13485"}],"wp:term":[{"taxonomy":"category","embeddable":true,"href":"https:\/\/www.celttv.com.ar\/index.php\/wp-json\/wp\/v2\/categories?post=13485"},{"taxonomy":"post_tag","embeddable":true,"href":"https:\/\/www.celttv.com.ar\/index.php\/wp-json\/wp\/v2\/tags?post=13485"}],"curies":[{"name":"wp","href":"https:\/\/api.w.org\/{rel}","templated":true}]}}