{"id":13499,"date":"2013-08-28T19:36:30","date_gmt":"2013-08-28T19:36:30","guid":{"rendered":"http:\/\/www.tvcnoticias.com.ar\/?p=13499"},"modified":"2013-08-28T19:36:30","modified_gmt":"2013-08-28T19:36:30","slug":"futbol-definieron-detalles-de-los-octavos-de-final","status":"publish","type":"post","link":"https:\/\/www.celttv.com.ar\/index.php\/2013\/08\/28\/futbol-definieron-detalles-de-los-octavos-de-final\/","title":{"rendered":"FUTBOL: DEFINIERON DETALLES DE LOS OCTAVOS DE FINAL"},"content":{"rendered":"<p>El domingo que viene se jugar\u00e1n los primeros cruces eliminatorios de la Liguilla.<br \/>\n&nbsp;<br \/>\nA las 15:30 comenzar\u00e1n el pr\u00f3ximo domingo los partidos de octavos de final de la Liguilla del torneo de Primera divisi\u00f3n, tal lo resuelto el lunes \u00faltimo en la reuni\u00f3n que llev\u00f3 a cabo el consejo directivo de la Liga Regional de F\u00fatbol de Coronel Su\u00e1rez.<br \/>\nPara el contralor de los cotejos ser\u00e1n designados 2 \u00e1rbitros de la Asociaci\u00f3n Suarense, 2 de la Agrupaci\u00f3n Regional y otros 2 de la Agrupaci\u00f3n de Olavarr\u00eda, los cuales ser\u00e1n sorteados ma\u00f1ana viernes a las 20:30 en la sede liguista de Las Heras 1.062.<br \/>\nSe acord\u00f3 que el traslado de los mismos, teniendo en cuenta que son diferentes las distancias a cubrir, ser\u00e1 prorrateado entre los 12 clubes que intervienen en esta instancia.<br \/>\nVale recordar que los enfrentamientos son: Club Sarmiento vs. Puan Football Club; Deportivo Sarmiento vs. Tiro Federal de Villa Belgrano; Tiro Federal de Puan vs. Independiente; Automoto de Tornquist vs. Uni\u00f3n Pig\u00fc\u00e9; Deportivo Argentino vs. San Mart\u00edn de Carhu\u00e9 y Boca Juniors vs. El Progreso. La recaudaci\u00f3n y los gastos ser\u00e1n compartidos.<br \/>\nLos clubes locales, que fueron los mejor ubicados, tendr\u00e1n ventaja deportiva. Esto significa que con el empate avanzar\u00e1n a cuartos de final, donde esperan San Mart\u00edn de Santa Trinidad y Pe\u00f1arol de Pig\u00fc\u00e9, que terminaron el Apertura primero y segundo respectivamente.<br \/>\n&nbsp;<br \/>\nComercio, clasificado en Reserva<br \/>\n&nbsp;<br \/>\nCon el triunfo por goleada 5 a 0 en su visita a San Mart\u00edn de Saavedra, en la \u00faltima fecha disputada el domingo pasado, Empleados de Comercio se sum\u00f3 a Pe\u00f1arol de Pig\u00fc\u00e9 (2\u00b0) y Boca Juniors (3\u00b0) para jugar las semifinales del Repechaje de la divisi\u00f3n Reserva.<br \/>\nEn consecuencia, resta definir la \u00faltima plaza entre San Mart\u00edn (ST) y Deportivo Argentino, club \u00e9ste que si gana los dos partidos que tiene pendientes (el domingo que viene juega uno ante San Mart\u00edn de Carhu\u00e9, de preliminar del cruce de Primera) le dar\u00eda alcance al de Santa Trinidad y a Club Sarmiento y se producir\u00eda un cru\u00e1druple empate.<br \/>\nEn ese caso habr\u00eda que aplicar el sistema ol\u00edmpico, en primer lugar la cantidad de puntos sumados entre los 4 equipos enfrentados entre s\u00ed. Deportivo Argentino sumar\u00eda 6 puntos, Comercio y San Mart\u00edn 4 y Club Sarmiento 3. Como San Mart\u00edn y Comercio empataron en su enfrentamiento, se definir\u00eda por diferencia de goles, en la cual Comercio supera al de Santa Trinidad.\u00a0 Clasificar\u00edan Comercio y Deportivo Argentino.<br \/>\nSi Deportivo Argentino deja alg\u00fan punto en el camino, lograr\u00edan el pasaje San Mart\u00edn (ST) y Empleados de Comercio. Club Sarmiento est\u00e1 marginado de cualquier forma.<br \/>\nVale recordar que Deportivo Sarmiento se adjudic\u00f3 el Apertura y va directo a jugar la final por el t\u00edtulo. El rival saldr\u00e1 entre el ganador de la Liguilla y el del certamen Clausura.<br \/>\n&nbsp;<br \/>\nOtros temas<br \/>\n&nbsp;<br \/>\nEl pr\u00f3ximo s\u00e1bado, cuando se dispute la pen\u00faltima fecha del torneo Apertura de divisiones inferiores, Argentino Junior de Darregueira jugar\u00e1 por primera vez en el a\u00f1o en su propia cancha cuando reciba a San Mart\u00edn de Santa Trinidad. Hasta ahora lo ven\u00eda haciendo en Uni\u00f3n de Bordenave.<br \/>\nA prop\u00f3sito del f\u00fatbol menor, San Mart\u00edn de Carhu\u00e9 envi\u00f3 una nota al consejo directivo pidiendo postergar el partido de 5\u00aa divisi\u00f3n con Deportivo Sarmiento, dado que por un viaje de egresados no puede completar el equipo. El cotejo igual ha sido programado.<br \/>\nAtl\u00e9tico Huanguel\u00e9n elev\u00f3 una queja por el desempe\u00f1o del \u00e1rbitro Daniel Sandoval en el partido de Reserva del domingo pasado ante Racing, en la que critica entre otras cosas \u201cabuso de autoridad\u201d y pidi\u00f3 que no sea designado m\u00e1s para dirigir a ninguna categor\u00eda de la instituci\u00f3n.<br \/>\nTiro Federal de Villa Belgrano inform\u00f3 que, ante el fallecimiento d\u00edas pasados de Fabio Pogost, pas\u00f3 a ocupar el cargo de presidente Carlos Lezica, en tanto que como vicepresidente qued\u00f3 Jos\u00e9 Francisco Iturrioz.<br \/>\nPor \u00faltimo, Mat\u00edas Vega pas\u00f3 de Boca Juniors a Tiro Federal de Villa Belgrano por el art\u00edculo 179 (libertad de acci\u00f3n).<br \/>\n&nbsp;<br \/>\n&nbsp;<br \/>\n&nbsp;<br \/>\n&nbsp;<br \/>\n&nbsp;<br \/>\n&nbsp;<\/p>\n","protected":false},"excerpt":{"rendered":"<p>El domingo que viene se jugar\u00e1n los primeros cruces eliminatorios de la Liguilla. &nbsp; A las 15:30 comenzar\u00e1n el pr\u00f3ximo domingo los partidos de octavos de final de la Liguilla del torneo de Primera divisi\u00f3n, tal lo resuelto el lunes \u00faltimo en la reuni\u00f3n que llev\u00f3 a cabo el consejo directivo de la Liga Regional [&hellip;]<\/p>\n","protected":false},"author":1,"featured_media":0,"comment_status":"closed","ping_status":"open","sticky":false,"template":"","format":"standard","meta":{"footnotes":""},"categories":[60,52],"tags":[],"class_list":["post-13499","post","type-post","status-publish","format-standard","hentry","category-deporte","category-destacadas"],"yoast_head":"<!-- This site is optimized with the Yoast SEO plugin v19.7.1 - https:\/\/yoast.com\/wordpress\/plugins\/seo\/ -->\n<title>FUTBOL: DEFINIERON DETALLES DE LOS OCTAVOS DE FINAL - CELTTV<\/title>\n<meta name=\"description\" content=\"Sitio web de noticias de la localidad de Tornquist, provincia de Buenos Aires, Rep\u00fablica Argentina. Contenido propio originado por periodistas de CELTTV, el canal de TV local de la Cooperativa El\u00e9ctrica de Tornquist. Turismo, Pol\u00edtica, Sociedad, Deporte, Cultura y todo el contenido de inter\u00e9s general que la gente del pueblo y la regi\u00f3n debe conocer.\" \/>\n<meta name=\"robots\" content=\"index, follow, max-snippet:-1, max-image-preview:large, max-video-preview:-1\" \/>\n<link rel=\"canonical\" href=\"https:\/\/www.celttv.com.ar\/index.php\/2013\/08\/28\/futbol-definieron-detalles-de-los-octavos-de-final\/\" \/>\n<meta property=\"og:locale\" content=\"es_ES\" \/>\n<meta property=\"og:type\" content=\"article\" \/>\n<meta property=\"og:title\" content=\"FUTBOL: DEFINIERON DETALLES DE LOS OCTAVOS DE FINAL - CELTTV\" \/>\n<meta property=\"og:description\" content=\"Sitio web de noticias de la localidad de Tornquist, provincia de Buenos Aires, Rep\u00fablica Argentina. Contenido propio originado por periodistas de CELTTV, el canal de TV local de la Cooperativa El\u00e9ctrica de Tornquist. Turismo, Pol\u00edtica, Sociedad, Deporte, Cultura y todo el contenido de inter\u00e9s general que la gente del pueblo y la regi\u00f3n debe conocer.\" \/>\n<meta property=\"og:url\" content=\"https:\/\/www.celttv.com.ar\/index.php\/2013\/08\/28\/futbol-definieron-detalles-de-los-octavos-de-final\/\" \/>\n<meta property=\"og:site_name\" content=\"CELTTV\" \/>\n<meta property=\"article:publisher\" content=\"https:\/\/www.facebook.com\/celtTV\/\" \/>\n<meta property=\"article:published_time\" content=\"2013-08-28T19:36:30+00:00\" \/>\n<meta name=\"author\" content=\"ulises\" \/>\n<meta name=\"twitter:card\" content=\"summary_large_image\" \/>\n<meta name=\"twitter:label1\" content=\"Escrito por\" \/>\n\t<meta name=\"twitter:data1\" content=\"ulises\" \/>\n\t<meta name=\"twitter:label2\" content=\"Tiempo de lectura\" \/>\n\t<meta name=\"twitter:data2\" content=\"4 minutos\" \/>\n<script type=\"application\/ld+json\" class=\"yoast-schema-graph\">{\"@context\":\"https:\/\/schema.org\",\"@graph\":[{\"@type\":\"NewsArticle\",\"@id\":\"https:\/\/www.celttv.com.ar\/index.php\/2013\/08\/28\/futbol-definieron-detalles-de-los-octavos-de-final\/#article\",\"isPartOf\":{\"@id\":\"https:\/\/www.celttv.com.ar\/index.php\/2013\/08\/28\/futbol-definieron-detalles-de-los-octavos-de-final\/\"},\"author\":{\"name\":\"ulises\",\"@id\":\"https:\/\/www.celttv.com.ar\/#\/schema\/person\/6d99c072dba59953809c81446e9d0ace\"},\"headline\":\"FUTBOL: DEFINIERON DETALLES DE LOS OCTAVOS DE FINAL\",\"datePublished\":\"2013-08-28T19:36:30+00:00\",\"dateModified\":\"2013-08-28T19:36:30+00:00\",\"mainEntityOfPage\":{\"@id\":\"https:\/\/www.celttv.com.ar\/index.php\/2013\/08\/28\/futbol-definieron-detalles-de-los-octavos-de-final\/\"},\"wordCount\":719,\"publisher\":{\"@id\":\"https:\/\/www.celttv.com.ar\/#organization\"},\"articleSection\":[\"Deporte\",\"Destacadas\"],\"inLanguage\":\"es\"},{\"@type\":\"WebPage\",\"@id\":\"https:\/\/www.celttv.com.ar\/index.php\/2013\/08\/28\/futbol-definieron-detalles-de-los-octavos-de-final\/\",\"url\":\"https:\/\/www.celttv.com.ar\/index.php\/2013\/08\/28\/futbol-definieron-detalles-de-los-octavos-de-final\/\",\"name\":\"FUTBOL: DEFINIERON DETALLES DE LOS OCTAVOS DE FINAL - CELTTV\",\"isPartOf\":{\"@id\":\"https:\/\/www.celttv.com.ar\/#website\"},\"datePublished\":\"2013-08-28T19:36:30+00:00\",\"dateModified\":\"2013-08-28T19:36:30+00:00\",\"description\":\"Sitio web de noticias de la localidad de Tornquist, provincia de Buenos Aires, Rep\u00fablica Argentina. Contenido propio originado por periodistas de CELTTV, el canal de TV local de la Cooperativa El\u00e9ctrica de Tornquist. Turismo, Pol\u00edtica, Sociedad, Deporte, Cultura y todo el contenido de inter\u00e9s general que la gente del pueblo y la regi\u00f3n debe conocer.\",\"breadcrumb\":{\"@id\":\"https:\/\/www.celttv.com.ar\/index.php\/2013\/08\/28\/futbol-definieron-detalles-de-los-octavos-de-final\/#breadcrumb\"},\"inLanguage\":\"es\",\"potentialAction\":[{\"@type\":\"ReadAction\",\"target\":[\"https:\/\/www.celttv.com.ar\/index.php\/2013\/08\/28\/futbol-definieron-detalles-de-los-octavos-de-final\/\"]}]},{\"@type\":\"BreadcrumbList\",\"@id\":\"https:\/\/www.celttv.com.ar\/index.php\/2013\/08\/28\/futbol-definieron-detalles-de-los-octavos-de-final\/#breadcrumb\",\"itemListElement\":[{\"@type\":\"ListItem\",\"position\":1,\"name\":\"Inicio\",\"item\":\"https:\/\/www.celttv.com.ar\/\"},{\"@type\":\"ListItem\",\"position\":2,\"name\":\"FUTBOL: DEFINIERON DETALLES DE LOS OCTAVOS DE FINAL\"}]},{\"@type\":\"WebSite\",\"@id\":\"https:\/\/www.celttv.com.ar\/#website\",\"url\":\"https:\/\/www.celttv.com.ar\/\",\"name\":\"CELTTV\",\"description\":\"Cooperativa El\u00e9ctrica de Tornquist\",\"publisher\":{\"@id\":\"https:\/\/www.celttv.com.ar\/#organization\"},\"potentialAction\":[{\"@type\":\"SearchAction\",\"target\":{\"@type\":\"EntryPoint\",\"urlTemplate\":\"https:\/\/www.celttv.com.ar\/?s={search_term_string}\"},\"query-input\":\"required name=search_term_string\"}],\"inLanguage\":\"es\"},{\"@type\":\"Organization\",\"@id\":\"https:\/\/www.celttv.com.ar\/#organization\",\"name\":\"CELTTV\",\"url\":\"https:\/\/www.celttv.com.ar\/\",\"sameAs\":[\"https:\/\/www.youtube.com\/channel\/UCz_oIt8Hig64Ub-EmcNPIhg\",\"https:\/\/www.facebook.com\/celtTV\/\"],\"logo\":{\"@type\":\"ImageObject\",\"inLanguage\":\"es\",\"@id\":\"https:\/\/www.celttv.com.ar\/#\/schema\/logo\/image\/\",\"url\":\"http:\/\/www.celttv.com.ar\/wp-content\/uploads\/2022\/08\/logo-1.png\",\"contentUrl\":\"http:\/\/www.celttv.com.ar\/wp-content\/uploads\/2022\/08\/logo-1.png\",\"width\":461,\"height\":159,\"caption\":\"CELTTV\"},\"image\":{\"@id\":\"https:\/\/www.celttv.com.ar\/#\/schema\/logo\/image\/\"}},{\"@type\":\"Person\",\"@id\":\"https:\/\/www.celttv.com.ar\/#\/schema\/person\/6d99c072dba59953809c81446e9d0ace\",\"name\":\"ulises\",\"image\":{\"@type\":\"ImageObject\",\"inLanguage\":\"es\",\"@id\":\"https:\/\/www.celttv.com.ar\/#\/schema\/person\/image\/\",\"url\":\"https:\/\/secure.gravatar.com\/avatar\/7f2c48bdc33b30088f941fb6082e555f2874c98e20cb159d7b92b50eadfce793?s=96&d=mm&r=g\",\"contentUrl\":\"https:\/\/secure.gravatar.com\/avatar\/7f2c48bdc33b30088f941fb6082e555f2874c98e20cb159d7b92b50eadfce793?s=96&d=mm&r=g\",\"caption\":\"ulises\"},\"sameAs\":[\"http:\/\/www.celttv.com.ar\"]}]}<\/script>\n<!-- \/ Yoast SEO plugin. -->","yoast_head_json":{"title":"FUTBOL: DEFINIERON DETALLES DE LOS OCTAVOS DE FINAL - CELTTV","description":"Sitio web de noticias de la localidad de Tornquist, provincia de Buenos Aires, Rep\u00fablica Argentina. Contenido propio originado por periodistas de CELTTV, el canal de TV local de la Cooperativa El\u00e9ctrica de Tornquist. Turismo, Pol\u00edtica, Sociedad, Deporte, Cultura y todo el contenido de inter\u00e9s general que la gente del pueblo y la regi\u00f3n debe conocer.","robots":{"index":"index","follow":"follow","max-snippet":"max-snippet:-1","max-image-preview":"max-image-preview:large","max-video-preview":"max-video-preview:-1"},"canonical":"https:\/\/www.celttv.com.ar\/index.php\/2013\/08\/28\/futbol-definieron-detalles-de-los-octavos-de-final\/","og_locale":"es_ES","og_type":"article","og_title":"FUTBOL: DEFINIERON DETALLES DE LOS OCTAVOS DE FINAL - CELTTV","og_description":"Sitio web de noticias de la localidad de Tornquist, provincia de Buenos Aires, Rep\u00fablica Argentina. Contenido propio originado por periodistas de CELTTV, el canal de TV local de la Cooperativa El\u00e9ctrica de Tornquist. Turismo, Pol\u00edtica, Sociedad, Deporte, Cultura y todo el contenido de inter\u00e9s general que la gente del pueblo y la regi\u00f3n debe conocer.","og_url":"https:\/\/www.celttv.com.ar\/index.php\/2013\/08\/28\/futbol-definieron-detalles-de-los-octavos-de-final\/","og_site_name":"CELTTV","article_publisher":"https:\/\/www.facebook.com\/celtTV\/","article_published_time":"2013-08-28T19:36:30+00:00","author":"ulises","twitter_card":"summary_large_image","twitter_misc":{"Escrito por":"ulises","Tiempo de lectura":"4 minutos"},"schema":{"@context":"https:\/\/schema.org","@graph":[{"@type":"NewsArticle","@id":"https:\/\/www.celttv.com.ar\/index.php\/2013\/08\/28\/futbol-definieron-detalles-de-los-octavos-de-final\/#article","isPartOf":{"@id":"https:\/\/www.celttv.com.ar\/index.php\/2013\/08\/28\/futbol-definieron-detalles-de-los-octavos-de-final\/"},"author":{"name":"ulises","@id":"https:\/\/www.celttv.com.ar\/#\/schema\/person\/6d99c072dba59953809c81446e9d0ace"},"headline":"FUTBOL: DEFINIERON DETALLES DE LOS OCTAVOS DE FINAL","datePublished":"2013-08-28T19:36:30+00:00","dateModified":"2013-08-28T19:36:30+00:00","mainEntityOfPage":{"@id":"https:\/\/www.celttv.com.ar\/index.php\/2013\/08\/28\/futbol-definieron-detalles-de-los-octavos-de-final\/"},"wordCount":719,"publisher":{"@id":"https:\/\/www.celttv.com.ar\/#organization"},"articleSection":["Deporte","Destacadas"],"inLanguage":"es"},{"@type":"WebPage","@id":"https:\/\/www.celttv.com.ar\/index.php\/2013\/08\/28\/futbol-definieron-detalles-de-los-octavos-de-final\/","url":"https:\/\/www.celttv.com.ar\/index.php\/2013\/08\/28\/futbol-definieron-detalles-de-los-octavos-de-final\/","name":"FUTBOL: DEFINIERON DETALLES DE LOS OCTAVOS DE FINAL - CELTTV","isPartOf":{"@id":"https:\/\/www.celttv.com.ar\/#website"},"datePublished":"2013-08-28T19:36:30+00:00","dateModified":"2013-08-28T19:36:30+00:00","description":"Sitio web de noticias de la localidad de Tornquist, provincia de Buenos Aires, Rep\u00fablica Argentina. Contenido propio originado por periodistas de CELTTV, el canal de TV local de la Cooperativa El\u00e9ctrica de Tornquist. Turismo, Pol\u00edtica, Sociedad, Deporte, Cultura y todo el contenido de inter\u00e9s general que la gente del pueblo y la regi\u00f3n debe conocer.","breadcrumb":{"@id":"https:\/\/www.celttv.com.ar\/index.php\/2013\/08\/28\/futbol-definieron-detalles-de-los-octavos-de-final\/#breadcrumb"},"inLanguage":"es","potentialAction":[{"@type":"ReadAction","target":["https:\/\/www.celttv.com.ar\/index.php\/2013\/08\/28\/futbol-definieron-detalles-de-los-octavos-de-final\/"]}]},{"@type":"BreadcrumbList","@id":"https:\/\/www.celttv.com.ar\/index.php\/2013\/08\/28\/futbol-definieron-detalles-de-los-octavos-de-final\/#breadcrumb","itemListElement":[{"@type":"ListItem","position":1,"name":"Inicio","item":"https:\/\/www.celttv.com.ar\/"},{"@type":"ListItem","position":2,"name":"FUTBOL: DEFINIERON DETALLES DE LOS OCTAVOS DE FINAL"}]},{"@type":"WebSite","@id":"https:\/\/www.celttv.com.ar\/#website","url":"https:\/\/www.celttv.com.ar\/","name":"CELTTV","description":"Cooperativa El\u00e9ctrica de Tornquist","publisher":{"@id":"https:\/\/www.celttv.com.ar\/#organization"},"potentialAction":[{"@type":"SearchAction","target":{"@type":"EntryPoint","urlTemplate":"https:\/\/www.celttv.com.ar\/?s={search_term_string}"},"query-input":"required name=search_term_string"}],"inLanguage":"es"},{"@type":"Organization","@id":"https:\/\/www.celttv.com.ar\/#organization","name":"CELTTV","url":"https:\/\/www.celttv.com.ar\/","sameAs":["https:\/\/www.youtube.com\/channel\/UCz_oIt8Hig64Ub-EmcNPIhg","https:\/\/www.facebook.com\/celtTV\/"],"logo":{"@type":"ImageObject","inLanguage":"es","@id":"https:\/\/www.celttv.com.ar\/#\/schema\/logo\/image\/","url":"http:\/\/www.celttv.com.ar\/wp-content\/uploads\/2022\/08\/logo-1.png","contentUrl":"http:\/\/www.celttv.com.ar\/wp-content\/uploads\/2022\/08\/logo-1.png","width":461,"height":159,"caption":"CELTTV"},"image":{"@id":"https:\/\/www.celttv.com.ar\/#\/schema\/logo\/image\/"}},{"@type":"Person","@id":"https:\/\/www.celttv.com.ar\/#\/schema\/person\/6d99c072dba59953809c81446e9d0ace","name":"ulises","image":{"@type":"ImageObject","inLanguage":"es","@id":"https:\/\/www.celttv.com.ar\/#\/schema\/person\/image\/","url":"https:\/\/secure.gravatar.com\/avatar\/7f2c48bdc33b30088f941fb6082e555f2874c98e20cb159d7b92b50eadfce793?s=96&d=mm&r=g","contentUrl":"https:\/\/secure.gravatar.com\/avatar\/7f2c48bdc33b30088f941fb6082e555f2874c98e20cb159d7b92b50eadfce793?s=96&d=mm&r=g","caption":"ulises"},"sameAs":["http:\/\/www.celttv.com.ar"]}]}},"_links":{"self":[{"href":"https:\/\/www.celttv.com.ar\/index.php\/wp-json\/wp\/v2\/posts\/13499","targetHints":{"allow":["GET"]}}],"collection":[{"href":"https:\/\/www.celttv.com.ar\/index.php\/wp-json\/wp\/v2\/posts"}],"about":[{"href":"https:\/\/www.celttv.com.ar\/index.php\/wp-json\/wp\/v2\/types\/post"}],"author":[{"embeddable":true,"href":"https:\/\/www.celttv.com.ar\/index.php\/wp-json\/wp\/v2\/users\/1"}],"replies":[{"embeddable":true,"href":"https:\/\/www.celttv.com.ar\/index.php\/wp-json\/wp\/v2\/comments?post=13499"}],"version-history":[{"count":0,"href":"https:\/\/www.celttv.com.ar\/index.php\/wp-json\/wp\/v2\/posts\/13499\/revisions"}],"wp:attachment":[{"href":"https:\/\/www.celttv.com.ar\/index.php\/wp-json\/wp\/v2\/media?parent=13499"}],"wp:term":[{"taxonomy":"category","embeddable":true,"href":"https:\/\/www.celttv.com.ar\/index.php\/wp-json\/wp\/v2\/categories?post=13499"},{"taxonomy":"post_tag","embeddable":true,"href":"https:\/\/www.celttv.com.ar\/index.php\/wp-json\/wp\/v2\/tags?post=13499"}],"curies":[{"name":"wp","href":"https:\/\/api.w.org\/{rel}","templated":true}]}}