{"id":13573,"date":"2013-08-30T13:40:27","date_gmt":"2013-08-30T13:40:27","guid":{"rendered":"http:\/\/www.tvcnoticias.com.ar\/?p=13573"},"modified":"2013-08-30T13:40:27","modified_gmt":"2013-08-30T13:40:27","slug":"aerolineas-vacaciones-una-gran-oportunidad-de-que-se-trata-los-funcionarios-explican-su-alcance","status":"publish","type":"post","link":"https:\/\/www.celttv.com.ar\/index.php\/2013\/08\/30\/aerolineas-vacaciones-una-gran-oportunidad-de-que-se-trata-los-funcionarios-explican-su-alcance\/","title":{"rendered":"&#8220;AEROLINEAS VACACIONES&#8221;, UNA GRAN OPORTUNIDAD: \u00bfDE QUE SE TRATA? (los funcionarios explican su alcance)"},"content":{"rendered":"<p>El programa Aerol\u00edneas Vacaciones, una iniciativa que podr\u00eda potenciar a nuestra Comarca Serrana como destino tur\u00edstico, fue presentando hoy en la Sala de Situaciones de la Municipalidad de Tornquist, con la presencia del intendente municipal, licenciado Gustavo Trankels, y el secretario de Turismo de la Provincia de Buenos Aires, licenciado Ignacio Crotto.<br \/>\nEl profesor Adri\u00e1n Contreras, coordinador del Consejo Federal de Turismo, fue el encargado de exponer los alcances del plan a los presentes, entre quienes se encontraban el director provincial de Promoci\u00f3n Tur\u00edstica, Santiago Derqui; la directora de Turismo de la comuna, licenciada Yanina Torres, y sus pares de distritos vecinos; y prestadores tur\u00edsticos.<br \/>\nAerol\u00edneas Vacaciones es un programa de promoci\u00f3n de paquetes tur\u00edsticos que contiene, adem\u00e1s de pasajes a\u00e9reos, una variada oferta hotelera y de servicios terrestres. El mismo se ofrece a trav\u00e9s de los operadores m\u00e1s importantes y especializados a nivel nacional, que trabajan relacionados con los prestadores de servicios locales, en cada uno de los 35 mercados que opera la l\u00ednea a\u00e9rea de bandera en todo el pa\u00eds (en nuestro caso Bah\u00eda Blanca).<br \/>\n<a href=\"http:\/\/www.youtube.com\/watch?v=CkTK_epE6XA\"><a href=\"http:\/\/www.youtube.com\/watch?v=CkTK_epE6XA\">httpv:\/\/www.youtube.com\/watch?v=CkTK_epE6XA<\/a><\/a><br \/>\n<a href=\"http:\/\/www.youtube.com\/watch?v=spmtvUiA5nA\"><a href=\"http:\/\/www.youtube.com\/watch?v=spmtvUiA5nA\">httpv:\/\/www.youtube.com\/watch?v=spmtvUiA5nA<\/a><\/a><br \/>\n<a href=\"http:\/\/www.youtube.com\/watch?v=zsi8d36tIKM\"><a href=\"http:\/\/www.youtube.com\/watch?v=zsi8d36tIKM\">httpv:\/\/www.youtube.com\/watch?v=zsi8d36tIKM<\/a><\/a><br \/>\n<a href=\"http:\/\/www.youtube.com\/watch?v=P2fxMd5jgTs\"><a href=\"http:\/\/www.youtube.com\/watch?v=P2fxMd5jgTs\">httpv:\/\/www.youtube.com\/watch?v=P2fxMd5jgTs<\/a><\/a><br \/>\n<a href=\"http:\/\/www.youtube.com\/watch?v=7aKcw6Cpg5k\"><a href=\"http:\/\/www.youtube.com\/watch?v=7aKcw6Cpg5k\">httpv:\/\/www.youtube.com\/watch?v=7aKcw6Cpg5k<\/a><\/a><br \/>\n&nbsp;<\/p>\n","protected":false},"excerpt":{"rendered":"<p>El programa Aerol\u00edneas Vacaciones, una iniciativa que podr\u00eda potenciar a nuestra Comarca Serrana como destino tur\u00edstico, fue presentando hoy en la Sala de Situaciones de la Municipalidad de Tornquist, con la presencia del intendente municipal, licenciado Gustavo Trankels, y el secretario de Turismo de la Provincia de Buenos Aires, licenciado Ignacio Crotto. El profesor Adri\u00e1n [&hellip;]<\/p>\n","protected":false},"author":1,"featured_media":0,"comment_status":"closed","ping_status":"open","sticky":false,"template":"","format":"standard","meta":{"footnotes":""},"categories":[51,52,53,64],"tags":[],"class_list":["post-13573","post","type-post","status-publish","format-standard","hentry","category-comunidad","category-destacadas","category-politica","category-videos-destacados"],"yoast_head":"<!-- This site is optimized with the Yoast SEO plugin v19.7.1 - https:\/\/yoast.com\/wordpress\/plugins\/seo\/ -->\n<title>&quot;AEROLINEAS VACACIONES&quot;, UNA GRAN OPORTUNIDAD: \u00bfDE QUE SE TRATA? (los funcionarios explican su alcance) - CELTTV<\/title>\n<meta name=\"description\" content=\"Sitio web de noticias de la localidad de Tornquist, provincia de Buenos Aires, Rep\u00fablica Argentina. Contenido propio originado por periodistas de CELTTV, el canal de TV local de la Cooperativa El\u00e9ctrica de Tornquist. Turismo, Pol\u00edtica, Sociedad, Deporte, Cultura y todo el contenido de inter\u00e9s general que la gente del pueblo y la regi\u00f3n debe conocer.\" \/>\n<meta name=\"robots\" content=\"index, follow, max-snippet:-1, max-image-preview:large, max-video-preview:-1\" \/>\n<link rel=\"canonical\" href=\"https:\/\/www.celttv.com.ar\/index.php\/2013\/08\/30\/aerolineas-vacaciones-una-gran-oportunidad-de-que-se-trata-los-funcionarios-explican-su-alcance\/\" \/>\n<meta property=\"og:locale\" content=\"es_ES\" \/>\n<meta property=\"og:type\" content=\"article\" \/>\n<meta property=\"og:title\" content=\"&quot;AEROLINEAS VACACIONES&quot;, UNA GRAN OPORTUNIDAD: \u00bfDE QUE SE TRATA? (los funcionarios explican su alcance) - CELTTV\" \/>\n<meta property=\"og:description\" content=\"Sitio web de noticias de la localidad de Tornquist, provincia de Buenos Aires, Rep\u00fablica Argentina. Contenido propio originado por periodistas de CELTTV, el canal de TV local de la Cooperativa El\u00e9ctrica de Tornquist. Turismo, Pol\u00edtica, Sociedad, Deporte, Cultura y todo el contenido de inter\u00e9s general que la gente del pueblo y la regi\u00f3n debe conocer.\" \/>\n<meta property=\"og:url\" content=\"https:\/\/www.celttv.com.ar\/index.php\/2013\/08\/30\/aerolineas-vacaciones-una-gran-oportunidad-de-que-se-trata-los-funcionarios-explican-su-alcance\/\" \/>\n<meta property=\"og:site_name\" content=\"CELTTV\" \/>\n<meta property=\"article:publisher\" content=\"https:\/\/www.facebook.com\/celtTV\/\" \/>\n<meta property=\"article:published_time\" content=\"2013-08-30T13:40:27+00:00\" \/>\n<meta name=\"author\" content=\"ulises\" \/>\n<meta name=\"twitter:card\" content=\"summary_large_image\" \/>\n<meta name=\"twitter:label1\" content=\"Escrito por\" \/>\n\t<meta name=\"twitter:data1\" content=\"ulises\" \/>\n\t<meta name=\"twitter:label2\" content=\"Tiempo de lectura\" \/>\n\t<meta name=\"twitter:data2\" content=\"1 minuto\" \/>\n<script type=\"application\/ld+json\" class=\"yoast-schema-graph\">{\"@context\":\"https:\/\/schema.org\",\"@graph\":[{\"@type\":\"NewsArticle\",\"@id\":\"https:\/\/www.celttv.com.ar\/index.php\/2013\/08\/30\/aerolineas-vacaciones-una-gran-oportunidad-de-que-se-trata-los-funcionarios-explican-su-alcance\/#article\",\"isPartOf\":{\"@id\":\"https:\/\/www.celttv.com.ar\/index.php\/2013\/08\/30\/aerolineas-vacaciones-una-gran-oportunidad-de-que-se-trata-los-funcionarios-explican-su-alcance\/\"},\"author\":{\"name\":\"ulises\",\"@id\":\"https:\/\/www.celttv.com.ar\/#\/schema\/person\/6d99c072dba59953809c81446e9d0ace\"},\"headline\":\"&#8220;AEROLINEAS VACACIONES&#8221;, UNA GRAN OPORTUNIDAD: \u00bfDE QUE SE TRATA? (los funcionarios explican su alcance)\",\"datePublished\":\"2013-08-30T13:40:27+00:00\",\"dateModified\":\"2013-08-30T13:40:27+00:00\",\"mainEntityOfPage\":{\"@id\":\"https:\/\/www.celttv.com.ar\/index.php\/2013\/08\/30\/aerolineas-vacaciones-una-gran-oportunidad-de-que-se-trata-los-funcionarios-explican-su-alcance\/\"},\"wordCount\":253,\"publisher\":{\"@id\":\"https:\/\/www.celttv.com.ar\/#organization\"},\"articleSection\":[\"Comunidad\",\"Destacadas\",\"Pol\u00edtica\",\"Videos Destacados\"],\"inLanguage\":\"es\"},{\"@type\":\"WebPage\",\"@id\":\"https:\/\/www.celttv.com.ar\/index.php\/2013\/08\/30\/aerolineas-vacaciones-una-gran-oportunidad-de-que-se-trata-los-funcionarios-explican-su-alcance\/\",\"url\":\"https:\/\/www.celttv.com.ar\/index.php\/2013\/08\/30\/aerolineas-vacaciones-una-gran-oportunidad-de-que-se-trata-los-funcionarios-explican-su-alcance\/\",\"name\":\"\\\"AEROLINEAS VACACIONES\\\", UNA GRAN OPORTUNIDAD: \u00bfDE QUE SE TRATA? (los funcionarios explican su alcance) - CELTTV\",\"isPartOf\":{\"@id\":\"https:\/\/www.celttv.com.ar\/#website\"},\"datePublished\":\"2013-08-30T13:40:27+00:00\",\"dateModified\":\"2013-08-30T13:40:27+00:00\",\"description\":\"Sitio web de noticias de la localidad de Tornquist, provincia de Buenos Aires, Rep\u00fablica Argentina. Contenido propio originado por periodistas de CELTTV, el canal de TV local de la Cooperativa El\u00e9ctrica de Tornquist. Turismo, Pol\u00edtica, Sociedad, Deporte, Cultura y todo el contenido de inter\u00e9s general que la gente del pueblo y la regi\u00f3n debe conocer.\",\"breadcrumb\":{\"@id\":\"https:\/\/www.celttv.com.ar\/index.php\/2013\/08\/30\/aerolineas-vacaciones-una-gran-oportunidad-de-que-se-trata-los-funcionarios-explican-su-alcance\/#breadcrumb\"},\"inLanguage\":\"es\",\"potentialAction\":[{\"@type\":\"ReadAction\",\"target\":[\"https:\/\/www.celttv.com.ar\/index.php\/2013\/08\/30\/aerolineas-vacaciones-una-gran-oportunidad-de-que-se-trata-los-funcionarios-explican-su-alcance\/\"]}]},{\"@type\":\"BreadcrumbList\",\"@id\":\"https:\/\/www.celttv.com.ar\/index.php\/2013\/08\/30\/aerolineas-vacaciones-una-gran-oportunidad-de-que-se-trata-los-funcionarios-explican-su-alcance\/#breadcrumb\",\"itemListElement\":[{\"@type\":\"ListItem\",\"position\":1,\"name\":\"Inicio\",\"item\":\"https:\/\/www.celttv.com.ar\/\"},{\"@type\":\"ListItem\",\"position\":2,\"name\":\"&#8220;AEROLINEAS VACACIONES&#8221;, UNA GRAN OPORTUNIDAD: \u00bfDE QUE SE TRATA? (los funcionarios explican su alcance)\"}]},{\"@type\":\"WebSite\",\"@id\":\"https:\/\/www.celttv.com.ar\/#website\",\"url\":\"https:\/\/www.celttv.com.ar\/\",\"name\":\"CELTTV\",\"description\":\"Cooperativa El\u00e9ctrica de Tornquist\",\"publisher\":{\"@id\":\"https:\/\/www.celttv.com.ar\/#organization\"},\"potentialAction\":[{\"@type\":\"SearchAction\",\"target\":{\"@type\":\"EntryPoint\",\"urlTemplate\":\"https:\/\/www.celttv.com.ar\/?s={search_term_string}\"},\"query-input\":\"required name=search_term_string\"}],\"inLanguage\":\"es\"},{\"@type\":\"Organization\",\"@id\":\"https:\/\/www.celttv.com.ar\/#organization\",\"name\":\"CELTTV\",\"url\":\"https:\/\/www.celttv.com.ar\/\",\"sameAs\":[\"https:\/\/www.youtube.com\/channel\/UCz_oIt8Hig64Ub-EmcNPIhg\",\"https:\/\/www.facebook.com\/celtTV\/\"],\"logo\":{\"@type\":\"ImageObject\",\"inLanguage\":\"es\",\"@id\":\"https:\/\/www.celttv.com.ar\/#\/schema\/logo\/image\/\",\"url\":\"http:\/\/www.celttv.com.ar\/wp-content\/uploads\/2022\/08\/logo-1.png\",\"contentUrl\":\"http:\/\/www.celttv.com.ar\/wp-content\/uploads\/2022\/08\/logo-1.png\",\"width\":461,\"height\":159,\"caption\":\"CELTTV\"},\"image\":{\"@id\":\"https:\/\/www.celttv.com.ar\/#\/schema\/logo\/image\/\"}},{\"@type\":\"Person\",\"@id\":\"https:\/\/www.celttv.com.ar\/#\/schema\/person\/6d99c072dba59953809c81446e9d0ace\",\"name\":\"ulises\",\"image\":{\"@type\":\"ImageObject\",\"inLanguage\":\"es\",\"@id\":\"https:\/\/www.celttv.com.ar\/#\/schema\/person\/image\/\",\"url\":\"https:\/\/secure.gravatar.com\/avatar\/7f2c48bdc33b30088f941fb6082e555f2874c98e20cb159d7b92b50eadfce793?s=96&d=mm&r=g\",\"contentUrl\":\"https:\/\/secure.gravatar.com\/avatar\/7f2c48bdc33b30088f941fb6082e555f2874c98e20cb159d7b92b50eadfce793?s=96&d=mm&r=g\",\"caption\":\"ulises\"},\"sameAs\":[\"http:\/\/www.celttv.com.ar\"]}]}<\/script>\n<!-- \/ Yoast SEO plugin. -->","yoast_head_json":{"title":"\"AEROLINEAS VACACIONES\", UNA GRAN OPORTUNIDAD: \u00bfDE QUE SE TRATA? (los funcionarios explican su alcance) - CELTTV","description":"Sitio web de noticias de la localidad de Tornquist, provincia de Buenos Aires, Rep\u00fablica Argentina. Contenido propio originado por periodistas de CELTTV, el canal de TV local de la Cooperativa El\u00e9ctrica de Tornquist. Turismo, Pol\u00edtica, Sociedad, Deporte, Cultura y todo el contenido de inter\u00e9s general que la gente del pueblo y la regi\u00f3n debe conocer.","robots":{"index":"index","follow":"follow","max-snippet":"max-snippet:-1","max-image-preview":"max-image-preview:large","max-video-preview":"max-video-preview:-1"},"canonical":"https:\/\/www.celttv.com.ar\/index.php\/2013\/08\/30\/aerolineas-vacaciones-una-gran-oportunidad-de-que-se-trata-los-funcionarios-explican-su-alcance\/","og_locale":"es_ES","og_type":"article","og_title":"\"AEROLINEAS VACACIONES\", UNA GRAN OPORTUNIDAD: \u00bfDE QUE SE TRATA? (los funcionarios explican su alcance) - CELTTV","og_description":"Sitio web de noticias de la localidad de Tornquist, provincia de Buenos Aires, Rep\u00fablica Argentina. Contenido propio originado por periodistas de CELTTV, el canal de TV local de la Cooperativa El\u00e9ctrica de Tornquist. Turismo, Pol\u00edtica, Sociedad, Deporte, Cultura y todo el contenido de inter\u00e9s general que la gente del pueblo y la regi\u00f3n debe conocer.","og_url":"https:\/\/www.celttv.com.ar\/index.php\/2013\/08\/30\/aerolineas-vacaciones-una-gran-oportunidad-de-que-se-trata-los-funcionarios-explican-su-alcance\/","og_site_name":"CELTTV","article_publisher":"https:\/\/www.facebook.com\/celtTV\/","article_published_time":"2013-08-30T13:40:27+00:00","author":"ulises","twitter_card":"summary_large_image","twitter_misc":{"Escrito por":"ulises","Tiempo de lectura":"1 minuto"},"schema":{"@context":"https:\/\/schema.org","@graph":[{"@type":"NewsArticle","@id":"https:\/\/www.celttv.com.ar\/index.php\/2013\/08\/30\/aerolineas-vacaciones-una-gran-oportunidad-de-que-se-trata-los-funcionarios-explican-su-alcance\/#article","isPartOf":{"@id":"https:\/\/www.celttv.com.ar\/index.php\/2013\/08\/30\/aerolineas-vacaciones-una-gran-oportunidad-de-que-se-trata-los-funcionarios-explican-su-alcance\/"},"author":{"name":"ulises","@id":"https:\/\/www.celttv.com.ar\/#\/schema\/person\/6d99c072dba59953809c81446e9d0ace"},"headline":"&#8220;AEROLINEAS VACACIONES&#8221;, UNA GRAN OPORTUNIDAD: \u00bfDE QUE SE TRATA? (los funcionarios explican su alcance)","datePublished":"2013-08-30T13:40:27+00:00","dateModified":"2013-08-30T13:40:27+00:00","mainEntityOfPage":{"@id":"https:\/\/www.celttv.com.ar\/index.php\/2013\/08\/30\/aerolineas-vacaciones-una-gran-oportunidad-de-que-se-trata-los-funcionarios-explican-su-alcance\/"},"wordCount":253,"publisher":{"@id":"https:\/\/www.celttv.com.ar\/#organization"},"articleSection":["Comunidad","Destacadas","Pol\u00edtica","Videos Destacados"],"inLanguage":"es"},{"@type":"WebPage","@id":"https:\/\/www.celttv.com.ar\/index.php\/2013\/08\/30\/aerolineas-vacaciones-una-gran-oportunidad-de-que-se-trata-los-funcionarios-explican-su-alcance\/","url":"https:\/\/www.celttv.com.ar\/index.php\/2013\/08\/30\/aerolineas-vacaciones-una-gran-oportunidad-de-que-se-trata-los-funcionarios-explican-su-alcance\/","name":"\"AEROLINEAS VACACIONES\", UNA GRAN OPORTUNIDAD: \u00bfDE QUE SE TRATA? (los funcionarios explican su alcance) - CELTTV","isPartOf":{"@id":"https:\/\/www.celttv.com.ar\/#website"},"datePublished":"2013-08-30T13:40:27+00:00","dateModified":"2013-08-30T13:40:27+00:00","description":"Sitio web de noticias de la localidad de Tornquist, provincia de Buenos Aires, Rep\u00fablica Argentina. Contenido propio originado por periodistas de CELTTV, el canal de TV local de la Cooperativa El\u00e9ctrica de Tornquist. Turismo, Pol\u00edtica, Sociedad, Deporte, Cultura y todo el contenido de inter\u00e9s general que la gente del pueblo y la regi\u00f3n debe conocer.","breadcrumb":{"@id":"https:\/\/www.celttv.com.ar\/index.php\/2013\/08\/30\/aerolineas-vacaciones-una-gran-oportunidad-de-que-se-trata-los-funcionarios-explican-su-alcance\/#breadcrumb"},"inLanguage":"es","potentialAction":[{"@type":"ReadAction","target":["https:\/\/www.celttv.com.ar\/index.php\/2013\/08\/30\/aerolineas-vacaciones-una-gran-oportunidad-de-que-se-trata-los-funcionarios-explican-su-alcance\/"]}]},{"@type":"BreadcrumbList","@id":"https:\/\/www.celttv.com.ar\/index.php\/2013\/08\/30\/aerolineas-vacaciones-una-gran-oportunidad-de-que-se-trata-los-funcionarios-explican-su-alcance\/#breadcrumb","itemListElement":[{"@type":"ListItem","position":1,"name":"Inicio","item":"https:\/\/www.celttv.com.ar\/"},{"@type":"ListItem","position":2,"name":"&#8220;AEROLINEAS VACACIONES&#8221;, UNA GRAN OPORTUNIDAD: \u00bfDE QUE SE TRATA? (los funcionarios explican su alcance)"}]},{"@type":"WebSite","@id":"https:\/\/www.celttv.com.ar\/#website","url":"https:\/\/www.celttv.com.ar\/","name":"CELTTV","description":"Cooperativa El\u00e9ctrica de Tornquist","publisher":{"@id":"https:\/\/www.celttv.com.ar\/#organization"},"potentialAction":[{"@type":"SearchAction","target":{"@type":"EntryPoint","urlTemplate":"https:\/\/www.celttv.com.ar\/?s={search_term_string}"},"query-input":"required name=search_term_string"}],"inLanguage":"es"},{"@type":"Organization","@id":"https:\/\/www.celttv.com.ar\/#organization","name":"CELTTV","url":"https:\/\/www.celttv.com.ar\/","sameAs":["https:\/\/www.youtube.com\/channel\/UCz_oIt8Hig64Ub-EmcNPIhg","https:\/\/www.facebook.com\/celtTV\/"],"logo":{"@type":"ImageObject","inLanguage":"es","@id":"https:\/\/www.celttv.com.ar\/#\/schema\/logo\/image\/","url":"http:\/\/www.celttv.com.ar\/wp-content\/uploads\/2022\/08\/logo-1.png","contentUrl":"http:\/\/www.celttv.com.ar\/wp-content\/uploads\/2022\/08\/logo-1.png","width":461,"height":159,"caption":"CELTTV"},"image":{"@id":"https:\/\/www.celttv.com.ar\/#\/schema\/logo\/image\/"}},{"@type":"Person","@id":"https:\/\/www.celttv.com.ar\/#\/schema\/person\/6d99c072dba59953809c81446e9d0ace","name":"ulises","image":{"@type":"ImageObject","inLanguage":"es","@id":"https:\/\/www.celttv.com.ar\/#\/schema\/person\/image\/","url":"https:\/\/secure.gravatar.com\/avatar\/7f2c48bdc33b30088f941fb6082e555f2874c98e20cb159d7b92b50eadfce793?s=96&d=mm&r=g","contentUrl":"https:\/\/secure.gravatar.com\/avatar\/7f2c48bdc33b30088f941fb6082e555f2874c98e20cb159d7b92b50eadfce793?s=96&d=mm&r=g","caption":"ulises"},"sameAs":["http:\/\/www.celttv.com.ar"]}]}},"_links":{"self":[{"href":"https:\/\/www.celttv.com.ar\/index.php\/wp-json\/wp\/v2\/posts\/13573","targetHints":{"allow":["GET"]}}],"collection":[{"href":"https:\/\/www.celttv.com.ar\/index.php\/wp-json\/wp\/v2\/posts"}],"about":[{"href":"https:\/\/www.celttv.com.ar\/index.php\/wp-json\/wp\/v2\/types\/post"}],"author":[{"embeddable":true,"href":"https:\/\/www.celttv.com.ar\/index.php\/wp-json\/wp\/v2\/users\/1"}],"replies":[{"embeddable":true,"href":"https:\/\/www.celttv.com.ar\/index.php\/wp-json\/wp\/v2\/comments?post=13573"}],"version-history":[{"count":0,"href":"https:\/\/www.celttv.com.ar\/index.php\/wp-json\/wp\/v2\/posts\/13573\/revisions"}],"wp:attachment":[{"href":"https:\/\/www.celttv.com.ar\/index.php\/wp-json\/wp\/v2\/media?parent=13573"}],"wp:term":[{"taxonomy":"category","embeddable":true,"href":"https:\/\/www.celttv.com.ar\/index.php\/wp-json\/wp\/v2\/categories?post=13573"},{"taxonomy":"post_tag","embeddable":true,"href":"https:\/\/www.celttv.com.ar\/index.php\/wp-json\/wp\/v2\/tags?post=13573"}],"curies":[{"name":"wp","href":"https:\/\/api.w.org\/{rel}","templated":true}]}}