{"id":13576,"date":"2013-08-30T13:48:39","date_gmt":"2013-08-30T13:48:39","guid":{"rendered":"http:\/\/www.tvcnoticias.com.ar\/?p=13576"},"modified":"2013-08-30T13:48:39","modified_gmt":"2013-08-30T13:48:39","slug":"torneos-ba-ciclismo-atletismo-y-carrera-aventura-dialogamos-con-jorge-schmidt-dir-de-deportes","status":"publish","type":"post","link":"https:\/\/www.celttv.com.ar\/index.php\/2013\/08\/30\/torneos-ba-ciclismo-atletismo-y-carrera-aventura-dialogamos-con-jorge-schmidt-dir-de-deportes\/","title":{"rendered":"TORNEOS BA., CICLISMO, ATLETISMO Y CARRERA AVENTURA (dialogamos con Jorge Schmidt Dir. de Deportes)"},"content":{"rendered":"<p><a href=\"http:\/\/www.youtube.com\/watch?v=tApvwxoVQ_Y\"><a href=\"http:\/\/www.youtube.com\/watch?v=tApvwxoVQ_Y\">httpv:\/\/www.youtube.com\/watch?v=tApvwxoVQ_Y<\/a><\/a><br \/>\nEl Profesor Jorge Schmidt, Director de Deportes de la Municipalidad de Tornquist, brinda detalles sobre el inminente desarrollo de los Torneo BA en sus distintas categorias.<br \/>\nTambien comenta sobre la pr\u00f3xima carrera de bicicletas a realizarse \u00e9ste s\u00e1bado en Parque Lainez.<br \/>\nEl funcionario habl\u00f3 sobre la actividad de atletismo y la organizaci\u00f3n de una nueva edici\u00f3n de la competencia que se desarrolla en Sierra de la Ventana organizada por Hab\u00eda Corre.<\/p>\n","protected":false},"excerpt":{"rendered":"<p>httpv:\/\/www.youtube.com\/watch?v=tApvwxoVQ_Y El Profesor Jorge Schmidt, Director de Deportes de la Municipalidad de Tornquist, brinda detalles sobre el inminente desarrollo de los Torneo BA en sus distintas categorias. Tambien comenta sobre la pr\u00f3xima carrera de bicicletas a realizarse \u00e9ste s\u00e1bado en Parque Lainez. El funcionario habl\u00f3 sobre la actividad de atletismo y la organizaci\u00f3n de una [&hellip;]<\/p>\n","protected":false},"author":1,"featured_media":0,"comment_status":"closed","ping_status":"open","sticky":false,"template":"","format":"standard","meta":{"footnotes":""},"categories":[51,60,52,53,64],"tags":[],"class_list":["post-13576","post","type-post","status-publish","format-standard","hentry","category-comunidad","category-deporte","category-destacadas","category-politica","category-videos-destacados"],"yoast_head":"<!-- This site is optimized with the Yoast SEO plugin v19.7.1 - https:\/\/yoast.com\/wordpress\/plugins\/seo\/ -->\n<title>TORNEOS BA., CICLISMO, ATLETISMO Y CARRERA AVENTURA (dialogamos con Jorge Schmidt Dir. de Deportes) - CELTTV<\/title>\n<meta name=\"description\" content=\"Sitio web de noticias de la localidad de Tornquist, provincia de Buenos Aires, Rep\u00fablica Argentina. Contenido propio originado por periodistas de CELTTV, el canal de TV local de la Cooperativa El\u00e9ctrica de Tornquist. Turismo, Pol\u00edtica, Sociedad, Deporte, Cultura y todo el contenido de inter\u00e9s general que la gente del pueblo y la regi\u00f3n debe conocer.\" \/>\n<meta name=\"robots\" content=\"index, follow, max-snippet:-1, max-image-preview:large, max-video-preview:-1\" \/>\n<link rel=\"canonical\" href=\"https:\/\/www.celttv.com.ar\/index.php\/2013\/08\/30\/torneos-ba-ciclismo-atletismo-y-carrera-aventura-dialogamos-con-jorge-schmidt-dir-de-deportes\/\" \/>\n<meta property=\"og:locale\" content=\"es_ES\" \/>\n<meta property=\"og:type\" content=\"article\" \/>\n<meta property=\"og:title\" content=\"TORNEOS BA., CICLISMO, ATLETISMO Y CARRERA AVENTURA (dialogamos con Jorge Schmidt Dir. de Deportes) - CELTTV\" \/>\n<meta property=\"og:description\" content=\"Sitio web de noticias de la localidad de Tornquist, provincia de Buenos Aires, Rep\u00fablica Argentina. Contenido propio originado por periodistas de CELTTV, el canal de TV local de la Cooperativa El\u00e9ctrica de Tornquist. Turismo, Pol\u00edtica, Sociedad, Deporte, Cultura y todo el contenido de inter\u00e9s general que la gente del pueblo y la regi\u00f3n debe conocer.\" \/>\n<meta property=\"og:url\" content=\"https:\/\/www.celttv.com.ar\/index.php\/2013\/08\/30\/torneos-ba-ciclismo-atletismo-y-carrera-aventura-dialogamos-con-jorge-schmidt-dir-de-deportes\/\" \/>\n<meta property=\"og:site_name\" content=\"CELTTV\" \/>\n<meta property=\"article:publisher\" content=\"https:\/\/www.facebook.com\/celtTV\/\" \/>\n<meta property=\"article:published_time\" content=\"2013-08-30T13:48:39+00:00\" \/>\n<meta name=\"author\" content=\"ulises\" \/>\n<meta name=\"twitter:card\" content=\"summary_large_image\" \/>\n<meta name=\"twitter:label1\" content=\"Escrito por\" \/>\n\t<meta name=\"twitter:data1\" content=\"ulises\" \/>\n<script type=\"application\/ld+json\" class=\"yoast-schema-graph\">{\"@context\":\"https:\/\/schema.org\",\"@graph\":[{\"@type\":\"NewsArticle\",\"@id\":\"https:\/\/www.celttv.com.ar\/index.php\/2013\/08\/30\/torneos-ba-ciclismo-atletismo-y-carrera-aventura-dialogamos-con-jorge-schmidt-dir-de-deportes\/#article\",\"isPartOf\":{\"@id\":\"https:\/\/www.celttv.com.ar\/index.php\/2013\/08\/30\/torneos-ba-ciclismo-atletismo-y-carrera-aventura-dialogamos-con-jorge-schmidt-dir-de-deportes\/\"},\"author\":{\"name\":\"ulises\",\"@id\":\"https:\/\/www.celttv.com.ar\/#\/schema\/person\/6d99c072dba59953809c81446e9d0ace\"},\"headline\":\"TORNEOS BA., CICLISMO, ATLETISMO Y CARRERA AVENTURA (dialogamos con Jorge Schmidt Dir. de Deportes)\",\"datePublished\":\"2013-08-30T13:48:39+00:00\",\"dateModified\":\"2013-08-30T13:48:39+00:00\",\"mainEntityOfPage\":{\"@id\":\"https:\/\/www.celttv.com.ar\/index.php\/2013\/08\/30\/torneos-ba-ciclismo-atletismo-y-carrera-aventura-dialogamos-con-jorge-schmidt-dir-de-deportes\/\"},\"wordCount\":98,\"publisher\":{\"@id\":\"https:\/\/www.celttv.com.ar\/#organization\"},\"articleSection\":[\"Comunidad\",\"Deporte\",\"Destacadas\",\"Pol\u00edtica\",\"Videos Destacados\"],\"inLanguage\":\"es\"},{\"@type\":\"WebPage\",\"@id\":\"https:\/\/www.celttv.com.ar\/index.php\/2013\/08\/30\/torneos-ba-ciclismo-atletismo-y-carrera-aventura-dialogamos-con-jorge-schmidt-dir-de-deportes\/\",\"url\":\"https:\/\/www.celttv.com.ar\/index.php\/2013\/08\/30\/torneos-ba-ciclismo-atletismo-y-carrera-aventura-dialogamos-con-jorge-schmidt-dir-de-deportes\/\",\"name\":\"TORNEOS BA., CICLISMO, ATLETISMO Y CARRERA AVENTURA (dialogamos con Jorge Schmidt Dir. de Deportes) - CELTTV\",\"isPartOf\":{\"@id\":\"https:\/\/www.celttv.com.ar\/#website\"},\"datePublished\":\"2013-08-30T13:48:39+00:00\",\"dateModified\":\"2013-08-30T13:48:39+00:00\",\"description\":\"Sitio web de noticias de la localidad de Tornquist, provincia de Buenos Aires, Rep\u00fablica Argentina. Contenido propio originado por periodistas de CELTTV, el canal de TV local de la Cooperativa El\u00e9ctrica de Tornquist. Turismo, Pol\u00edtica, Sociedad, Deporte, Cultura y todo el contenido de inter\u00e9s general que la gente del pueblo y la regi\u00f3n debe conocer.\",\"breadcrumb\":{\"@id\":\"https:\/\/www.celttv.com.ar\/index.php\/2013\/08\/30\/torneos-ba-ciclismo-atletismo-y-carrera-aventura-dialogamos-con-jorge-schmidt-dir-de-deportes\/#breadcrumb\"},\"inLanguage\":\"es\",\"potentialAction\":[{\"@type\":\"ReadAction\",\"target\":[\"https:\/\/www.celttv.com.ar\/index.php\/2013\/08\/30\/torneos-ba-ciclismo-atletismo-y-carrera-aventura-dialogamos-con-jorge-schmidt-dir-de-deportes\/\"]}]},{\"@type\":\"BreadcrumbList\",\"@id\":\"https:\/\/www.celttv.com.ar\/index.php\/2013\/08\/30\/torneos-ba-ciclismo-atletismo-y-carrera-aventura-dialogamos-con-jorge-schmidt-dir-de-deportes\/#breadcrumb\",\"itemListElement\":[{\"@type\":\"ListItem\",\"position\":1,\"name\":\"Inicio\",\"item\":\"https:\/\/www.celttv.com.ar\/\"},{\"@type\":\"ListItem\",\"position\":2,\"name\":\"TORNEOS BA., CICLISMO, ATLETISMO Y CARRERA AVENTURA (dialogamos con Jorge Schmidt Dir. de Deportes)\"}]},{\"@type\":\"WebSite\",\"@id\":\"https:\/\/www.celttv.com.ar\/#website\",\"url\":\"https:\/\/www.celttv.com.ar\/\",\"name\":\"CELTTV\",\"description\":\"Cooperativa El\u00e9ctrica de Tornquist\",\"publisher\":{\"@id\":\"https:\/\/www.celttv.com.ar\/#organization\"},\"potentialAction\":[{\"@type\":\"SearchAction\",\"target\":{\"@type\":\"EntryPoint\",\"urlTemplate\":\"https:\/\/www.celttv.com.ar\/?s={search_term_string}\"},\"query-input\":\"required name=search_term_string\"}],\"inLanguage\":\"es\"},{\"@type\":\"Organization\",\"@id\":\"https:\/\/www.celttv.com.ar\/#organization\",\"name\":\"CELTTV\",\"url\":\"https:\/\/www.celttv.com.ar\/\",\"sameAs\":[\"https:\/\/www.youtube.com\/channel\/UCz_oIt8Hig64Ub-EmcNPIhg\",\"https:\/\/www.facebook.com\/celtTV\/\"],\"logo\":{\"@type\":\"ImageObject\",\"inLanguage\":\"es\",\"@id\":\"https:\/\/www.celttv.com.ar\/#\/schema\/logo\/image\/\",\"url\":\"http:\/\/www.celttv.com.ar\/wp-content\/uploads\/2022\/08\/logo-1.png\",\"contentUrl\":\"http:\/\/www.celttv.com.ar\/wp-content\/uploads\/2022\/08\/logo-1.png\",\"width\":461,\"height\":159,\"caption\":\"CELTTV\"},\"image\":{\"@id\":\"https:\/\/www.celttv.com.ar\/#\/schema\/logo\/image\/\"}},{\"@type\":\"Person\",\"@id\":\"https:\/\/www.celttv.com.ar\/#\/schema\/person\/6d99c072dba59953809c81446e9d0ace\",\"name\":\"ulises\",\"image\":{\"@type\":\"ImageObject\",\"inLanguage\":\"es\",\"@id\":\"https:\/\/www.celttv.com.ar\/#\/schema\/person\/image\/\",\"url\":\"https:\/\/secure.gravatar.com\/avatar\/7f2c48bdc33b30088f941fb6082e555f2874c98e20cb159d7b92b50eadfce793?s=96&d=mm&r=g\",\"contentUrl\":\"https:\/\/secure.gravatar.com\/avatar\/7f2c48bdc33b30088f941fb6082e555f2874c98e20cb159d7b92b50eadfce793?s=96&d=mm&r=g\",\"caption\":\"ulises\"},\"sameAs\":[\"http:\/\/www.celttv.com.ar\"]}]}<\/script>\n<!-- \/ Yoast SEO plugin. -->","yoast_head_json":{"title":"TORNEOS BA., CICLISMO, ATLETISMO Y CARRERA AVENTURA (dialogamos con Jorge Schmidt Dir. de Deportes) - CELTTV","description":"Sitio web de noticias de la localidad de Tornquist, provincia de Buenos Aires, Rep\u00fablica Argentina. Contenido propio originado por periodistas de CELTTV, el canal de TV local de la Cooperativa El\u00e9ctrica de Tornquist. Turismo, Pol\u00edtica, Sociedad, Deporte, Cultura y todo el contenido de inter\u00e9s general que la gente del pueblo y la regi\u00f3n debe conocer.","robots":{"index":"index","follow":"follow","max-snippet":"max-snippet:-1","max-image-preview":"max-image-preview:large","max-video-preview":"max-video-preview:-1"},"canonical":"https:\/\/www.celttv.com.ar\/index.php\/2013\/08\/30\/torneos-ba-ciclismo-atletismo-y-carrera-aventura-dialogamos-con-jorge-schmidt-dir-de-deportes\/","og_locale":"es_ES","og_type":"article","og_title":"TORNEOS BA., CICLISMO, ATLETISMO Y CARRERA AVENTURA (dialogamos con Jorge Schmidt Dir. de Deportes) - CELTTV","og_description":"Sitio web de noticias de la localidad de Tornquist, provincia de Buenos Aires, Rep\u00fablica Argentina. Contenido propio originado por periodistas de CELTTV, el canal de TV local de la Cooperativa El\u00e9ctrica de Tornquist. Turismo, Pol\u00edtica, Sociedad, Deporte, Cultura y todo el contenido de inter\u00e9s general que la gente del pueblo y la regi\u00f3n debe conocer.","og_url":"https:\/\/www.celttv.com.ar\/index.php\/2013\/08\/30\/torneos-ba-ciclismo-atletismo-y-carrera-aventura-dialogamos-con-jorge-schmidt-dir-de-deportes\/","og_site_name":"CELTTV","article_publisher":"https:\/\/www.facebook.com\/celtTV\/","article_published_time":"2013-08-30T13:48:39+00:00","author":"ulises","twitter_card":"summary_large_image","twitter_misc":{"Escrito por":"ulises"},"schema":{"@context":"https:\/\/schema.org","@graph":[{"@type":"NewsArticle","@id":"https:\/\/www.celttv.com.ar\/index.php\/2013\/08\/30\/torneos-ba-ciclismo-atletismo-y-carrera-aventura-dialogamos-con-jorge-schmidt-dir-de-deportes\/#article","isPartOf":{"@id":"https:\/\/www.celttv.com.ar\/index.php\/2013\/08\/30\/torneos-ba-ciclismo-atletismo-y-carrera-aventura-dialogamos-con-jorge-schmidt-dir-de-deportes\/"},"author":{"name":"ulises","@id":"https:\/\/www.celttv.com.ar\/#\/schema\/person\/6d99c072dba59953809c81446e9d0ace"},"headline":"TORNEOS BA., CICLISMO, ATLETISMO Y CARRERA AVENTURA (dialogamos con Jorge Schmidt Dir. de Deportes)","datePublished":"2013-08-30T13:48:39+00:00","dateModified":"2013-08-30T13:48:39+00:00","mainEntityOfPage":{"@id":"https:\/\/www.celttv.com.ar\/index.php\/2013\/08\/30\/torneos-ba-ciclismo-atletismo-y-carrera-aventura-dialogamos-con-jorge-schmidt-dir-de-deportes\/"},"wordCount":98,"publisher":{"@id":"https:\/\/www.celttv.com.ar\/#organization"},"articleSection":["Comunidad","Deporte","Destacadas","Pol\u00edtica","Videos Destacados"],"inLanguage":"es"},{"@type":"WebPage","@id":"https:\/\/www.celttv.com.ar\/index.php\/2013\/08\/30\/torneos-ba-ciclismo-atletismo-y-carrera-aventura-dialogamos-con-jorge-schmidt-dir-de-deportes\/","url":"https:\/\/www.celttv.com.ar\/index.php\/2013\/08\/30\/torneos-ba-ciclismo-atletismo-y-carrera-aventura-dialogamos-con-jorge-schmidt-dir-de-deportes\/","name":"TORNEOS BA., CICLISMO, ATLETISMO Y CARRERA AVENTURA (dialogamos con Jorge Schmidt Dir. de Deportes) - CELTTV","isPartOf":{"@id":"https:\/\/www.celttv.com.ar\/#website"},"datePublished":"2013-08-30T13:48:39+00:00","dateModified":"2013-08-30T13:48:39+00:00","description":"Sitio web de noticias de la localidad de Tornquist, provincia de Buenos Aires, Rep\u00fablica Argentina. Contenido propio originado por periodistas de CELTTV, el canal de TV local de la Cooperativa El\u00e9ctrica de Tornquist. Turismo, Pol\u00edtica, Sociedad, Deporte, Cultura y todo el contenido de inter\u00e9s general que la gente del pueblo y la regi\u00f3n debe conocer.","breadcrumb":{"@id":"https:\/\/www.celttv.com.ar\/index.php\/2013\/08\/30\/torneos-ba-ciclismo-atletismo-y-carrera-aventura-dialogamos-con-jorge-schmidt-dir-de-deportes\/#breadcrumb"},"inLanguage":"es","potentialAction":[{"@type":"ReadAction","target":["https:\/\/www.celttv.com.ar\/index.php\/2013\/08\/30\/torneos-ba-ciclismo-atletismo-y-carrera-aventura-dialogamos-con-jorge-schmidt-dir-de-deportes\/"]}]},{"@type":"BreadcrumbList","@id":"https:\/\/www.celttv.com.ar\/index.php\/2013\/08\/30\/torneos-ba-ciclismo-atletismo-y-carrera-aventura-dialogamos-con-jorge-schmidt-dir-de-deportes\/#breadcrumb","itemListElement":[{"@type":"ListItem","position":1,"name":"Inicio","item":"https:\/\/www.celttv.com.ar\/"},{"@type":"ListItem","position":2,"name":"TORNEOS BA., CICLISMO, ATLETISMO Y CARRERA AVENTURA (dialogamos con Jorge Schmidt Dir. de Deportes)"}]},{"@type":"WebSite","@id":"https:\/\/www.celttv.com.ar\/#website","url":"https:\/\/www.celttv.com.ar\/","name":"CELTTV","description":"Cooperativa El\u00e9ctrica de Tornquist","publisher":{"@id":"https:\/\/www.celttv.com.ar\/#organization"},"potentialAction":[{"@type":"SearchAction","target":{"@type":"EntryPoint","urlTemplate":"https:\/\/www.celttv.com.ar\/?s={search_term_string}"},"query-input":"required name=search_term_string"}],"inLanguage":"es"},{"@type":"Organization","@id":"https:\/\/www.celttv.com.ar\/#organization","name":"CELTTV","url":"https:\/\/www.celttv.com.ar\/","sameAs":["https:\/\/www.youtube.com\/channel\/UCz_oIt8Hig64Ub-EmcNPIhg","https:\/\/www.facebook.com\/celtTV\/"],"logo":{"@type":"ImageObject","inLanguage":"es","@id":"https:\/\/www.celttv.com.ar\/#\/schema\/logo\/image\/","url":"http:\/\/www.celttv.com.ar\/wp-content\/uploads\/2022\/08\/logo-1.png","contentUrl":"http:\/\/www.celttv.com.ar\/wp-content\/uploads\/2022\/08\/logo-1.png","width":461,"height":159,"caption":"CELTTV"},"image":{"@id":"https:\/\/www.celttv.com.ar\/#\/schema\/logo\/image\/"}},{"@type":"Person","@id":"https:\/\/www.celttv.com.ar\/#\/schema\/person\/6d99c072dba59953809c81446e9d0ace","name":"ulises","image":{"@type":"ImageObject","inLanguage":"es","@id":"https:\/\/www.celttv.com.ar\/#\/schema\/person\/image\/","url":"https:\/\/secure.gravatar.com\/avatar\/7f2c48bdc33b30088f941fb6082e555f2874c98e20cb159d7b92b50eadfce793?s=96&d=mm&r=g","contentUrl":"https:\/\/secure.gravatar.com\/avatar\/7f2c48bdc33b30088f941fb6082e555f2874c98e20cb159d7b92b50eadfce793?s=96&d=mm&r=g","caption":"ulises"},"sameAs":["http:\/\/www.celttv.com.ar"]}]}},"_links":{"self":[{"href":"https:\/\/www.celttv.com.ar\/index.php\/wp-json\/wp\/v2\/posts\/13576","targetHints":{"allow":["GET"]}}],"collection":[{"href":"https:\/\/www.celttv.com.ar\/index.php\/wp-json\/wp\/v2\/posts"}],"about":[{"href":"https:\/\/www.celttv.com.ar\/index.php\/wp-json\/wp\/v2\/types\/post"}],"author":[{"embeddable":true,"href":"https:\/\/www.celttv.com.ar\/index.php\/wp-json\/wp\/v2\/users\/1"}],"replies":[{"embeddable":true,"href":"https:\/\/www.celttv.com.ar\/index.php\/wp-json\/wp\/v2\/comments?post=13576"}],"version-history":[{"count":0,"href":"https:\/\/www.celttv.com.ar\/index.php\/wp-json\/wp\/v2\/posts\/13576\/revisions"}],"wp:attachment":[{"href":"https:\/\/www.celttv.com.ar\/index.php\/wp-json\/wp\/v2\/media?parent=13576"}],"wp:term":[{"taxonomy":"category","embeddable":true,"href":"https:\/\/www.celttv.com.ar\/index.php\/wp-json\/wp\/v2\/categories?post=13576"},{"taxonomy":"post_tag","embeddable":true,"href":"https:\/\/www.celttv.com.ar\/index.php\/wp-json\/wp\/v2\/tags?post=13576"}],"curies":[{"name":"wp","href":"https:\/\/api.w.org\/{rel}","templated":true}]}}