{"id":13656,"date":"2013-09-01T17:14:55","date_gmt":"2013-09-01T17:14:55","guid":{"rendered":"http:\/\/www.tvcnoticias.com.ar\/?p=13656"},"modified":"2013-09-01T17:14:55","modified_gmt":"2013-09-01T17:14:55","slug":"olga-catalina-batista-viuda-de-piermattei","status":"publish","type":"post","link":"https:\/\/www.celttv.com.ar\/index.php\/2013\/09\/01\/olga-catalina-batista-viuda-de-piermattei\/","title":{"rendered":"Olga Catalina BATISTA viuda de PIERMATTEI"},"content":{"rendered":"<p>Olga Catalina BATISTA viuda de PIERMATTEI\u00a0 Q.E.P.D.: Se durmi\u00f3 en la Paz del Se\u00f1or y<br \/>\nespera la Resurrecci\u00f3n,\u00a0 en\u00a0 Tornquist el 31 de Agosto de 2013 a los 86 a\u00f1os de edad.<br \/>\nSus hijos Eduardo Atilio y Silvana PIERMATTEI. Sus nietos Franco y Mariela PIERMATTEI;<br \/>\nLucas, Roc\u00edo y Giuliano BARZOLA. Sus hermanos Jos\u00e9 Mar\u00eda BAPTISTA y Rolando Meliton<br \/>\nBATISTA. Sus hermanas pol\u00edticas, sobrinos y dem\u00e1s deudos participan su deceso y<br \/>\ncomunican que sus restos ser\u00e1n inhumados hoy a las 18.30 horas en la necr\u00f3polis de<br \/>\nTornquist. Casa velatoria G\u00fcemes 236. Casa de duelo avenida San Mart\u00edn 295, Tornquist.<br \/>\nServicio a cargo de la Cooperativa El\u00e9ctrica Limitada de Tornquist.<\/p>\n","protected":false},"excerpt":{"rendered":"<p>Olga Catalina BATISTA viuda de PIERMATTEI\u00a0 Q.E.P.D.: Se durmi\u00f3 en la Paz del Se\u00f1or y espera la Resurrecci\u00f3n,\u00a0 en\u00a0 Tornquist el 31 de Agosto de 2013 a los 86 a\u00f1os de edad. Sus hijos Eduardo Atilio y Silvana PIERMATTEI. Sus nietos Franco y Mariela PIERMATTEI; Lucas, Roc\u00edo y Giuliano BARZOLA. Sus hermanos Jos\u00e9 Mar\u00eda BAPTISTA [&hellip;]<\/p>\n","protected":false},"author":1,"featured_media":0,"comment_status":"closed","ping_status":"open","sticky":false,"template":"","format":"standard","meta":{"footnotes":""},"categories":[50],"tags":[],"class_list":["post-13656","post","type-post","status-publish","format-standard","hentry","category-necrologicas"],"yoast_head":"<!-- This site is optimized with the Yoast SEO plugin v19.7.1 - https:\/\/yoast.com\/wordpress\/plugins\/seo\/ -->\n<title>Olga Catalina BATISTA viuda de PIERMATTEI - CELTTV<\/title>\n<meta name=\"description\" content=\"Sitio web de noticias de la localidad de Tornquist, provincia de Buenos Aires, Rep\u00fablica Argentina. Contenido propio originado por periodistas de CELTTV, el canal de TV local de la Cooperativa El\u00e9ctrica de Tornquist. Turismo, Pol\u00edtica, Sociedad, Deporte, Cultura y todo el contenido de inter\u00e9s general que la gente del pueblo y la regi\u00f3n debe conocer.\" \/>\n<meta name=\"robots\" content=\"index, follow, max-snippet:-1, max-image-preview:large, max-video-preview:-1\" \/>\n<link rel=\"canonical\" href=\"https:\/\/www.celttv.com.ar\/index.php\/2013\/09\/01\/olga-catalina-batista-viuda-de-piermattei\/\" \/>\n<meta property=\"og:locale\" content=\"es_ES\" \/>\n<meta property=\"og:type\" content=\"article\" \/>\n<meta property=\"og:title\" content=\"Olga Catalina BATISTA viuda de PIERMATTEI - CELTTV\" \/>\n<meta property=\"og:description\" content=\"Sitio web de noticias de la localidad de Tornquist, provincia de Buenos Aires, Rep\u00fablica Argentina. Contenido propio originado por periodistas de CELTTV, el canal de TV local de la Cooperativa El\u00e9ctrica de Tornquist. Turismo, Pol\u00edtica, Sociedad, Deporte, Cultura y todo el contenido de inter\u00e9s general que la gente del pueblo y la regi\u00f3n debe conocer.\" \/>\n<meta property=\"og:url\" content=\"https:\/\/www.celttv.com.ar\/index.php\/2013\/09\/01\/olga-catalina-batista-viuda-de-piermattei\/\" \/>\n<meta property=\"og:site_name\" content=\"CELTTV\" \/>\n<meta property=\"article:publisher\" content=\"https:\/\/www.facebook.com\/celtTV\/\" \/>\n<meta property=\"article:published_time\" content=\"2013-09-01T17:14:55+00:00\" \/>\n<meta name=\"author\" content=\"ulises\" \/>\n<meta name=\"twitter:card\" content=\"summary_large_image\" \/>\n<meta name=\"twitter:label1\" content=\"Escrito por\" \/>\n\t<meta name=\"twitter:data1\" content=\"ulises\" \/>\n\t<meta name=\"twitter:label2\" content=\"Tiempo de lectura\" \/>\n\t<meta name=\"twitter:data2\" content=\"1 minuto\" \/>\n<script type=\"application\/ld+json\" class=\"yoast-schema-graph\">{\"@context\":\"https:\/\/schema.org\",\"@graph\":[{\"@type\":\"NewsArticle\",\"@id\":\"https:\/\/www.celttv.com.ar\/index.php\/2013\/09\/01\/olga-catalina-batista-viuda-de-piermattei\/#article\",\"isPartOf\":{\"@id\":\"https:\/\/www.celttv.com.ar\/index.php\/2013\/09\/01\/olga-catalina-batista-viuda-de-piermattei\/\"},\"author\":{\"name\":\"ulises\",\"@id\":\"https:\/\/www.celttv.com.ar\/#\/schema\/person\/6d99c072dba59953809c81446e9d0ace\"},\"headline\":\"Olga Catalina BATISTA viuda de PIERMATTEI\",\"datePublished\":\"2013-09-01T17:14:55+00:00\",\"dateModified\":\"2013-09-01T17:14:55+00:00\",\"mainEntityOfPage\":{\"@id\":\"https:\/\/www.celttv.com.ar\/index.php\/2013\/09\/01\/olga-catalina-batista-viuda-de-piermattei\/\"},\"wordCount\":123,\"publisher\":{\"@id\":\"https:\/\/www.celttv.com.ar\/#organization\"},\"articleSection\":[\"Necrol\u00f3gicas\"],\"inLanguage\":\"es\"},{\"@type\":\"WebPage\",\"@id\":\"https:\/\/www.celttv.com.ar\/index.php\/2013\/09\/01\/olga-catalina-batista-viuda-de-piermattei\/\",\"url\":\"https:\/\/www.celttv.com.ar\/index.php\/2013\/09\/01\/olga-catalina-batista-viuda-de-piermattei\/\",\"name\":\"Olga Catalina BATISTA viuda de PIERMATTEI - CELTTV\",\"isPartOf\":{\"@id\":\"https:\/\/www.celttv.com.ar\/#website\"},\"datePublished\":\"2013-09-01T17:14:55+00:00\",\"dateModified\":\"2013-09-01T17:14:55+00:00\",\"description\":\"Sitio web de noticias de la localidad de Tornquist, provincia de Buenos Aires, Rep\u00fablica Argentina. Contenido propio originado por periodistas de CELTTV, el canal de TV local de la Cooperativa El\u00e9ctrica de Tornquist. Turismo, Pol\u00edtica, Sociedad, Deporte, Cultura y todo el contenido de inter\u00e9s general que la gente del pueblo y la regi\u00f3n debe conocer.\",\"breadcrumb\":{\"@id\":\"https:\/\/www.celttv.com.ar\/index.php\/2013\/09\/01\/olga-catalina-batista-viuda-de-piermattei\/#breadcrumb\"},\"inLanguage\":\"es\",\"potentialAction\":[{\"@type\":\"ReadAction\",\"target\":[\"https:\/\/www.celttv.com.ar\/index.php\/2013\/09\/01\/olga-catalina-batista-viuda-de-piermattei\/\"]}]},{\"@type\":\"BreadcrumbList\",\"@id\":\"https:\/\/www.celttv.com.ar\/index.php\/2013\/09\/01\/olga-catalina-batista-viuda-de-piermattei\/#breadcrumb\",\"itemListElement\":[{\"@type\":\"ListItem\",\"position\":1,\"name\":\"Inicio\",\"item\":\"https:\/\/www.celttv.com.ar\/\"},{\"@type\":\"ListItem\",\"position\":2,\"name\":\"Olga Catalina BATISTA viuda de PIERMATTEI\"}]},{\"@type\":\"WebSite\",\"@id\":\"https:\/\/www.celttv.com.ar\/#website\",\"url\":\"https:\/\/www.celttv.com.ar\/\",\"name\":\"CELTTV\",\"description\":\"Cooperativa El\u00e9ctrica de Tornquist\",\"publisher\":{\"@id\":\"https:\/\/www.celttv.com.ar\/#organization\"},\"potentialAction\":[{\"@type\":\"SearchAction\",\"target\":{\"@type\":\"EntryPoint\",\"urlTemplate\":\"https:\/\/www.celttv.com.ar\/?s={search_term_string}\"},\"query-input\":\"required name=search_term_string\"}],\"inLanguage\":\"es\"},{\"@type\":\"Organization\",\"@id\":\"https:\/\/www.celttv.com.ar\/#organization\",\"name\":\"CELTTV\",\"url\":\"https:\/\/www.celttv.com.ar\/\",\"sameAs\":[\"https:\/\/www.youtube.com\/channel\/UCz_oIt8Hig64Ub-EmcNPIhg\",\"https:\/\/www.facebook.com\/celtTV\/\"],\"logo\":{\"@type\":\"ImageObject\",\"inLanguage\":\"es\",\"@id\":\"https:\/\/www.celttv.com.ar\/#\/schema\/logo\/image\/\",\"url\":\"http:\/\/www.celttv.com.ar\/wp-content\/uploads\/2022\/08\/logo-1.png\",\"contentUrl\":\"http:\/\/www.celttv.com.ar\/wp-content\/uploads\/2022\/08\/logo-1.png\",\"width\":461,\"height\":159,\"caption\":\"CELTTV\"},\"image\":{\"@id\":\"https:\/\/www.celttv.com.ar\/#\/schema\/logo\/image\/\"}},{\"@type\":\"Person\",\"@id\":\"https:\/\/www.celttv.com.ar\/#\/schema\/person\/6d99c072dba59953809c81446e9d0ace\",\"name\":\"ulises\",\"image\":{\"@type\":\"ImageObject\",\"inLanguage\":\"es\",\"@id\":\"https:\/\/www.celttv.com.ar\/#\/schema\/person\/image\/\",\"url\":\"https:\/\/secure.gravatar.com\/avatar\/7f2c48bdc33b30088f941fb6082e555f2874c98e20cb159d7b92b50eadfce793?s=96&d=mm&r=g\",\"contentUrl\":\"https:\/\/secure.gravatar.com\/avatar\/7f2c48bdc33b30088f941fb6082e555f2874c98e20cb159d7b92b50eadfce793?s=96&d=mm&r=g\",\"caption\":\"ulises\"},\"sameAs\":[\"http:\/\/www.celttv.com.ar\"]}]}<\/script>\n<!-- \/ Yoast SEO plugin. -->","yoast_head_json":{"title":"Olga Catalina BATISTA viuda de PIERMATTEI - CELTTV","description":"Sitio web de noticias de la localidad de Tornquist, provincia de Buenos Aires, Rep\u00fablica Argentina. Contenido propio originado por periodistas de CELTTV, el canal de TV local de la Cooperativa El\u00e9ctrica de Tornquist. Turismo, Pol\u00edtica, Sociedad, Deporte, Cultura y todo el contenido de inter\u00e9s general que la gente del pueblo y la regi\u00f3n debe conocer.","robots":{"index":"index","follow":"follow","max-snippet":"max-snippet:-1","max-image-preview":"max-image-preview:large","max-video-preview":"max-video-preview:-1"},"canonical":"https:\/\/www.celttv.com.ar\/index.php\/2013\/09\/01\/olga-catalina-batista-viuda-de-piermattei\/","og_locale":"es_ES","og_type":"article","og_title":"Olga Catalina BATISTA viuda de PIERMATTEI - CELTTV","og_description":"Sitio web de noticias de la localidad de Tornquist, provincia de Buenos Aires, Rep\u00fablica Argentina. Contenido propio originado por periodistas de CELTTV, el canal de TV local de la Cooperativa El\u00e9ctrica de Tornquist. Turismo, Pol\u00edtica, Sociedad, Deporte, Cultura y todo el contenido de inter\u00e9s general que la gente del pueblo y la regi\u00f3n debe conocer.","og_url":"https:\/\/www.celttv.com.ar\/index.php\/2013\/09\/01\/olga-catalina-batista-viuda-de-piermattei\/","og_site_name":"CELTTV","article_publisher":"https:\/\/www.facebook.com\/celtTV\/","article_published_time":"2013-09-01T17:14:55+00:00","author":"ulises","twitter_card":"summary_large_image","twitter_misc":{"Escrito por":"ulises","Tiempo de lectura":"1 minuto"},"schema":{"@context":"https:\/\/schema.org","@graph":[{"@type":"NewsArticle","@id":"https:\/\/www.celttv.com.ar\/index.php\/2013\/09\/01\/olga-catalina-batista-viuda-de-piermattei\/#article","isPartOf":{"@id":"https:\/\/www.celttv.com.ar\/index.php\/2013\/09\/01\/olga-catalina-batista-viuda-de-piermattei\/"},"author":{"name":"ulises","@id":"https:\/\/www.celttv.com.ar\/#\/schema\/person\/6d99c072dba59953809c81446e9d0ace"},"headline":"Olga Catalina BATISTA viuda de PIERMATTEI","datePublished":"2013-09-01T17:14:55+00:00","dateModified":"2013-09-01T17:14:55+00:00","mainEntityOfPage":{"@id":"https:\/\/www.celttv.com.ar\/index.php\/2013\/09\/01\/olga-catalina-batista-viuda-de-piermattei\/"},"wordCount":123,"publisher":{"@id":"https:\/\/www.celttv.com.ar\/#organization"},"articleSection":["Necrol\u00f3gicas"],"inLanguage":"es"},{"@type":"WebPage","@id":"https:\/\/www.celttv.com.ar\/index.php\/2013\/09\/01\/olga-catalina-batista-viuda-de-piermattei\/","url":"https:\/\/www.celttv.com.ar\/index.php\/2013\/09\/01\/olga-catalina-batista-viuda-de-piermattei\/","name":"Olga Catalina BATISTA viuda de PIERMATTEI - CELTTV","isPartOf":{"@id":"https:\/\/www.celttv.com.ar\/#website"},"datePublished":"2013-09-01T17:14:55+00:00","dateModified":"2013-09-01T17:14:55+00:00","description":"Sitio web de noticias de la localidad de Tornquist, provincia de Buenos Aires, Rep\u00fablica Argentina. Contenido propio originado por periodistas de CELTTV, el canal de TV local de la Cooperativa El\u00e9ctrica de Tornquist. Turismo, Pol\u00edtica, Sociedad, Deporte, Cultura y todo el contenido de inter\u00e9s general que la gente del pueblo y la regi\u00f3n debe conocer.","breadcrumb":{"@id":"https:\/\/www.celttv.com.ar\/index.php\/2013\/09\/01\/olga-catalina-batista-viuda-de-piermattei\/#breadcrumb"},"inLanguage":"es","potentialAction":[{"@type":"ReadAction","target":["https:\/\/www.celttv.com.ar\/index.php\/2013\/09\/01\/olga-catalina-batista-viuda-de-piermattei\/"]}]},{"@type":"BreadcrumbList","@id":"https:\/\/www.celttv.com.ar\/index.php\/2013\/09\/01\/olga-catalina-batista-viuda-de-piermattei\/#breadcrumb","itemListElement":[{"@type":"ListItem","position":1,"name":"Inicio","item":"https:\/\/www.celttv.com.ar\/"},{"@type":"ListItem","position":2,"name":"Olga Catalina BATISTA viuda de PIERMATTEI"}]},{"@type":"WebSite","@id":"https:\/\/www.celttv.com.ar\/#website","url":"https:\/\/www.celttv.com.ar\/","name":"CELTTV","description":"Cooperativa El\u00e9ctrica de Tornquist","publisher":{"@id":"https:\/\/www.celttv.com.ar\/#organization"},"potentialAction":[{"@type":"SearchAction","target":{"@type":"EntryPoint","urlTemplate":"https:\/\/www.celttv.com.ar\/?s={search_term_string}"},"query-input":"required name=search_term_string"}],"inLanguage":"es"},{"@type":"Organization","@id":"https:\/\/www.celttv.com.ar\/#organization","name":"CELTTV","url":"https:\/\/www.celttv.com.ar\/","sameAs":["https:\/\/www.youtube.com\/channel\/UCz_oIt8Hig64Ub-EmcNPIhg","https:\/\/www.facebook.com\/celtTV\/"],"logo":{"@type":"ImageObject","inLanguage":"es","@id":"https:\/\/www.celttv.com.ar\/#\/schema\/logo\/image\/","url":"http:\/\/www.celttv.com.ar\/wp-content\/uploads\/2022\/08\/logo-1.png","contentUrl":"http:\/\/www.celttv.com.ar\/wp-content\/uploads\/2022\/08\/logo-1.png","width":461,"height":159,"caption":"CELTTV"},"image":{"@id":"https:\/\/www.celttv.com.ar\/#\/schema\/logo\/image\/"}},{"@type":"Person","@id":"https:\/\/www.celttv.com.ar\/#\/schema\/person\/6d99c072dba59953809c81446e9d0ace","name":"ulises","image":{"@type":"ImageObject","inLanguage":"es","@id":"https:\/\/www.celttv.com.ar\/#\/schema\/person\/image\/","url":"https:\/\/secure.gravatar.com\/avatar\/7f2c48bdc33b30088f941fb6082e555f2874c98e20cb159d7b92b50eadfce793?s=96&d=mm&r=g","contentUrl":"https:\/\/secure.gravatar.com\/avatar\/7f2c48bdc33b30088f941fb6082e555f2874c98e20cb159d7b92b50eadfce793?s=96&d=mm&r=g","caption":"ulises"},"sameAs":["http:\/\/www.celttv.com.ar"]}]}},"_links":{"self":[{"href":"https:\/\/www.celttv.com.ar\/index.php\/wp-json\/wp\/v2\/posts\/13656","targetHints":{"allow":["GET"]}}],"collection":[{"href":"https:\/\/www.celttv.com.ar\/index.php\/wp-json\/wp\/v2\/posts"}],"about":[{"href":"https:\/\/www.celttv.com.ar\/index.php\/wp-json\/wp\/v2\/types\/post"}],"author":[{"embeddable":true,"href":"https:\/\/www.celttv.com.ar\/index.php\/wp-json\/wp\/v2\/users\/1"}],"replies":[{"embeddable":true,"href":"https:\/\/www.celttv.com.ar\/index.php\/wp-json\/wp\/v2\/comments?post=13656"}],"version-history":[{"count":0,"href":"https:\/\/www.celttv.com.ar\/index.php\/wp-json\/wp\/v2\/posts\/13656\/revisions"}],"wp:attachment":[{"href":"https:\/\/www.celttv.com.ar\/index.php\/wp-json\/wp\/v2\/media?parent=13656"}],"wp:term":[{"taxonomy":"category","embeddable":true,"href":"https:\/\/www.celttv.com.ar\/index.php\/wp-json\/wp\/v2\/categories?post=13656"},{"taxonomy":"post_tag","embeddable":true,"href":"https:\/\/www.celttv.com.ar\/index.php\/wp-json\/wp\/v2\/tags?post=13656"}],"curies":[{"name":"wp","href":"https:\/\/api.w.org\/{rel}","templated":true}]}}