{"id":13689,"date":"2013-09-03T15:25:24","date_gmt":"2013-09-03T15:25:24","guid":{"rendered":"http:\/\/www.tvcnoticias.com.ar\/?p=13689"},"modified":"2013-09-03T15:25:24","modified_gmt":"2013-09-03T15:25:24","slug":"la-cultura-es-un-derecho-y-se-protege-compartiendola-escribe-norma-fernandez","status":"publish","type":"post","link":"https:\/\/www.celttv.com.ar\/index.php\/2013\/09\/03\/la-cultura-es-un-derecho-y-se-protege-compartiendola-escribe-norma-fernandez\/","title":{"rendered":"LA CULTURA ES UN DERECHO Y SE PROTEGE COMPARTI\u00c9NDOLA (Escribe Norma Fernandez)"},"content":{"rendered":"<p>Este lunes 2 de septiembre ingresa a las mesas de entrada del Municipio y del HCD la presentaci\u00f3n que realizamos solicitando\u00a0que se\u00a0<strong>gestionen fondos y se asigne un presupuesto para la cultura en Sierra de la Ventana <\/strong>que\u00a0 contemple el alquiler de una casa adecuada, el pago de los servicios esenciales: agua, luz, gas, tel\u00e9fono, internet, \u00a0el\u00a0 mantenimiento general edilicio y, asimismo, se destine un personal de planta, contratado o de planes sociales para las tareas de porter\u00eda y limpieza.<br \/>\nSomos ciudadanos de un pa\u00eds en el que el pueblo no delibera ni gobierna sino por medio de sus representantes y autoridades creadas por la Constituci\u00f3n, por eso\u00a0hacemos uso de nuestro derecho constitucional de iniciativa para presentar proyectos y de peticionar\u00a0a las autoridades\u00a0con argumentos \u00a0fundamentados en hechos que est\u00e1n a la vista:\u00a0la poblaci\u00f3n estable de Sierra de la Ventana ha modificado composici\u00f3n debido a su incremento de los \u00faltimos a\u00f1os;\u00a0hay muchos ni\u00f1os creciendo en el pueblo y adolescentes que no hallan\u00a0 en que emplear su tiempo libre exponi\u00e9ndose a los riesgos que propone una sociedad que no canaliza sus energ\u00edas ni atiende sus necesidades creativas;\u00a0cada vez m\u00e1s, los j\u00f3venes eligen\u00a0 no irse lejos para realizar sus sue\u00f1os pero tampoco se resignan a vivir desprovistos de las posibilidades de generar y recibir cultura; las personas que hacen arte de todo tipo y calidad, reclaman su derecho a expresarse en su\u00a0propio lenguaje y, \u00bfpor qu\u00e9 no? a\u00a0que se convierta en\u00a0una fuente laboral.<br \/>\nLa carencia de un espacio f\u00edsico donde\u00a0 hacer cultura en Sierra de la Ventana es hist\u00f3rica. Existe, desde hace al menos una d\u00e9cada, el proyecto de erigir una construcci\u00f3n nueva o el de acondicionar los galpones que pertenec\u00edan al ferrocarril para albergar a la Biblioteca Popular \u201cMariano Moreno\u201d y al Hogar Agr\u00edcola \u201cPaula Albarrac\u00edn\u201d, instituciones ambas que desarrollan sus actividades en edificios que se hallan en condiciones deplorables. Nada ha ocurrido en ese sentido pero hace bien poco\u00a0 supimos por los medios de comunicaci\u00f3n que el Secretario de Turismo, Cultura y Deportes,\u00a0 inform\u00f3 a los Concejales que\u00a0<strong>\u201cel proyecto para hacer un Centro Cultural en las tierras que fueron adquiridas al ONABE es muy completo y costoso, por lo que se solicit\u00f3 presupuesto para el acondicionamiento de un galp\u00f3n e instalar en \u00e9l al Museo Hist\u00f3rico de Sierra de la Ventana \u00a0para que pueda comenzar sus actividades lo m\u00e1s pronto posible\u201d.<\/strong><br \/>\nLos datos de esta realidad nos impulsaron a iniciar una fuerte\u00a0CAMPA\u00d1A POR UNA CASA DE LA CULTURA EN SIERRA DE LA VENTANA que fue acompa\u00f1ada por una gran cantidad de vecinos y cuya primera etapa finaliza con la\u00a0presentaci\u00f3n arriba enunciada. La\u00a0 idea de tener una casa para hacer cultura no surge del capricho de algunos sino de la necesidad urgente que tiene nuestra\u00a0 localidad\u00a0de\u00a0 contar con un espacio techado, c\u00f3modo, digno donde hacer cultura en\u00a0un \u00e1mbito de trabajo colectivo pues la CULTURA, al rev\u00e9s de lo que muchos piensan,\u00a0<strong><em>no es una sumatoria de eventos para entretener<\/em><\/strong> sino el compendio de conocimientos adquiridos, el grado de desarrollo art\u00edstico, cient\u00edfico e industrial que determinan los modos de vida y costumbres de una sociedad. Nosotros somos las horas en que trabajamos y tambi\u00e9n las del descanso, la comida que preferimos y la m\u00fasica que nos gusta, como celebramos nuestras fiestas y como compartimos la tristeza.\u00a0 Como hacemos lo cotidiano y lo extraordinario es lo que, realmente, nos identifica.<br \/>\nUna Casa de la Cultura no tiene, en nuestro pensamiento, el prop\u00f3sito de la diversificaci\u00f3n de intereses sino\u00a0que, por el\u00a0contrario,\u00a0adquiere el valor simb\u00f3lico de la aglutinaci\u00f3n de todas las expresiones culturales del pueblo. Es\u00a0el dise\u00f1o de\u00a0un proyecto cultural que\u00a0\u00a0incluye en sus intenciones a la biblioteca con su particularidad t\u00e9cnica, su extensi\u00f3n cultural, la Feria del Libro que auspicia; al Hogar Agr\u00edcola, como escuela de artesan\u00eda que convoca a tomar sus cursos a numerosas personas a\u00f1o tras a\u00f1o y al Museo Hist\u00f3rico, encargado de preservar el patrimonio de la comarca.\u00a0Y tiene tambi\u00e9n el valor de la factibilidad porque si tenemos una casa podremos,\u00a0mediante la ejecuci\u00f3n de diversas actividades socio-culturales y art\u00edsticas,\u00a0 recuperar la historia, fortalecer los lazos de la identidad \u00a0y posicionar a nuestro pueblo \u00a0como destino de turismo con un rico corredor cultural.<br \/>\nLos habitantes en general y los artistas en particular, tenemos derecho a desarrollar nuestras inquietudes sociales, educativas, culturales en el lugar\u00a0que elegimos para vivir, para imaginar, para producir ideas, para promover valores y pr\u00e1cticas que contribuyan a revertir situaciones de exclusi\u00f3n y a \u00a0fortalecer el capital cultural de nuestra comunidad.<br \/>\n&nbsp;<\/p>\n","protected":false},"excerpt":{"rendered":"<p>Este lunes 2 de septiembre ingresa a las mesas de entrada del Municipio y del HCD la presentaci\u00f3n que realizamos solicitando\u00a0que se\u00a0gestionen fondos y se asigne un presupuesto para la cultura en Sierra de la Ventana que\u00a0 contemple el alquiler de una casa adecuada, el pago de los servicios esenciales: agua, luz, gas, tel\u00e9fono, internet, [&hellip;]<\/p>\n","protected":false},"author":1,"featured_media":0,"comment_status":"closed","ping_status":"open","sticky":false,"template":"","format":"standard","meta":{"footnotes":""},"categories":[51,52,95],"tags":[],"class_list":["post-13689","post","type-post","status-publish","format-standard","hentry","category-comunidad","category-destacadas","category-opiniones"],"yoast_head":"<!-- This site is optimized with the Yoast SEO plugin v19.7.1 - https:\/\/yoast.com\/wordpress\/plugins\/seo\/ -->\n<title>LA CULTURA ES UN DERECHO Y SE PROTEGE COMPARTI\u00c9NDOLA (Escribe Norma Fernandez) - CELTTV<\/title>\n<meta name=\"description\" content=\"Sitio web de noticias de la localidad de Tornquist, provincia de Buenos Aires, Rep\u00fablica Argentina. Contenido propio originado por periodistas de CELTTV, el canal de TV local de la Cooperativa El\u00e9ctrica de Tornquist. Turismo, Pol\u00edtica, Sociedad, Deporte, Cultura y todo el contenido de inter\u00e9s general que la gente del pueblo y la regi\u00f3n debe conocer.\" \/>\n<meta name=\"robots\" content=\"index, follow, max-snippet:-1, max-image-preview:large, max-video-preview:-1\" \/>\n<link rel=\"canonical\" href=\"https:\/\/www.celttv.com.ar\/index.php\/2013\/09\/03\/la-cultura-es-un-derecho-y-se-protege-compartiendola-escribe-norma-fernandez\/\" \/>\n<meta property=\"og:locale\" content=\"es_ES\" \/>\n<meta property=\"og:type\" content=\"article\" \/>\n<meta property=\"og:title\" content=\"LA CULTURA ES UN DERECHO Y SE PROTEGE COMPARTI\u00c9NDOLA (Escribe Norma Fernandez) - CELTTV\" \/>\n<meta property=\"og:description\" content=\"Sitio web de noticias de la localidad de Tornquist, provincia de Buenos Aires, Rep\u00fablica Argentina. Contenido propio originado por periodistas de CELTTV, el canal de TV local de la Cooperativa El\u00e9ctrica de Tornquist. Turismo, Pol\u00edtica, Sociedad, Deporte, Cultura y todo el contenido de inter\u00e9s general que la gente del pueblo y la regi\u00f3n debe conocer.\" \/>\n<meta property=\"og:url\" content=\"https:\/\/www.celttv.com.ar\/index.php\/2013\/09\/03\/la-cultura-es-un-derecho-y-se-protege-compartiendola-escribe-norma-fernandez\/\" \/>\n<meta property=\"og:site_name\" content=\"CELTTV\" \/>\n<meta property=\"article:publisher\" content=\"https:\/\/www.facebook.com\/celtTV\/\" \/>\n<meta property=\"article:published_time\" content=\"2013-09-03T15:25:24+00:00\" \/>\n<meta name=\"author\" content=\"ulises\" \/>\n<meta name=\"twitter:card\" content=\"summary_large_image\" \/>\n<meta name=\"twitter:label1\" content=\"Escrito por\" \/>\n\t<meta name=\"twitter:data1\" content=\"ulises\" \/>\n\t<meta name=\"twitter:label2\" content=\"Tiempo de lectura\" \/>\n\t<meta name=\"twitter:data2\" content=\"4 minutos\" \/>\n<script type=\"application\/ld+json\" class=\"yoast-schema-graph\">{\"@context\":\"https:\/\/schema.org\",\"@graph\":[{\"@type\":\"NewsArticle\",\"@id\":\"https:\/\/www.celttv.com.ar\/index.php\/2013\/09\/03\/la-cultura-es-un-derecho-y-se-protege-compartiendola-escribe-norma-fernandez\/#article\",\"isPartOf\":{\"@id\":\"https:\/\/www.celttv.com.ar\/index.php\/2013\/09\/03\/la-cultura-es-un-derecho-y-se-protege-compartiendola-escribe-norma-fernandez\/\"},\"author\":{\"name\":\"ulises\",\"@id\":\"https:\/\/www.celttv.com.ar\/#\/schema\/person\/6d99c072dba59953809c81446e9d0ace\"},\"headline\":\"LA CULTURA ES UN DERECHO Y SE PROTEGE COMPARTI\u00c9NDOLA (Escribe Norma Fernandez)\",\"datePublished\":\"2013-09-03T15:25:24+00:00\",\"dateModified\":\"2013-09-03T15:25:24+00:00\",\"mainEntityOfPage\":{\"@id\":\"https:\/\/www.celttv.com.ar\/index.php\/2013\/09\/03\/la-cultura-es-un-derecho-y-se-protege-compartiendola-escribe-norma-fernandez\/\"},\"wordCount\":828,\"publisher\":{\"@id\":\"https:\/\/www.celttv.com.ar\/#organization\"},\"articleSection\":[\"Comunidad\",\"Destacadas\",\"Opiniones\"],\"inLanguage\":\"es\"},{\"@type\":\"WebPage\",\"@id\":\"https:\/\/www.celttv.com.ar\/index.php\/2013\/09\/03\/la-cultura-es-un-derecho-y-se-protege-compartiendola-escribe-norma-fernandez\/\",\"url\":\"https:\/\/www.celttv.com.ar\/index.php\/2013\/09\/03\/la-cultura-es-un-derecho-y-se-protege-compartiendola-escribe-norma-fernandez\/\",\"name\":\"LA CULTURA ES UN DERECHO Y SE PROTEGE COMPARTI\u00c9NDOLA (Escribe Norma Fernandez) - CELTTV\",\"isPartOf\":{\"@id\":\"https:\/\/www.celttv.com.ar\/#website\"},\"datePublished\":\"2013-09-03T15:25:24+00:00\",\"dateModified\":\"2013-09-03T15:25:24+00:00\",\"description\":\"Sitio web de noticias de la localidad de Tornquist, provincia de Buenos Aires, Rep\u00fablica Argentina. Contenido propio originado por periodistas de CELTTV, el canal de TV local de la Cooperativa El\u00e9ctrica de Tornquist. Turismo, Pol\u00edtica, Sociedad, Deporte, Cultura y todo el contenido de inter\u00e9s general que la gente del pueblo y la regi\u00f3n debe conocer.\",\"breadcrumb\":{\"@id\":\"https:\/\/www.celttv.com.ar\/index.php\/2013\/09\/03\/la-cultura-es-un-derecho-y-se-protege-compartiendola-escribe-norma-fernandez\/#breadcrumb\"},\"inLanguage\":\"es\",\"potentialAction\":[{\"@type\":\"ReadAction\",\"target\":[\"https:\/\/www.celttv.com.ar\/index.php\/2013\/09\/03\/la-cultura-es-un-derecho-y-se-protege-compartiendola-escribe-norma-fernandez\/\"]}]},{\"@type\":\"BreadcrumbList\",\"@id\":\"https:\/\/www.celttv.com.ar\/index.php\/2013\/09\/03\/la-cultura-es-un-derecho-y-se-protege-compartiendola-escribe-norma-fernandez\/#breadcrumb\",\"itemListElement\":[{\"@type\":\"ListItem\",\"position\":1,\"name\":\"Inicio\",\"item\":\"https:\/\/www.celttv.com.ar\/\"},{\"@type\":\"ListItem\",\"position\":2,\"name\":\"LA CULTURA ES UN DERECHO Y SE PROTEGE COMPARTI\u00c9NDOLA (Escribe Norma Fernandez)\"}]},{\"@type\":\"WebSite\",\"@id\":\"https:\/\/www.celttv.com.ar\/#website\",\"url\":\"https:\/\/www.celttv.com.ar\/\",\"name\":\"CELTTV\",\"description\":\"Cooperativa El\u00e9ctrica de Tornquist\",\"publisher\":{\"@id\":\"https:\/\/www.celttv.com.ar\/#organization\"},\"potentialAction\":[{\"@type\":\"SearchAction\",\"target\":{\"@type\":\"EntryPoint\",\"urlTemplate\":\"https:\/\/www.celttv.com.ar\/?s={search_term_string}\"},\"query-input\":\"required name=search_term_string\"}],\"inLanguage\":\"es\"},{\"@type\":\"Organization\",\"@id\":\"https:\/\/www.celttv.com.ar\/#organization\",\"name\":\"CELTTV\",\"url\":\"https:\/\/www.celttv.com.ar\/\",\"sameAs\":[\"https:\/\/www.youtube.com\/channel\/UCz_oIt8Hig64Ub-EmcNPIhg\",\"https:\/\/www.facebook.com\/celtTV\/\"],\"logo\":{\"@type\":\"ImageObject\",\"inLanguage\":\"es\",\"@id\":\"https:\/\/www.celttv.com.ar\/#\/schema\/logo\/image\/\",\"url\":\"http:\/\/www.celttv.com.ar\/wp-content\/uploads\/2022\/08\/logo-1.png\",\"contentUrl\":\"http:\/\/www.celttv.com.ar\/wp-content\/uploads\/2022\/08\/logo-1.png\",\"width\":461,\"height\":159,\"caption\":\"CELTTV\"},\"image\":{\"@id\":\"https:\/\/www.celttv.com.ar\/#\/schema\/logo\/image\/\"}},{\"@type\":\"Person\",\"@id\":\"https:\/\/www.celttv.com.ar\/#\/schema\/person\/6d99c072dba59953809c81446e9d0ace\",\"name\":\"ulises\",\"image\":{\"@type\":\"ImageObject\",\"inLanguage\":\"es\",\"@id\":\"https:\/\/www.celttv.com.ar\/#\/schema\/person\/image\/\",\"url\":\"https:\/\/secure.gravatar.com\/avatar\/7f2c48bdc33b30088f941fb6082e555f2874c98e20cb159d7b92b50eadfce793?s=96&d=mm&r=g\",\"contentUrl\":\"https:\/\/secure.gravatar.com\/avatar\/7f2c48bdc33b30088f941fb6082e555f2874c98e20cb159d7b92b50eadfce793?s=96&d=mm&r=g\",\"caption\":\"ulises\"},\"sameAs\":[\"http:\/\/www.celttv.com.ar\"]}]}<\/script>\n<!-- \/ Yoast SEO plugin. -->","yoast_head_json":{"title":"LA CULTURA ES UN DERECHO Y SE PROTEGE COMPARTI\u00c9NDOLA (Escribe Norma Fernandez) - CELTTV","description":"Sitio web de noticias de la localidad de Tornquist, provincia de Buenos Aires, Rep\u00fablica Argentina. Contenido propio originado por periodistas de CELTTV, el canal de TV local de la Cooperativa El\u00e9ctrica de Tornquist. Turismo, Pol\u00edtica, Sociedad, Deporte, Cultura y todo el contenido de inter\u00e9s general que la gente del pueblo y la regi\u00f3n debe conocer.","robots":{"index":"index","follow":"follow","max-snippet":"max-snippet:-1","max-image-preview":"max-image-preview:large","max-video-preview":"max-video-preview:-1"},"canonical":"https:\/\/www.celttv.com.ar\/index.php\/2013\/09\/03\/la-cultura-es-un-derecho-y-se-protege-compartiendola-escribe-norma-fernandez\/","og_locale":"es_ES","og_type":"article","og_title":"LA CULTURA ES UN DERECHO Y SE PROTEGE COMPARTI\u00c9NDOLA (Escribe Norma Fernandez) - CELTTV","og_description":"Sitio web de noticias de la localidad de Tornquist, provincia de Buenos Aires, Rep\u00fablica Argentina. Contenido propio originado por periodistas de CELTTV, el canal de TV local de la Cooperativa El\u00e9ctrica de Tornquist. Turismo, Pol\u00edtica, Sociedad, Deporte, Cultura y todo el contenido de inter\u00e9s general que la gente del pueblo y la regi\u00f3n debe conocer.","og_url":"https:\/\/www.celttv.com.ar\/index.php\/2013\/09\/03\/la-cultura-es-un-derecho-y-se-protege-compartiendola-escribe-norma-fernandez\/","og_site_name":"CELTTV","article_publisher":"https:\/\/www.facebook.com\/celtTV\/","article_published_time":"2013-09-03T15:25:24+00:00","author":"ulises","twitter_card":"summary_large_image","twitter_misc":{"Escrito por":"ulises","Tiempo de lectura":"4 minutos"},"schema":{"@context":"https:\/\/schema.org","@graph":[{"@type":"NewsArticle","@id":"https:\/\/www.celttv.com.ar\/index.php\/2013\/09\/03\/la-cultura-es-un-derecho-y-se-protege-compartiendola-escribe-norma-fernandez\/#article","isPartOf":{"@id":"https:\/\/www.celttv.com.ar\/index.php\/2013\/09\/03\/la-cultura-es-un-derecho-y-se-protege-compartiendola-escribe-norma-fernandez\/"},"author":{"name":"ulises","@id":"https:\/\/www.celttv.com.ar\/#\/schema\/person\/6d99c072dba59953809c81446e9d0ace"},"headline":"LA CULTURA ES UN DERECHO Y SE PROTEGE COMPARTI\u00c9NDOLA (Escribe Norma Fernandez)","datePublished":"2013-09-03T15:25:24+00:00","dateModified":"2013-09-03T15:25:24+00:00","mainEntityOfPage":{"@id":"https:\/\/www.celttv.com.ar\/index.php\/2013\/09\/03\/la-cultura-es-un-derecho-y-se-protege-compartiendola-escribe-norma-fernandez\/"},"wordCount":828,"publisher":{"@id":"https:\/\/www.celttv.com.ar\/#organization"},"articleSection":["Comunidad","Destacadas","Opiniones"],"inLanguage":"es"},{"@type":"WebPage","@id":"https:\/\/www.celttv.com.ar\/index.php\/2013\/09\/03\/la-cultura-es-un-derecho-y-se-protege-compartiendola-escribe-norma-fernandez\/","url":"https:\/\/www.celttv.com.ar\/index.php\/2013\/09\/03\/la-cultura-es-un-derecho-y-se-protege-compartiendola-escribe-norma-fernandez\/","name":"LA CULTURA ES UN DERECHO Y SE PROTEGE COMPARTI\u00c9NDOLA (Escribe Norma Fernandez) - CELTTV","isPartOf":{"@id":"https:\/\/www.celttv.com.ar\/#website"},"datePublished":"2013-09-03T15:25:24+00:00","dateModified":"2013-09-03T15:25:24+00:00","description":"Sitio web de noticias de la localidad de Tornquist, provincia de Buenos Aires, Rep\u00fablica Argentina. Contenido propio originado por periodistas de CELTTV, el canal de TV local de la Cooperativa El\u00e9ctrica de Tornquist. Turismo, Pol\u00edtica, Sociedad, Deporte, Cultura y todo el contenido de inter\u00e9s general que la gente del pueblo y la regi\u00f3n debe conocer.","breadcrumb":{"@id":"https:\/\/www.celttv.com.ar\/index.php\/2013\/09\/03\/la-cultura-es-un-derecho-y-se-protege-compartiendola-escribe-norma-fernandez\/#breadcrumb"},"inLanguage":"es","potentialAction":[{"@type":"ReadAction","target":["https:\/\/www.celttv.com.ar\/index.php\/2013\/09\/03\/la-cultura-es-un-derecho-y-se-protege-compartiendola-escribe-norma-fernandez\/"]}]},{"@type":"BreadcrumbList","@id":"https:\/\/www.celttv.com.ar\/index.php\/2013\/09\/03\/la-cultura-es-un-derecho-y-se-protege-compartiendola-escribe-norma-fernandez\/#breadcrumb","itemListElement":[{"@type":"ListItem","position":1,"name":"Inicio","item":"https:\/\/www.celttv.com.ar\/"},{"@type":"ListItem","position":2,"name":"LA CULTURA ES UN DERECHO Y SE PROTEGE COMPARTI\u00c9NDOLA (Escribe Norma Fernandez)"}]},{"@type":"WebSite","@id":"https:\/\/www.celttv.com.ar\/#website","url":"https:\/\/www.celttv.com.ar\/","name":"CELTTV","description":"Cooperativa El\u00e9ctrica de Tornquist","publisher":{"@id":"https:\/\/www.celttv.com.ar\/#organization"},"potentialAction":[{"@type":"SearchAction","target":{"@type":"EntryPoint","urlTemplate":"https:\/\/www.celttv.com.ar\/?s={search_term_string}"},"query-input":"required name=search_term_string"}],"inLanguage":"es"},{"@type":"Organization","@id":"https:\/\/www.celttv.com.ar\/#organization","name":"CELTTV","url":"https:\/\/www.celttv.com.ar\/","sameAs":["https:\/\/www.youtube.com\/channel\/UCz_oIt8Hig64Ub-EmcNPIhg","https:\/\/www.facebook.com\/celtTV\/"],"logo":{"@type":"ImageObject","inLanguage":"es","@id":"https:\/\/www.celttv.com.ar\/#\/schema\/logo\/image\/","url":"http:\/\/www.celttv.com.ar\/wp-content\/uploads\/2022\/08\/logo-1.png","contentUrl":"http:\/\/www.celttv.com.ar\/wp-content\/uploads\/2022\/08\/logo-1.png","width":461,"height":159,"caption":"CELTTV"},"image":{"@id":"https:\/\/www.celttv.com.ar\/#\/schema\/logo\/image\/"}},{"@type":"Person","@id":"https:\/\/www.celttv.com.ar\/#\/schema\/person\/6d99c072dba59953809c81446e9d0ace","name":"ulises","image":{"@type":"ImageObject","inLanguage":"es","@id":"https:\/\/www.celttv.com.ar\/#\/schema\/person\/image\/","url":"https:\/\/secure.gravatar.com\/avatar\/7f2c48bdc33b30088f941fb6082e555f2874c98e20cb159d7b92b50eadfce793?s=96&d=mm&r=g","contentUrl":"https:\/\/secure.gravatar.com\/avatar\/7f2c48bdc33b30088f941fb6082e555f2874c98e20cb159d7b92b50eadfce793?s=96&d=mm&r=g","caption":"ulises"},"sameAs":["http:\/\/www.celttv.com.ar"]}]}},"_links":{"self":[{"href":"https:\/\/www.celttv.com.ar\/index.php\/wp-json\/wp\/v2\/posts\/13689","targetHints":{"allow":["GET"]}}],"collection":[{"href":"https:\/\/www.celttv.com.ar\/index.php\/wp-json\/wp\/v2\/posts"}],"about":[{"href":"https:\/\/www.celttv.com.ar\/index.php\/wp-json\/wp\/v2\/types\/post"}],"author":[{"embeddable":true,"href":"https:\/\/www.celttv.com.ar\/index.php\/wp-json\/wp\/v2\/users\/1"}],"replies":[{"embeddable":true,"href":"https:\/\/www.celttv.com.ar\/index.php\/wp-json\/wp\/v2\/comments?post=13689"}],"version-history":[{"count":0,"href":"https:\/\/www.celttv.com.ar\/index.php\/wp-json\/wp\/v2\/posts\/13689\/revisions"}],"wp:attachment":[{"href":"https:\/\/www.celttv.com.ar\/index.php\/wp-json\/wp\/v2\/media?parent=13689"}],"wp:term":[{"taxonomy":"category","embeddable":true,"href":"https:\/\/www.celttv.com.ar\/index.php\/wp-json\/wp\/v2\/categories?post=13689"},{"taxonomy":"post_tag","embeddable":true,"href":"https:\/\/www.celttv.com.ar\/index.php\/wp-json\/wp\/v2\/tags?post=13689"}],"curies":[{"name":"wp","href":"https:\/\/api.w.org\/{rel}","templated":true}]}}