{"id":13696,"date":"2013-09-03T19:26:24","date_gmt":"2013-09-03T19:26:24","guid":{"rendered":"http:\/\/www.tvcnoticias.com.ar\/?p=13696"},"modified":"2013-09-03T19:26:24","modified_gmt":"2013-09-03T19:26:24","slug":"seminario-taller-promocion-y-comercializacion-de-las-nuevas-modalidades-de-alojamiento","status":"publish","type":"post","link":"https:\/\/www.celttv.com.ar\/index.php\/2013\/09\/03\/seminario-taller-promocion-y-comercializacion-de-las-nuevas-modalidades-de-alojamiento\/","title":{"rendered":"Seminario Taller  &#8220;Promoci\u00f3n y Comercializaci\u00f3n de las Nuevas Modalidades de Alojamiento&#8221;"},"content":{"rendered":"<p>Un seminario Taller denominado &#8220;Promoci\u00f3n y Comercializaci\u00f3n de las Nuevas Modalidades de Alojamiento&#8221; se llevar\u00e1 a cabo el lunes 9 septiembre. El mismo, \u00a0organizado por Direcci\u00f3n de Turismo de la Municipalidad de Tornquist, se llevar\u00e1 a cabo en la Sala de Situaciones, sita en Sarmiento N\u00ba 53 y estar\u00e1 a cargo de la Lic. Cecilia Camou.<br \/>\nSe \u00a0invita a la comunidad a participar del Seminario Taller, que es la continuaci\u00f3n del que se dictara el pasado mes de junio. El cupo es limitado.<br \/>\nConsultas e Inscripci\u00f3n: Direcci\u00f3n de Turismo &#8211; Av. Gral. Paz N\u00b051 &#8211;\u00a0<a href=\"mailto:dttornquist@gmail.com\" target=\"_blank\" rel=\"noopener\">dttornquist@gmail.com<\/a> \u2013 tel. (0291) 494.0810<br \/>\nA continuaci\u00f3n se detallan las tem\u00e1ticas que se abordar\u00e1n:<br \/>\n<strong>M\u00f3dulo Introductorio:<\/strong><br \/>\n&#8211;\u00a0\u00a0\u00a0\u00a0\u00a0Alimentos &amp; bebidas: Como elaborar un desayuno memorable. Almuerzos tem\u00e1ticos. Rescate de la identidad.<br \/>\n&#8211;\u00a0\u00a0\u00a0\u00a0\u00a0\u00a0\u00a0\u00a0\u00a0\u00a0Amenities: los detalles que hacen la diferencia.<br \/>\n<strong>M\u00f3dulo 1:<\/strong><br \/>\n<strong>1.1La Importancia del Marketing<\/strong><br \/>\n1.1.1) Desarrollo del plan de marketing: a) Determinar objetivos, organizar estrategias y control del plan.<br \/>\n1.2) Dise\u00f1o e imagen del producto: Como hacer de su proyecto algo diferente.<br \/>\n1.3) Comunicaci\u00f3n y promoci\u00f3n: Lineamientos a seguir para la planificaci\u00f3n del desarrollo de piezas gr\u00e1ficas y visuales de promoci\u00f3n y comunicaci\u00f3n para proyectos de\u00a0 turismo. Dise\u00f1o y Creatividad Web.<br \/>\n<strong> M\u00f3dulo 2:<\/strong><br \/>\n<strong>2.1. Formas y acciones de promoci\u00f3n y comercializaci\u00f3n<\/strong><br \/>\n2.1.1) Participaci\u00f3n en ferias, workshops y otras actividades promocionales.<br \/>\n2.1.2) Actividades promocionales creativas. La importancia de las asociaciones estrat\u00e9gicas.<br \/>\n2.2) Como organizar un viaje de prensa y un fam tour.<br \/>\n<strong>M\u00f3dulo 3:<\/strong><br \/>\n<strong>3.1. El marketing del Nuevo Milenio<\/strong><br \/>\n3.1.1.) T\u00e9cnicas de comercializaci\u00f3n \u201ctradicionales\u201d con las soluciones de marketing que aportan las nuevas tecnolog\u00edas.<br \/>\n3.1.2. Entendiendo el \u00e1mbito Web 2.0, 3.0 y Travel 2.0 y 3.0 en hoteler\u00eda y turismo.<br \/>\nTrabajo en equipo: Definici\u00f3n de acciones promocionales para llevar adelante en un corto mediano plazo.<br \/>\n&nbsp;<br \/>\n&nbsp;<\/p>\n","protected":false},"excerpt":{"rendered":"<p>Un seminario Taller denominado &#8220;Promoci\u00f3n y Comercializaci\u00f3n de las Nuevas Modalidades de Alojamiento&#8221; se llevar\u00e1 a cabo el lunes 9 septiembre. El mismo, \u00a0organizado por Direcci\u00f3n de Turismo de la Municipalidad de Tornquist, se llevar\u00e1 a cabo en la Sala de Situaciones, sita en Sarmiento N\u00ba 53 y estar\u00e1 a cargo de la Lic. Cecilia [&hellip;]<\/p>\n","protected":false},"author":1,"featured_media":0,"comment_status":"closed","ping_status":"open","sticky":false,"template":"","format":"standard","meta":{"footnotes":""},"categories":[51,52,53],"tags":[],"class_list":["post-13696","post","type-post","status-publish","format-standard","hentry","category-comunidad","category-destacadas","category-politica"],"yoast_head":"<!-- This site is optimized with the Yoast SEO plugin v19.7.1 - https:\/\/yoast.com\/wordpress\/plugins\/seo\/ -->\n<title>Seminario Taller &quot;Promoci\u00f3n y Comercializaci\u00f3n de las Nuevas Modalidades de Alojamiento&quot; - CELTTV<\/title>\n<meta name=\"description\" content=\"Sitio web de noticias de la localidad de Tornquist, provincia de Buenos Aires, Rep\u00fablica Argentina. Contenido propio originado por periodistas de CELTTV, el canal de TV local de la Cooperativa El\u00e9ctrica de Tornquist. Turismo, Pol\u00edtica, Sociedad, Deporte, Cultura y todo el contenido de inter\u00e9s general que la gente del pueblo y la regi\u00f3n debe conocer.\" \/>\n<meta name=\"robots\" content=\"index, follow, max-snippet:-1, max-image-preview:large, max-video-preview:-1\" \/>\n<link rel=\"canonical\" href=\"https:\/\/www.celttv.com.ar\/index.php\/2013\/09\/03\/seminario-taller-promocion-y-comercializacion-de-las-nuevas-modalidades-de-alojamiento\/\" \/>\n<meta property=\"og:locale\" content=\"es_ES\" \/>\n<meta property=\"og:type\" content=\"article\" \/>\n<meta property=\"og:title\" content=\"Seminario Taller &quot;Promoci\u00f3n y Comercializaci\u00f3n de las Nuevas Modalidades de Alojamiento&quot; - CELTTV\" \/>\n<meta property=\"og:description\" content=\"Sitio web de noticias de la localidad de Tornquist, provincia de Buenos Aires, Rep\u00fablica Argentina. Contenido propio originado por periodistas de CELTTV, el canal de TV local de la Cooperativa El\u00e9ctrica de Tornquist. Turismo, Pol\u00edtica, Sociedad, Deporte, Cultura y todo el contenido de inter\u00e9s general que la gente del pueblo y la regi\u00f3n debe conocer.\" \/>\n<meta property=\"og:url\" content=\"https:\/\/www.celttv.com.ar\/index.php\/2013\/09\/03\/seminario-taller-promocion-y-comercializacion-de-las-nuevas-modalidades-de-alojamiento\/\" \/>\n<meta property=\"og:site_name\" content=\"CELTTV\" \/>\n<meta property=\"article:publisher\" content=\"https:\/\/www.facebook.com\/celtTV\/\" \/>\n<meta property=\"article:published_time\" content=\"2013-09-03T19:26:24+00:00\" \/>\n<meta name=\"author\" content=\"ulises\" \/>\n<meta name=\"twitter:card\" content=\"summary_large_image\" \/>\n<meta name=\"twitter:label1\" content=\"Escrito por\" \/>\n\t<meta name=\"twitter:data1\" content=\"ulises\" \/>\n\t<meta name=\"twitter:label2\" content=\"Tiempo de lectura\" \/>\n\t<meta name=\"twitter:data2\" content=\"2 minutos\" \/>\n<script type=\"application\/ld+json\" class=\"yoast-schema-graph\">{\"@context\":\"https:\/\/schema.org\",\"@graph\":[{\"@type\":\"NewsArticle\",\"@id\":\"https:\/\/www.celttv.com.ar\/index.php\/2013\/09\/03\/seminario-taller-promocion-y-comercializacion-de-las-nuevas-modalidades-de-alojamiento\/#article\",\"isPartOf\":{\"@id\":\"https:\/\/www.celttv.com.ar\/index.php\/2013\/09\/03\/seminario-taller-promocion-y-comercializacion-de-las-nuevas-modalidades-de-alojamiento\/\"},\"author\":{\"name\":\"ulises\",\"@id\":\"https:\/\/www.celttv.com.ar\/#\/schema\/person\/6d99c072dba59953809c81446e9d0ace\"},\"headline\":\"Seminario Taller &#8220;Promoci\u00f3n y Comercializaci\u00f3n de las Nuevas Modalidades de Alojamiento&#8221;\",\"datePublished\":\"2013-09-03T19:26:24+00:00\",\"dateModified\":\"2013-09-03T19:26:24+00:00\",\"mainEntityOfPage\":{\"@id\":\"https:\/\/www.celttv.com.ar\/index.php\/2013\/09\/03\/seminario-taller-promocion-y-comercializacion-de-las-nuevas-modalidades-de-alojamiento\/\"},\"wordCount\":317,\"publisher\":{\"@id\":\"https:\/\/www.celttv.com.ar\/#organization\"},\"articleSection\":[\"Comunidad\",\"Destacadas\",\"Pol\u00edtica\"],\"inLanguage\":\"es\"},{\"@type\":\"WebPage\",\"@id\":\"https:\/\/www.celttv.com.ar\/index.php\/2013\/09\/03\/seminario-taller-promocion-y-comercializacion-de-las-nuevas-modalidades-de-alojamiento\/\",\"url\":\"https:\/\/www.celttv.com.ar\/index.php\/2013\/09\/03\/seminario-taller-promocion-y-comercializacion-de-las-nuevas-modalidades-de-alojamiento\/\",\"name\":\"Seminario Taller \\\"Promoci\u00f3n y Comercializaci\u00f3n de las Nuevas Modalidades de Alojamiento\\\" - CELTTV\",\"isPartOf\":{\"@id\":\"https:\/\/www.celttv.com.ar\/#website\"},\"datePublished\":\"2013-09-03T19:26:24+00:00\",\"dateModified\":\"2013-09-03T19:26:24+00:00\",\"description\":\"Sitio web de noticias de la localidad de Tornquist, provincia de Buenos Aires, Rep\u00fablica Argentina. Contenido propio originado por periodistas de CELTTV, el canal de TV local de la Cooperativa El\u00e9ctrica de Tornquist. Turismo, Pol\u00edtica, Sociedad, Deporte, Cultura y todo el contenido de inter\u00e9s general que la gente del pueblo y la regi\u00f3n debe conocer.\",\"breadcrumb\":{\"@id\":\"https:\/\/www.celttv.com.ar\/index.php\/2013\/09\/03\/seminario-taller-promocion-y-comercializacion-de-las-nuevas-modalidades-de-alojamiento\/#breadcrumb\"},\"inLanguage\":\"es\",\"potentialAction\":[{\"@type\":\"ReadAction\",\"target\":[\"https:\/\/www.celttv.com.ar\/index.php\/2013\/09\/03\/seminario-taller-promocion-y-comercializacion-de-las-nuevas-modalidades-de-alojamiento\/\"]}]},{\"@type\":\"BreadcrumbList\",\"@id\":\"https:\/\/www.celttv.com.ar\/index.php\/2013\/09\/03\/seminario-taller-promocion-y-comercializacion-de-las-nuevas-modalidades-de-alojamiento\/#breadcrumb\",\"itemListElement\":[{\"@type\":\"ListItem\",\"position\":1,\"name\":\"Inicio\",\"item\":\"https:\/\/www.celttv.com.ar\/\"},{\"@type\":\"ListItem\",\"position\":2,\"name\":\"Seminario Taller &#8220;Promoci\u00f3n y Comercializaci\u00f3n de las Nuevas Modalidades de Alojamiento&#8221;\"}]},{\"@type\":\"WebSite\",\"@id\":\"https:\/\/www.celttv.com.ar\/#website\",\"url\":\"https:\/\/www.celttv.com.ar\/\",\"name\":\"CELTTV\",\"description\":\"Cooperativa El\u00e9ctrica de Tornquist\",\"publisher\":{\"@id\":\"https:\/\/www.celttv.com.ar\/#organization\"},\"potentialAction\":[{\"@type\":\"SearchAction\",\"target\":{\"@type\":\"EntryPoint\",\"urlTemplate\":\"https:\/\/www.celttv.com.ar\/?s={search_term_string}\"},\"query-input\":\"required name=search_term_string\"}],\"inLanguage\":\"es\"},{\"@type\":\"Organization\",\"@id\":\"https:\/\/www.celttv.com.ar\/#organization\",\"name\":\"CELTTV\",\"url\":\"https:\/\/www.celttv.com.ar\/\",\"sameAs\":[\"https:\/\/www.youtube.com\/channel\/UCz_oIt8Hig64Ub-EmcNPIhg\",\"https:\/\/www.facebook.com\/celtTV\/\"],\"logo\":{\"@type\":\"ImageObject\",\"inLanguage\":\"es\",\"@id\":\"https:\/\/www.celttv.com.ar\/#\/schema\/logo\/image\/\",\"url\":\"http:\/\/www.celttv.com.ar\/wp-content\/uploads\/2022\/08\/logo-1.png\",\"contentUrl\":\"http:\/\/www.celttv.com.ar\/wp-content\/uploads\/2022\/08\/logo-1.png\",\"width\":461,\"height\":159,\"caption\":\"CELTTV\"},\"image\":{\"@id\":\"https:\/\/www.celttv.com.ar\/#\/schema\/logo\/image\/\"}},{\"@type\":\"Person\",\"@id\":\"https:\/\/www.celttv.com.ar\/#\/schema\/person\/6d99c072dba59953809c81446e9d0ace\",\"name\":\"ulises\",\"image\":{\"@type\":\"ImageObject\",\"inLanguage\":\"es\",\"@id\":\"https:\/\/www.celttv.com.ar\/#\/schema\/person\/image\/\",\"url\":\"https:\/\/secure.gravatar.com\/avatar\/7f2c48bdc33b30088f941fb6082e555f2874c98e20cb159d7b92b50eadfce793?s=96&d=mm&r=g\",\"contentUrl\":\"https:\/\/secure.gravatar.com\/avatar\/7f2c48bdc33b30088f941fb6082e555f2874c98e20cb159d7b92b50eadfce793?s=96&d=mm&r=g\",\"caption\":\"ulises\"},\"sameAs\":[\"http:\/\/www.celttv.com.ar\"]}]}<\/script>\n<!-- \/ Yoast SEO plugin. -->","yoast_head_json":{"title":"Seminario Taller \"Promoci\u00f3n y Comercializaci\u00f3n de las Nuevas Modalidades de Alojamiento\" - CELTTV","description":"Sitio web de noticias de la localidad de Tornquist, provincia de Buenos Aires, Rep\u00fablica Argentina. Contenido propio originado por periodistas de CELTTV, el canal de TV local de la Cooperativa El\u00e9ctrica de Tornquist. Turismo, Pol\u00edtica, Sociedad, Deporte, Cultura y todo el contenido de inter\u00e9s general que la gente del pueblo y la regi\u00f3n debe conocer.","robots":{"index":"index","follow":"follow","max-snippet":"max-snippet:-1","max-image-preview":"max-image-preview:large","max-video-preview":"max-video-preview:-1"},"canonical":"https:\/\/www.celttv.com.ar\/index.php\/2013\/09\/03\/seminario-taller-promocion-y-comercializacion-de-las-nuevas-modalidades-de-alojamiento\/","og_locale":"es_ES","og_type":"article","og_title":"Seminario Taller \"Promoci\u00f3n y Comercializaci\u00f3n de las Nuevas Modalidades de Alojamiento\" - CELTTV","og_description":"Sitio web de noticias de la localidad de Tornquist, provincia de Buenos Aires, Rep\u00fablica Argentina. Contenido propio originado por periodistas de CELTTV, el canal de TV local de la Cooperativa El\u00e9ctrica de Tornquist. Turismo, Pol\u00edtica, Sociedad, Deporte, Cultura y todo el contenido de inter\u00e9s general que la gente del pueblo y la regi\u00f3n debe conocer.","og_url":"https:\/\/www.celttv.com.ar\/index.php\/2013\/09\/03\/seminario-taller-promocion-y-comercializacion-de-las-nuevas-modalidades-de-alojamiento\/","og_site_name":"CELTTV","article_publisher":"https:\/\/www.facebook.com\/celtTV\/","article_published_time":"2013-09-03T19:26:24+00:00","author":"ulises","twitter_card":"summary_large_image","twitter_misc":{"Escrito por":"ulises","Tiempo de lectura":"2 minutos"},"schema":{"@context":"https:\/\/schema.org","@graph":[{"@type":"NewsArticle","@id":"https:\/\/www.celttv.com.ar\/index.php\/2013\/09\/03\/seminario-taller-promocion-y-comercializacion-de-las-nuevas-modalidades-de-alojamiento\/#article","isPartOf":{"@id":"https:\/\/www.celttv.com.ar\/index.php\/2013\/09\/03\/seminario-taller-promocion-y-comercializacion-de-las-nuevas-modalidades-de-alojamiento\/"},"author":{"name":"ulises","@id":"https:\/\/www.celttv.com.ar\/#\/schema\/person\/6d99c072dba59953809c81446e9d0ace"},"headline":"Seminario Taller &#8220;Promoci\u00f3n y Comercializaci\u00f3n de las Nuevas Modalidades de Alojamiento&#8221;","datePublished":"2013-09-03T19:26:24+00:00","dateModified":"2013-09-03T19:26:24+00:00","mainEntityOfPage":{"@id":"https:\/\/www.celttv.com.ar\/index.php\/2013\/09\/03\/seminario-taller-promocion-y-comercializacion-de-las-nuevas-modalidades-de-alojamiento\/"},"wordCount":317,"publisher":{"@id":"https:\/\/www.celttv.com.ar\/#organization"},"articleSection":["Comunidad","Destacadas","Pol\u00edtica"],"inLanguage":"es"},{"@type":"WebPage","@id":"https:\/\/www.celttv.com.ar\/index.php\/2013\/09\/03\/seminario-taller-promocion-y-comercializacion-de-las-nuevas-modalidades-de-alojamiento\/","url":"https:\/\/www.celttv.com.ar\/index.php\/2013\/09\/03\/seminario-taller-promocion-y-comercializacion-de-las-nuevas-modalidades-de-alojamiento\/","name":"Seminario Taller \"Promoci\u00f3n y Comercializaci\u00f3n de las Nuevas Modalidades de Alojamiento\" - CELTTV","isPartOf":{"@id":"https:\/\/www.celttv.com.ar\/#website"},"datePublished":"2013-09-03T19:26:24+00:00","dateModified":"2013-09-03T19:26:24+00:00","description":"Sitio web de noticias de la localidad de Tornquist, provincia de Buenos Aires, Rep\u00fablica Argentina. Contenido propio originado por periodistas de CELTTV, el canal de TV local de la Cooperativa El\u00e9ctrica de Tornquist. Turismo, Pol\u00edtica, Sociedad, Deporte, Cultura y todo el contenido de inter\u00e9s general que la gente del pueblo y la regi\u00f3n debe conocer.","breadcrumb":{"@id":"https:\/\/www.celttv.com.ar\/index.php\/2013\/09\/03\/seminario-taller-promocion-y-comercializacion-de-las-nuevas-modalidades-de-alojamiento\/#breadcrumb"},"inLanguage":"es","potentialAction":[{"@type":"ReadAction","target":["https:\/\/www.celttv.com.ar\/index.php\/2013\/09\/03\/seminario-taller-promocion-y-comercializacion-de-las-nuevas-modalidades-de-alojamiento\/"]}]},{"@type":"BreadcrumbList","@id":"https:\/\/www.celttv.com.ar\/index.php\/2013\/09\/03\/seminario-taller-promocion-y-comercializacion-de-las-nuevas-modalidades-de-alojamiento\/#breadcrumb","itemListElement":[{"@type":"ListItem","position":1,"name":"Inicio","item":"https:\/\/www.celttv.com.ar\/"},{"@type":"ListItem","position":2,"name":"Seminario Taller &#8220;Promoci\u00f3n y Comercializaci\u00f3n de las Nuevas Modalidades de Alojamiento&#8221;"}]},{"@type":"WebSite","@id":"https:\/\/www.celttv.com.ar\/#website","url":"https:\/\/www.celttv.com.ar\/","name":"CELTTV","description":"Cooperativa El\u00e9ctrica de Tornquist","publisher":{"@id":"https:\/\/www.celttv.com.ar\/#organization"},"potentialAction":[{"@type":"SearchAction","target":{"@type":"EntryPoint","urlTemplate":"https:\/\/www.celttv.com.ar\/?s={search_term_string}"},"query-input":"required name=search_term_string"}],"inLanguage":"es"},{"@type":"Organization","@id":"https:\/\/www.celttv.com.ar\/#organization","name":"CELTTV","url":"https:\/\/www.celttv.com.ar\/","sameAs":["https:\/\/www.youtube.com\/channel\/UCz_oIt8Hig64Ub-EmcNPIhg","https:\/\/www.facebook.com\/celtTV\/"],"logo":{"@type":"ImageObject","inLanguage":"es","@id":"https:\/\/www.celttv.com.ar\/#\/schema\/logo\/image\/","url":"http:\/\/www.celttv.com.ar\/wp-content\/uploads\/2022\/08\/logo-1.png","contentUrl":"http:\/\/www.celttv.com.ar\/wp-content\/uploads\/2022\/08\/logo-1.png","width":461,"height":159,"caption":"CELTTV"},"image":{"@id":"https:\/\/www.celttv.com.ar\/#\/schema\/logo\/image\/"}},{"@type":"Person","@id":"https:\/\/www.celttv.com.ar\/#\/schema\/person\/6d99c072dba59953809c81446e9d0ace","name":"ulises","image":{"@type":"ImageObject","inLanguage":"es","@id":"https:\/\/www.celttv.com.ar\/#\/schema\/person\/image\/","url":"https:\/\/secure.gravatar.com\/avatar\/7f2c48bdc33b30088f941fb6082e555f2874c98e20cb159d7b92b50eadfce793?s=96&d=mm&r=g","contentUrl":"https:\/\/secure.gravatar.com\/avatar\/7f2c48bdc33b30088f941fb6082e555f2874c98e20cb159d7b92b50eadfce793?s=96&d=mm&r=g","caption":"ulises"},"sameAs":["http:\/\/www.celttv.com.ar"]}]}},"_links":{"self":[{"href":"https:\/\/www.celttv.com.ar\/index.php\/wp-json\/wp\/v2\/posts\/13696","targetHints":{"allow":["GET"]}}],"collection":[{"href":"https:\/\/www.celttv.com.ar\/index.php\/wp-json\/wp\/v2\/posts"}],"about":[{"href":"https:\/\/www.celttv.com.ar\/index.php\/wp-json\/wp\/v2\/types\/post"}],"author":[{"embeddable":true,"href":"https:\/\/www.celttv.com.ar\/index.php\/wp-json\/wp\/v2\/users\/1"}],"replies":[{"embeddable":true,"href":"https:\/\/www.celttv.com.ar\/index.php\/wp-json\/wp\/v2\/comments?post=13696"}],"version-history":[{"count":0,"href":"https:\/\/www.celttv.com.ar\/index.php\/wp-json\/wp\/v2\/posts\/13696\/revisions"}],"wp:attachment":[{"href":"https:\/\/www.celttv.com.ar\/index.php\/wp-json\/wp\/v2\/media?parent=13696"}],"wp:term":[{"taxonomy":"category","embeddable":true,"href":"https:\/\/www.celttv.com.ar\/index.php\/wp-json\/wp\/v2\/categories?post=13696"},{"taxonomy":"post_tag","embeddable":true,"href":"https:\/\/www.celttv.com.ar\/index.php\/wp-json\/wp\/v2\/tags?post=13696"}],"curies":[{"name":"wp","href":"https:\/\/api.w.org\/{rel}","templated":true}]}}