{"id":13705,"date":"2013-09-03T22:16:46","date_gmt":"2013-09-03T22:16:46","guid":{"rendered":"http:\/\/www.tvcnoticias.com.ar\/?p=13705"},"modified":"2013-09-03T22:16:46","modified_gmt":"2013-09-03T22:16:46","slug":"cordon-cuneta-frente-al-nuevo-edificio-del-taller-protegido-nota-y-fotos","status":"publish","type":"post","link":"https:\/\/www.celttv.com.ar\/index.php\/2013\/09\/03\/cordon-cuneta-frente-al-nuevo-edificio-del-taller-protegido-nota-y-fotos\/","title":{"rendered":"CORDON CUNETA FRENTE AL NUEVO EDIFICIO DEL TALLER PROTEGIDO (nota y fotos)"},"content":{"rendered":"<p><a href=\"http:\/\/www.youtube.com\/watch?v=MY5yEZvOLfM\"><a href=\"http:\/\/www.youtube.com\/watch?v=MY5yEZvOLfM\">httpv:\/\/www.youtube.com\/watch?v=MY5yEZvOLfM<\/a><\/a><br \/>\nEl intendente municipal, licenciado Gustavo Trankels, particip\u00f3 en la ma\u00f1ana del pasado s\u00e1bado de la reanudaci\u00f3n de los trabajos de construcci\u00f3n de cord\u00f3n cuneta en el distrito, en el marco de una pol\u00edtica integral iniciada hace algunos a\u00f1os.<br \/>\nEn este caso, los trabajos se est\u00e1n ejecutando en calle Intendente Ruppel, entre 12 de Octubre y General Paz, de la ciudad cabecera, cuadra en donde pr\u00f3ximamente funcionar\u00e1 la nueva sede del Taller Protegido.<br \/>\n\u201cEsta ejecuci\u00f3n permitir\u00e1 nivelar la vereda en esta nueva construcci\u00f3n que llev\u00f3 adelante el Taller Protegido. Adem\u00e1s, la conformaci\u00f3n de la calle y el trabajo de entoscado se facilita cuando se cuenta con cord\u00f3n cuneta\u201d, confi\u00f3 el jefe comunal.<br \/>\n\u201cUna empresa local est\u00e1 trabajando en el hormigonado y este avance nos pone muy contentos. Los trabajos forman parte de un nuevo plan de cord\u00f3n cuneta que comenzamos y que comprende m\u00e1s de 1.400 metros lineales, que incluir\u00e1n algunos sectores de los barrios Sur y Norte de la ciudad cabecera y algunas cuadras en Chasic\u00f3. Esta ejecuci\u00f3n forma parte del Plan M\u00e1s Cerca: M\u00e1s Municipio, Mejor Pa\u00eds, M\u00e1s Patria\u201d, \u00a0explic\u00f3.<br \/>\nEste programa se desarrolla bajo la \u00f3rbita del Ministerio de Planificaci\u00f3n Federal, Inversi\u00f3n P\u00fablica y Servicios de la Naci\u00f3n, que se encuentra a cargo del arquitecto Julio De Vido.<br \/>\nLa nivelaci\u00f3n previamente realizada responde al proyecto integral de desag\u00fces pluviales de la ciudad cabecera, mientras que los materiales utilizados son de primera calidad (hormig\u00f3n h 21)<br \/>\nLa construcci\u00f3n de cord\u00f3n cuneta se suma a los m\u00e1s de 22 mil metros concretados durante la gesti\u00f3n del intendente Gustavo Trankels y se extender\u00e1 por diferentes sectores en los pr\u00f3ximos d\u00edas, junto con los trabajos de base que agentes municipales est\u00e1n realizando en las calles que ser\u00e1n pavimentadas en la ciudad de Tornquist.<br \/>\n<\/p>\n","protected":false},"excerpt":{"rendered":"<p>httpv:\/\/www.youtube.com\/watch?v=MY5yEZvOLfM El intendente municipal, licenciado Gustavo Trankels, particip\u00f3 en la ma\u00f1ana del pasado s\u00e1bado de la reanudaci\u00f3n de los trabajos de construcci\u00f3n de cord\u00f3n cuneta en el distrito, en el marco de una pol\u00edtica integral iniciada hace algunos a\u00f1os. En este caso, los trabajos se est\u00e1n ejecutando en calle Intendente Ruppel, entre 12 de Octubre [&hellip;]<\/p>\n","protected":false},"author":1,"featured_media":0,"comment_status":"closed","ping_status":"open","sticky":false,"template":"","format":"standard","meta":{"footnotes":""},"categories":[51,52,53,64],"tags":[],"class_list":["post-13705","post","type-post","status-publish","format-standard","hentry","category-comunidad","category-destacadas","category-politica","category-videos-destacados"],"yoast_head":"<!-- This site is optimized with the Yoast SEO plugin v19.7.1 - https:\/\/yoast.com\/wordpress\/plugins\/seo\/ -->\n<title>CORDON CUNETA FRENTE AL NUEVO EDIFICIO DEL TALLER PROTEGIDO (nota y fotos) - CELTTV<\/title>\n<meta name=\"description\" content=\"Sitio web de noticias de la localidad de Tornquist, provincia de Buenos Aires, Rep\u00fablica Argentina. Contenido propio originado por periodistas de CELTTV, el canal de TV local de la Cooperativa El\u00e9ctrica de Tornquist. Turismo, Pol\u00edtica, Sociedad, Deporte, Cultura y todo el contenido de inter\u00e9s general que la gente del pueblo y la regi\u00f3n debe conocer.\" \/>\n<meta name=\"robots\" content=\"index, follow, max-snippet:-1, max-image-preview:large, max-video-preview:-1\" \/>\n<link rel=\"canonical\" href=\"https:\/\/www.celttv.com.ar\/index.php\/2013\/09\/03\/cordon-cuneta-frente-al-nuevo-edificio-del-taller-protegido-nota-y-fotos\/\" \/>\n<meta property=\"og:locale\" content=\"es_ES\" \/>\n<meta property=\"og:type\" content=\"article\" \/>\n<meta property=\"og:title\" content=\"CORDON CUNETA FRENTE AL NUEVO EDIFICIO DEL TALLER PROTEGIDO (nota y fotos) - CELTTV\" \/>\n<meta property=\"og:description\" content=\"Sitio web de noticias de la localidad de Tornquist, provincia de Buenos Aires, Rep\u00fablica Argentina. Contenido propio originado por periodistas de CELTTV, el canal de TV local de la Cooperativa El\u00e9ctrica de Tornquist. Turismo, Pol\u00edtica, Sociedad, Deporte, Cultura y todo el contenido de inter\u00e9s general que la gente del pueblo y la regi\u00f3n debe conocer.\" \/>\n<meta property=\"og:url\" content=\"https:\/\/www.celttv.com.ar\/index.php\/2013\/09\/03\/cordon-cuneta-frente-al-nuevo-edificio-del-taller-protegido-nota-y-fotos\/\" \/>\n<meta property=\"og:site_name\" content=\"CELTTV\" \/>\n<meta property=\"article:publisher\" content=\"https:\/\/www.facebook.com\/celtTV\/\" \/>\n<meta property=\"article:published_time\" content=\"2013-09-03T22:16:46+00:00\" \/>\n<meta name=\"author\" content=\"ulises\" \/>\n<meta name=\"twitter:card\" content=\"summary_large_image\" \/>\n<meta name=\"twitter:label1\" content=\"Escrito por\" \/>\n\t<meta name=\"twitter:data1\" content=\"ulises\" \/>\n\t<meta name=\"twitter:label2\" content=\"Tiempo de lectura\" \/>\n\t<meta name=\"twitter:data2\" content=\"2 minutos\" \/>\n<script type=\"application\/ld+json\" class=\"yoast-schema-graph\">{\"@context\":\"https:\/\/schema.org\",\"@graph\":[{\"@type\":\"NewsArticle\",\"@id\":\"https:\/\/www.celttv.com.ar\/index.php\/2013\/09\/03\/cordon-cuneta-frente-al-nuevo-edificio-del-taller-protegido-nota-y-fotos\/#article\",\"isPartOf\":{\"@id\":\"https:\/\/www.celttv.com.ar\/index.php\/2013\/09\/03\/cordon-cuneta-frente-al-nuevo-edificio-del-taller-protegido-nota-y-fotos\/\"},\"author\":{\"name\":\"ulises\",\"@id\":\"https:\/\/www.celttv.com.ar\/#\/schema\/person\/6d99c072dba59953809c81446e9d0ace\"},\"headline\":\"CORDON CUNETA FRENTE AL NUEVO EDIFICIO DEL TALLER PROTEGIDO (nota y fotos)\",\"datePublished\":\"2013-09-03T22:16:46+00:00\",\"dateModified\":\"2013-09-03T22:16:46+00:00\",\"mainEntityOfPage\":{\"@id\":\"https:\/\/www.celttv.com.ar\/index.php\/2013\/09\/03\/cordon-cuneta-frente-al-nuevo-edificio-del-taller-protegido-nota-y-fotos\/\"},\"wordCount\":348,\"publisher\":{\"@id\":\"https:\/\/www.celttv.com.ar\/#organization\"},\"articleSection\":[\"Comunidad\",\"Destacadas\",\"Pol\u00edtica\",\"Videos Destacados\"],\"inLanguage\":\"es\"},{\"@type\":\"WebPage\",\"@id\":\"https:\/\/www.celttv.com.ar\/index.php\/2013\/09\/03\/cordon-cuneta-frente-al-nuevo-edificio-del-taller-protegido-nota-y-fotos\/\",\"url\":\"https:\/\/www.celttv.com.ar\/index.php\/2013\/09\/03\/cordon-cuneta-frente-al-nuevo-edificio-del-taller-protegido-nota-y-fotos\/\",\"name\":\"CORDON CUNETA FRENTE AL NUEVO EDIFICIO DEL TALLER PROTEGIDO (nota y fotos) - CELTTV\",\"isPartOf\":{\"@id\":\"https:\/\/www.celttv.com.ar\/#website\"},\"datePublished\":\"2013-09-03T22:16:46+00:00\",\"dateModified\":\"2013-09-03T22:16:46+00:00\",\"description\":\"Sitio web de noticias de la localidad de Tornquist, provincia de Buenos Aires, Rep\u00fablica Argentina. Contenido propio originado por periodistas de CELTTV, el canal de TV local de la Cooperativa El\u00e9ctrica de Tornquist. Turismo, Pol\u00edtica, Sociedad, Deporte, Cultura y todo el contenido de inter\u00e9s general que la gente del pueblo y la regi\u00f3n debe conocer.\",\"breadcrumb\":{\"@id\":\"https:\/\/www.celttv.com.ar\/index.php\/2013\/09\/03\/cordon-cuneta-frente-al-nuevo-edificio-del-taller-protegido-nota-y-fotos\/#breadcrumb\"},\"inLanguage\":\"es\",\"potentialAction\":[{\"@type\":\"ReadAction\",\"target\":[\"https:\/\/www.celttv.com.ar\/index.php\/2013\/09\/03\/cordon-cuneta-frente-al-nuevo-edificio-del-taller-protegido-nota-y-fotos\/\"]}]},{\"@type\":\"BreadcrumbList\",\"@id\":\"https:\/\/www.celttv.com.ar\/index.php\/2013\/09\/03\/cordon-cuneta-frente-al-nuevo-edificio-del-taller-protegido-nota-y-fotos\/#breadcrumb\",\"itemListElement\":[{\"@type\":\"ListItem\",\"position\":1,\"name\":\"Inicio\",\"item\":\"https:\/\/www.celttv.com.ar\/\"},{\"@type\":\"ListItem\",\"position\":2,\"name\":\"CORDON CUNETA FRENTE AL NUEVO EDIFICIO DEL TALLER PROTEGIDO (nota y fotos)\"}]},{\"@type\":\"WebSite\",\"@id\":\"https:\/\/www.celttv.com.ar\/#website\",\"url\":\"https:\/\/www.celttv.com.ar\/\",\"name\":\"CELTTV\",\"description\":\"Cooperativa El\u00e9ctrica de Tornquist\",\"publisher\":{\"@id\":\"https:\/\/www.celttv.com.ar\/#organization\"},\"potentialAction\":[{\"@type\":\"SearchAction\",\"target\":{\"@type\":\"EntryPoint\",\"urlTemplate\":\"https:\/\/www.celttv.com.ar\/?s={search_term_string}\"},\"query-input\":\"required name=search_term_string\"}],\"inLanguage\":\"es\"},{\"@type\":\"Organization\",\"@id\":\"https:\/\/www.celttv.com.ar\/#organization\",\"name\":\"CELTTV\",\"url\":\"https:\/\/www.celttv.com.ar\/\",\"sameAs\":[\"https:\/\/www.youtube.com\/channel\/UCz_oIt8Hig64Ub-EmcNPIhg\",\"https:\/\/www.facebook.com\/celtTV\/\"],\"logo\":{\"@type\":\"ImageObject\",\"inLanguage\":\"es\",\"@id\":\"https:\/\/www.celttv.com.ar\/#\/schema\/logo\/image\/\",\"url\":\"http:\/\/www.celttv.com.ar\/wp-content\/uploads\/2022\/08\/logo-1.png\",\"contentUrl\":\"http:\/\/www.celttv.com.ar\/wp-content\/uploads\/2022\/08\/logo-1.png\",\"width\":461,\"height\":159,\"caption\":\"CELTTV\"},\"image\":{\"@id\":\"https:\/\/www.celttv.com.ar\/#\/schema\/logo\/image\/\"}},{\"@type\":\"Person\",\"@id\":\"https:\/\/www.celttv.com.ar\/#\/schema\/person\/6d99c072dba59953809c81446e9d0ace\",\"name\":\"ulises\",\"image\":{\"@type\":\"ImageObject\",\"inLanguage\":\"es\",\"@id\":\"https:\/\/www.celttv.com.ar\/#\/schema\/person\/image\/\",\"url\":\"https:\/\/secure.gravatar.com\/avatar\/7f2c48bdc33b30088f941fb6082e555f2874c98e20cb159d7b92b50eadfce793?s=96&d=mm&r=g\",\"contentUrl\":\"https:\/\/secure.gravatar.com\/avatar\/7f2c48bdc33b30088f941fb6082e555f2874c98e20cb159d7b92b50eadfce793?s=96&d=mm&r=g\",\"caption\":\"ulises\"},\"sameAs\":[\"http:\/\/www.celttv.com.ar\"]}]}<\/script>\n<!-- \/ Yoast SEO plugin. -->","yoast_head_json":{"title":"CORDON CUNETA FRENTE AL NUEVO EDIFICIO DEL TALLER PROTEGIDO (nota y fotos) - CELTTV","description":"Sitio web de noticias de la localidad de Tornquist, provincia de Buenos Aires, Rep\u00fablica Argentina. Contenido propio originado por periodistas de CELTTV, el canal de TV local de la Cooperativa El\u00e9ctrica de Tornquist. Turismo, Pol\u00edtica, Sociedad, Deporte, Cultura y todo el contenido de inter\u00e9s general que la gente del pueblo y la regi\u00f3n debe conocer.","robots":{"index":"index","follow":"follow","max-snippet":"max-snippet:-1","max-image-preview":"max-image-preview:large","max-video-preview":"max-video-preview:-1"},"canonical":"https:\/\/www.celttv.com.ar\/index.php\/2013\/09\/03\/cordon-cuneta-frente-al-nuevo-edificio-del-taller-protegido-nota-y-fotos\/","og_locale":"es_ES","og_type":"article","og_title":"CORDON CUNETA FRENTE AL NUEVO EDIFICIO DEL TALLER PROTEGIDO (nota y fotos) - CELTTV","og_description":"Sitio web de noticias de la localidad de Tornquist, provincia de Buenos Aires, Rep\u00fablica Argentina. Contenido propio originado por periodistas de CELTTV, el canal de TV local de la Cooperativa El\u00e9ctrica de Tornquist. Turismo, Pol\u00edtica, Sociedad, Deporte, Cultura y todo el contenido de inter\u00e9s general que la gente del pueblo y la regi\u00f3n debe conocer.","og_url":"https:\/\/www.celttv.com.ar\/index.php\/2013\/09\/03\/cordon-cuneta-frente-al-nuevo-edificio-del-taller-protegido-nota-y-fotos\/","og_site_name":"CELTTV","article_publisher":"https:\/\/www.facebook.com\/celtTV\/","article_published_time":"2013-09-03T22:16:46+00:00","author":"ulises","twitter_card":"summary_large_image","twitter_misc":{"Escrito por":"ulises","Tiempo de lectura":"2 minutos"},"schema":{"@context":"https:\/\/schema.org","@graph":[{"@type":"NewsArticle","@id":"https:\/\/www.celttv.com.ar\/index.php\/2013\/09\/03\/cordon-cuneta-frente-al-nuevo-edificio-del-taller-protegido-nota-y-fotos\/#article","isPartOf":{"@id":"https:\/\/www.celttv.com.ar\/index.php\/2013\/09\/03\/cordon-cuneta-frente-al-nuevo-edificio-del-taller-protegido-nota-y-fotos\/"},"author":{"name":"ulises","@id":"https:\/\/www.celttv.com.ar\/#\/schema\/person\/6d99c072dba59953809c81446e9d0ace"},"headline":"CORDON CUNETA FRENTE AL NUEVO EDIFICIO DEL TALLER PROTEGIDO (nota y fotos)","datePublished":"2013-09-03T22:16:46+00:00","dateModified":"2013-09-03T22:16:46+00:00","mainEntityOfPage":{"@id":"https:\/\/www.celttv.com.ar\/index.php\/2013\/09\/03\/cordon-cuneta-frente-al-nuevo-edificio-del-taller-protegido-nota-y-fotos\/"},"wordCount":348,"publisher":{"@id":"https:\/\/www.celttv.com.ar\/#organization"},"articleSection":["Comunidad","Destacadas","Pol\u00edtica","Videos Destacados"],"inLanguage":"es"},{"@type":"WebPage","@id":"https:\/\/www.celttv.com.ar\/index.php\/2013\/09\/03\/cordon-cuneta-frente-al-nuevo-edificio-del-taller-protegido-nota-y-fotos\/","url":"https:\/\/www.celttv.com.ar\/index.php\/2013\/09\/03\/cordon-cuneta-frente-al-nuevo-edificio-del-taller-protegido-nota-y-fotos\/","name":"CORDON CUNETA FRENTE AL NUEVO EDIFICIO DEL TALLER PROTEGIDO (nota y fotos) - CELTTV","isPartOf":{"@id":"https:\/\/www.celttv.com.ar\/#website"},"datePublished":"2013-09-03T22:16:46+00:00","dateModified":"2013-09-03T22:16:46+00:00","description":"Sitio web de noticias de la localidad de Tornquist, provincia de Buenos Aires, Rep\u00fablica Argentina. Contenido propio originado por periodistas de CELTTV, el canal de TV local de la Cooperativa El\u00e9ctrica de Tornquist. Turismo, Pol\u00edtica, Sociedad, Deporte, Cultura y todo el contenido de inter\u00e9s general que la gente del pueblo y la regi\u00f3n debe conocer.","breadcrumb":{"@id":"https:\/\/www.celttv.com.ar\/index.php\/2013\/09\/03\/cordon-cuneta-frente-al-nuevo-edificio-del-taller-protegido-nota-y-fotos\/#breadcrumb"},"inLanguage":"es","potentialAction":[{"@type":"ReadAction","target":["https:\/\/www.celttv.com.ar\/index.php\/2013\/09\/03\/cordon-cuneta-frente-al-nuevo-edificio-del-taller-protegido-nota-y-fotos\/"]}]},{"@type":"BreadcrumbList","@id":"https:\/\/www.celttv.com.ar\/index.php\/2013\/09\/03\/cordon-cuneta-frente-al-nuevo-edificio-del-taller-protegido-nota-y-fotos\/#breadcrumb","itemListElement":[{"@type":"ListItem","position":1,"name":"Inicio","item":"https:\/\/www.celttv.com.ar\/"},{"@type":"ListItem","position":2,"name":"CORDON CUNETA FRENTE AL NUEVO EDIFICIO DEL TALLER PROTEGIDO (nota y fotos)"}]},{"@type":"WebSite","@id":"https:\/\/www.celttv.com.ar\/#website","url":"https:\/\/www.celttv.com.ar\/","name":"CELTTV","description":"Cooperativa El\u00e9ctrica de Tornquist","publisher":{"@id":"https:\/\/www.celttv.com.ar\/#organization"},"potentialAction":[{"@type":"SearchAction","target":{"@type":"EntryPoint","urlTemplate":"https:\/\/www.celttv.com.ar\/?s={search_term_string}"},"query-input":"required name=search_term_string"}],"inLanguage":"es"},{"@type":"Organization","@id":"https:\/\/www.celttv.com.ar\/#organization","name":"CELTTV","url":"https:\/\/www.celttv.com.ar\/","sameAs":["https:\/\/www.youtube.com\/channel\/UCz_oIt8Hig64Ub-EmcNPIhg","https:\/\/www.facebook.com\/celtTV\/"],"logo":{"@type":"ImageObject","inLanguage":"es","@id":"https:\/\/www.celttv.com.ar\/#\/schema\/logo\/image\/","url":"http:\/\/www.celttv.com.ar\/wp-content\/uploads\/2022\/08\/logo-1.png","contentUrl":"http:\/\/www.celttv.com.ar\/wp-content\/uploads\/2022\/08\/logo-1.png","width":461,"height":159,"caption":"CELTTV"},"image":{"@id":"https:\/\/www.celttv.com.ar\/#\/schema\/logo\/image\/"}},{"@type":"Person","@id":"https:\/\/www.celttv.com.ar\/#\/schema\/person\/6d99c072dba59953809c81446e9d0ace","name":"ulises","image":{"@type":"ImageObject","inLanguage":"es","@id":"https:\/\/www.celttv.com.ar\/#\/schema\/person\/image\/","url":"https:\/\/secure.gravatar.com\/avatar\/7f2c48bdc33b30088f941fb6082e555f2874c98e20cb159d7b92b50eadfce793?s=96&d=mm&r=g","contentUrl":"https:\/\/secure.gravatar.com\/avatar\/7f2c48bdc33b30088f941fb6082e555f2874c98e20cb159d7b92b50eadfce793?s=96&d=mm&r=g","caption":"ulises"},"sameAs":["http:\/\/www.celttv.com.ar"]}]}},"_links":{"self":[{"href":"https:\/\/www.celttv.com.ar\/index.php\/wp-json\/wp\/v2\/posts\/13705","targetHints":{"allow":["GET"]}}],"collection":[{"href":"https:\/\/www.celttv.com.ar\/index.php\/wp-json\/wp\/v2\/posts"}],"about":[{"href":"https:\/\/www.celttv.com.ar\/index.php\/wp-json\/wp\/v2\/types\/post"}],"author":[{"embeddable":true,"href":"https:\/\/www.celttv.com.ar\/index.php\/wp-json\/wp\/v2\/users\/1"}],"replies":[{"embeddable":true,"href":"https:\/\/www.celttv.com.ar\/index.php\/wp-json\/wp\/v2\/comments?post=13705"}],"version-history":[{"count":0,"href":"https:\/\/www.celttv.com.ar\/index.php\/wp-json\/wp\/v2\/posts\/13705\/revisions"}],"wp:attachment":[{"href":"https:\/\/www.celttv.com.ar\/index.php\/wp-json\/wp\/v2\/media?parent=13705"}],"wp:term":[{"taxonomy":"category","embeddable":true,"href":"https:\/\/www.celttv.com.ar\/index.php\/wp-json\/wp\/v2\/categories?post=13705"},{"taxonomy":"post_tag","embeddable":true,"href":"https:\/\/www.celttv.com.ar\/index.php\/wp-json\/wp\/v2\/tags?post=13705"}],"curies":[{"name":"wp","href":"https:\/\/api.w.org\/{rel}","templated":true}]}}