{"id":13719,"date":"2013-09-03T22:59:59","date_gmt":"2013-09-03T22:59:59","guid":{"rendered":"http:\/\/www.tvcnoticias.com.ar\/?p=13719"},"modified":"2013-09-03T22:59:59","modified_gmt":"2013-09-03T22:59:59","slug":"el-ministerio-de-desarrollo-social-realizo-una-jornada-de-trabajo-en-el-distrito","status":"publish","type":"post","link":"https:\/\/www.celttv.com.ar\/index.php\/2013\/09\/03\/el-ministerio-de-desarrollo-social-realizo-una-jornada-de-trabajo-en-el-distrito\/","title":{"rendered":"EL MINISTERIO DE DESARROLLO SOCIAL REALIZO UNA JORNADA DE TRABAJO EN EL DISTRITO"},"content":{"rendered":"<p>Mary Drome y Emiliano Tatarzicky, referentes del Ministerio de Desarrollo Social de la Naci\u00f3n en la Sexta Secci\u00f3n Electoral, visitaron hoy nuestro distrito y se reunieron con el intendente municipal, licenciado Gustavo Trankels.<br \/>\nLa jornada de trabajo incluy\u00f3 una recorrida por distintas localidades del distrito, durante la cual se visitaron a diferentes beneficiarios de los talleres familiares entregados oportunamente por el organismo nacional, que tienen como objetivo generar trabajo genuino y oportunidades laborales para los vecinos.<br \/>\nEl intendente Trankels destac\u00f3 el trabajo que viene desarrollando el Ministerio a cargo de la doctora Alicia Kirchner y agradeci\u00f3 la tarea que realizan los referentes, que permiten llegar con soluciones a quienes las necesitan.<br \/>\nPor otra parte, se comunica que el pr\u00f3ximo martes 10 se recibir\u00e1n inscripciones al monotributo social. Por mayores informes es necesario dirigirse a la Secretar\u00eda de Producci\u00f3n de la comuna o bien comunicarse con el tel\u00e9fono (0291) 494-1075, interno 104.<br \/>\n&nbsp;<br \/>\n&nbsp;<\/p>\n","protected":false},"excerpt":{"rendered":"<p>Mary Drome y Emiliano Tatarzicky, referentes del Ministerio de Desarrollo Social de la Naci\u00f3n en la Sexta Secci\u00f3n Electoral, visitaron hoy nuestro distrito y se reunieron con el intendente municipal, licenciado Gustavo Trankels. La jornada de trabajo incluy\u00f3 una recorrida por distintas localidades del distrito, durante la cual se visitaron a diferentes beneficiarios de los [&hellip;]<\/p>\n","protected":false},"author":1,"featured_media":0,"comment_status":"closed","ping_status":"open","sticky":false,"template":"","format":"standard","meta":{"footnotes":""},"categories":[51,52,53,64],"tags":[],"class_list":["post-13719","post","type-post","status-publish","format-standard","hentry","category-comunidad","category-destacadas","category-politica","category-videos-destacados"],"yoast_head":"<!-- This site is optimized with the Yoast SEO plugin v19.7.1 - https:\/\/yoast.com\/wordpress\/plugins\/seo\/ -->\n<title>EL MINISTERIO DE DESARROLLO SOCIAL REALIZO UNA JORNADA DE TRABAJO EN EL DISTRITO - CELTTV<\/title>\n<meta name=\"description\" content=\"Sitio web de noticias de la localidad de Tornquist, provincia de Buenos Aires, Rep\u00fablica Argentina. Contenido propio originado por periodistas de CELTTV, el canal de TV local de la Cooperativa El\u00e9ctrica de Tornquist. Turismo, Pol\u00edtica, Sociedad, Deporte, Cultura y todo el contenido de inter\u00e9s general que la gente del pueblo y la regi\u00f3n debe conocer.\" \/>\n<meta name=\"robots\" content=\"index, follow, max-snippet:-1, max-image-preview:large, max-video-preview:-1\" \/>\n<link rel=\"canonical\" href=\"https:\/\/www.celttv.com.ar\/index.php\/2013\/09\/03\/el-ministerio-de-desarrollo-social-realizo-una-jornada-de-trabajo-en-el-distrito\/\" \/>\n<meta property=\"og:locale\" content=\"es_ES\" \/>\n<meta property=\"og:type\" content=\"article\" \/>\n<meta property=\"og:title\" content=\"EL MINISTERIO DE DESARROLLO SOCIAL REALIZO UNA JORNADA DE TRABAJO EN EL DISTRITO - CELTTV\" \/>\n<meta property=\"og:description\" content=\"Sitio web de noticias de la localidad de Tornquist, provincia de Buenos Aires, Rep\u00fablica Argentina. Contenido propio originado por periodistas de CELTTV, el canal de TV local de la Cooperativa El\u00e9ctrica de Tornquist. Turismo, Pol\u00edtica, Sociedad, Deporte, Cultura y todo el contenido de inter\u00e9s general que la gente del pueblo y la regi\u00f3n debe conocer.\" \/>\n<meta property=\"og:url\" content=\"https:\/\/www.celttv.com.ar\/index.php\/2013\/09\/03\/el-ministerio-de-desarrollo-social-realizo-una-jornada-de-trabajo-en-el-distrito\/\" \/>\n<meta property=\"og:site_name\" content=\"CELTTV\" \/>\n<meta property=\"article:publisher\" content=\"https:\/\/www.facebook.com\/celtTV\/\" \/>\n<meta property=\"article:published_time\" content=\"2013-09-03T22:59:59+00:00\" \/>\n<meta name=\"author\" content=\"ulises\" \/>\n<meta name=\"twitter:card\" content=\"summary_large_image\" \/>\n<meta name=\"twitter:label1\" content=\"Escrito por\" \/>\n\t<meta name=\"twitter:data1\" content=\"ulises\" \/>\n\t<meta name=\"twitter:label2\" content=\"Tiempo de lectura\" \/>\n\t<meta name=\"twitter:data2\" content=\"1 minuto\" \/>\n<script type=\"application\/ld+json\" class=\"yoast-schema-graph\">{\"@context\":\"https:\/\/schema.org\",\"@graph\":[{\"@type\":\"NewsArticle\",\"@id\":\"https:\/\/www.celttv.com.ar\/index.php\/2013\/09\/03\/el-ministerio-de-desarrollo-social-realizo-una-jornada-de-trabajo-en-el-distrito\/#article\",\"isPartOf\":{\"@id\":\"https:\/\/www.celttv.com.ar\/index.php\/2013\/09\/03\/el-ministerio-de-desarrollo-social-realizo-una-jornada-de-trabajo-en-el-distrito\/\"},\"author\":{\"name\":\"ulises\",\"@id\":\"https:\/\/www.celttv.com.ar\/#\/schema\/person\/6d99c072dba59953809c81446e9d0ace\"},\"headline\":\"EL MINISTERIO DE DESARROLLO SOCIAL REALIZO UNA JORNADA DE TRABAJO EN EL DISTRITO\",\"datePublished\":\"2013-09-03T22:59:59+00:00\",\"dateModified\":\"2013-09-03T22:59:59+00:00\",\"mainEntityOfPage\":{\"@id\":\"https:\/\/www.celttv.com.ar\/index.php\/2013\/09\/03\/el-ministerio-de-desarrollo-social-realizo-una-jornada-de-trabajo-en-el-distrito\/\"},\"wordCount\":170,\"publisher\":{\"@id\":\"https:\/\/www.celttv.com.ar\/#organization\"},\"articleSection\":[\"Comunidad\",\"Destacadas\",\"Pol\u00edtica\",\"Videos Destacados\"],\"inLanguage\":\"es\"},{\"@type\":\"WebPage\",\"@id\":\"https:\/\/www.celttv.com.ar\/index.php\/2013\/09\/03\/el-ministerio-de-desarrollo-social-realizo-una-jornada-de-trabajo-en-el-distrito\/\",\"url\":\"https:\/\/www.celttv.com.ar\/index.php\/2013\/09\/03\/el-ministerio-de-desarrollo-social-realizo-una-jornada-de-trabajo-en-el-distrito\/\",\"name\":\"EL MINISTERIO DE DESARROLLO SOCIAL REALIZO UNA JORNADA DE TRABAJO EN EL DISTRITO - CELTTV\",\"isPartOf\":{\"@id\":\"https:\/\/www.celttv.com.ar\/#website\"},\"datePublished\":\"2013-09-03T22:59:59+00:00\",\"dateModified\":\"2013-09-03T22:59:59+00:00\",\"description\":\"Sitio web de noticias de la localidad de Tornquist, provincia de Buenos Aires, Rep\u00fablica Argentina. Contenido propio originado por periodistas de CELTTV, el canal de TV local de la Cooperativa El\u00e9ctrica de Tornquist. Turismo, Pol\u00edtica, Sociedad, Deporte, Cultura y todo el contenido de inter\u00e9s general que la gente del pueblo y la regi\u00f3n debe conocer.\",\"breadcrumb\":{\"@id\":\"https:\/\/www.celttv.com.ar\/index.php\/2013\/09\/03\/el-ministerio-de-desarrollo-social-realizo-una-jornada-de-trabajo-en-el-distrito\/#breadcrumb\"},\"inLanguage\":\"es\",\"potentialAction\":[{\"@type\":\"ReadAction\",\"target\":[\"https:\/\/www.celttv.com.ar\/index.php\/2013\/09\/03\/el-ministerio-de-desarrollo-social-realizo-una-jornada-de-trabajo-en-el-distrito\/\"]}]},{\"@type\":\"BreadcrumbList\",\"@id\":\"https:\/\/www.celttv.com.ar\/index.php\/2013\/09\/03\/el-ministerio-de-desarrollo-social-realizo-una-jornada-de-trabajo-en-el-distrito\/#breadcrumb\",\"itemListElement\":[{\"@type\":\"ListItem\",\"position\":1,\"name\":\"Inicio\",\"item\":\"https:\/\/www.celttv.com.ar\/\"},{\"@type\":\"ListItem\",\"position\":2,\"name\":\"EL MINISTERIO DE DESARROLLO SOCIAL REALIZO UNA JORNADA DE TRABAJO EN EL DISTRITO\"}]},{\"@type\":\"WebSite\",\"@id\":\"https:\/\/www.celttv.com.ar\/#website\",\"url\":\"https:\/\/www.celttv.com.ar\/\",\"name\":\"CELTTV\",\"description\":\"Cooperativa El\u00e9ctrica de Tornquist\",\"publisher\":{\"@id\":\"https:\/\/www.celttv.com.ar\/#organization\"},\"potentialAction\":[{\"@type\":\"SearchAction\",\"target\":{\"@type\":\"EntryPoint\",\"urlTemplate\":\"https:\/\/www.celttv.com.ar\/?s={search_term_string}\"},\"query-input\":\"required name=search_term_string\"}],\"inLanguage\":\"es\"},{\"@type\":\"Organization\",\"@id\":\"https:\/\/www.celttv.com.ar\/#organization\",\"name\":\"CELTTV\",\"url\":\"https:\/\/www.celttv.com.ar\/\",\"sameAs\":[\"https:\/\/www.youtube.com\/channel\/UCz_oIt8Hig64Ub-EmcNPIhg\",\"https:\/\/www.facebook.com\/celtTV\/\"],\"logo\":{\"@type\":\"ImageObject\",\"inLanguage\":\"es\",\"@id\":\"https:\/\/www.celttv.com.ar\/#\/schema\/logo\/image\/\",\"url\":\"http:\/\/www.celttv.com.ar\/wp-content\/uploads\/2022\/08\/logo-1.png\",\"contentUrl\":\"http:\/\/www.celttv.com.ar\/wp-content\/uploads\/2022\/08\/logo-1.png\",\"width\":461,\"height\":159,\"caption\":\"CELTTV\"},\"image\":{\"@id\":\"https:\/\/www.celttv.com.ar\/#\/schema\/logo\/image\/\"}},{\"@type\":\"Person\",\"@id\":\"https:\/\/www.celttv.com.ar\/#\/schema\/person\/6d99c072dba59953809c81446e9d0ace\",\"name\":\"ulises\",\"image\":{\"@type\":\"ImageObject\",\"inLanguage\":\"es\",\"@id\":\"https:\/\/www.celttv.com.ar\/#\/schema\/person\/image\/\",\"url\":\"https:\/\/secure.gravatar.com\/avatar\/7f2c48bdc33b30088f941fb6082e555f2874c98e20cb159d7b92b50eadfce793?s=96&d=mm&r=g\",\"contentUrl\":\"https:\/\/secure.gravatar.com\/avatar\/7f2c48bdc33b30088f941fb6082e555f2874c98e20cb159d7b92b50eadfce793?s=96&d=mm&r=g\",\"caption\":\"ulises\"},\"sameAs\":[\"http:\/\/www.celttv.com.ar\"]}]}<\/script>\n<!-- \/ Yoast SEO plugin. -->","yoast_head_json":{"title":"EL MINISTERIO DE DESARROLLO SOCIAL REALIZO UNA JORNADA DE TRABAJO EN EL DISTRITO - CELTTV","description":"Sitio web de noticias de la localidad de Tornquist, provincia de Buenos Aires, Rep\u00fablica Argentina. Contenido propio originado por periodistas de CELTTV, el canal de TV local de la Cooperativa El\u00e9ctrica de Tornquist. Turismo, Pol\u00edtica, Sociedad, Deporte, Cultura y todo el contenido de inter\u00e9s general que la gente del pueblo y la regi\u00f3n debe conocer.","robots":{"index":"index","follow":"follow","max-snippet":"max-snippet:-1","max-image-preview":"max-image-preview:large","max-video-preview":"max-video-preview:-1"},"canonical":"https:\/\/www.celttv.com.ar\/index.php\/2013\/09\/03\/el-ministerio-de-desarrollo-social-realizo-una-jornada-de-trabajo-en-el-distrito\/","og_locale":"es_ES","og_type":"article","og_title":"EL MINISTERIO DE DESARROLLO SOCIAL REALIZO UNA JORNADA DE TRABAJO EN EL DISTRITO - CELTTV","og_description":"Sitio web de noticias de la localidad de Tornquist, provincia de Buenos Aires, Rep\u00fablica Argentina. Contenido propio originado por periodistas de CELTTV, el canal de TV local de la Cooperativa El\u00e9ctrica de Tornquist. Turismo, Pol\u00edtica, Sociedad, Deporte, Cultura y todo el contenido de inter\u00e9s general que la gente del pueblo y la regi\u00f3n debe conocer.","og_url":"https:\/\/www.celttv.com.ar\/index.php\/2013\/09\/03\/el-ministerio-de-desarrollo-social-realizo-una-jornada-de-trabajo-en-el-distrito\/","og_site_name":"CELTTV","article_publisher":"https:\/\/www.facebook.com\/celtTV\/","article_published_time":"2013-09-03T22:59:59+00:00","author":"ulises","twitter_card":"summary_large_image","twitter_misc":{"Escrito por":"ulises","Tiempo de lectura":"1 minuto"},"schema":{"@context":"https:\/\/schema.org","@graph":[{"@type":"NewsArticle","@id":"https:\/\/www.celttv.com.ar\/index.php\/2013\/09\/03\/el-ministerio-de-desarrollo-social-realizo-una-jornada-de-trabajo-en-el-distrito\/#article","isPartOf":{"@id":"https:\/\/www.celttv.com.ar\/index.php\/2013\/09\/03\/el-ministerio-de-desarrollo-social-realizo-una-jornada-de-trabajo-en-el-distrito\/"},"author":{"name":"ulises","@id":"https:\/\/www.celttv.com.ar\/#\/schema\/person\/6d99c072dba59953809c81446e9d0ace"},"headline":"EL MINISTERIO DE DESARROLLO SOCIAL REALIZO UNA JORNADA DE TRABAJO EN EL DISTRITO","datePublished":"2013-09-03T22:59:59+00:00","dateModified":"2013-09-03T22:59:59+00:00","mainEntityOfPage":{"@id":"https:\/\/www.celttv.com.ar\/index.php\/2013\/09\/03\/el-ministerio-de-desarrollo-social-realizo-una-jornada-de-trabajo-en-el-distrito\/"},"wordCount":170,"publisher":{"@id":"https:\/\/www.celttv.com.ar\/#organization"},"articleSection":["Comunidad","Destacadas","Pol\u00edtica","Videos Destacados"],"inLanguage":"es"},{"@type":"WebPage","@id":"https:\/\/www.celttv.com.ar\/index.php\/2013\/09\/03\/el-ministerio-de-desarrollo-social-realizo-una-jornada-de-trabajo-en-el-distrito\/","url":"https:\/\/www.celttv.com.ar\/index.php\/2013\/09\/03\/el-ministerio-de-desarrollo-social-realizo-una-jornada-de-trabajo-en-el-distrito\/","name":"EL MINISTERIO DE DESARROLLO SOCIAL REALIZO UNA JORNADA DE TRABAJO EN EL DISTRITO - CELTTV","isPartOf":{"@id":"https:\/\/www.celttv.com.ar\/#website"},"datePublished":"2013-09-03T22:59:59+00:00","dateModified":"2013-09-03T22:59:59+00:00","description":"Sitio web de noticias de la localidad de Tornquist, provincia de Buenos Aires, Rep\u00fablica Argentina. Contenido propio originado por periodistas de CELTTV, el canal de TV local de la Cooperativa El\u00e9ctrica de Tornquist. Turismo, Pol\u00edtica, Sociedad, Deporte, Cultura y todo el contenido de inter\u00e9s general que la gente del pueblo y la regi\u00f3n debe conocer.","breadcrumb":{"@id":"https:\/\/www.celttv.com.ar\/index.php\/2013\/09\/03\/el-ministerio-de-desarrollo-social-realizo-una-jornada-de-trabajo-en-el-distrito\/#breadcrumb"},"inLanguage":"es","potentialAction":[{"@type":"ReadAction","target":["https:\/\/www.celttv.com.ar\/index.php\/2013\/09\/03\/el-ministerio-de-desarrollo-social-realizo-una-jornada-de-trabajo-en-el-distrito\/"]}]},{"@type":"BreadcrumbList","@id":"https:\/\/www.celttv.com.ar\/index.php\/2013\/09\/03\/el-ministerio-de-desarrollo-social-realizo-una-jornada-de-trabajo-en-el-distrito\/#breadcrumb","itemListElement":[{"@type":"ListItem","position":1,"name":"Inicio","item":"https:\/\/www.celttv.com.ar\/"},{"@type":"ListItem","position":2,"name":"EL MINISTERIO DE DESARROLLO SOCIAL REALIZO UNA JORNADA DE TRABAJO EN EL DISTRITO"}]},{"@type":"WebSite","@id":"https:\/\/www.celttv.com.ar\/#website","url":"https:\/\/www.celttv.com.ar\/","name":"CELTTV","description":"Cooperativa El\u00e9ctrica de Tornquist","publisher":{"@id":"https:\/\/www.celttv.com.ar\/#organization"},"potentialAction":[{"@type":"SearchAction","target":{"@type":"EntryPoint","urlTemplate":"https:\/\/www.celttv.com.ar\/?s={search_term_string}"},"query-input":"required name=search_term_string"}],"inLanguage":"es"},{"@type":"Organization","@id":"https:\/\/www.celttv.com.ar\/#organization","name":"CELTTV","url":"https:\/\/www.celttv.com.ar\/","sameAs":["https:\/\/www.youtube.com\/channel\/UCz_oIt8Hig64Ub-EmcNPIhg","https:\/\/www.facebook.com\/celtTV\/"],"logo":{"@type":"ImageObject","inLanguage":"es","@id":"https:\/\/www.celttv.com.ar\/#\/schema\/logo\/image\/","url":"http:\/\/www.celttv.com.ar\/wp-content\/uploads\/2022\/08\/logo-1.png","contentUrl":"http:\/\/www.celttv.com.ar\/wp-content\/uploads\/2022\/08\/logo-1.png","width":461,"height":159,"caption":"CELTTV"},"image":{"@id":"https:\/\/www.celttv.com.ar\/#\/schema\/logo\/image\/"}},{"@type":"Person","@id":"https:\/\/www.celttv.com.ar\/#\/schema\/person\/6d99c072dba59953809c81446e9d0ace","name":"ulises","image":{"@type":"ImageObject","inLanguage":"es","@id":"https:\/\/www.celttv.com.ar\/#\/schema\/person\/image\/","url":"https:\/\/secure.gravatar.com\/avatar\/7f2c48bdc33b30088f941fb6082e555f2874c98e20cb159d7b92b50eadfce793?s=96&d=mm&r=g","contentUrl":"https:\/\/secure.gravatar.com\/avatar\/7f2c48bdc33b30088f941fb6082e555f2874c98e20cb159d7b92b50eadfce793?s=96&d=mm&r=g","caption":"ulises"},"sameAs":["http:\/\/www.celttv.com.ar"]}]}},"_links":{"self":[{"href":"https:\/\/www.celttv.com.ar\/index.php\/wp-json\/wp\/v2\/posts\/13719","targetHints":{"allow":["GET"]}}],"collection":[{"href":"https:\/\/www.celttv.com.ar\/index.php\/wp-json\/wp\/v2\/posts"}],"about":[{"href":"https:\/\/www.celttv.com.ar\/index.php\/wp-json\/wp\/v2\/types\/post"}],"author":[{"embeddable":true,"href":"https:\/\/www.celttv.com.ar\/index.php\/wp-json\/wp\/v2\/users\/1"}],"replies":[{"embeddable":true,"href":"https:\/\/www.celttv.com.ar\/index.php\/wp-json\/wp\/v2\/comments?post=13719"}],"version-history":[{"count":0,"href":"https:\/\/www.celttv.com.ar\/index.php\/wp-json\/wp\/v2\/posts\/13719\/revisions"}],"wp:attachment":[{"href":"https:\/\/www.celttv.com.ar\/index.php\/wp-json\/wp\/v2\/media?parent=13719"}],"wp:term":[{"taxonomy":"category","embeddable":true,"href":"https:\/\/www.celttv.com.ar\/index.php\/wp-json\/wp\/v2\/categories?post=13719"},{"taxonomy":"post_tag","embeddable":true,"href":"https:\/\/www.celttv.com.ar\/index.php\/wp-json\/wp\/v2\/tags?post=13719"}],"curies":[{"name":"wp","href":"https:\/\/api.w.org\/{rel}","templated":true}]}}